{"id":7059,"date":"2026-03-12T11:18:19","date_gmt":"2026-03-12T10:18:19","guid":{"rendered":"https:\/\/www.asajacyl.com\/avila\/?p=7059"},"modified":"2026-03-12T11:18:20","modified_gmt":"2026-03-12T10:18:20","slug":"denuncia-en-la-calle-contra-la-especulacion-con-el-carburante-y-encarecimiento-de-fertilizantes","status":"publish","type":"post","link":"https:\/\/www.asajacyl.com\/avila\/asaja-avila-informa\/denuncia-en-la-calle-contra-la-especulacion-con-el-carburante-y-encarecimiento-de-fertilizantes","title":{"rendered":"DENUNCIA EN LA CALLE CONTRA LA ESPECULACI\u00d3N CON EL CARBURANTE Y ENCARECIMIENTO DE FERTILIZANTES"},"content":{"rendered":"\n<p>M\u00e1s de un millar de agricultores y ganaderos se han concentrado en Valladolid para denunciar el encarecimiento de carburantes y fertilizantes y reclamar medidas urgentes al Gobierno, tras los \u00faltimos acontecimientos b\u00e9licos.<\/p>\n\n\n\n<p>En una manifestaci\u00f3n conjunta de ASAJA con las organizaciones agrarias UCCL y UPA-COAG, se bloque\u00f3 el centro log\u00edstico de hidrocarburos Exolum de la localidad vallisoletana Santovenia de Pisuerga, en protesta por la paralizaci\u00f3n del suministro de carburante agr\u00edcola y la amenaza de subidas especulativas de precios en un momento cr\u00edtico para la actividad agraria de Castilla y Le\u00f3n.<\/p>\n\n\n\n<p>ASAJA no entiende c\u00f3mo el Ministerio de Agricultura, Pesca y Alimentaci\u00f3n no est\u00e1 planteando soluciones de urgencia para paliar los da\u00f1os a un sector que ya arrastra serios problemas de rentabilidad y m\u00e1s en este momento.<\/p>\n\n\n\n<p>Con esta movilizaci\u00f3n ASAJA \u00c1vila denunci\u00f3 as\u00ed los movimientos que calific\u00f3 de especulativos y coordinados de las compa\u00f1\u00edas petroleras para no solo encarecer el combustible, sino para bloquear el suministro a los distribuidores. Y es que, en unos pocos d\u00edas, desde el inicio del conflicto b\u00e9lico en Ir\u00e1n, el litro de gas\u00f3leo agr\u00edcola pas\u00f3 de 95 c\u00e9ntimos a 1,35 euros, un 42% m\u00e1s caro.<\/p>\n\n\n\n<p>ASAJA \u00c1vila advirti\u00f3 de que la escalada de precios de la energ\u00eda y de los fertilizantes est\u00e1 provocando un fuerte aumento de los costes de producci\u00f3n para agricultores y ganaderos espa\u00f1oles. Seg\u00fan los c\u00e1lculos realizados por la organizaci\u00f3n agraria, en tan solo una semana el sector ha soportado m\u00e1s de 41 millones de euros adicionales en costes y el incremento del gas\u00f3leo agr\u00edcola ha sido uno de los factores m\u00e1s inmediatos. Su precio pas\u00f3 de 0,96 euros por litro a 1,30 euros, es decir, un aumento del 35,4%, lo que supone un impacto directo en todas las labores agr\u00edcolas que dependen de la maquinaria.<\/p>\n\n\n\n<p>Seg\u00fan las estimaciones de ASAJA, la subida del gas\u00f3leo supone un sobrecoste de 19 millones de euros semanales para el conjunto del sector agrario, lo que equivale a aproximadamente 2,7 millones de euros cada d\u00eda. A este aumento se suma el encarecimiento de los fertilizantes, que se han incrementado alrededor de un 25%, mientras que la urea, uno de los productos m\u00e1s utilizados en el abonado de cultivos, ha registrado una subida cercana al 30%, situ\u00e1ndose actualmente en torno a los 600 euros por tonelada.<\/p>\n\n\n\n<p>Esta situaci\u00f3n se produce, adem\u00e1s, en plena campa\u00f1a de abonado de cobertera, uno de los momentos del a\u00f1o en los que el consumo de fertilizantes es m\u00e1s elevado en muchos cultivos. Adem\u00e1s, este aumento se produce en un contexto en el que agricultores y ganaderos tienen una capacidad muy limitada para trasladar estos incrementos al precio final de los alimentos.<\/p>\n","protected":false},"excerpt":{"rendered":"<p>M\u00e1s de un millar de agricultores y ganaderos se han concentrado en Valladolid para denunciar el encarecimiento de carburantes y fertilizantes y reclamar medidas urgentes al Gobierno, tras los \u00faltimos acontecimientos b\u00e9licos. En una manifestaci\u00f3n conjunta de ASAJA con las organizaciones agrarias UCCL y UPA-COAG, se bloque\u00f3 el centro log\u00edstico de hidrocarburos Exolum de la [&hellip;]<\/p>\n","protected":false},"author":16,"featured_media":7060,"comment_status":"open","ping_status":"open","sticky":false,"template":"","format":"standard","meta":{"footnotes":""},"categories":[8,28,18],"tags":[59,63,83,53,54,71,55,56,72,3],"yoast_head":"<!-- This site is optimized with the Yoast SEO plugin v24.5 - https:\/\/yoast.com\/wordpress\/plugins\/seo\/ -->\n<title>DENUNCIA EN LA CALLE CONTRA LA ESPECULACI\u00d3N CON EL CARBURANTE Y ENCARECIMIENTO DE FERTILIZANTES - ASAJA \u00c1vila<\/title>\n<meta name=\"description\" content=\"M\u00e1s de un millar de agricultores y ganaderos se han concentrado en Valladolid para denunciar el encarecimiento de carburantes y fertilizantes y reclamar\" \/>\n<meta name=\"robots\" content=\"index, follow, max-snippet:-1, max-image-preview:large, max-video-preview:-1\" \/>\n<link rel=\"canonical\" href=\"https:\/\/www.asajacyl.com\/avila\/asaja-avila-informa\/denuncia-en-la-calle-contra-la-especulacion-con-el-carburante-y-encarecimiento-de-fertilizantes\" \/>\n<meta property=\"og:locale\" content=\"es_ES\" \/>\n<meta property=\"og:type\" content=\"article\" \/>\n<meta property=\"og:title\" content=\"DENUNCIA EN LA CALLE CONTRA LA ESPECULACI\u00d3N CON EL CARBURANTE Y ENCARECIMIENTO DE FERTILIZANTES - ASAJA \u00c1vila\" \/>\n<meta property=\"og:description\" content=\"M\u00e1s de un millar de agricultores y ganaderos se han concentrado en Valladolid para denunciar el encarecimiento de carburantes y fertilizantes y reclamar\" \/>\n<meta property=\"og:url\" content=\"https:\/\/www.asajacyl.com\/avila\/asaja-avila-informa\/denuncia-en-la-calle-contra-la-especulacion-con-el-carburante-y-encarecimiento-de-fertilizantes\" \/>\n<meta property=\"og:site_name\" content=\"ASAJA \u00c1vila\" \/>\n<meta property=\"article:published_time\" content=\"2026-03-12T10:18:19+00:00\" \/>\n<meta property=\"article:modified_time\" content=\"2026-03-12T10:18:20+00:00\" \/>\n<meta property=\"og:image\" content=\"https:\/\/www.asajacyl.com\/avila\/wp-content\/uploads\/sites\/4\/2026\/03\/Manifes-cyl-carburantes-2.jpg\" \/>\n\t<meta property=\"og:image:width\" content=\"1600\" \/>\n\t<meta property=\"og:image:height\" content=\"900\" \/>\n\t<meta property=\"og:image:type\" content=\"image\/jpeg\" \/>\n<meta name=\"author\" content=\"comunicacion\" \/>\n<meta name=\"twitter:card\" content=\"summary_large_image\" \/>\n<meta name=\"twitter:label1\" content=\"Escrito por\" \/>\n\t<meta name=\"twitter:data1\" content=\"comunicacion\" \/>\n\t<meta name=\"twitter:label2\" content=\"Tiempo de lectura\" \/>\n\t<meta name=\"twitter:data2\" content=\"3 minutos\" \/>\n<script type=\"application\/ld+json\" class=\"yoast-schema-graph\">{\"@context\":\"https:\/\/schema.org\",\"@graph\":[{\"@type\":\"WebPage\",\"@id\":\"https:\/\/www.asajacyl.com\/avila\/asaja-avila-informa\/denuncia-en-la-calle-contra-la-especulacion-con-el-carburante-y-encarecimiento-de-fertilizantes\",\"url\":\"https:\/\/www.asajacyl.com\/avila\/asaja-avila-informa\/denuncia-en-la-calle-contra-la-especulacion-con-el-carburante-y-encarecimiento-de-fertilizantes\",\"name\":\"DENUNCIA EN LA CALLE CONTRA LA ESPECULACI\u00d3N CON EL CARBURANTE Y ENCARECIMIENTO DE FERTILIZANTES - ASAJA \u00c1vila\",\"isPartOf\":{\"@id\":\"https:\/\/www.asajacyl.com\/avila\/#website\"},\"primaryImageOfPage\":{\"@id\":\"https:\/\/www.asajacyl.com\/avila\/asaja-avila-informa\/denuncia-en-la-calle-contra-la-especulacion-con-el-carburante-y-encarecimiento-de-fertilizantes#primaryimage\"},\"image\":{\"@id\":\"https:\/\/www.asajacyl.com\/avila\/asaja-avila-informa\/denuncia-en-la-calle-contra-la-especulacion-con-el-carburante-y-encarecimiento-de-fertilizantes#primaryimage\"},\"thumbnailUrl\":\"https:\/\/www.asajacyl.com\/avila\/wp-content\/uploads\/sites\/4\/2026\/03\/Manifes-cyl-carburantes-2.jpg\",\"datePublished\":\"2026-03-12T10:18:19+00:00\",\"dateModified\":\"2026-03-12T10:18:20+00:00\",\"author\":{\"@id\":\"https:\/\/www.asajacyl.com\/avila\/#\/schema\/person\/51bbd29d94e00aa22d79c7b8c3c404e6\"},\"description\":\"M\u00e1s de un millar de agricultores y ganaderos se han concentrado en Valladolid para denunciar el encarecimiento de carburantes y fertilizantes y reclamar\",\"breadcrumb\":{\"@id\":\"https:\/\/www.asajacyl.com\/avila\/asaja-avila-informa\/denuncia-en-la-calle-contra-la-especulacion-con-el-carburante-y-encarecimiento-de-fertilizantes#breadcrumb\"},\"inLanguage\":\"es\",\"potentialAction\":[{\"@type\":\"ReadAction\",\"target\":[\"https:\/\/www.asajacyl.com\/avila\/asaja-avila-informa\/denuncia-en-la-calle-contra-la-especulacion-con-el-carburante-y-encarecimiento-de-fertilizantes\"]}]},{\"@type\":\"ImageObject\",\"inLanguage\":\"es\",\"@id\":\"https:\/\/www.asajacyl.com\/avila\/asaja-avila-informa\/denuncia-en-la-calle-contra-la-especulacion-con-el-carburante-y-encarecimiento-de-fertilizantes#primaryimage\",\"url\":\"https:\/\/www.asajacyl.com\/avila\/wp-content\/uploads\/sites\/4\/2026\/03\/Manifes-cyl-carburantes-2.jpg\",\"contentUrl\":\"https:\/\/www.asajacyl.com\/avila\/wp-content\/uploads\/sites\/4\/2026\/03\/Manifes-cyl-carburantes-2.jpg\",\"width\":1600,\"height\":900},{\"@type\":\"BreadcrumbList\",\"@id\":\"https:\/\/www.asajacyl.com\/avila\/asaja-avila-informa\/denuncia-en-la-calle-contra-la-especulacion-con-el-carburante-y-encarecimiento-de-fertilizantes#breadcrumb\",\"itemListElement\":[{\"@type\":\"ListItem\",\"position\":1,\"name\":\"Portada\",\"item\":\"https:\/\/www.asajacyl.com\/avila\/\"},{\"@type\":\"ListItem\",\"position\":2,\"name\":\"DENUNCIA EN LA CALLE CONTRA LA ESPECULACI\u00d3N CON EL CARBURANTE Y ENCARECIMIENTO DE FERTILIZANTES\"}]},{\"@type\":\"WebSite\",\"@id\":\"https:\/\/www.asajacyl.com\/avila\/#website\",\"url\":\"https:\/\/www.asajacyl.com\/avila\/\",\"name\":\"ASAJA \u00c1vila\",\"description\":\"Otro sitio m\u00e1s de Provincias ASAJA Castilla y Le\u00f3n\",\"potentialAction\":[{\"@type\":\"SearchAction\",\"target\":{\"@type\":\"EntryPoint\",\"urlTemplate\":\"https:\/\/www.asajacyl.com\/avila\/?s={search_term_string}\"},\"query-input\":{\"@type\":\"PropertyValueSpecification\",\"valueRequired\":true,\"valueName\":\"search_term_string\"}}],\"inLanguage\":\"es\"},{\"@type\":\"Person\",\"@id\":\"https:\/\/www.asajacyl.com\/avila\/#\/schema\/person\/51bbd29d94e00aa22d79c7b8c3c404e6\",\"name\":\"comunicacion\",\"image\":{\"@type\":\"ImageObject\",\"inLanguage\":\"es\",\"@id\":\"https:\/\/www.asajacyl.com\/avila\/#\/schema\/person\/image\/\",\"url\":\"https:\/\/secure.gravatar.com\/avatar\/dacd6ac12f2f802c39afce565d232781?s=96&d=mm&r=g\",\"contentUrl\":\"https:\/\/secure.gravatar.com\/avatar\/dacd6ac12f2f802c39afce565d232781?s=96&d=mm&r=g\",\"caption\":\"comunicacion\"},\"url\":\"https:\/\/www.asajacyl.com\/avila\/author\/comunicacion\"}]}<\/script>\n<!-- \/ Yoast SEO plugin. -->","yoast_head_json":{"title":"DENUNCIA EN LA CALLE CONTRA LA ESPECULACI\u00d3N CON EL CARBURANTE Y ENCARECIMIENTO DE FERTILIZANTES - ASAJA \u00c1vila","description":"M\u00e1s de un millar de agricultores y ganaderos se han concentrado en Valladolid para denunciar el encarecimiento de carburantes y fertilizantes y reclamar","robots":{"index":"index","follow":"follow","max-snippet":"max-snippet:-1","max-image-preview":"max-image-preview:large","max-video-preview":"max-video-preview:-1"},"canonical":"https:\/\/www.asajacyl.com\/avila\/asaja-avila-informa\/denuncia-en-la-calle-contra-la-especulacion-con-el-carburante-y-encarecimiento-de-fertilizantes","og_locale":"es_ES","og_type":"article","og_title":"DENUNCIA EN LA CALLE CONTRA LA ESPECULACI\u00d3N CON EL CARBURANTE Y ENCARECIMIENTO DE FERTILIZANTES - ASAJA \u00c1vila","og_description":"M\u00e1s de un millar de agricultores y ganaderos se han concentrado en Valladolid para denunciar el encarecimiento de carburantes y fertilizantes y reclamar","og_url":"https:\/\/www.asajacyl.com\/avila\/asaja-avila-informa\/denuncia-en-la-calle-contra-la-especulacion-con-el-carburante-y-encarecimiento-de-fertilizantes","og_site_name":"ASAJA \u00c1vila","article_published_time":"2026-03-12T10:18:19+00:00","article_modified_time":"2026-03-12T10:18:20+00:00","og_image":[{"width":1600,"height":900,"url":"https:\/\/www.asajacyl.com\/avila\/wp-content\/uploads\/sites\/4\/2026\/03\/Manifes-cyl-carburantes-2.jpg","type":"image\/jpeg"}],"author":"comunicacion","twitter_card":"summary_large_image","twitter_misc":{"Escrito por":"comunicacion","Tiempo de lectura":"3 minutos"},"schema":{"@context":"https:\/\/schema.org","@graph":[{"@type":"WebPage","@id":"https:\/\/www.asajacyl.com\/avila\/asaja-avila-informa\/denuncia-en-la-calle-contra-la-especulacion-con-el-carburante-y-encarecimiento-de-fertilizantes","url":"https:\/\/www.asajacyl.com\/avila\/asaja-avila-informa\/denuncia-en-la-calle-contra-la-especulacion-con-el-carburante-y-encarecimiento-de-fertilizantes","name":"DENUNCIA EN LA CALLE CONTRA LA ESPECULACI\u00d3N CON EL CARBURANTE Y ENCARECIMIENTO DE FERTILIZANTES - ASAJA \u00c1vila","isPartOf":{"@id":"https:\/\/www.asajacyl.com\/avila\/#website"},"primaryImageOfPage":{"@id":"https:\/\/www.asajacyl.com\/avila\/asaja-avila-informa\/denuncia-en-la-calle-contra-la-especulacion-con-el-carburante-y-encarecimiento-de-fertilizantes#primaryimage"},"image":{"@id":"https:\/\/www.asajacyl.com\/avila\/asaja-avila-informa\/denuncia-en-la-calle-contra-la-especulacion-con-el-carburante-y-encarecimiento-de-fertilizantes#primaryimage"},"thumbnailUrl":"https:\/\/www.asajacyl.com\/avila\/wp-content\/uploads\/sites\/4\/2026\/03\/Manifes-cyl-carburantes-2.jpg","datePublished":"2026-03-12T10:18:19+00:00","dateModified":"2026-03-12T10:18:20+00:00","author":{"@id":"https:\/\/www.asajacyl.com\/avila\/#\/schema\/person\/51bbd29d94e00aa22d79c7b8c3c404e6"},"description":"M\u00e1s de un millar de agricultores y ganaderos se han concentrado en Valladolid para denunciar el encarecimiento de carburantes y fertilizantes y reclamar","breadcrumb":{"@id":"https:\/\/www.asajacyl.com\/avila\/asaja-avila-informa\/denuncia-en-la-calle-contra-la-especulacion-con-el-carburante-y-encarecimiento-de-fertilizantes#breadcrumb"},"inLanguage":"es","potentialAction":[{"@type":"ReadAction","target":["https:\/\/www.asajacyl.com\/avila\/asaja-avila-informa\/denuncia-en-la-calle-contra-la-especulacion-con-el-carburante-y-encarecimiento-de-fertilizantes"]}]},{"@type":"ImageObject","inLanguage":"es","@id":"https:\/\/www.asajacyl.com\/avila\/asaja-avila-informa\/denuncia-en-la-calle-contra-la-especulacion-con-el-carburante-y-encarecimiento-de-fertilizantes#primaryimage","url":"https:\/\/www.asajacyl.com\/avila\/wp-content\/uploads\/sites\/4\/2026\/03\/Manifes-cyl-carburantes-2.jpg","contentUrl":"https:\/\/www.asajacyl.com\/avila\/wp-content\/uploads\/sites\/4\/2026\/03\/Manifes-cyl-carburantes-2.jpg","width":1600,"height":900},{"@type":"BreadcrumbList","@id":"https:\/\/www.asajacyl.com\/avila\/asaja-avila-informa\/denuncia-en-la-calle-contra-la-especulacion-con-el-carburante-y-encarecimiento-de-fertilizantes#breadcrumb","itemListElement":[{"@type":"ListItem","position":1,"name":"Portada","item":"https:\/\/www.asajacyl.com\/avila\/"},{"@type":"ListItem","position":2,"name":"DENUNCIA EN LA CALLE CONTRA LA ESPECULACI\u00d3N CON EL CARBURANTE Y ENCARECIMIENTO DE FERTILIZANTES"}]},{"@type":"WebSite","@id":"https:\/\/www.asajacyl.com\/avila\/#website","url":"https:\/\/www.asajacyl.com\/avila\/","name":"ASAJA \u00c1vila","description":"Otro sitio m\u00e1s de Provincias ASAJA Castilla y Le\u00f3n","potentialAction":[{"@type":"SearchAction","target":{"@type":"EntryPoint","urlTemplate":"https:\/\/www.asajacyl.com\/avila\/?s={search_term_string}"},"query-input":{"@type":"PropertyValueSpecification","valueRequired":true,"valueName":"search_term_string"}}],"inLanguage":"es"},{"@type":"Person","@id":"https:\/\/www.asajacyl.com\/avila\/#\/schema\/person\/51bbd29d94e00aa22d79c7b8c3c404e6","name":"comunicacion","image":{"@type":"ImageObject","inLanguage":"es","@id":"https:\/\/www.asajacyl.com\/avila\/#\/schema\/person\/image\/","url":"https:\/\/secure.gravatar.com\/avatar\/dacd6ac12f2f802c39afce565d232781?s=96&d=mm&r=g","contentUrl":"https:\/\/secure.gravatar.com\/avatar\/dacd6ac12f2f802c39afce565d232781?s=96&d=mm&r=g","caption":"comunicacion"},"url":"https:\/\/www.asajacyl.com\/avila\/author\/comunicacion"}]}},"_links":{"self":[{"href":"https:\/\/www.asajacyl.com\/avila\/wp-json\/wp\/v2\/posts\/7059"}],"collection":[{"href":"https:\/\/www.asajacyl.com\/avila\/wp-json\/wp\/v2\/posts"}],"about":[{"href":"https:\/\/www.asajacyl.com\/avila\/wp-json\/wp\/v2\/types\/post"}],"author":[{"embeddable":true,"href":"https:\/\/www.asajacyl.com\/avila\/wp-json\/wp\/v2\/users\/16"}],"replies":[{"embeddable":true,"href":"https:\/\/www.asajacyl.com\/avila\/wp-json\/wp\/v2\/comments?post=7059"}],"version-history":[{"count":1,"href":"https:\/\/www.asajacyl.com\/avila\/wp-json\/wp\/v2\/posts\/7059\/revisions"}],"predecessor-version":[{"id":7061,"href":"https:\/\/www.asajacyl.com\/avila\/wp-json\/wp\/v2\/posts\/7059\/revisions\/7061"}],"wp:featuredmedia":[{"embeddable":true,"href":"https:\/\/www.asajacyl.com\/avila\/wp-json\/wp\/v2\/media\/7060"}],"wp:attachment":[{"href":"https:\/\/www.asajacyl.com\/avila\/wp-json\/wp\/v2\/media?parent=7059"}],"wp:term":[{"taxonomy":"category","embeddable":true,"href":"https:\/\/www.asajacyl.com\/avila\/wp-json\/wp\/v2\/categories?post=7059"},{"taxonomy":"post_tag","embeddable":true,"href":"https:\/\/www.asajacyl.com\/avila\/wp-json\/wp\/v2\/tags?post=7059"}],"curies":[{"name":"wp","href":"https:\/\/api.w.org\/{rel}","templated":true}]}}