{"id":7062,"date":"2026-03-12T14:25:36","date_gmt":"2026-03-12T13:25:36","guid":{"rendered":"https:\/\/www.asajacyl.com\/avila\/?p=7062"},"modified":"2026-03-12T14:25:39","modified_gmt":"2026-03-12T13:25:39","slug":"el-supremo-da-la-razon-a-asaja-y-frena-a-hacienda","status":"publish","type":"post","link":"https:\/\/www.asajacyl.com\/avila\/asaja-avila-informa\/el-supremo-da-la-razon-a-asaja-y-frena-a-hacienda","title":{"rendered":"EL SUPREMO DA LA RAZ\u00d3N A ASAJA Y FRENA A HACIENDA"},"content":{"rendered":"\n<p><strong>\u00c1vila, 12 de marzo de 2026<\/strong><br>El Tribunal Supremo (TS) ha dictado una sentencia clave que pone fin a la estrategia de la Agencia Tributaria de expulsar a agricultores, ganaderos y pescadores del sistema de m\u00f3dulos (estimaci\u00f3n objetiva).<br>El fallo del Supremo respalda el criterio que ASAJA ha defendido para excluir la compensaci\u00f3n del IVA del c\u00f3mputo de ingresos en m\u00f3dulos, y es que ASAJA ha venido trabajando en los \u00faltimos a\u00f1os para que la compensaci\u00f3n del IVA no se incluya en el c\u00f3mputo de ingresos a efectos de superar los l\u00edmites de permanencia en el r\u00e9gimen de estimaci\u00f3n objetiva del IRPF. Este planteamiento ya qued\u00f3 recogido en las \u00d3rdenes de M\u00f3dulos de 2025 y 2026, y ahora la sentencia del Tribunal Supremo viene a reforzar esta interpretaci\u00f3n y aportar seguridad jur\u00eddica al sector.<\/p>\n\n\n\n<p><br>El fallo, fechado el 25 de febrero, proh\u00edbe que las compensaciones del IVA recibidas por estos profesionales se contabilicen como ingresos.<br>Este veredicto supone un alivio para los aproximadamente 800.000 agricultores y ganaderos en Espa\u00f1a que dependen de este sistema tributario simplificado para garantizar la viabilidad econ\u00f3mica de sus explotaciones frente a los l\u00edmites de facturaci\u00f3n vigentes.<br><strong>Desde ASAJA \u00c1vila creemos que, seg\u00fan una estimaci\u00f3n basada en el peso del sector agrario de la comunidad dentro del conjunto nacional, en Castilla y Le\u00f3n podr\u00edan verse afectados por esta sentencia en torno a 70.000 agricultores y ganaderos, de los cuales m\u00e1s de 5.000 corresponder\u00edan a la provincia de \u00c1vila.<\/strong><\/p>\n\n\n\n<p><br>La sentencia contradice el criterio previo del Tribunal Econ\u00f3mico-Administrativo Central (TEAC), que avalaba incluir estos pagos en el c\u00f3mputo global. Seg\u00fan el Supremo, dicha interpretaci\u00f3n \u201cviciaba\u201d las ganancias reales de las explotaciones, forzando de manera artificial la salida de miles de aut\u00f3nomos del r\u00e9gimen simplificado hacia modelos de tributaci\u00f3n m\u00e1s costosos y complejos.<br>Como consecuencia directa de este fallo judicial, los agricultores afectados que fueron expulsados de m\u00f3dulos o que tributaron en exceso bajo el anterior criterio de Hacienda podr\u00e1n solicitar la rectificaci\u00f3n de ingresos indebidos en los ejercicios no prescritos.<br><br>En este sentido, ASAJA solicita al Ministerio de Hacienda que habilite de oficio un procedimiento \u00e1gil para realizar declaraciones paralelas y rectificar las liquidaciones correspondientes, de modo que los agricultores puedan recuperar las cantidades pagadas de m\u00e1s en los cuatro ejercicios anteriores a 2025, siempre que no hayan prescrito. Solicitamos que se incluya a aquellos que en su d\u00eda fueron expulsados del r\u00e9gimen de m\u00f3dulos, al r\u00e9gimen de estimaci\u00f3n directa por haber superado los l\u00edmites de permanencia de los 250.000 euros y a los cuales les fueron impuestas, en algunos casos, sanciones de cuant\u00edas econ\u00f3micas muy elevadas. Adem\u00e1s, Hacienda deber\u00e1 devolver al r\u00e9gimen de m\u00f3dulos a aquellos agricultores y ganaderos que fueron expulsados ilegalmente.<br>El Tribunal Supremo subraya que el objetivo del sistema de m\u00f3dulos es simplificar las obligaciones fiscales de los peque\u00f1os negocios. En su resoluci\u00f3n recuerda adem\u00e1s que la Ley del IVA ya excluye estas compensaciones, y que las \u00f3rdenes ministeriales de m\u00f3dulos de 2025 y 2026 han integrado esta interpretaci\u00f3n para evitar futuras controversias.<\/p>\n","protected":false},"excerpt":{"rendered":"<p>\u00c1vila, 12 de marzo de 2026El Tribunal Supremo (TS) ha dictado una sentencia clave que pone fin a la estrategia de la Agencia Tributaria de expulsar a agricultores, ganaderos y pescadores del sistema de m\u00f3dulos (estimaci\u00f3n objetiva).El fallo del Supremo respalda el criterio que ASAJA ha defendido para excluir la compensaci\u00f3n del IVA del c\u00f3mputo [&hellip;]<\/p>\n","protected":false},"author":16,"featured_media":7063,"comment_status":"open","ping_status":"open","sticky":false,"template":"","format":"standard","meta":{"footnotes":""},"categories":[8,28,18],"tags":[59,63,83,53,54,71,55,56,72,3],"yoast_head":"<!-- This site is optimized with the Yoast SEO plugin v24.5 - https:\/\/yoast.com\/wordpress\/plugins\/seo\/ -->\n<title>EL SUPREMO DA LA RAZ\u00d3N A ASAJA Y FRENA A HACIENDA - ASAJA \u00c1vila<\/title>\n<meta name=\"description\" content=\"\u00c1vila, 12 de marzo de 2026El Tribunal Supremo (TS) ha dictado una sentencia clave que pone fin a la estrategia de la Agencia Tributaria de expulsar a\" \/>\n<meta name=\"robots\" content=\"index, follow, max-snippet:-1, max-image-preview:large, max-video-preview:-1\" \/>\n<link rel=\"canonical\" href=\"https:\/\/www.asajacyl.com\/avila\/asaja-avila-informa\/el-supremo-da-la-razon-a-asaja-y-frena-a-hacienda\" \/>\n<meta property=\"og:locale\" content=\"es_ES\" \/>\n<meta property=\"og:type\" content=\"article\" \/>\n<meta property=\"og:title\" content=\"EL SUPREMO DA LA RAZ\u00d3N A ASAJA Y FRENA A HACIENDA - ASAJA \u00c1vila\" \/>\n<meta property=\"og:description\" content=\"\u00c1vila, 12 de marzo de 2026El Tribunal Supremo (TS) ha dictado una sentencia clave que pone fin a la estrategia de la Agencia Tributaria de expulsar a\" \/>\n<meta property=\"og:url\" content=\"https:\/\/www.asajacyl.com\/avila\/asaja-avila-informa\/el-supremo-da-la-razon-a-asaja-y-frena-a-hacienda\" \/>\n<meta property=\"og:site_name\" content=\"ASAJA \u00c1vila\" \/>\n<meta property=\"article:published_time\" content=\"2026-03-12T13:25:36+00:00\" \/>\n<meta property=\"article:modified_time\" content=\"2026-03-12T13:25:39+00:00\" \/>\n<meta property=\"og:image\" content=\"https:\/\/www.asajacyl.com\/avila\/wp-content\/uploads\/sites\/4\/2026\/03\/chiajo-gavel-7104147_1920.png\" \/>\n\t<meta property=\"og:image:width\" content=\"1920\" \/>\n\t<meta property=\"og:image:height\" content=\"1080\" \/>\n\t<meta property=\"og:image:type\" content=\"image\/png\" \/>\n<meta name=\"author\" content=\"comunicacion\" \/>\n<meta name=\"twitter:card\" content=\"summary_large_image\" \/>\n<meta name=\"twitter:label1\" content=\"Escrito por\" \/>\n\t<meta name=\"twitter:data1\" content=\"comunicacion\" \/>\n\t<meta name=\"twitter:label2\" content=\"Tiempo de lectura\" \/>\n\t<meta name=\"twitter:data2\" content=\"3 minutos\" \/>\n<script type=\"application\/ld+json\" class=\"yoast-schema-graph\">{\"@context\":\"https:\/\/schema.org\",\"@graph\":[{\"@type\":\"WebPage\",\"@id\":\"https:\/\/www.asajacyl.com\/avila\/asaja-avila-informa\/el-supremo-da-la-razon-a-asaja-y-frena-a-hacienda\",\"url\":\"https:\/\/www.asajacyl.com\/avila\/asaja-avila-informa\/el-supremo-da-la-razon-a-asaja-y-frena-a-hacienda\",\"name\":\"EL SUPREMO DA LA RAZ\u00d3N A ASAJA Y FRENA A HACIENDA - ASAJA \u00c1vila\",\"isPartOf\":{\"@id\":\"https:\/\/www.asajacyl.com\/avila\/#website\"},\"primaryImageOfPage\":{\"@id\":\"https:\/\/www.asajacyl.com\/avila\/asaja-avila-informa\/el-supremo-da-la-razon-a-asaja-y-frena-a-hacienda#primaryimage\"},\"image\":{\"@id\":\"https:\/\/www.asajacyl.com\/avila\/asaja-avila-informa\/el-supremo-da-la-razon-a-asaja-y-frena-a-hacienda#primaryimage\"},\"thumbnailUrl\":\"https:\/\/www.asajacyl.com\/avila\/wp-content\/uploads\/sites\/4\/2026\/03\/chiajo-gavel-7104147_1920.png\",\"datePublished\":\"2026-03-12T13:25:36+00:00\",\"dateModified\":\"2026-03-12T13:25:39+00:00\",\"author\":{\"@id\":\"https:\/\/www.asajacyl.com\/avila\/#\/schema\/person\/51bbd29d94e00aa22d79c7b8c3c404e6\"},\"description\":\"\u00c1vila, 12 de marzo de 2026El Tribunal Supremo (TS) ha dictado una sentencia clave que pone fin a la estrategia de la Agencia Tributaria de expulsar a\",\"breadcrumb\":{\"@id\":\"https:\/\/www.asajacyl.com\/avila\/asaja-avila-informa\/el-supremo-da-la-razon-a-asaja-y-frena-a-hacienda#breadcrumb\"},\"inLanguage\":\"es\",\"potentialAction\":[{\"@type\":\"ReadAction\",\"target\":[\"https:\/\/www.asajacyl.com\/avila\/asaja-avila-informa\/el-supremo-da-la-razon-a-asaja-y-frena-a-hacienda\"]}]},{\"@type\":\"ImageObject\",\"inLanguage\":\"es\",\"@id\":\"https:\/\/www.asajacyl.com\/avila\/asaja-avila-informa\/el-supremo-da-la-razon-a-asaja-y-frena-a-hacienda#primaryimage\",\"url\":\"https:\/\/www.asajacyl.com\/avila\/wp-content\/uploads\/sites\/4\/2026\/03\/chiajo-gavel-7104147_1920.png\",\"contentUrl\":\"https:\/\/www.asajacyl.com\/avila\/wp-content\/uploads\/sites\/4\/2026\/03\/chiajo-gavel-7104147_1920.png\",\"width\":1920,\"height\":1080},{\"@type\":\"BreadcrumbList\",\"@id\":\"https:\/\/www.asajacyl.com\/avila\/asaja-avila-informa\/el-supremo-da-la-razon-a-asaja-y-frena-a-hacienda#breadcrumb\",\"itemListElement\":[{\"@type\":\"ListItem\",\"position\":1,\"name\":\"Portada\",\"item\":\"https:\/\/www.asajacyl.com\/avila\/\"},{\"@type\":\"ListItem\",\"position\":2,\"name\":\"EL SUPREMO DA LA RAZ\u00d3N A ASAJA Y FRENA A HACIENDA\"}]},{\"@type\":\"WebSite\",\"@id\":\"https:\/\/www.asajacyl.com\/avila\/#website\",\"url\":\"https:\/\/www.asajacyl.com\/avila\/\",\"name\":\"ASAJA \u00c1vila\",\"description\":\"Otro sitio m\u00e1s de Provincias ASAJA Castilla y Le\u00f3n\",\"potentialAction\":[{\"@type\":\"SearchAction\",\"target\":{\"@type\":\"EntryPoint\",\"urlTemplate\":\"https:\/\/www.asajacyl.com\/avila\/?s={search_term_string}\"},\"query-input\":{\"@type\":\"PropertyValueSpecification\",\"valueRequired\":true,\"valueName\":\"search_term_string\"}}],\"inLanguage\":\"es\"},{\"@type\":\"Person\",\"@id\":\"https:\/\/www.asajacyl.com\/avila\/#\/schema\/person\/51bbd29d94e00aa22d79c7b8c3c404e6\",\"name\":\"comunicacion\",\"image\":{\"@type\":\"ImageObject\",\"inLanguage\":\"es\",\"@id\":\"https:\/\/www.asajacyl.com\/avila\/#\/schema\/person\/image\/\",\"url\":\"https:\/\/secure.gravatar.com\/avatar\/dacd6ac12f2f802c39afce565d232781?s=96&d=mm&r=g\",\"contentUrl\":\"https:\/\/secure.gravatar.com\/avatar\/dacd6ac12f2f802c39afce565d232781?s=96&d=mm&r=g\",\"caption\":\"comunicacion\"},\"url\":\"https:\/\/www.asajacyl.com\/avila\/author\/comunicacion\"}]}<\/script>\n<!-- \/ Yoast SEO plugin. -->","yoast_head_json":{"title":"EL SUPREMO DA LA RAZ\u00d3N A ASAJA Y FRENA A HACIENDA - ASAJA \u00c1vila","description":"\u00c1vila, 12 de marzo de 2026El Tribunal Supremo (TS) ha dictado una sentencia clave que pone fin a la estrategia de la Agencia Tributaria de expulsar a","robots":{"index":"index","follow":"follow","max-snippet":"max-snippet:-1","max-image-preview":"max-image-preview:large","max-video-preview":"max-video-preview:-1"},"canonical":"https:\/\/www.asajacyl.com\/avila\/asaja-avila-informa\/el-supremo-da-la-razon-a-asaja-y-frena-a-hacienda","og_locale":"es_ES","og_type":"article","og_title":"EL SUPREMO DA LA RAZ\u00d3N A ASAJA Y FRENA A HACIENDA - ASAJA \u00c1vila","og_description":"\u00c1vila, 12 de marzo de 2026El Tribunal Supremo (TS) ha dictado una sentencia clave que pone fin a la estrategia de la Agencia Tributaria de expulsar a","og_url":"https:\/\/www.asajacyl.com\/avila\/asaja-avila-informa\/el-supremo-da-la-razon-a-asaja-y-frena-a-hacienda","og_site_name":"ASAJA \u00c1vila","article_published_time":"2026-03-12T13:25:36+00:00","article_modified_time":"2026-03-12T13:25:39+00:00","og_image":[{"width":1920,"height":1080,"url":"https:\/\/www.asajacyl.com\/avila\/wp-content\/uploads\/sites\/4\/2026\/03\/chiajo-gavel-7104147_1920.png","type":"image\/png"}],"author":"comunicacion","twitter_card":"summary_large_image","twitter_misc":{"Escrito por":"comunicacion","Tiempo de lectura":"3 minutos"},"schema":{"@context":"https:\/\/schema.org","@graph":[{"@type":"WebPage","@id":"https:\/\/www.asajacyl.com\/avila\/asaja-avila-informa\/el-supremo-da-la-razon-a-asaja-y-frena-a-hacienda","url":"https:\/\/www.asajacyl.com\/avila\/asaja-avila-informa\/el-supremo-da-la-razon-a-asaja-y-frena-a-hacienda","name":"EL SUPREMO DA LA RAZ\u00d3N A ASAJA Y FRENA A HACIENDA - ASAJA \u00c1vila","isPartOf":{"@id":"https:\/\/www.asajacyl.com\/avila\/#website"},"primaryImageOfPage":{"@id":"https:\/\/www.asajacyl.com\/avila\/asaja-avila-informa\/el-supremo-da-la-razon-a-asaja-y-frena-a-hacienda#primaryimage"},"image":{"@id":"https:\/\/www.asajacyl.com\/avila\/asaja-avila-informa\/el-supremo-da-la-razon-a-asaja-y-frena-a-hacienda#primaryimage"},"thumbnailUrl":"https:\/\/www.asajacyl.com\/avila\/wp-content\/uploads\/sites\/4\/2026\/03\/chiajo-gavel-7104147_1920.png","datePublished":"2026-03-12T13:25:36+00:00","dateModified":"2026-03-12T13:25:39+00:00","author":{"@id":"https:\/\/www.asajacyl.com\/avila\/#\/schema\/person\/51bbd29d94e00aa22d79c7b8c3c404e6"},"description":"\u00c1vila, 12 de marzo de 2026El Tribunal Supremo (TS) ha dictado una sentencia clave que pone fin a la estrategia de la Agencia Tributaria de expulsar a","breadcrumb":{"@id":"https:\/\/www.asajacyl.com\/avila\/asaja-avila-informa\/el-supremo-da-la-razon-a-asaja-y-frena-a-hacienda#breadcrumb"},"inLanguage":"es","potentialAction":[{"@type":"ReadAction","target":["https:\/\/www.asajacyl.com\/avila\/asaja-avila-informa\/el-supremo-da-la-razon-a-asaja-y-frena-a-hacienda"]}]},{"@type":"ImageObject","inLanguage":"es","@id":"https:\/\/www.asajacyl.com\/avila\/asaja-avila-informa\/el-supremo-da-la-razon-a-asaja-y-frena-a-hacienda#primaryimage","url":"https:\/\/www.asajacyl.com\/avila\/wp-content\/uploads\/sites\/4\/2026\/03\/chiajo-gavel-7104147_1920.png","contentUrl":"https:\/\/www.asajacyl.com\/avila\/wp-content\/uploads\/sites\/4\/2026\/03\/chiajo-gavel-7104147_1920.png","width":1920,"height":1080},{"@type":"BreadcrumbList","@id":"https:\/\/www.asajacyl.com\/avila\/asaja-avila-informa\/el-supremo-da-la-razon-a-asaja-y-frena-a-hacienda#breadcrumb","itemListElement":[{"@type":"ListItem","position":1,"name":"Portada","item":"https:\/\/www.asajacyl.com\/avila\/"},{"@type":"ListItem","position":2,"name":"EL SUPREMO DA LA RAZ\u00d3N A ASAJA Y FRENA A HACIENDA"}]},{"@type":"WebSite","@id":"https:\/\/www.asajacyl.com\/avila\/#website","url":"https:\/\/www.asajacyl.com\/avila\/","name":"ASAJA \u00c1vila","description":"Otro sitio m\u00e1s de Provincias ASAJA Castilla y Le\u00f3n","potentialAction":[{"@type":"SearchAction","target":{"@type":"EntryPoint","urlTemplate":"https:\/\/www.asajacyl.com\/avila\/?s={search_term_string}"},"query-input":{"@type":"PropertyValueSpecification","valueRequired":true,"valueName":"search_term_string"}}],"inLanguage":"es"},{"@type":"Person","@id":"https:\/\/www.asajacyl.com\/avila\/#\/schema\/person\/51bbd29d94e00aa22d79c7b8c3c404e6","name":"comunicacion","image":{"@type":"ImageObject","inLanguage":"es","@id":"https:\/\/www.asajacyl.com\/avila\/#\/schema\/person\/image\/","url":"https:\/\/secure.gravatar.com\/avatar\/dacd6ac12f2f802c39afce565d232781?s=96&d=mm&r=g","contentUrl":"https:\/\/secure.gravatar.com\/avatar\/dacd6ac12f2f802c39afce565d232781?s=96&d=mm&r=g","caption":"comunicacion"},"url":"https:\/\/www.asajacyl.com\/avila\/author\/comunicacion"}]}},"_links":{"self":[{"href":"https:\/\/www.asajacyl.com\/avila\/wp-json\/wp\/v2\/posts\/7062"}],"collection":[{"href":"https:\/\/www.asajacyl.com\/avila\/wp-json\/wp\/v2\/posts"}],"about":[{"href":"https:\/\/www.asajacyl.com\/avila\/wp-json\/wp\/v2\/types\/post"}],"author":[{"embeddable":true,"href":"https:\/\/www.asajacyl.com\/avila\/wp-json\/wp\/v2\/users\/16"}],"replies":[{"embeddable":true,"href":"https:\/\/www.asajacyl.com\/avila\/wp-json\/wp\/v2\/comments?post=7062"}],"version-history":[{"count":1,"href":"https:\/\/www.asajacyl.com\/avila\/wp-json\/wp\/v2\/posts\/7062\/revisions"}],"predecessor-version":[{"id":7064,"href":"https:\/\/www.asajacyl.com\/avila\/wp-json\/wp\/v2\/posts\/7062\/revisions\/7064"}],"wp:featuredmedia":[{"embeddable":true,"href":"https:\/\/www.asajacyl.com\/avila\/wp-json\/wp\/v2\/media\/7063"}],"wp:attachment":[{"href":"https:\/\/www.asajacyl.com\/avila\/wp-json\/wp\/v2\/media?parent=7062"}],"wp:term":[{"taxonomy":"category","embeddable":true,"href":"https:\/\/www.asajacyl.com\/avila\/wp-json\/wp\/v2\/categories?post=7062"},{"taxonomy":"post_tag","embeddable":true,"href":"https:\/\/www.asajacyl.com\/avila\/wp-json\/wp\/v2\/tags?post=7062"}],"curies":[{"name":"wp","href":"https:\/\/api.w.org\/{rel}","templated":true}]}}