{"id":7114,"date":"2026-03-30T12:59:12","date_gmt":"2026-03-30T10:59:12","guid":{"rendered":"https:\/\/www.asajacyl.com\/avila\/?p=7114"},"modified":"2026-03-30T12:59:13","modified_gmt":"2026-03-30T10:59:13","slug":"asaja-espera-que-espana-apoye-en-bruselas-medidas-clave-para-el-campo-en-el-consejo-de-hoy","status":"publish","type":"post","link":"https:\/\/www.asajacyl.com\/avila\/asaja-avila-informa\/asaja-espera-que-espana-apoye-en-bruselas-medidas-clave-para-el-campo-en-el-consejo-de-hoy","title":{"rendered":"ASAJA ESPERA QUE ESPA\u00d1A APOYE EN BRUSELAS MEDIDAS CLAVE PARA EL CAMPO EN EL CONSEJO DE HOY"},"content":{"rendered":"\n<p><br><strong><em>Madrid, 30 de marzo de 2026.-<\/em><\/strong> ASAJA conf\u00eda en que Espa\u00f1a mantenga una posici\u00f3n firme y constructiva en la reuni\u00f3n del Consejo de Ministros de Agricultura y Pesca de la Uni\u00f3n Europea (AGRIFISH), que se celebra hoy, as\u00ed como en la reuni\u00f3n del grupo ANTICI sobre el paquete de Simplificaci\u00f3n Medioambiental.<\/p>\n\n\n\n<p>Ante el impacto directo de las decisiones en el campo espa\u00f1ol, la organizaci\u00f3n espera que el Ministerio respalde las iniciativas planteadas por Italia, Francia, Eslovaquia, B\u00e9lgica y Austria, al considerar que son determinantes para la estabilidad de los mercados, la rentabilidad de las explotaciones y la viabilidad de sectores estrat\u00e9gicos.<\/p>\n\n\n\n<p>En primer lugar, ASAJA considera necesario que Espa\u00f1a apoye la propuesta que defender\u00e1 Italia sobre la reforma del R\u00e9gimen de Preferencias Generalizadas (GSP). Italia solicitar\u00e1 que se rebaje del 45% al 20% el umbral para activar la cl\u00e1usula de salvaguarda. Se trata de una medida relevante para proteger a los productores europeos frente a distorsiones crecientes en las importaciones y que tendr\u00eda efectos sobre sectores especialmente sensibles como el arroz, el etanol y el az\u00facar. Para ASAJA, avanzar en esta l\u00ednea contribuir\u00eda a reforzar la estabilidad de los mercados agrarios y a garantizar unas condiciones de competencia m\u00e1s justas.<\/p>\n\n\n\n<p>Asimismo, la organizaci\u00f3n espera que Espa\u00f1a respalde la petici\u00f3n de Francia para suspender de forma inmediata el Mecanismo de Ajuste en Frontera por Carbono (CBAM) en el caso de los fertilizantes o, en su defecto, establecer un sistema temporal de compensaci\u00f3n urgente. La escalada de los precios de la urea, que desde enero de 2026 y especialmente tras la crisis en Oriente Medio se ha situado entre los 700 y 800 euros por tonelada, est\u00e1 generando una presi\u00f3n insoportable sobre muchas explotaciones en plena campa\u00f1a agr\u00edcola. ASAJA entiende que garantizar fertilizantes a precios razonables es una condici\u00f3n b\u00e1sica para sostener la producci\u00f3n y preservar la seguridad alimentaria.<\/p>\n\n\n\n<p>En relaci\u00f3n con el sector l\u00e1cteo, ASAJA ve con buenos ojos la iniciativa promovida por Eslovaquia y B\u00e9lgica para reclamar a la Comisi\u00f3n Europea la activaci\u00f3n urgente de instrumentos de mercado. La organizaci\u00f3n espera que Espa\u00f1a se sume a esa petici\u00f3n, apoyando medidas de emergencia como la activaci\u00f3n de la reserva de crisis, la intervenci\u00f3n p\u00fablica para retirar excedentes del mercado, el almacenamiento privado para leche desnatada en polvo, mantequilla, quesos con figuras de calidad, nata y suero, as\u00ed como la activaci\u00f3n del art\u00edculo 222 para permitir medidas temporales de autoorganizaci\u00f3n abiertas a organizaciones de productores, cooperativas, interprofesionales y agricultores individuales. Del mismo modo, ASAJA considera importante facilitar una autorizaci\u00f3n r\u00e1pida de ayudas de Estado.<\/p>\n\n\n\n<p>Junto a esas actuaciones inmediatas, ASAJA cree necesario abrir tambi\u00e9n el debate sobre medidas estructurales que permitan dotar de mayor estabilidad al sector l\u00e1cteo europeo en el futuro. Entre ellas, plantea estudiar un mecanismo europeo de estabilizaci\u00f3n de la oferta l\u00e1ctea con reducci\u00f3n voluntaria autom\u00e1tica cuando los precios caigan m\u00e1s de un 10%; incentivos para desviar leche hacia productos estrat\u00e9gicos; la creaci\u00f3n de un Observatorio Europeo del Riesgo L\u00e1cteo con capacidad de activar instrumentos de mercado; un programa europeo de compras para bancos de alimentos; bonificaciones temporales por reducci\u00f3n de prote\u00edna y grasa; l\u00edneas de inversi\u00f3n anticrisis para almacenamiento, secado y transformaci\u00f3n; y la constituci\u00f3n de un Grupo de Alto Nivel del sector l\u00e1cteo, siguiendo el modelo aplicado en el sector del vino.<\/p>\n\n\n\n<p>Por otro lado, en la reuni\u00f3n del grupo ANTICI sobre el paquete de Simplificaci\u00f3n Medioambiental, ASAJA espera que Espa\u00f1a traslade su preocupaci\u00f3n por los umbrales fijados en la Directiva de Emisiones Industriales (IED) para las explotaciones de porcino y aves, una cuesti\u00f3n que Austria volver\u00e1 a poner sobre la mesa. La organizaci\u00f3n considera que este es un momento decisivo, probablemente la \u00faltima oportunidad para introducir ajustes t\u00e9cnicos antes del cierre del denominado \u201cOmnibus 7\u201d. Por ello, conf\u00eda en que Espa\u00f1a apoye la revisi\u00f3n o ajuste de los l\u00edmites establecidos para porcino y avicultura, la protecci\u00f3n de todo tipo de ganaderos, independientemente de su tama\u00f1o, ya que actualmente est\u00e1n en riesgo de quedar fuera del sistema por cargas desproporcionadas, y el mantenimiento abierto de este expediente dentro del paquete de simplificaci\u00f3n para facilitar una soluci\u00f3n equilibrada y viable.<\/p>\n\n\n\n<p>ASAJA subraya que las decisiones que se adopten en estas reuniones europeas ser\u00e1n determinantes para varios sectores estrat\u00e9gicos de la agricultura y la ganader\u00eda espa\u00f1olas. Por ello, espera que el Ministerio respalde estas iniciativas y contribuya a defender en Bruselas una posici\u00f3n alineada con las necesidades reales del campo espa\u00f1ol.<\/p>\n","protected":false},"excerpt":{"rendered":"<p>Madrid, 30 de marzo de 2026.- ASAJA conf\u00eda en que Espa\u00f1a mantenga una posici\u00f3n firme y constructiva en la reuni\u00f3n del Consejo de Ministros de Agricultura y Pesca de la Uni\u00f3n Europea (AGRIFISH), que se celebra hoy, as\u00ed como en la reuni\u00f3n del grupo ANTICI sobre el paquete de Simplificaci\u00f3n Medioambiental. Ante el impacto directo [&hellip;]<\/p>\n","protected":false},"author":16,"featured_media":7115,"comment_status":"open","ping_status":"open","sticky":false,"template":"","format":"standard","meta":{"footnotes":""},"categories":[8,28,18],"tags":[59,63,53,54,71,55,56,72,3],"yoast_head":"<!-- This site is optimized with the Yoast SEO plugin v24.5 - https:\/\/yoast.com\/wordpress\/plugins\/seo\/ -->\n<title>ASAJA ESPERA QUE ESPA\u00d1A APOYE EN BRUSELAS MEDIDAS CLAVE PARA EL CAMPO EN EL CONSEJO DE HOY - ASAJA \u00c1vila<\/title>\n<meta name=\"description\" content=\"Madrid, 30 de marzo de 2026.- ASAJA conf\u00eda en que Espa\u00f1a mantenga una posici\u00f3n firme y constructiva en la reuni\u00f3n del Consejo de Ministros de Agricultura\" \/>\n<meta name=\"robots\" content=\"index, follow, max-snippet:-1, max-image-preview:large, max-video-preview:-1\" \/>\n<link rel=\"canonical\" href=\"https:\/\/www.asajacyl.com\/avila\/asaja-avila-informa\/asaja-espera-que-espana-apoye-en-bruselas-medidas-clave-para-el-campo-en-el-consejo-de-hoy\" \/>\n<meta property=\"og:locale\" content=\"es_ES\" \/>\n<meta property=\"og:type\" content=\"article\" \/>\n<meta property=\"og:title\" content=\"ASAJA ESPERA QUE ESPA\u00d1A APOYE EN BRUSELAS MEDIDAS CLAVE PARA EL CAMPO EN EL CONSEJO DE HOY - ASAJA \u00c1vila\" \/>\n<meta property=\"og:description\" content=\"Madrid, 30 de marzo de 2026.- ASAJA conf\u00eda en que Espa\u00f1a mantenga una posici\u00f3n firme y constructiva en la reuni\u00f3n del Consejo de Ministros de Agricultura\" \/>\n<meta property=\"og:url\" content=\"https:\/\/www.asajacyl.com\/avila\/asaja-avila-informa\/asaja-espera-que-espana-apoye-en-bruselas-medidas-clave-para-el-campo-en-el-consejo-de-hoy\" \/>\n<meta property=\"og:site_name\" content=\"ASAJA \u00c1vila\" \/>\n<meta property=\"article:published_time\" content=\"2026-03-30T10:59:12+00:00\" \/>\n<meta property=\"article:modified_time\" content=\"2026-03-30T10:59:13+00:00\" \/>\n<meta property=\"og:image\" content=\"https:\/\/www.asajacyl.com\/avila\/wp-content\/uploads\/sites\/4\/2026\/03\/lmx5fotografie-combine-harvester-9738590_1920.jpg\" \/>\n\t<meta property=\"og:image:width\" content=\"1920\" \/>\n\t<meta property=\"og:image:height\" content=\"1280\" \/>\n\t<meta property=\"og:image:type\" content=\"image\/jpeg\" \/>\n<meta name=\"author\" content=\"comunicacion\" \/>\n<meta name=\"twitter:card\" content=\"summary_large_image\" \/>\n<meta name=\"twitter:label1\" content=\"Escrito por\" \/>\n\t<meta name=\"twitter:data1\" content=\"comunicacion\" \/>\n\t<meta name=\"twitter:label2\" content=\"Tiempo de lectura\" \/>\n\t<meta name=\"twitter:data2\" content=\"4 minutos\" \/>\n<script type=\"application\/ld+json\" class=\"yoast-schema-graph\">{\"@context\":\"https:\/\/schema.org\",\"@graph\":[{\"@type\":\"WebPage\",\"@id\":\"https:\/\/www.asajacyl.com\/avila\/asaja-avila-informa\/asaja-espera-que-espana-apoye-en-bruselas-medidas-clave-para-el-campo-en-el-consejo-de-hoy\",\"url\":\"https:\/\/www.asajacyl.com\/avila\/asaja-avila-informa\/asaja-espera-que-espana-apoye-en-bruselas-medidas-clave-para-el-campo-en-el-consejo-de-hoy\",\"name\":\"ASAJA ESPERA QUE ESPA\u00d1A APOYE EN BRUSELAS MEDIDAS CLAVE PARA EL CAMPO EN EL CONSEJO DE HOY - ASAJA \u00c1vila\",\"isPartOf\":{\"@id\":\"https:\/\/www.asajacyl.com\/avila\/#website\"},\"primaryImageOfPage\":{\"@id\":\"https:\/\/www.asajacyl.com\/avila\/asaja-avila-informa\/asaja-espera-que-espana-apoye-en-bruselas-medidas-clave-para-el-campo-en-el-consejo-de-hoy#primaryimage\"},\"image\":{\"@id\":\"https:\/\/www.asajacyl.com\/avila\/asaja-avila-informa\/asaja-espera-que-espana-apoye-en-bruselas-medidas-clave-para-el-campo-en-el-consejo-de-hoy#primaryimage\"},\"thumbnailUrl\":\"https:\/\/www.asajacyl.com\/avila\/wp-content\/uploads\/sites\/4\/2026\/03\/lmx5fotografie-combine-harvester-9738590_1920.jpg\",\"datePublished\":\"2026-03-30T10:59:12+00:00\",\"dateModified\":\"2026-03-30T10:59:13+00:00\",\"author\":{\"@id\":\"https:\/\/www.asajacyl.com\/avila\/#\/schema\/person\/51bbd29d94e00aa22d79c7b8c3c404e6\"},\"description\":\"Madrid, 30 de marzo de 2026.- ASAJA conf\u00eda en que Espa\u00f1a mantenga una posici\u00f3n firme y constructiva en la reuni\u00f3n del Consejo de Ministros de Agricultura\",\"breadcrumb\":{\"@id\":\"https:\/\/www.asajacyl.com\/avila\/asaja-avila-informa\/asaja-espera-que-espana-apoye-en-bruselas-medidas-clave-para-el-campo-en-el-consejo-de-hoy#breadcrumb\"},\"inLanguage\":\"es\",\"potentialAction\":[{\"@type\":\"ReadAction\",\"target\":[\"https:\/\/www.asajacyl.com\/avila\/asaja-avila-informa\/asaja-espera-que-espana-apoye-en-bruselas-medidas-clave-para-el-campo-en-el-consejo-de-hoy\"]}]},{\"@type\":\"ImageObject\",\"inLanguage\":\"es\",\"@id\":\"https:\/\/www.asajacyl.com\/avila\/asaja-avila-informa\/asaja-espera-que-espana-apoye-en-bruselas-medidas-clave-para-el-campo-en-el-consejo-de-hoy#primaryimage\",\"url\":\"https:\/\/www.asajacyl.com\/avila\/wp-content\/uploads\/sites\/4\/2026\/03\/lmx5fotografie-combine-harvester-9738590_1920.jpg\",\"contentUrl\":\"https:\/\/www.asajacyl.com\/avila\/wp-content\/uploads\/sites\/4\/2026\/03\/lmx5fotografie-combine-harvester-9738590_1920.jpg\",\"width\":1920,\"height\":1280},{\"@type\":\"BreadcrumbList\",\"@id\":\"https:\/\/www.asajacyl.com\/avila\/asaja-avila-informa\/asaja-espera-que-espana-apoye-en-bruselas-medidas-clave-para-el-campo-en-el-consejo-de-hoy#breadcrumb\",\"itemListElement\":[{\"@type\":\"ListItem\",\"position\":1,\"name\":\"Portada\",\"item\":\"https:\/\/www.asajacyl.com\/avila\/\"},{\"@type\":\"ListItem\",\"position\":2,\"name\":\"ASAJA ESPERA QUE ESPA\u00d1A APOYE EN BRUSELAS MEDIDAS CLAVE PARA EL CAMPO EN EL CONSEJO DE HOY\"}]},{\"@type\":\"WebSite\",\"@id\":\"https:\/\/www.asajacyl.com\/avila\/#website\",\"url\":\"https:\/\/www.asajacyl.com\/avila\/\",\"name\":\"ASAJA \u00c1vila\",\"description\":\"Otro sitio m\u00e1s de Provincias ASAJA Castilla y Le\u00f3n\",\"potentialAction\":[{\"@type\":\"SearchAction\",\"target\":{\"@type\":\"EntryPoint\",\"urlTemplate\":\"https:\/\/www.asajacyl.com\/avila\/?s={search_term_string}\"},\"query-input\":{\"@type\":\"PropertyValueSpecification\",\"valueRequired\":true,\"valueName\":\"search_term_string\"}}],\"inLanguage\":\"es\"},{\"@type\":\"Person\",\"@id\":\"https:\/\/www.asajacyl.com\/avila\/#\/schema\/person\/51bbd29d94e00aa22d79c7b8c3c404e6\",\"name\":\"comunicacion\",\"image\":{\"@type\":\"ImageObject\",\"inLanguage\":\"es\",\"@id\":\"https:\/\/www.asajacyl.com\/avila\/#\/schema\/person\/image\/\",\"url\":\"https:\/\/secure.gravatar.com\/avatar\/dacd6ac12f2f802c39afce565d232781?s=96&d=mm&r=g\",\"contentUrl\":\"https:\/\/secure.gravatar.com\/avatar\/dacd6ac12f2f802c39afce565d232781?s=96&d=mm&r=g\",\"caption\":\"comunicacion\"},\"url\":\"https:\/\/www.asajacyl.com\/avila\/author\/comunicacion\"}]}<\/script>\n<!-- \/ Yoast SEO plugin. -->","yoast_head_json":{"title":"ASAJA ESPERA QUE ESPA\u00d1A APOYE EN BRUSELAS MEDIDAS CLAVE PARA EL CAMPO EN EL CONSEJO DE HOY - ASAJA \u00c1vila","description":"Madrid, 30 de marzo de 2026.- ASAJA conf\u00eda en que Espa\u00f1a mantenga una posici\u00f3n firme y constructiva en la reuni\u00f3n del Consejo de Ministros de Agricultura","robots":{"index":"index","follow":"follow","max-snippet":"max-snippet:-1","max-image-preview":"max-image-preview:large","max-video-preview":"max-video-preview:-1"},"canonical":"https:\/\/www.asajacyl.com\/avila\/asaja-avila-informa\/asaja-espera-que-espana-apoye-en-bruselas-medidas-clave-para-el-campo-en-el-consejo-de-hoy","og_locale":"es_ES","og_type":"article","og_title":"ASAJA ESPERA QUE ESPA\u00d1A APOYE EN BRUSELAS MEDIDAS CLAVE PARA EL CAMPO EN EL CONSEJO DE HOY - ASAJA \u00c1vila","og_description":"Madrid, 30 de marzo de 2026.- ASAJA conf\u00eda en que Espa\u00f1a mantenga una posici\u00f3n firme y constructiva en la reuni\u00f3n del Consejo de Ministros de Agricultura","og_url":"https:\/\/www.asajacyl.com\/avila\/asaja-avila-informa\/asaja-espera-que-espana-apoye-en-bruselas-medidas-clave-para-el-campo-en-el-consejo-de-hoy","og_site_name":"ASAJA \u00c1vila","article_published_time":"2026-03-30T10:59:12+00:00","article_modified_time":"2026-03-30T10:59:13+00:00","og_image":[{"width":1920,"height":1280,"url":"https:\/\/www.asajacyl.com\/avila\/wp-content\/uploads\/sites\/4\/2026\/03\/lmx5fotografie-combine-harvester-9738590_1920.jpg","type":"image\/jpeg"}],"author":"comunicacion","twitter_card":"summary_large_image","twitter_misc":{"Escrito por":"comunicacion","Tiempo de lectura":"4 minutos"},"schema":{"@context":"https:\/\/schema.org","@graph":[{"@type":"WebPage","@id":"https:\/\/www.asajacyl.com\/avila\/asaja-avila-informa\/asaja-espera-que-espana-apoye-en-bruselas-medidas-clave-para-el-campo-en-el-consejo-de-hoy","url":"https:\/\/www.asajacyl.com\/avila\/asaja-avila-informa\/asaja-espera-que-espana-apoye-en-bruselas-medidas-clave-para-el-campo-en-el-consejo-de-hoy","name":"ASAJA ESPERA QUE ESPA\u00d1A APOYE EN BRUSELAS MEDIDAS CLAVE PARA EL CAMPO EN EL CONSEJO DE HOY - ASAJA \u00c1vila","isPartOf":{"@id":"https:\/\/www.asajacyl.com\/avila\/#website"},"primaryImageOfPage":{"@id":"https:\/\/www.asajacyl.com\/avila\/asaja-avila-informa\/asaja-espera-que-espana-apoye-en-bruselas-medidas-clave-para-el-campo-en-el-consejo-de-hoy#primaryimage"},"image":{"@id":"https:\/\/www.asajacyl.com\/avila\/asaja-avila-informa\/asaja-espera-que-espana-apoye-en-bruselas-medidas-clave-para-el-campo-en-el-consejo-de-hoy#primaryimage"},"thumbnailUrl":"https:\/\/www.asajacyl.com\/avila\/wp-content\/uploads\/sites\/4\/2026\/03\/lmx5fotografie-combine-harvester-9738590_1920.jpg","datePublished":"2026-03-30T10:59:12+00:00","dateModified":"2026-03-30T10:59:13+00:00","author":{"@id":"https:\/\/www.asajacyl.com\/avila\/#\/schema\/person\/51bbd29d94e00aa22d79c7b8c3c404e6"},"description":"Madrid, 30 de marzo de 2026.- ASAJA conf\u00eda en que Espa\u00f1a mantenga una posici\u00f3n firme y constructiva en la reuni\u00f3n del Consejo de Ministros de Agricultura","breadcrumb":{"@id":"https:\/\/www.asajacyl.com\/avila\/asaja-avila-informa\/asaja-espera-que-espana-apoye-en-bruselas-medidas-clave-para-el-campo-en-el-consejo-de-hoy#breadcrumb"},"inLanguage":"es","potentialAction":[{"@type":"ReadAction","target":["https:\/\/www.asajacyl.com\/avila\/asaja-avila-informa\/asaja-espera-que-espana-apoye-en-bruselas-medidas-clave-para-el-campo-en-el-consejo-de-hoy"]}]},{"@type":"ImageObject","inLanguage":"es","@id":"https:\/\/www.asajacyl.com\/avila\/asaja-avila-informa\/asaja-espera-que-espana-apoye-en-bruselas-medidas-clave-para-el-campo-en-el-consejo-de-hoy#primaryimage","url":"https:\/\/www.asajacyl.com\/avila\/wp-content\/uploads\/sites\/4\/2026\/03\/lmx5fotografie-combine-harvester-9738590_1920.jpg","contentUrl":"https:\/\/www.asajacyl.com\/avila\/wp-content\/uploads\/sites\/4\/2026\/03\/lmx5fotografie-combine-harvester-9738590_1920.jpg","width":1920,"height":1280},{"@type":"BreadcrumbList","@id":"https:\/\/www.asajacyl.com\/avila\/asaja-avila-informa\/asaja-espera-que-espana-apoye-en-bruselas-medidas-clave-para-el-campo-en-el-consejo-de-hoy#breadcrumb","itemListElement":[{"@type":"ListItem","position":1,"name":"Portada","item":"https:\/\/www.asajacyl.com\/avila\/"},{"@type":"ListItem","position":2,"name":"ASAJA ESPERA QUE ESPA\u00d1A APOYE EN BRUSELAS MEDIDAS CLAVE PARA EL CAMPO EN EL CONSEJO DE HOY"}]},{"@type":"WebSite","@id":"https:\/\/www.asajacyl.com\/avila\/#website","url":"https:\/\/www.asajacyl.com\/avila\/","name":"ASAJA \u00c1vila","description":"Otro sitio m\u00e1s de Provincias ASAJA Castilla y Le\u00f3n","potentialAction":[{"@type":"SearchAction","target":{"@type":"EntryPoint","urlTemplate":"https:\/\/www.asajacyl.com\/avila\/?s={search_term_string}"},"query-input":{"@type":"PropertyValueSpecification","valueRequired":true,"valueName":"search_term_string"}}],"inLanguage":"es"},{"@type":"Person","@id":"https:\/\/www.asajacyl.com\/avila\/#\/schema\/person\/51bbd29d94e00aa22d79c7b8c3c404e6","name":"comunicacion","image":{"@type":"ImageObject","inLanguage":"es","@id":"https:\/\/www.asajacyl.com\/avila\/#\/schema\/person\/image\/","url":"https:\/\/secure.gravatar.com\/avatar\/dacd6ac12f2f802c39afce565d232781?s=96&d=mm&r=g","contentUrl":"https:\/\/secure.gravatar.com\/avatar\/dacd6ac12f2f802c39afce565d232781?s=96&d=mm&r=g","caption":"comunicacion"},"url":"https:\/\/www.asajacyl.com\/avila\/author\/comunicacion"}]}},"_links":{"self":[{"href":"https:\/\/www.asajacyl.com\/avila\/wp-json\/wp\/v2\/posts\/7114"}],"collection":[{"href":"https:\/\/www.asajacyl.com\/avila\/wp-json\/wp\/v2\/posts"}],"about":[{"href":"https:\/\/www.asajacyl.com\/avila\/wp-json\/wp\/v2\/types\/post"}],"author":[{"embeddable":true,"href":"https:\/\/www.asajacyl.com\/avila\/wp-json\/wp\/v2\/users\/16"}],"replies":[{"embeddable":true,"href":"https:\/\/www.asajacyl.com\/avila\/wp-json\/wp\/v2\/comments?post=7114"}],"version-history":[{"count":1,"href":"https:\/\/www.asajacyl.com\/avila\/wp-json\/wp\/v2\/posts\/7114\/revisions"}],"predecessor-version":[{"id":7116,"href":"https:\/\/www.asajacyl.com\/avila\/wp-json\/wp\/v2\/posts\/7114\/revisions\/7116"}],"wp:featuredmedia":[{"embeddable":true,"href":"https:\/\/www.asajacyl.com\/avila\/wp-json\/wp\/v2\/media\/7115"}],"wp:attachment":[{"href":"https:\/\/www.asajacyl.com\/avila\/wp-json\/wp\/v2\/media?parent=7114"}],"wp:term":[{"taxonomy":"category","embeddable":true,"href":"https:\/\/www.asajacyl.com\/avila\/wp-json\/wp\/v2\/categories?post=7114"},{"taxonomy":"post_tag","embeddable":true,"href":"https:\/\/www.asajacyl.com\/avila\/wp-json\/wp\/v2\/tags?post=7114"}],"curies":[{"name":"wp","href":"https:\/\/api.w.org\/{rel}","templated":true}]}}