{"id":7191,"date":"2026-04-13T14:37:41","date_gmt":"2026-04-13T12:37:41","guid":{"rendered":"https:\/\/www.asajacyl.com\/avila\/?p=7191"},"modified":"2026-04-13T14:37:43","modified_gmt":"2026-04-13T12:37:43","slug":"las-lonjas-cyl-semana-del-13-de-abril","status":"publish","type":"post","link":"https:\/\/www.asajacyl.com\/avila\/servicios-socio\/las-lonjas-cyl-semana-del-13-de-abril","title":{"rendered":"LAS LONJAS CYL &#8211; SEMANA DEL 13 DE ABRIL"},"content":{"rendered":"\n<p>Repasamos los mercados agrarios de Castilla y Le\u00f3n para conocer las cotizaciones actuales de las mesas de ganado y cereales<\/p>\n\n\n\n<p><strong>LONJA AGROPECUARIA DE SALAMANCA<\/strong><\/p>\n\n\n\n<p><strong>Mesa de cereales<\/strong><\/p>\n\n\n\n<figure class=\"wp-block-table\"><table><tbody><tr><td colspan=\"7\"><strong>Cereales<\/strong><strong><\/strong><\/td><\/tr><tr><td><\/td><td><strong><em>Anterior<\/em><\/strong><strong><em><\/em><\/strong><\/td><td><strong><em>Diferencia<\/em><\/strong><strong><em><\/em><\/strong><\/td><td><strong><em>\u00daltimo<\/em><\/strong><strong><em><\/em><\/strong><\/td><td><strong><em>Medida<\/em><\/strong><strong><em><\/em><\/strong><\/td><td colspan=\"2\"><\/td><\/tr><tr><td>Trigo Blando<\/td><td>207,00<\/td><td>-2,00<\/td><td>205,00<\/td><td>\u20ac \/ t<\/td><td><img loading=\"lazy\" decoding=\"async\" width=\"30\" height=\"30\" src=\"https:\/\/www.asajacyl.com\/173780f7-4fdb-4928-820e-46203ac4bc26\"><\/td><td><img loading=\"lazy\" decoding=\"async\" width=\"30\" height=\"30\" src=\"https:\/\/www.asajacyl.com\/7e45f528-dbed-4385-a4f2-0d00ea5c07ea\"><\/td><\/tr><tr><td>Cebada P. E. (+64)<\/td><td>204,00<\/td><td>-2,00<\/td><td>202,00<\/td><td>\u20ac \/ t<\/td><td><img loading=\"lazy\" decoding=\"async\" width=\"30\" height=\"30\" src=\"https:\/\/www.asajacyl.com\/c7de71ea-9f95-424e-b454-5305071579e1\"><\/td><td><img loading=\"lazy\" decoding=\"async\" width=\"30\" height=\"30\" src=\"https:\/\/www.asajacyl.com\/ea676f0c-07d4-468a-b254-0bda10b1830e\"><\/td><\/tr><tr><td>Avena<\/td><td>150,00<\/td><td>-1,00<\/td><td>149,00<\/td><td>\u20ac \/ t<\/td><td><img loading=\"lazy\" decoding=\"async\" width=\"30\" height=\"30\" src=\"https:\/\/www.asajacyl.com\/2b209318-9786-4511-b9c5-1cd036cb0f6b\"><\/td><td><img loading=\"lazy\" decoding=\"async\" width=\"30\" height=\"30\" src=\"https:\/\/www.asajacyl.com\/ee10a742-9e0d-44c0-9210-33715ddee033\"><\/td><\/tr><tr><td>Centeno<\/td><td>194,00<\/td><td>-2,00<\/td><td>192,00<\/td><td>\u20ac \/ t<\/td><td><img loading=\"lazy\" decoding=\"async\" width=\"30\" height=\"30\" src=\"https:\/\/www.asajacyl.com\/b67967e3-f01c-4bcb-b45e-a7905c51069c\"><\/td><td><img loading=\"lazy\" decoding=\"async\" width=\"30\" height=\"30\" src=\"https:\/\/www.asajacyl.com\/b56dda2f-4532-4d3b-8aed-cb79c65399f0\"><\/td><\/tr><tr><td>Triticale<\/td><td>197,00<\/td><td>-2,00<\/td><td>195,00<\/td><td>\u20ac \/ t<\/td><td><img loading=\"lazy\" decoding=\"async\" width=\"30\" height=\"30\" src=\"https:\/\/www.asajacyl.com\/f1e68431-a64b-438e-be4c-13fbce3fab53\"><\/td><td><img loading=\"lazy\" decoding=\"async\" width=\"30\" height=\"30\" src=\"https:\/\/www.asajacyl.com\/c85a60ba-6b57-474e-a3a4-0324021efac7\"><\/td><\/tr><tr><td>Ma\u00edz, (14\u00ba)<\/td><td>226,00<\/td><td>0,00<\/td><td>226,00<\/td><td>\u20ac \/ t<\/td><td><img loading=\"lazy\" decoding=\"async\" width=\"30\" height=\"30\" src=\"https:\/\/www.asajacyl.com\/f46a06ea-ae8f-4b56-805f-0dcc557e40e7\"><\/td><td><img loading=\"lazy\" decoding=\"async\" width=\"30\" height=\"30\" src=\"https:\/\/www.asajacyl.com\/b3fc41c2-6100-4db5-b62b-29d972bf2a52\"><\/td><\/tr><tr><td colspan=\"7\"><strong>Leguminosas<\/strong><strong><\/strong><\/td><\/tr><tr><td><\/td><td><strong><em>Anterior<\/em><\/strong><strong><em><\/em><\/strong><\/td><td><strong><em>Diferencia<\/em><\/strong><strong><em><\/em><\/strong><\/td><td><strong><em>\u00daltimo<\/em><\/strong><strong><em><\/em><\/strong><\/td><td><strong><em>Medida<\/em><\/strong><strong><em><\/em><\/strong><\/td><td colspan=\"2\"><\/td><\/tr><tr><td>Guisantes<\/td><td>0,00<\/td><td>0,00<\/td><td>0,00<\/td><td>\u20ac \/ t<\/td><td><img loading=\"lazy\" decoding=\"async\" width=\"30\" height=\"30\" src=\"https:\/\/www.asajacyl.com\/44a1a713-9858-4b4d-abef-657887e20f59\"><\/td><td><img loading=\"lazy\" decoding=\"async\" width=\"30\" height=\"30\" src=\"https:\/\/www.asajacyl.com\/ec717c8f-9694-4328-b9e4-c45ec9c13834\"><\/td><\/tr><tr><td><strong><em>DE CONSUMO HUMANO<\/em><\/strong><strong><em><\/em><\/strong><\/td><td><strong><em>Anterior<\/em><\/strong><strong><em><\/em><\/strong><\/td><td><strong><em>Diferencia<\/em><\/strong><strong><em><\/em><\/strong><\/td><td><strong><em>\u00daltimo<\/em><\/strong><strong><em><\/em><\/strong><\/td><td><strong><em>Medida<\/em><\/strong><strong><em><\/em><\/strong><\/td><td colspan=\"2\"><\/td><\/tr><tr><td>Garbanzo Pedrosillano<\/td><td>650,00<\/td><td>0,00<\/td><td>650,00<\/td><td>\u20ac \/ t<\/td><td><img loading=\"lazy\" decoding=\"async\" width=\"30\" height=\"30\" src=\"https:\/\/www.asajacyl.com\/4ba734eb-647f-41b5-aba6-e7308490f724\"><\/td><td><img loading=\"lazy\" decoding=\"async\" width=\"30\" height=\"30\" src=\"https:\/\/www.asajacyl.com\/7bf66da3-466b-447f-a50a-4dd81955bdbc\"><\/td><\/tr><tr><td>Lenteja armu\u00f1a (I.G.P.)<\/td><td>1.650,00<\/td><td>0,00<\/td><td>1.650,00<\/td><td>\u20ac \/ t<\/td><td><img loading=\"lazy\" decoding=\"async\" width=\"30\" height=\"30\" src=\"https:\/\/www.asajacyl.com\/337dd2b2-56a8-4152-9f7d-263a2cf2747d\"><\/td><td><img loading=\"lazy\" decoding=\"async\" width=\"30\" height=\"30\" src=\"https:\/\/www.asajacyl.com\/e4eb44fc-2e88-4110-bef6-ebb208c93af2\"><\/td><\/tr><\/tbody><\/table><\/figure>\n\n\n\n<p><strong>********************************************<\/strong><\/p>\n\n\n\n<p><strong>LONJA AGROPECUARIA DE SEGOVIA<\/strong><\/p>\n\n\n\n<p><strong>Mesa del porcino blanco<\/strong><br><br><\/p>\n\n\n\n<figure class=\"wp-block-image size-full\"><img loading=\"lazy\" decoding=\"async\" width=\"850\" height=\"248\" src=\"https:\/\/www.asajacyl.com\/avila\/wp-content\/uploads\/sites\/4\/2026\/04\/image.png\" alt=\"\" class=\"wp-image-7192\" srcset=\"https:\/\/www.asajacyl.com\/avila\/wp-content\/uploads\/sites\/4\/2026\/04\/image.png 850w, https:\/\/www.asajacyl.com\/avila\/wp-content\/uploads\/sites\/4\/2026\/04\/image-300x88.png 300w, https:\/\/www.asajacyl.com\/avila\/wp-content\/uploads\/sites\/4\/2026\/04\/image-768x224.png 768w, https:\/\/www.asajacyl.com\/avila\/wp-content\/uploads\/sites\/4\/2026\/04\/image-696x203.png 696w\" sizes=\"(max-width: 850px) 100vw, 850px\" \/><\/figure>\n\n\n\n<p><strong>********************************************<\/strong><\/p>\n\n\n\n<p><strong>LONJA AGROPECUARIA DE SALAMANCA<\/strong><\/p>\n\n\n\n<p>Mesa del porcino ib\u00e9rico<\/p>\n\n\n\n<figure class=\"wp-block-table\"><table><tbody><tr><td colspan=\"7\"><strong>Porcino Ib\u00e9rico<\/strong><strong><\/strong><\/td><\/tr><tr><td><\/td><td><strong><em>Anterior<\/em><\/strong><strong><em><\/em><\/strong><\/td><td><strong><em>Diferencia<\/em><\/strong><strong><em><\/em><\/strong><\/td><td><strong><em>\u00daltimo<\/em><\/strong><strong><em><\/em><\/strong><\/td><td><strong><em>Medida<\/em><\/strong><strong><em><\/em><\/strong><\/td><td colspan=\"2\"><\/td><\/tr><tr><td><strong>Bellota 100% IB<\/strong><strong><\/strong><\/td><td><strong>0,00 \/ 0,00<\/strong><strong><\/strong><\/td><td><strong>0,00<\/strong><strong><\/strong><\/td><td><strong>0,00 \/ 0,00<\/strong><strong><\/strong><\/td><td><strong>\u20ac \/ kg vivo<\/strong><strong><\/strong><\/td><td><img loading=\"lazy\" decoding=\"async\" width=\"30\" height=\"30\" src=\"https:\/\/www.asajacyl.com\/bf769939-d4c2-442a-b09a-0c4a5a5f2d70\"><strong><\/strong><strong><\/strong><\/td><td><img loading=\"lazy\" decoding=\"async\" width=\"30\" height=\"30\" src=\"https:\/\/www.asajacyl.com\/dd868930-e196-4ddc-95d3-12648d3fab78\"><strong><\/strong><strong><\/strong><\/td><\/tr><tr><td><strong>Bellota 75% IB<\/strong><strong><\/strong><\/td><td><strong>0,00 \/ 0,00<\/strong><strong><\/strong><\/td><td><strong>0,00<\/strong><strong><\/strong><\/td><td><strong>0,00 \/ 0,00<\/strong><strong><\/strong><\/td><td><strong>\u20ac \/ kg vivo<\/strong><strong><\/strong><\/td><td><img loading=\"lazy\" decoding=\"async\" width=\"30\" height=\"30\" src=\"https:\/\/www.asajacyl.com\/08080bba-7a77-4c76-998d-90291893de0c\"><strong><\/strong><strong><\/strong><\/td><td><img loading=\"lazy\" decoding=\"async\" width=\"30\" height=\"30\" src=\"https:\/\/www.asajacyl.com\/66139203-aecf-4480-ab38-2650ff186536\"><strong><\/strong><strong><\/strong><\/td><\/tr><tr><td><strong>Bellota 50% IB<\/strong><strong><\/strong><\/td><td><strong>0,00 \/ 0,00<\/strong><strong><\/strong><\/td><td><strong>0,00<\/strong><strong><\/strong><\/td><td><strong>0,00 \/ 0,00<\/strong><strong><\/strong><\/td><td><strong>\u20ac \/ kg vivo<\/strong><strong><\/strong><\/td><td><img loading=\"lazy\" decoding=\"async\" width=\"30\" height=\"30\" src=\"https:\/\/www.asajacyl.com\/0e22c1b1-0e9e-4163-929c-1ae79858b0e5\"><strong><\/strong><strong><\/strong><\/td><td><img loading=\"lazy\" decoding=\"async\" width=\"30\" height=\"30\" src=\"https:\/\/www.asajacyl.com\/88c5608b-7f0f-4768-95b0-ab7a0d1f86e2\"><strong><\/strong><strong><\/strong><\/td><\/tr><tr><td><strong>Cebo de campo<\/strong><strong><\/strong><\/td><td><strong>3,11 \/ 3,21<\/strong><strong><\/strong><\/td><td><strong>0,00<\/strong><strong><\/strong><\/td><td><strong>3,11 \/ 3,21<\/strong><strong><\/strong><\/td><td><strong>\u20ac \/ kg vivo<\/strong><strong><\/strong><\/td><td><img loading=\"lazy\" decoding=\"async\" width=\"30\" height=\"30\" src=\"https:\/\/www.asajacyl.com\/917e0c9b-87cb-4ec4-83eb-738d843e72c9\"><strong><\/strong><strong><\/strong><\/td><td><img loading=\"lazy\" decoding=\"async\" width=\"30\" height=\"30\" src=\"https:\/\/www.asajacyl.com\/0b83adc5-20a3-4560-a20a-6bc45ee70c95\"><strong><\/strong><strong><\/strong><\/td><\/tr><tr><td><strong>Cebo<\/strong><strong><\/strong><\/td><td><strong>2,98 \/ 3,08<\/strong><strong><\/strong><\/td><td><strong>0,00<\/strong><strong><\/strong><\/td><td><strong>2,98 \/ 3,08<\/strong><strong><\/strong><\/td><td><strong>\u20ac \/ kg vivo<\/strong><strong><\/strong><\/td><td><img loading=\"lazy\" decoding=\"async\" width=\"30\" height=\"30\" src=\"https:\/\/www.asajacyl.com\/6375c2ea-aa6d-4068-b869-761c0cc52d5f\"><strong><\/strong><strong><\/strong><\/td><td><img loading=\"lazy\" decoding=\"async\" width=\"30\" height=\"30\" src=\"https:\/\/www.asajacyl.com\/edb72836-ec11-4617-87e8-ecaf9afdb283\"><strong><\/strong><strong><\/strong><\/td><\/tr><\/tbody><\/table><\/figure>\n\n\n\n<p><strong>********************************************<\/strong><\/p>\n\n\n\n<p><strong>LONJA DE TALAVERA DE LA REINA<\/strong><\/p>\n\n\n\n<p>Cordero de 9 a 11Kg &#8211; 6,80 Kg.\/v<\/p>\n\n\n\n<p>Cabrito lechal 5,50 kg.\/v.<\/p>\n\n\n\n<p><strong>********************************************<\/strong><\/p>\n\n\n\n<p><strong>LONJA AGROPECUARIA DE SALAMANCA<\/strong><\/p>\n\n\n\n<p><strong>Mesa de vacuno<\/strong><\/p>\n\n\n\n<figure class=\"wp-block-table\"><table><tbody><tr><td colspan=\"7\"><strong>Bovino menor 12 meses<\/strong><\/td><\/tr><tr><td><strong><em>MACHOS<\/em><\/strong><\/td><td><strong><em>Anterior<\/em><\/strong><\/td><td><strong><em>Diferencia<\/em><\/strong><\/td><td><strong><em>\u00daltimo<\/em><\/strong><\/td><td><strong><em>Medida<\/em><\/strong><\/td><td colspan=\"2\"><\/td><\/tr><tr><td>E Especial<\/td><td>7,72<\/td><td>-0,02<\/td><td>7,70<\/td><td>\u20ac \/ kg canal<\/td><td><img loading=\"lazy\" decoding=\"async\" width=\"30\" height=\"30\" src=\"https:\/\/www.asajacyl.com\/59e89127-6738-4f28-934b-e066699c644a\"><\/td><td><img loading=\"lazy\" decoding=\"async\" width=\"30\" height=\"30\" src=\"https:\/\/www.asajacyl.com\/443a4156-7e33-4883-b717-0ee9336eb216\"><\/td><\/tr><\/tbody><\/table><\/figure>\n\n\n\n<figure class=\"wp-block-table\"><table><tbody><tr><td colspan=\"7\"><strong>Ternera mayor 12 meses<\/strong><\/td><\/tr><tr><td><strong><em>HASTA 270 kg<\/em><\/strong><\/td><td><strong><em>Anterior<\/em><\/strong><\/td><td><strong><em>Diferencia<\/em><\/strong><\/td><td><strong><em>\u00daltimo<\/em><\/strong><\/td><td><strong><em>Medida<\/em><\/strong><\/td><td colspan=\"2\"><\/td><\/tr><tr><td>E Especial<\/td><td>7,80<\/td><td>0,00<\/td><td>7,80<\/td><td>\u20ac \/ kg canal<\/td><td><img loading=\"lazy\" decoding=\"async\" width=\"30\" height=\"30\" src=\"https:\/\/www.asajacyl.com\/acc4c9ab-1e61-42d8-8bf2-9576b27ae56a\"><\/td><td><img loading=\"lazy\" decoding=\"async\" width=\"30\" height=\"30\" src=\"https:\/\/www.asajacyl.com\/50fd2986-21a2-41a6-8a6b-dd4db21f723d\"><\/td><\/tr><\/tbody><\/table><\/figure>\n\n\n\n<figure class=\"wp-block-table\"><table><tbody><tr><td colspan=\"7\"><strong><u>A\u00f1ojos<\/u><\/strong><\/td><\/tr><tr><td><strong><em><u>HASTA 350 kg<\/u><\/em><\/strong><\/td><td><strong><em><u>Anterior<\/u><\/em><\/strong><\/td><td><strong><em><u>Diferencia<\/u><\/em><\/strong><\/td><td><strong><em><u>\u00daltimo<\/u><\/em><\/strong><\/td><td><strong><em><u>Medida<\/u><\/em><\/strong><\/td><td colspan=\"2\"><\/td><\/tr><tr><td>E Especial<\/td><td>7,65<\/td><td>-0,02<\/td><td>7,63<\/td><td>\u20ac \/ kg canal<\/td><td><img loading=\"lazy\" decoding=\"async\" width=\"30\" height=\"30\" src=\"https:\/\/www.asajacyl.com\/a17ec0c7-16ef-461c-b0a4-ce0a4c05a926\"><\/td><td><img loading=\"lazy\" decoding=\"async\" width=\"30\" height=\"30\" src=\"https:\/\/www.asajacyl.com\/25a9ca7e-c853-40f8-b420-3eefca917701\"><\/td><\/tr><\/tbody><\/table><\/figure>\n\n\n\n<figure class=\"wp-block-table\"><table><tbody><tr><td colspan=\"7\"><strong>Novillos<\/strong><\/td><\/tr><tr><td><\/td><td><strong><em>Anterior<\/em><\/strong><\/td><td><strong><em>Diferencia<\/em><\/strong><\/td><td><strong><em>\u00daltimo<\/em><\/strong><\/td><td><strong><em>Medida<\/em><\/strong><\/td><td colspan=\"2\"><\/td><\/tr><tr><td>Extra<\/td><td>5,82<\/td><td>0,00<\/td><td>5,82<\/td><td>\u20ac \/ kg canal<\/td><td><img loading=\"lazy\" decoding=\"async\" width=\"30\" height=\"30\" src=\"https:\/\/www.asajacyl.com\/14ea68da-d056-4490-a12a-adba0318e4db\"><\/td><td><img loading=\"lazy\" decoding=\"async\" width=\"30\" height=\"30\" src=\"https:\/\/www.asajacyl.com\/4b2c50fa-43f4-46c1-aea5-7fc6e5628530\"><\/td><\/tr><\/tbody><\/table><\/figure>\n\n\n\n<figure class=\"wp-block-table\"><table><tbody><tr><td colspan=\"7\"><strong>Vacas<\/strong><\/td><\/tr><tr><td><\/td><td><strong><em>Anterior<\/em><\/strong><\/td><td><strong><em>Diferencia<\/em><\/strong><\/td><td><strong><em>\u00daltimo<\/em><\/strong><\/td><td><strong><em>Medida<\/em><\/strong><\/td><td colspan=\"2\"><\/td><\/tr><tr><td>Extra<\/td><td>6,46<\/td><td>0,00<\/td><td>6,46<\/td><td>\u20ac \/ kg canal<\/td><td><img loading=\"lazy\" decoding=\"async\" width=\"30\" height=\"30\" src=\"https:\/\/www.asajacyl.com\/f543f069-fb2d-4862-bea5-0b7563c6ffcb\"><\/td><td><img loading=\"lazy\" decoding=\"async\" width=\"30\" height=\"30\" src=\"https:\/\/www.asajacyl.com\/84e69f64-f8e1-48f9-a86c-287c6937ed3b\"><\/td><\/tr><\/tbody><\/table><\/figure>\n","protected":false},"excerpt":{"rendered":"<p>Repasamos los mercados agrarios de Castilla y Le\u00f3n para conocer las cotizaciones actuales de las mesas de ganado y cereales LONJA AGROPECUARIA DE SALAMANCA Mesa de cereales Cereales Anterior Diferencia \u00daltimo Medida Trigo Blando 207,00 -2,00 205,00 \u20ac \/ t Cebada P. E. (+64) 204,00 -2,00 202,00 \u20ac \/ t Avena 150,00 -1,00 149,00 \u20ac [&hellip;]<\/p>\n","protected":false},"author":16,"featured_media":7040,"comment_status":"open","ping_status":"open","sticky":false,"template":"","format":"standard","meta":{"footnotes":""},"categories":[44,45,9],"tags":[59,63,83,53,54,71,55,56,72,3],"yoast_head":"<!-- This site is optimized with the Yoast SEO plugin v24.5 - https:\/\/yoast.com\/wordpress\/plugins\/seo\/ -->\n<title>LAS LONJAS CYL - SEMANA DEL 13 DE ABRIL - ASAJA \u00c1vila<\/title>\n<meta name=\"description\" content=\"Repasamos los mercados agrarios de Castilla y Le\u00f3n para conocer las cotizaciones actuales de las mesas de ganado y cereales LONJA AGROPECUARIA DE\" \/>\n<meta name=\"robots\" content=\"index, follow, max-snippet:-1, max-image-preview:large, max-video-preview:-1\" \/>\n<link rel=\"canonical\" href=\"https:\/\/www.asajacyl.com\/avila\/servicios-socio\/las-lonjas-cyl-semana-del-13-de-abril\" \/>\n<meta property=\"og:locale\" content=\"es_ES\" \/>\n<meta property=\"og:type\" content=\"article\" \/>\n<meta property=\"og:title\" content=\"LAS LONJAS CYL - SEMANA DEL 13 DE ABRIL - ASAJA \u00c1vila\" \/>\n<meta property=\"og:description\" content=\"Repasamos los mercados agrarios de Castilla y Le\u00f3n para conocer las cotizaciones actuales de las mesas de ganado y cereales LONJA AGROPECUARIA DE\" \/>\n<meta property=\"og:url\" content=\"https:\/\/www.asajacyl.com\/avila\/servicios-socio\/las-lonjas-cyl-semana-del-13-de-abril\" \/>\n<meta property=\"og:site_name\" content=\"ASAJA \u00c1vila\" \/>\n<meta property=\"article:published_time\" content=\"2026-04-13T12:37:41+00:00\" \/>\n<meta property=\"article:modified_time\" content=\"2026-04-13T12:37:43+00:00\" \/>\n<meta property=\"og:image\" content=\"https:\/\/www.asajacyl.com\/avila\/wp-content\/uploads\/sites\/4\/2026\/03\/La-Lonja.jpg\" \/>\n\t<meta property=\"og:image:width\" content=\"1647\" \/>\n\t<meta property=\"og:image:height\" content=\"1104\" \/>\n\t<meta property=\"og:image:type\" content=\"image\/jpeg\" \/>\n<meta name=\"author\" content=\"comunicacion\" \/>\n<meta name=\"twitter:card\" content=\"summary_large_image\" \/>\n<meta name=\"twitter:label1\" content=\"Escrito por\" \/>\n\t<meta name=\"twitter:data1\" content=\"comunicacion\" \/>\n\t<meta name=\"twitter:label2\" content=\"Tiempo de lectura\" \/>\n\t<meta name=\"twitter:data2\" content=\"10 minutos\" \/>\n<script type=\"application\/ld+json\" class=\"yoast-schema-graph\">{\"@context\":\"https:\/\/schema.org\",\"@graph\":[{\"@type\":\"WebPage\",\"@id\":\"https:\/\/www.asajacyl.com\/avila\/servicios-socio\/las-lonjas-cyl-semana-del-13-de-abril\",\"url\":\"https:\/\/www.asajacyl.com\/avila\/servicios-socio\/las-lonjas-cyl-semana-del-13-de-abril\",\"name\":\"LAS LONJAS CYL - SEMANA DEL 13 DE ABRIL - ASAJA \u00c1vila\",\"isPartOf\":{\"@id\":\"https:\/\/www.asajacyl.com\/avila\/#website\"},\"primaryImageOfPage\":{\"@id\":\"https:\/\/www.asajacyl.com\/avila\/servicios-socio\/las-lonjas-cyl-semana-del-13-de-abril#primaryimage\"},\"image\":{\"@id\":\"https:\/\/www.asajacyl.com\/avila\/servicios-socio\/las-lonjas-cyl-semana-del-13-de-abril#primaryimage\"},\"thumbnailUrl\":\"https:\/\/www.asajacyl.com\/avila\/wp-content\/uploads\/sites\/4\/2026\/03\/La-Lonja.jpg\",\"datePublished\":\"2026-04-13T12:37:41+00:00\",\"dateModified\":\"2026-04-13T12:37:43+00:00\",\"author\":{\"@id\":\"https:\/\/www.asajacyl.com\/avila\/#\/schema\/person\/51bbd29d94e00aa22d79c7b8c3c404e6\"},\"description\":\"Repasamos los mercados agrarios de Castilla y Le\u00f3n para conocer las cotizaciones actuales de las mesas de ganado y cereales LONJA AGROPECUARIA DE\",\"breadcrumb\":{\"@id\":\"https:\/\/www.asajacyl.com\/avila\/servicios-socio\/las-lonjas-cyl-semana-del-13-de-abril#breadcrumb\"},\"inLanguage\":\"es\",\"potentialAction\":[{\"@type\":\"ReadAction\",\"target\":[\"https:\/\/www.asajacyl.com\/avila\/servicios-socio\/las-lonjas-cyl-semana-del-13-de-abril\"]}]},{\"@type\":\"ImageObject\",\"inLanguage\":\"es\",\"@id\":\"https:\/\/www.asajacyl.com\/avila\/servicios-socio\/las-lonjas-cyl-semana-del-13-de-abril#primaryimage\",\"url\":\"https:\/\/www.asajacyl.com\/avila\/wp-content\/uploads\/sites\/4\/2026\/03\/La-Lonja.jpg\",\"contentUrl\":\"https:\/\/www.asajacyl.com\/avila\/wp-content\/uploads\/sites\/4\/2026\/03\/La-Lonja.jpg\",\"width\":1647,\"height\":1104},{\"@type\":\"BreadcrumbList\",\"@id\":\"https:\/\/www.asajacyl.com\/avila\/servicios-socio\/las-lonjas-cyl-semana-del-13-de-abril#breadcrumb\",\"itemListElement\":[{\"@type\":\"ListItem\",\"position\":1,\"name\":\"Portada\",\"item\":\"https:\/\/www.asajacyl.com\/avila\/\"},{\"@type\":\"ListItem\",\"position\":2,\"name\":\"LAS LONJAS CYL &#8211; SEMANA DEL 13 DE ABRIL\"}]},{\"@type\":\"WebSite\",\"@id\":\"https:\/\/www.asajacyl.com\/avila\/#website\",\"url\":\"https:\/\/www.asajacyl.com\/avila\/\",\"name\":\"ASAJA \u00c1vila\",\"description\":\"Otro sitio m\u00e1s de Provincias ASAJA Castilla y Le\u00f3n\",\"potentialAction\":[{\"@type\":\"SearchAction\",\"target\":{\"@type\":\"EntryPoint\",\"urlTemplate\":\"https:\/\/www.asajacyl.com\/avila\/?s={search_term_string}\"},\"query-input\":{\"@type\":\"PropertyValueSpecification\",\"valueRequired\":true,\"valueName\":\"search_term_string\"}}],\"inLanguage\":\"es\"},{\"@type\":\"Person\",\"@id\":\"https:\/\/www.asajacyl.com\/avila\/#\/schema\/person\/51bbd29d94e00aa22d79c7b8c3c404e6\",\"name\":\"comunicacion\",\"image\":{\"@type\":\"ImageObject\",\"inLanguage\":\"es\",\"@id\":\"https:\/\/www.asajacyl.com\/avila\/#\/schema\/person\/image\/\",\"url\":\"https:\/\/secure.gravatar.com\/avatar\/dacd6ac12f2f802c39afce565d232781?s=96&d=mm&r=g\",\"contentUrl\":\"https:\/\/secure.gravatar.com\/avatar\/dacd6ac12f2f802c39afce565d232781?s=96&d=mm&r=g\",\"caption\":\"comunicacion\"},\"url\":\"https:\/\/www.asajacyl.com\/avila\/author\/comunicacion\"}]}<\/script>\n<!-- \/ Yoast SEO plugin. -->","yoast_head_json":{"title":"LAS LONJAS CYL - SEMANA DEL 13 DE ABRIL - ASAJA \u00c1vila","description":"Repasamos los mercados agrarios de Castilla y Le\u00f3n para conocer las cotizaciones actuales de las mesas de ganado y cereales LONJA AGROPECUARIA DE","robots":{"index":"index","follow":"follow","max-snippet":"max-snippet:-1","max-image-preview":"max-image-preview:large","max-video-preview":"max-video-preview:-1"},"canonical":"https:\/\/www.asajacyl.com\/avila\/servicios-socio\/las-lonjas-cyl-semana-del-13-de-abril","og_locale":"es_ES","og_type":"article","og_title":"LAS LONJAS CYL - SEMANA DEL 13 DE ABRIL - ASAJA \u00c1vila","og_description":"Repasamos los mercados agrarios de Castilla y Le\u00f3n para conocer las cotizaciones actuales de las mesas de ganado y cereales LONJA AGROPECUARIA DE","og_url":"https:\/\/www.asajacyl.com\/avila\/servicios-socio\/las-lonjas-cyl-semana-del-13-de-abril","og_site_name":"ASAJA \u00c1vila","article_published_time":"2026-04-13T12:37:41+00:00","article_modified_time":"2026-04-13T12:37:43+00:00","og_image":[{"width":1647,"height":1104,"url":"https:\/\/www.asajacyl.com\/avila\/wp-content\/uploads\/sites\/4\/2026\/03\/La-Lonja.jpg","type":"image\/jpeg"}],"author":"comunicacion","twitter_card":"summary_large_image","twitter_misc":{"Escrito por":"comunicacion","Tiempo de lectura":"10 minutos"},"schema":{"@context":"https:\/\/schema.org","@graph":[{"@type":"WebPage","@id":"https:\/\/www.asajacyl.com\/avila\/servicios-socio\/las-lonjas-cyl-semana-del-13-de-abril","url":"https:\/\/www.asajacyl.com\/avila\/servicios-socio\/las-lonjas-cyl-semana-del-13-de-abril","name":"LAS LONJAS CYL - SEMANA DEL 13 DE ABRIL - ASAJA \u00c1vila","isPartOf":{"@id":"https:\/\/www.asajacyl.com\/avila\/#website"},"primaryImageOfPage":{"@id":"https:\/\/www.asajacyl.com\/avila\/servicios-socio\/las-lonjas-cyl-semana-del-13-de-abril#primaryimage"},"image":{"@id":"https:\/\/www.asajacyl.com\/avila\/servicios-socio\/las-lonjas-cyl-semana-del-13-de-abril#primaryimage"},"thumbnailUrl":"https:\/\/www.asajacyl.com\/avila\/wp-content\/uploads\/sites\/4\/2026\/03\/La-Lonja.jpg","datePublished":"2026-04-13T12:37:41+00:00","dateModified":"2026-04-13T12:37:43+00:00","author":{"@id":"https:\/\/www.asajacyl.com\/avila\/#\/schema\/person\/51bbd29d94e00aa22d79c7b8c3c404e6"},"description":"Repasamos los mercados agrarios de Castilla y Le\u00f3n para conocer las cotizaciones actuales de las mesas de ganado y cereales LONJA AGROPECUARIA DE","breadcrumb":{"@id":"https:\/\/www.asajacyl.com\/avila\/servicios-socio\/las-lonjas-cyl-semana-del-13-de-abril#breadcrumb"},"inLanguage":"es","potentialAction":[{"@type":"ReadAction","target":["https:\/\/www.asajacyl.com\/avila\/servicios-socio\/las-lonjas-cyl-semana-del-13-de-abril"]}]},{"@type":"ImageObject","inLanguage":"es","@id":"https:\/\/www.asajacyl.com\/avila\/servicios-socio\/las-lonjas-cyl-semana-del-13-de-abril#primaryimage","url":"https:\/\/www.asajacyl.com\/avila\/wp-content\/uploads\/sites\/4\/2026\/03\/La-Lonja.jpg","contentUrl":"https:\/\/www.asajacyl.com\/avila\/wp-content\/uploads\/sites\/4\/2026\/03\/La-Lonja.jpg","width":1647,"height":1104},{"@type":"BreadcrumbList","@id":"https:\/\/www.asajacyl.com\/avila\/servicios-socio\/las-lonjas-cyl-semana-del-13-de-abril#breadcrumb","itemListElement":[{"@type":"ListItem","position":1,"name":"Portada","item":"https:\/\/www.asajacyl.com\/avila\/"},{"@type":"ListItem","position":2,"name":"LAS LONJAS CYL &#8211; SEMANA DEL 13 DE ABRIL"}]},{"@type":"WebSite","@id":"https:\/\/www.asajacyl.com\/avila\/#website","url":"https:\/\/www.asajacyl.com\/avila\/","name":"ASAJA \u00c1vila","description":"Otro sitio m\u00e1s de Provincias ASAJA Castilla y Le\u00f3n","potentialAction":[{"@type":"SearchAction","target":{"@type":"EntryPoint","urlTemplate":"https:\/\/www.asajacyl.com\/avila\/?s={search_term_string}"},"query-input":{"@type":"PropertyValueSpecification","valueRequired":true,"valueName":"search_term_string"}}],"inLanguage":"es"},{"@type":"Person","@id":"https:\/\/www.asajacyl.com\/avila\/#\/schema\/person\/51bbd29d94e00aa22d79c7b8c3c404e6","name":"comunicacion","image":{"@type":"ImageObject","inLanguage":"es","@id":"https:\/\/www.asajacyl.com\/avila\/#\/schema\/person\/image\/","url":"https:\/\/secure.gravatar.com\/avatar\/dacd6ac12f2f802c39afce565d232781?s=96&d=mm&r=g","contentUrl":"https:\/\/secure.gravatar.com\/avatar\/dacd6ac12f2f802c39afce565d232781?s=96&d=mm&r=g","caption":"comunicacion"},"url":"https:\/\/www.asajacyl.com\/avila\/author\/comunicacion"}]}},"_links":{"self":[{"href":"https:\/\/www.asajacyl.com\/avila\/wp-json\/wp\/v2\/posts\/7191"}],"collection":[{"href":"https:\/\/www.asajacyl.com\/avila\/wp-json\/wp\/v2\/posts"}],"about":[{"href":"https:\/\/www.asajacyl.com\/avila\/wp-json\/wp\/v2\/types\/post"}],"author":[{"embeddable":true,"href":"https:\/\/www.asajacyl.com\/avila\/wp-json\/wp\/v2\/users\/16"}],"replies":[{"embeddable":true,"href":"https:\/\/www.asajacyl.com\/avila\/wp-json\/wp\/v2\/comments?post=7191"}],"version-history":[{"count":1,"href":"https:\/\/www.asajacyl.com\/avila\/wp-json\/wp\/v2\/posts\/7191\/revisions"}],"predecessor-version":[{"id":7193,"href":"https:\/\/www.asajacyl.com\/avila\/wp-json\/wp\/v2\/posts\/7191\/revisions\/7193"}],"wp:featuredmedia":[{"embeddable":true,"href":"https:\/\/www.asajacyl.com\/avila\/wp-json\/wp\/v2\/media\/7040"}],"wp:attachment":[{"href":"https:\/\/www.asajacyl.com\/avila\/wp-json\/wp\/v2\/media?parent=7191"}],"wp:term":[{"taxonomy":"category","embeddable":true,"href":"https:\/\/www.asajacyl.com\/avila\/wp-json\/wp\/v2\/categories?post=7191"},{"taxonomy":"post_tag","embeddable":true,"href":"https:\/\/www.asajacyl.com\/avila\/wp-json\/wp\/v2\/tags?post=7191"}],"curies":[{"name":"wp","href":"https:\/\/api.w.org\/{rel}","templated":true}]}}