{"id":7208,"date":"2026-04-27T14:41:00","date_gmt":"2026-04-27T12:41:00","guid":{"rendered":"https:\/\/www.asajacyl.com\/avila\/?p=7208"},"modified":"2026-04-27T14:41:01","modified_gmt":"2026-04-27T12:41:01","slug":"los-ganaderos-afrontan-el-esquileo-de-sus-rebanos-una-vez-mas-con-perdidas-aunque-se-aprecia-una-tendencia-al-alza-en-el-precio-de-la-lana","status":"publish","type":"post","link":"https:\/\/www.asajacyl.com\/avila\/asaja-avila-informa\/los-ganaderos-afrontan-el-esquileo-de-sus-rebanos-una-vez-mas-con-perdidas-aunque-se-aprecia-una-tendencia-al-alza-en-el-precio-de-la-lana","title":{"rendered":"Los ganaderos afrontan el esquileo de sus reba\u00f1os una vez m\u00e1s con p\u00e9rdidas, aunque se aprecia una tendencia al alza en el precio de la lana"},"content":{"rendered":"\n<p><strong>\u00c1vila, 24 abril de 2026<\/strong><\/p>\n\n\n\n<p><br>Los ganaderos de ovino afrontan estas semanas el esquileo de sus reba\u00f1os, un proceso necesario para los animales y que desde hace a\u00f1os solo reporta p\u00e9rdidas para el sector, puesto que es muy superior el coste de la retirada de la lana que lo que se percibe por ella. ASAJA Castilla y Le\u00f3n considera que ni el sector ni las administraciones deben resignarse a esta situaci\u00f3n an\u00f3mala, y han de procurarse v\u00edas para lograr que la lana sea resignificada como subproducto y no como residuo, porque tiene posibilidades reales de utilizaci\u00f3n, y m\u00e1s en un momento de mayor demanda mundial y tendencia al alza de los precios.<\/p>\n\n\n\n<p>Ovejas merinas. Foto: JL Fuentes<br>Aunque a\u00fan no se ha registrado un n\u00famero de operaciones significativo, s\u00ed se aprecia en esta campa\u00f1a alguna diferencia en la valoraci\u00f3n de la lana, especialmente las de calidad, como la procedente de la raza merina aut\u00f3ctona, de aptitud lanera, pero son pocos los ejemplares que hay en Castilla y Le\u00f3n. Para el resto de lana, que es la mayoritaria, puesto que la mayor parte del censo ovino es de razas de aptitud lechera o c\u00e1rnica, como la Assaf, castellana o churra, el pago ser\u00eda casi simb\u00f3lico: rondar\u00eda los 5 c\u00e9ntimos el kilo. No compensar\u00eda ni de lejos el coste del esquileo (1,50 \u20ac de media por animal), que el ganadero tiene que asumir. El hecho es que la esquila es, sin excepci\u00f3n, deficitaria para las poco m\u00e1s de 4.000 explotaciones ganaderas de ovino de Castilla y Le\u00f3n.<\/p>\n\n\n\n<p>Como estimaci\u00f3n, para una explotaci\u00f3n media, de unas 500 ovejas, el esquileo supondr\u00e1 unos 800 euros de coste, cuando apenas recibir\u00e1 por la lana el 8 por ciento de lo gastado. Atendiendo a la caba\u00f1a total de ovino en Castilla y Le\u00f3n y a que cada oveja deja 2,3 kilos de lana, en esta campa\u00f1a se recoger\u00e1n en la comunidad aut\u00f3noma 4,6 millones de kilos de lana, con un coste total de esquileo superior a los 3,1 millones de euros.<\/p>\n\n\n\n<p>Con todo, el mercado mundial parece que est\u00e1 algo m\u00e1s animado porque China debe haber agotado sus stocks de campa\u00f1as pasadas y est\u00e1 demandado producto, principalmente de la gran productora, Australia. En este inter\u00e9s tambi\u00e9n repercutir\u00eda que algunos fabricantes textiles estar\u00edan buscando alternativas al poli\u00e9ster, derivado del petr\u00f3leo, suministro ahora afectado por la crisis en Oriente Medio. En teor\u00eda, pa\u00edses como Espa\u00f1a, que es l\u00edder en la UE en ovino, podr\u00eda sumarse a esa oferta de lana, puesto que a finales de 2025 por fin se abri\u00f3 la puerta a la exportaci\u00f3n a China, tras varios a\u00f1os bloqueada por casos detectados en el pasado de viruela ovina. En este sentido, es fundamental la actuaci\u00f3n del Gobierno para procurar facilitar ese cauce a la exportaci\u00f3n.<\/p>\n\n\n\n<p>As\u00ed, ASAJA considera que hay dos frentes abiertos, uno para la lana de mayor calidad, m\u00e1s enfocada a un segmento de prendas de gran calidad -ya que el coste de recogida, lavado, hilado, es especial y caro- y otro para el montante principal de la lana, para la que tambi\u00e9n hay posibilidades de reutilizaci\u00f3n, desde la bioconstrucci\u00f3n y fabricaci\u00f3n de aislantes hasta la regeneraci\u00f3n de suelos, enfoques que desde las administraciones se deben apoyar.<\/p>\n\n\n\n<p>Dar una salida a la lana es muy importante para favorecer la permanencia de la ganader\u00eda de ovino, cuyo futuro es muy complicado y est\u00e1 m\u00e1s comprometido por las circunstancias especiales de estas explotaciones, que exigen un manejo muy exigente. \u201cEl hecho es que tanto el n\u00famero de ganaderos como la propia caba\u00f1a de ovino no ha dejado de disminuir, incluso en periodos en los que el cordero ha estado valiendo m\u00e1s, en parte gracias a las exportaciones. Aun as\u00ed, las cuentas van justas y los problemas no faltan, y entre ellos est\u00e1 el desequilibrio que supone la esquila respecto a lo que vale la lana\u201d, concluye ASAJA.<\/p>\n\n\n\n<p>El censo nacional de ganado ovino sit\u00faa a Castilla y Le\u00f3n como tercera comunidad aut\u00f3noma por n\u00famero de animales (por encima de 2,1 millones de cabezas), casi a la par con Castilla-La Mancha, que ocupa el segundo lugar, y por encima de ambas, Extremadura (3,4 millones de animales). Por provincias encabeza los censos de ovino Zamora, Le\u00f3n, Salamanca, Valladolid, Palencia, Segovia, Soria, \u00c1vila y Burgos. En todas ellas se ha registrado un descenso tanto de las explotaciones como de los propios censos de animales.<\/p>\n\n\n\n<p>Evoluci\u00f3n de la caba\u00f1a de ovino en la \u00faltima d\u00e9cada, CyL y Espa\u00f1a<\/p>\n\n\n\n<figure class=\"wp-block-table\"><table><tbody><tr><td>&nbsp;<\/td><td><strong>2014<\/strong><strong>&nbsp;<\/strong><\/td><td><strong>2024<\/strong><\/td><\/tr><tr><td><strong>\u00c1vila<\/strong><\/td><td>179.807<\/td><td>134.784<\/td><\/tr><tr><td><strong>Burgos<\/strong><\/td><td>232.098<\/td><td>130.082<\/td><\/tr><tr><td><strong>Le\u00f3n<\/strong><\/td><td>461.939<\/td><td>356.233<\/td><\/tr><tr><td><strong>Palencia<\/strong><\/td><td>240.496<\/td><td>165.109<\/td><\/tr><tr><td><strong>Salamanca<\/strong><\/td><td>416.774<\/td><td>288.386<\/td><\/tr><tr><td><strong>Segovia<\/strong><\/td><td>268.344<\/td><td>162.807<\/td><\/tr><tr><td><strong>Soria<\/strong><\/td><td>237.130<\/td><td>150.753<\/td><\/tr><tr><td><strong>Valladolid<\/strong><\/td><td>352.893<\/td><td>224621<\/td><\/tr><tr><td><strong>Zamora<\/strong><\/td><td>675.709<\/td><td>508.045<\/td><\/tr><tr><td><strong>&nbsp;<\/strong><strong>Castilla y Le\u00f3n<\/strong><\/td><td>&nbsp;3.065.190<\/td><td>&nbsp;2.120.820<\/td><\/tr><tr><td><strong>&nbsp;<\/strong><strong>Espa\u00f1a<\/strong><\/td><td>&nbsp;15.431.804<\/td><td>&nbsp;13.476.030<\/td><\/tr><\/tbody><\/table><\/figure>\n\n\n\n<p>&nbsp;&nbsp;&nbsp;&nbsp;&nbsp;&nbsp;&nbsp;&nbsp;&nbsp;&nbsp;&nbsp;&nbsp;&nbsp;&nbsp;&nbsp;&nbsp;&nbsp;&nbsp;&nbsp;&nbsp;&nbsp;&nbsp;&nbsp;&nbsp;&nbsp;&nbsp;&nbsp;&nbsp;&nbsp;&nbsp;&nbsp;&nbsp;&nbsp;&nbsp;&nbsp;&nbsp;&nbsp;&nbsp;&nbsp;&nbsp;&nbsp;&nbsp;&nbsp;&nbsp;&nbsp;&nbsp;&nbsp;&nbsp;&nbsp;&nbsp;&nbsp;&nbsp;&nbsp;&nbsp;&nbsp;&nbsp;&nbsp;&nbsp;&nbsp;&nbsp;&nbsp;&nbsp;&nbsp;&nbsp;&nbsp; *Fuente: Estad\u00edsticas e Informaci\u00f3n Agraria Junta CyL<\/p>\n\n\n\n<pre class=\"wp-block-code\"><code><br><br><\/code><\/pre>\n","protected":false},"excerpt":{"rendered":"<p>\u00c1vila, 24 abril de 2026 Los ganaderos de ovino afrontan estas semanas el esquileo de sus reba\u00f1os, un proceso necesario para los animales y que desde hace a\u00f1os solo reporta p\u00e9rdidas para el sector, puesto que es muy superior el coste de la retirada de la lana que lo que se percibe por ella. ASAJA [&hellip;]<\/p>\n","protected":false},"author":16,"featured_media":7209,"comment_status":"open","ping_status":"open","sticky":false,"template":"","format":"standard","meta":{"footnotes":""},"categories":[8,28,18],"tags":[59,63,83,53,54,71,55,56,72,3],"yoast_head":"<!-- This site is optimized with the Yoast SEO plugin v24.5 - https:\/\/yoast.com\/wordpress\/plugins\/seo\/ -->\n<title>Los ganaderos afrontan el esquileo de sus reba\u00f1os una vez m\u00e1s con p\u00e9rdidas, aunque se aprecia una tendencia al alza en el precio de la lana - ASAJA \u00c1vila<\/title>\n<meta name=\"description\" content=\"\u00c1vila, 24 abril de 2026 Los ganaderos de ovino afrontan estas semanas el esquileo de sus reba\u00f1os, un proceso necesario para los animales y que desde hace\" \/>\n<meta name=\"robots\" content=\"index, follow, max-snippet:-1, max-image-preview:large, max-video-preview:-1\" \/>\n<link rel=\"canonical\" href=\"https:\/\/www.asajacyl.com\/avila\/asaja-avila-informa\/los-ganaderos-afrontan-el-esquileo-de-sus-rebanos-una-vez-mas-con-perdidas-aunque-se-aprecia-una-tendencia-al-alza-en-el-precio-de-la-lana\" \/>\n<meta property=\"og:locale\" content=\"es_ES\" \/>\n<meta property=\"og:type\" content=\"article\" \/>\n<meta property=\"og:title\" content=\"Los ganaderos afrontan el esquileo de sus reba\u00f1os una vez m\u00e1s con p\u00e9rdidas, aunque se aprecia una tendencia al alza en el precio de la lana - ASAJA \u00c1vila\" \/>\n<meta property=\"og:description\" content=\"\u00c1vila, 24 abril de 2026 Los ganaderos de ovino afrontan estas semanas el esquileo de sus reba\u00f1os, un proceso necesario para los animales y que desde hace\" \/>\n<meta property=\"og:url\" content=\"https:\/\/www.asajacyl.com\/avila\/asaja-avila-informa\/los-ganaderos-afrontan-el-esquileo-de-sus-rebanos-una-vez-mas-con-perdidas-aunque-se-aprecia-una-tendencia-al-alza-en-el-precio-de-la-lana\" \/>\n<meta property=\"og:site_name\" content=\"ASAJA \u00c1vila\" \/>\n<meta property=\"article:published_time\" content=\"2026-04-27T12:41:00+00:00\" \/>\n<meta property=\"article:modified_time\" content=\"2026-04-27T12:41:01+00:00\" \/>\n<meta property=\"og:image\" content=\"https:\/\/www.asajacyl.com\/avila\/wp-content\/uploads\/sites\/4\/2026\/04\/manfredrichter-flock-of-sheep-7674854.jpg\" \/>\n\t<meta property=\"og:image:width\" content=\"2500\" \/>\n\t<meta property=\"og:image:height\" content=\"1667\" \/>\n\t<meta property=\"og:image:type\" content=\"image\/jpeg\" \/>\n<meta name=\"author\" content=\"comunicacion\" \/>\n<meta name=\"twitter:card\" content=\"summary_large_image\" \/>\n<meta name=\"twitter:label1\" content=\"Escrito por\" \/>\n\t<meta name=\"twitter:data1\" content=\"comunicacion\" \/>\n\t<meta name=\"twitter:label2\" content=\"Tiempo de lectura\" \/>\n\t<meta name=\"twitter:data2\" content=\"4 minutos\" \/>\n<script type=\"application\/ld+json\" class=\"yoast-schema-graph\">{\"@context\":\"https:\/\/schema.org\",\"@graph\":[{\"@type\":\"WebPage\",\"@id\":\"https:\/\/www.asajacyl.com\/avila\/asaja-avila-informa\/los-ganaderos-afrontan-el-esquileo-de-sus-rebanos-una-vez-mas-con-perdidas-aunque-se-aprecia-una-tendencia-al-alza-en-el-precio-de-la-lana\",\"url\":\"https:\/\/www.asajacyl.com\/avila\/asaja-avila-informa\/los-ganaderos-afrontan-el-esquileo-de-sus-rebanos-una-vez-mas-con-perdidas-aunque-se-aprecia-una-tendencia-al-alza-en-el-precio-de-la-lana\",\"name\":\"Los ganaderos afrontan el esquileo de sus reba\u00f1os una vez m\u00e1s con p\u00e9rdidas, aunque se aprecia una tendencia al alza en el precio de la lana - ASAJA \u00c1vila\",\"isPartOf\":{\"@id\":\"https:\/\/www.asajacyl.com\/avila\/#website\"},\"primaryImageOfPage\":{\"@id\":\"https:\/\/www.asajacyl.com\/avila\/asaja-avila-informa\/los-ganaderos-afrontan-el-esquileo-de-sus-rebanos-una-vez-mas-con-perdidas-aunque-se-aprecia-una-tendencia-al-alza-en-el-precio-de-la-lana#primaryimage\"},\"image\":{\"@id\":\"https:\/\/www.asajacyl.com\/avila\/asaja-avila-informa\/los-ganaderos-afrontan-el-esquileo-de-sus-rebanos-una-vez-mas-con-perdidas-aunque-se-aprecia-una-tendencia-al-alza-en-el-precio-de-la-lana#primaryimage\"},\"thumbnailUrl\":\"https:\/\/www.asajacyl.com\/avila\/wp-content\/uploads\/sites\/4\/2026\/04\/manfredrichter-flock-of-sheep-7674854.jpg\",\"datePublished\":\"2026-04-27T12:41:00+00:00\",\"dateModified\":\"2026-04-27T12:41:01+00:00\",\"author\":{\"@id\":\"https:\/\/www.asajacyl.com\/avila\/#\/schema\/person\/51bbd29d94e00aa22d79c7b8c3c404e6\"},\"description\":\"\u00c1vila, 24 abril de 2026 Los ganaderos de ovino afrontan estas semanas el esquileo de sus reba\u00f1os, un proceso necesario para los animales y que desde hace\",\"breadcrumb\":{\"@id\":\"https:\/\/www.asajacyl.com\/avila\/asaja-avila-informa\/los-ganaderos-afrontan-el-esquileo-de-sus-rebanos-una-vez-mas-con-perdidas-aunque-se-aprecia-una-tendencia-al-alza-en-el-precio-de-la-lana#breadcrumb\"},\"inLanguage\":\"es\",\"potentialAction\":[{\"@type\":\"ReadAction\",\"target\":[\"https:\/\/www.asajacyl.com\/avila\/asaja-avila-informa\/los-ganaderos-afrontan-el-esquileo-de-sus-rebanos-una-vez-mas-con-perdidas-aunque-se-aprecia-una-tendencia-al-alza-en-el-precio-de-la-lana\"]}]},{\"@type\":\"ImageObject\",\"inLanguage\":\"es\",\"@id\":\"https:\/\/www.asajacyl.com\/avila\/asaja-avila-informa\/los-ganaderos-afrontan-el-esquileo-de-sus-rebanos-una-vez-mas-con-perdidas-aunque-se-aprecia-una-tendencia-al-alza-en-el-precio-de-la-lana#primaryimage\",\"url\":\"https:\/\/www.asajacyl.com\/avila\/wp-content\/uploads\/sites\/4\/2026\/04\/manfredrichter-flock-of-sheep-7674854.jpg\",\"contentUrl\":\"https:\/\/www.asajacyl.com\/avila\/wp-content\/uploads\/sites\/4\/2026\/04\/manfredrichter-flock-of-sheep-7674854.jpg\",\"width\":2500,\"height\":1667},{\"@type\":\"BreadcrumbList\",\"@id\":\"https:\/\/www.asajacyl.com\/avila\/asaja-avila-informa\/los-ganaderos-afrontan-el-esquileo-de-sus-rebanos-una-vez-mas-con-perdidas-aunque-se-aprecia-una-tendencia-al-alza-en-el-precio-de-la-lana#breadcrumb\",\"itemListElement\":[{\"@type\":\"ListItem\",\"position\":1,\"name\":\"Portada\",\"item\":\"https:\/\/www.asajacyl.com\/avila\/\"},{\"@type\":\"ListItem\",\"position\":2,\"name\":\"Los ganaderos afrontan el esquileo de sus reba\u00f1os una vez m\u00e1s con p\u00e9rdidas, aunque se aprecia una tendencia al alza en el precio de la lana\"}]},{\"@type\":\"WebSite\",\"@id\":\"https:\/\/www.asajacyl.com\/avila\/#website\",\"url\":\"https:\/\/www.asajacyl.com\/avila\/\",\"name\":\"ASAJA \u00c1vila\",\"description\":\"Otro sitio m\u00e1s de Provincias ASAJA Castilla y Le\u00f3n\",\"potentialAction\":[{\"@type\":\"SearchAction\",\"target\":{\"@type\":\"EntryPoint\",\"urlTemplate\":\"https:\/\/www.asajacyl.com\/avila\/?s={search_term_string}\"},\"query-input\":{\"@type\":\"PropertyValueSpecification\",\"valueRequired\":true,\"valueName\":\"search_term_string\"}}],\"inLanguage\":\"es\"},{\"@type\":\"Person\",\"@id\":\"https:\/\/www.asajacyl.com\/avila\/#\/schema\/person\/51bbd29d94e00aa22d79c7b8c3c404e6\",\"name\":\"comunicacion\",\"image\":{\"@type\":\"ImageObject\",\"inLanguage\":\"es\",\"@id\":\"https:\/\/www.asajacyl.com\/avila\/#\/schema\/person\/image\/\",\"url\":\"https:\/\/secure.gravatar.com\/avatar\/dacd6ac12f2f802c39afce565d232781?s=96&d=mm&r=g\",\"contentUrl\":\"https:\/\/secure.gravatar.com\/avatar\/dacd6ac12f2f802c39afce565d232781?s=96&d=mm&r=g\",\"caption\":\"comunicacion\"},\"url\":\"https:\/\/www.asajacyl.com\/avila\/author\/comunicacion\"}]}<\/script>\n<!-- \/ Yoast SEO plugin. -->","yoast_head_json":{"title":"Los ganaderos afrontan el esquileo de sus reba\u00f1os una vez m\u00e1s con p\u00e9rdidas, aunque se aprecia una tendencia al alza en el precio de la lana - ASAJA \u00c1vila","description":"\u00c1vila, 24 abril de 2026 Los ganaderos de ovino afrontan estas semanas el esquileo de sus reba\u00f1os, un proceso necesario para los animales y que desde hace","robots":{"index":"index","follow":"follow","max-snippet":"max-snippet:-1","max-image-preview":"max-image-preview:large","max-video-preview":"max-video-preview:-1"},"canonical":"https:\/\/www.asajacyl.com\/avila\/asaja-avila-informa\/los-ganaderos-afrontan-el-esquileo-de-sus-rebanos-una-vez-mas-con-perdidas-aunque-se-aprecia-una-tendencia-al-alza-en-el-precio-de-la-lana","og_locale":"es_ES","og_type":"article","og_title":"Los ganaderos afrontan el esquileo de sus reba\u00f1os una vez m\u00e1s con p\u00e9rdidas, aunque se aprecia una tendencia al alza en el precio de la lana - ASAJA \u00c1vila","og_description":"\u00c1vila, 24 abril de 2026 Los ganaderos de ovino afrontan estas semanas el esquileo de sus reba\u00f1os, un proceso necesario para los animales y que desde hace","og_url":"https:\/\/www.asajacyl.com\/avila\/asaja-avila-informa\/los-ganaderos-afrontan-el-esquileo-de-sus-rebanos-una-vez-mas-con-perdidas-aunque-se-aprecia-una-tendencia-al-alza-en-el-precio-de-la-lana","og_site_name":"ASAJA \u00c1vila","article_published_time":"2026-04-27T12:41:00+00:00","article_modified_time":"2026-04-27T12:41:01+00:00","og_image":[{"width":2500,"height":1667,"url":"https:\/\/www.asajacyl.com\/avila\/wp-content\/uploads\/sites\/4\/2026\/04\/manfredrichter-flock-of-sheep-7674854.jpg","type":"image\/jpeg"}],"author":"comunicacion","twitter_card":"summary_large_image","twitter_misc":{"Escrito por":"comunicacion","Tiempo de lectura":"4 minutos"},"schema":{"@context":"https:\/\/schema.org","@graph":[{"@type":"WebPage","@id":"https:\/\/www.asajacyl.com\/avila\/asaja-avila-informa\/los-ganaderos-afrontan-el-esquileo-de-sus-rebanos-una-vez-mas-con-perdidas-aunque-se-aprecia-una-tendencia-al-alza-en-el-precio-de-la-lana","url":"https:\/\/www.asajacyl.com\/avila\/asaja-avila-informa\/los-ganaderos-afrontan-el-esquileo-de-sus-rebanos-una-vez-mas-con-perdidas-aunque-se-aprecia-una-tendencia-al-alza-en-el-precio-de-la-lana","name":"Los ganaderos afrontan el esquileo de sus reba\u00f1os una vez m\u00e1s con p\u00e9rdidas, aunque se aprecia una tendencia al alza en el precio de la lana - ASAJA \u00c1vila","isPartOf":{"@id":"https:\/\/www.asajacyl.com\/avila\/#website"},"primaryImageOfPage":{"@id":"https:\/\/www.asajacyl.com\/avila\/asaja-avila-informa\/los-ganaderos-afrontan-el-esquileo-de-sus-rebanos-una-vez-mas-con-perdidas-aunque-se-aprecia-una-tendencia-al-alza-en-el-precio-de-la-lana#primaryimage"},"image":{"@id":"https:\/\/www.asajacyl.com\/avila\/asaja-avila-informa\/los-ganaderos-afrontan-el-esquileo-de-sus-rebanos-una-vez-mas-con-perdidas-aunque-se-aprecia-una-tendencia-al-alza-en-el-precio-de-la-lana#primaryimage"},"thumbnailUrl":"https:\/\/www.asajacyl.com\/avila\/wp-content\/uploads\/sites\/4\/2026\/04\/manfredrichter-flock-of-sheep-7674854.jpg","datePublished":"2026-04-27T12:41:00+00:00","dateModified":"2026-04-27T12:41:01+00:00","author":{"@id":"https:\/\/www.asajacyl.com\/avila\/#\/schema\/person\/51bbd29d94e00aa22d79c7b8c3c404e6"},"description":"\u00c1vila, 24 abril de 2026 Los ganaderos de ovino afrontan estas semanas el esquileo de sus reba\u00f1os, un proceso necesario para los animales y que desde hace","breadcrumb":{"@id":"https:\/\/www.asajacyl.com\/avila\/asaja-avila-informa\/los-ganaderos-afrontan-el-esquileo-de-sus-rebanos-una-vez-mas-con-perdidas-aunque-se-aprecia-una-tendencia-al-alza-en-el-precio-de-la-lana#breadcrumb"},"inLanguage":"es","potentialAction":[{"@type":"ReadAction","target":["https:\/\/www.asajacyl.com\/avila\/asaja-avila-informa\/los-ganaderos-afrontan-el-esquileo-de-sus-rebanos-una-vez-mas-con-perdidas-aunque-se-aprecia-una-tendencia-al-alza-en-el-precio-de-la-lana"]}]},{"@type":"ImageObject","inLanguage":"es","@id":"https:\/\/www.asajacyl.com\/avila\/asaja-avila-informa\/los-ganaderos-afrontan-el-esquileo-de-sus-rebanos-una-vez-mas-con-perdidas-aunque-se-aprecia-una-tendencia-al-alza-en-el-precio-de-la-lana#primaryimage","url":"https:\/\/www.asajacyl.com\/avila\/wp-content\/uploads\/sites\/4\/2026\/04\/manfredrichter-flock-of-sheep-7674854.jpg","contentUrl":"https:\/\/www.asajacyl.com\/avila\/wp-content\/uploads\/sites\/4\/2026\/04\/manfredrichter-flock-of-sheep-7674854.jpg","width":2500,"height":1667},{"@type":"BreadcrumbList","@id":"https:\/\/www.asajacyl.com\/avila\/asaja-avila-informa\/los-ganaderos-afrontan-el-esquileo-de-sus-rebanos-una-vez-mas-con-perdidas-aunque-se-aprecia-una-tendencia-al-alza-en-el-precio-de-la-lana#breadcrumb","itemListElement":[{"@type":"ListItem","position":1,"name":"Portada","item":"https:\/\/www.asajacyl.com\/avila\/"},{"@type":"ListItem","position":2,"name":"Los ganaderos afrontan el esquileo de sus reba\u00f1os una vez m\u00e1s con p\u00e9rdidas, aunque se aprecia una tendencia al alza en el precio de la lana"}]},{"@type":"WebSite","@id":"https:\/\/www.asajacyl.com\/avila\/#website","url":"https:\/\/www.asajacyl.com\/avila\/","name":"ASAJA \u00c1vila","description":"Otro sitio m\u00e1s de Provincias ASAJA Castilla y Le\u00f3n","potentialAction":[{"@type":"SearchAction","target":{"@type":"EntryPoint","urlTemplate":"https:\/\/www.asajacyl.com\/avila\/?s={search_term_string}"},"query-input":{"@type":"PropertyValueSpecification","valueRequired":true,"valueName":"search_term_string"}}],"inLanguage":"es"},{"@type":"Person","@id":"https:\/\/www.asajacyl.com\/avila\/#\/schema\/person\/51bbd29d94e00aa22d79c7b8c3c404e6","name":"comunicacion","image":{"@type":"ImageObject","inLanguage":"es","@id":"https:\/\/www.asajacyl.com\/avila\/#\/schema\/person\/image\/","url":"https:\/\/secure.gravatar.com\/avatar\/dacd6ac12f2f802c39afce565d232781?s=96&d=mm&r=g","contentUrl":"https:\/\/secure.gravatar.com\/avatar\/dacd6ac12f2f802c39afce565d232781?s=96&d=mm&r=g","caption":"comunicacion"},"url":"https:\/\/www.asajacyl.com\/avila\/author\/comunicacion"}]}},"_links":{"self":[{"href":"https:\/\/www.asajacyl.com\/avila\/wp-json\/wp\/v2\/posts\/7208"}],"collection":[{"href":"https:\/\/www.asajacyl.com\/avila\/wp-json\/wp\/v2\/posts"}],"about":[{"href":"https:\/\/www.asajacyl.com\/avila\/wp-json\/wp\/v2\/types\/post"}],"author":[{"embeddable":true,"href":"https:\/\/www.asajacyl.com\/avila\/wp-json\/wp\/v2\/users\/16"}],"replies":[{"embeddable":true,"href":"https:\/\/www.asajacyl.com\/avila\/wp-json\/wp\/v2\/comments?post=7208"}],"version-history":[{"count":1,"href":"https:\/\/www.asajacyl.com\/avila\/wp-json\/wp\/v2\/posts\/7208\/revisions"}],"predecessor-version":[{"id":7210,"href":"https:\/\/www.asajacyl.com\/avila\/wp-json\/wp\/v2\/posts\/7208\/revisions\/7210"}],"wp:featuredmedia":[{"embeddable":true,"href":"https:\/\/www.asajacyl.com\/avila\/wp-json\/wp\/v2\/media\/7209"}],"wp:attachment":[{"href":"https:\/\/www.asajacyl.com\/avila\/wp-json\/wp\/v2\/media?parent=7208"}],"wp:term":[{"taxonomy":"category","embeddable":true,"href":"https:\/\/www.asajacyl.com\/avila\/wp-json\/wp\/v2\/categories?post=7208"},{"taxonomy":"post_tag","embeddable":true,"href":"https:\/\/www.asajacyl.com\/avila\/wp-json\/wp\/v2\/tags?post=7208"}],"curies":[{"name":"wp","href":"https:\/\/api.w.org\/{rel}","templated":true}]}}