{"id":7212,"date":"2026-04-28T13:40:03","date_gmt":"2026-04-28T11:40:03","guid":{"rendered":"https:\/\/www.asajacyl.com\/avila\/?p=7212"},"modified":"2026-04-28T13:40:05","modified_gmt":"2026-04-28T11:40:05","slug":"asaja-considera-que-castilla-y-leon-tiene-un-gran-potencial-para-aplicar-las-propuestas-de-la-comision-europea-de-impulso-a-biocombustibles-y-bioenergia","status":"publish","type":"post","link":"https:\/\/www.asajacyl.com\/avila\/asaja-avila-informa\/asaja-considera-que-castilla-y-leon-tiene-un-gran-potencial-para-aplicar-las-propuestas-de-la-comision-europea-de-impulso-a-biocombustibles-y-bioenergia","title":{"rendered":"ASAJA considera que Castilla y Le\u00f3n tiene un gran potencial para aplicar las propuestas de la Comisi\u00f3n Europea de impulso a biocombustibles y bioenerg\u00eda"},"content":{"rendered":"\n<p><strong>\u00c1vila, 27 de abril de 2026<\/strong><\/p>\n\n\n\n<p><\/p>\n\n\n\n<p>Estos d\u00edas, la Comisi\u00f3n Europea publicaba su comunicaci\u00f3n \u201cAccelerateEU\u201d sobre energ\u00eda, que establece un plan de acci\u00f3n para hacer frente a la dependencia de combustibles f\u00f3siles en la Uni\u00f3n Europea y, en particular, a la crisis de precios de la energ\u00eda tras el cierre del estrecho de Ormuz. Parte importante de estas propuestas, en concreto las que abogan por aumentar la producci\u00f3n nacional de biocombustibles sostenibles y tambi\u00e9n las alternativas a los fertilizantes qu\u00edmicos, tienen un impacto directo en los agricultores europeos, y muy especialmente para una comunidad como Castilla y Le\u00f3n, con un gran potencial por desarrollar, tal como destaca ASAJA.<\/p>\n\n\n\n<p>La producci\u00f3n europea de biomasa, complementada con el biog\u00e1s y el biometano, tienen un papel estrat\u00e9gico para sustituir la dependencia de combustibles f\u00f3siles importados, especialmente en sectores como el agrario, en los que la electrificaci\u00f3n sigue siendo dif\u00edcil. \u201cEstos proyectos, vinculados a explotaciones y cooperativas agr\u00edcolas y ganaderas, pueden reducir la dependencia del petr\u00f3leo y a la vez generar ingresos adicionales para los agricultores y crear una nueva fuente de valor en el medio rural\u201d, apunta ASAJA, que destaca lo relevante que es equilibrar con alternativas sostenibles el consumo energ\u00e9tico para una comunidad aut\u00f3noma con amplias superficies de cultivo cerealista y que es la mayor consumidora de carburantes del pa\u00eds.<\/p>\n\n\n\n<p>A la vez, ASAJA destaca otro de los puntos contenidos en la comunicaci\u00f3n de la CE, el referido a identificar alternativas a las materias primas f\u00f3siles para los fertilizantes y promover soluciones circulares de base biol\u00f3gica, a trav\u00e9s de f\u00f3rmulas que combinen la recuperaci\u00f3n de nutrientes reciclados de origen agrario (esti\u00e9rcoles, purines, restos de cosecha\u2026).<\/p>\n\n\n\n<p>Estas propuestas contribuir\u00edan a hacer m\u00e1s sostenible el sector agrario regional y a la vez contribuir a una transici\u00f3n energ\u00e9tica eficiente. No obstante, ASAJA destaca que para ello es fundamental el compromiso coordinado de todas las administraciones (nacional, auton\u00f3mica y local) para que se establezca una regulaci\u00f3n clara, una planificaci\u00f3n territorial adecuada que responda a las necesidades locales y contar con incentivos bien dise\u00f1ados y que repercutan en el campo, adem\u00e1s de promover modelos de participaci\u00f3n activa del sector agrario.<\/p>\n\n\n\n<p>Por \u00faltimo, ASAJA valora positivamente que haya un importante n\u00famero de empresas, de promotores, que han presentado proyectos de plantas de biog\u00e1s en Castilla y Le\u00f3n, muchos de los cuales&nbsp; est\u00e1n en distintas fases administrativas para conseguir las licencias. Por el inter\u00e9s estrat\u00e9gico de las mismas, en el que est\u00e1 involucrado el sector primario, ASAJA pide el decidido apoyo de todas las administraciones implicadas y un acortamiento de los plazos para que se vayan convirtiendo en realidades lo antes posible. En todo caso, recuerda ASAJA, Castilla y Le\u00f3n tiene un amplio territorio que permite instalar estas plantas en lugares en los que se minimicen los impactos, consiguiendo adem\u00e1s con ello una mejor aceptaci\u00f3n de la poblaci\u00f3n local.<\/p>\n","protected":false},"excerpt":{"rendered":"<p>\u00c1vila, 27 de abril de 2026 Estos d\u00edas, la Comisi\u00f3n Europea publicaba su comunicaci\u00f3n \u201cAccelerateEU\u201d sobre energ\u00eda, que establece un plan de acci\u00f3n para hacer frente a la dependencia de combustibles f\u00f3siles en la Uni\u00f3n Europea y, en particular, a la crisis de precios de la energ\u00eda tras el cierre del estrecho de Ormuz. Parte [&hellip;]<\/p>\n","protected":false},"author":16,"featured_media":7213,"comment_status":"open","ping_status":"open","sticky":false,"template":"","format":"standard","meta":{"footnotes":""},"categories":[8,28,18],"tags":[59,63,83,53,54,71,55,56,72,3],"yoast_head":"<!-- This site is optimized with the Yoast SEO plugin v24.5 - https:\/\/yoast.com\/wordpress\/plugins\/seo\/ -->\n<title>ASAJA considera que Castilla y Le\u00f3n tiene un gran potencial para aplicar las propuestas de la Comisi\u00f3n Europea de impulso a biocombustibles y bioenerg\u00eda - ASAJA \u00c1vila<\/title>\n<meta name=\"description\" content=\"\u00c1vila, 27 de abril de 2026 Estos d\u00edas, la Comisi\u00f3n Europea publicaba su comunicaci\u00f3n \u201cAccelerateEU\u201d sobre energ\u00eda, que establece un plan de acci\u00f3n para\" \/>\n<meta name=\"robots\" content=\"index, follow, max-snippet:-1, max-image-preview:large, max-video-preview:-1\" \/>\n<link rel=\"canonical\" href=\"https:\/\/www.asajacyl.com\/avila\/asaja-avila-informa\/asaja-considera-que-castilla-y-leon-tiene-un-gran-potencial-para-aplicar-las-propuestas-de-la-comision-europea-de-impulso-a-biocombustibles-y-bioenergia\" \/>\n<meta property=\"og:locale\" content=\"es_ES\" \/>\n<meta property=\"og:type\" content=\"article\" \/>\n<meta property=\"og:title\" content=\"ASAJA considera que Castilla y Le\u00f3n tiene un gran potencial para aplicar las propuestas de la Comisi\u00f3n Europea de impulso a biocombustibles y bioenerg\u00eda - ASAJA \u00c1vila\" \/>\n<meta property=\"og:description\" content=\"\u00c1vila, 27 de abril de 2026 Estos d\u00edas, la Comisi\u00f3n Europea publicaba su comunicaci\u00f3n \u201cAccelerateEU\u201d sobre energ\u00eda, que establece un plan de acci\u00f3n para\" \/>\n<meta property=\"og:url\" content=\"https:\/\/www.asajacyl.com\/avila\/asaja-avila-informa\/asaja-considera-que-castilla-y-leon-tiene-un-gran-potencial-para-aplicar-las-propuestas-de-la-comision-europea-de-impulso-a-biocombustibles-y-bioenergia\" \/>\n<meta property=\"og:site_name\" content=\"ASAJA \u00c1vila\" \/>\n<meta property=\"article:published_time\" content=\"2026-04-28T11:40:03+00:00\" \/>\n<meta property=\"article:modified_time\" content=\"2026-04-28T11:40:05+00:00\" \/>\n<meta property=\"og:image\" content=\"https:\/\/www.asajacyl.com\/avila\/wp-content\/uploads\/sites\/4\/2026\/04\/heartempowerments-environment-7864984.jpg\" \/>\n\t<meta property=\"og:image:width\" content=\"2500\" \/>\n\t<meta property=\"og:image:height\" content=\"2500\" \/>\n\t<meta property=\"og:image:type\" content=\"image\/jpeg\" \/>\n<meta name=\"author\" content=\"comunicacion\" \/>\n<meta name=\"twitter:card\" content=\"summary_large_image\" \/>\n<meta name=\"twitter:label1\" content=\"Escrito por\" \/>\n\t<meta name=\"twitter:data1\" content=\"comunicacion\" \/>\n\t<meta name=\"twitter:label2\" content=\"Tiempo de lectura\" \/>\n\t<meta name=\"twitter:data2\" content=\"3 minutos\" \/>\n<script type=\"application\/ld+json\" class=\"yoast-schema-graph\">{\"@context\":\"https:\/\/schema.org\",\"@graph\":[{\"@type\":\"WebPage\",\"@id\":\"https:\/\/www.asajacyl.com\/avila\/asaja-avila-informa\/asaja-considera-que-castilla-y-leon-tiene-un-gran-potencial-para-aplicar-las-propuestas-de-la-comision-europea-de-impulso-a-biocombustibles-y-bioenergia\",\"url\":\"https:\/\/www.asajacyl.com\/avila\/asaja-avila-informa\/asaja-considera-que-castilla-y-leon-tiene-un-gran-potencial-para-aplicar-las-propuestas-de-la-comision-europea-de-impulso-a-biocombustibles-y-bioenergia\",\"name\":\"ASAJA considera que Castilla y Le\u00f3n tiene un gran potencial para aplicar las propuestas de la Comisi\u00f3n Europea de impulso a biocombustibles y bioenerg\u00eda - ASAJA \u00c1vila\",\"isPartOf\":{\"@id\":\"https:\/\/www.asajacyl.com\/avila\/#website\"},\"primaryImageOfPage\":{\"@id\":\"https:\/\/www.asajacyl.com\/avila\/asaja-avila-informa\/asaja-considera-que-castilla-y-leon-tiene-un-gran-potencial-para-aplicar-las-propuestas-de-la-comision-europea-de-impulso-a-biocombustibles-y-bioenergia#primaryimage\"},\"image\":{\"@id\":\"https:\/\/www.asajacyl.com\/avila\/asaja-avila-informa\/asaja-considera-que-castilla-y-leon-tiene-un-gran-potencial-para-aplicar-las-propuestas-de-la-comision-europea-de-impulso-a-biocombustibles-y-bioenergia#primaryimage\"},\"thumbnailUrl\":\"https:\/\/www.asajacyl.com\/avila\/wp-content\/uploads\/sites\/4\/2026\/04\/heartempowerments-environment-7864984.jpg\",\"datePublished\":\"2026-04-28T11:40:03+00:00\",\"dateModified\":\"2026-04-28T11:40:05+00:00\",\"author\":{\"@id\":\"https:\/\/www.asajacyl.com\/avila\/#\/schema\/person\/51bbd29d94e00aa22d79c7b8c3c404e6\"},\"description\":\"\u00c1vila, 27 de abril de 2026 Estos d\u00edas, la Comisi\u00f3n Europea publicaba su comunicaci\u00f3n \u201cAccelerateEU\u201d sobre energ\u00eda, que establece un plan de acci\u00f3n para\",\"breadcrumb\":{\"@id\":\"https:\/\/www.asajacyl.com\/avila\/asaja-avila-informa\/asaja-considera-que-castilla-y-leon-tiene-un-gran-potencial-para-aplicar-las-propuestas-de-la-comision-europea-de-impulso-a-biocombustibles-y-bioenergia#breadcrumb\"},\"inLanguage\":\"es\",\"potentialAction\":[{\"@type\":\"ReadAction\",\"target\":[\"https:\/\/www.asajacyl.com\/avila\/asaja-avila-informa\/asaja-considera-que-castilla-y-leon-tiene-un-gran-potencial-para-aplicar-las-propuestas-de-la-comision-europea-de-impulso-a-biocombustibles-y-bioenergia\"]}]},{\"@type\":\"ImageObject\",\"inLanguage\":\"es\",\"@id\":\"https:\/\/www.asajacyl.com\/avila\/asaja-avila-informa\/asaja-considera-que-castilla-y-leon-tiene-un-gran-potencial-para-aplicar-las-propuestas-de-la-comision-europea-de-impulso-a-biocombustibles-y-bioenergia#primaryimage\",\"url\":\"https:\/\/www.asajacyl.com\/avila\/wp-content\/uploads\/sites\/4\/2026\/04\/heartempowerments-environment-7864984.jpg\",\"contentUrl\":\"https:\/\/www.asajacyl.com\/avila\/wp-content\/uploads\/sites\/4\/2026\/04\/heartempowerments-environment-7864984.jpg\",\"width\":2500,\"height\":2500},{\"@type\":\"BreadcrumbList\",\"@id\":\"https:\/\/www.asajacyl.com\/avila\/asaja-avila-informa\/asaja-considera-que-castilla-y-leon-tiene-un-gran-potencial-para-aplicar-las-propuestas-de-la-comision-europea-de-impulso-a-biocombustibles-y-bioenergia#breadcrumb\",\"itemListElement\":[{\"@type\":\"ListItem\",\"position\":1,\"name\":\"Portada\",\"item\":\"https:\/\/www.asajacyl.com\/avila\/\"},{\"@type\":\"ListItem\",\"position\":2,\"name\":\"ASAJA considera que Castilla y Le\u00f3n tiene un gran potencial para aplicar las propuestas de la Comisi\u00f3n Europea de impulso a biocombustibles y bioenerg\u00eda\"}]},{\"@type\":\"WebSite\",\"@id\":\"https:\/\/www.asajacyl.com\/avila\/#website\",\"url\":\"https:\/\/www.asajacyl.com\/avila\/\",\"name\":\"ASAJA \u00c1vila\",\"description\":\"Otro sitio m\u00e1s de Provincias ASAJA Castilla y Le\u00f3n\",\"potentialAction\":[{\"@type\":\"SearchAction\",\"target\":{\"@type\":\"EntryPoint\",\"urlTemplate\":\"https:\/\/www.asajacyl.com\/avila\/?s={search_term_string}\"},\"query-input\":{\"@type\":\"PropertyValueSpecification\",\"valueRequired\":true,\"valueName\":\"search_term_string\"}}],\"inLanguage\":\"es\"},{\"@type\":\"Person\",\"@id\":\"https:\/\/www.asajacyl.com\/avila\/#\/schema\/person\/51bbd29d94e00aa22d79c7b8c3c404e6\",\"name\":\"comunicacion\",\"image\":{\"@type\":\"ImageObject\",\"inLanguage\":\"es\",\"@id\":\"https:\/\/www.asajacyl.com\/avila\/#\/schema\/person\/image\/\",\"url\":\"https:\/\/secure.gravatar.com\/avatar\/dacd6ac12f2f802c39afce565d232781?s=96&d=mm&r=g\",\"contentUrl\":\"https:\/\/secure.gravatar.com\/avatar\/dacd6ac12f2f802c39afce565d232781?s=96&d=mm&r=g\",\"caption\":\"comunicacion\"},\"url\":\"https:\/\/www.asajacyl.com\/avila\/author\/comunicacion\"}]}<\/script>\n<!-- \/ Yoast SEO plugin. -->","yoast_head_json":{"title":"ASAJA considera que Castilla y Le\u00f3n tiene un gran potencial para aplicar las propuestas de la Comisi\u00f3n Europea de impulso a biocombustibles y bioenerg\u00eda - ASAJA \u00c1vila","description":"\u00c1vila, 27 de abril de 2026 Estos d\u00edas, la Comisi\u00f3n Europea publicaba su comunicaci\u00f3n \u201cAccelerateEU\u201d sobre energ\u00eda, que establece un plan de acci\u00f3n para","robots":{"index":"index","follow":"follow","max-snippet":"max-snippet:-1","max-image-preview":"max-image-preview:large","max-video-preview":"max-video-preview:-1"},"canonical":"https:\/\/www.asajacyl.com\/avila\/asaja-avila-informa\/asaja-considera-que-castilla-y-leon-tiene-un-gran-potencial-para-aplicar-las-propuestas-de-la-comision-europea-de-impulso-a-biocombustibles-y-bioenergia","og_locale":"es_ES","og_type":"article","og_title":"ASAJA considera que Castilla y Le\u00f3n tiene un gran potencial para aplicar las propuestas de la Comisi\u00f3n Europea de impulso a biocombustibles y bioenerg\u00eda - ASAJA \u00c1vila","og_description":"\u00c1vila, 27 de abril de 2026 Estos d\u00edas, la Comisi\u00f3n Europea publicaba su comunicaci\u00f3n \u201cAccelerateEU\u201d sobre energ\u00eda, que establece un plan de acci\u00f3n para","og_url":"https:\/\/www.asajacyl.com\/avila\/asaja-avila-informa\/asaja-considera-que-castilla-y-leon-tiene-un-gran-potencial-para-aplicar-las-propuestas-de-la-comision-europea-de-impulso-a-biocombustibles-y-bioenergia","og_site_name":"ASAJA \u00c1vila","article_published_time":"2026-04-28T11:40:03+00:00","article_modified_time":"2026-04-28T11:40:05+00:00","og_image":[{"width":2500,"height":2500,"url":"https:\/\/www.asajacyl.com\/avila\/wp-content\/uploads\/sites\/4\/2026\/04\/heartempowerments-environment-7864984.jpg","type":"image\/jpeg"}],"author":"comunicacion","twitter_card":"summary_large_image","twitter_misc":{"Escrito por":"comunicacion","Tiempo de lectura":"3 minutos"},"schema":{"@context":"https:\/\/schema.org","@graph":[{"@type":"WebPage","@id":"https:\/\/www.asajacyl.com\/avila\/asaja-avila-informa\/asaja-considera-que-castilla-y-leon-tiene-un-gran-potencial-para-aplicar-las-propuestas-de-la-comision-europea-de-impulso-a-biocombustibles-y-bioenergia","url":"https:\/\/www.asajacyl.com\/avila\/asaja-avila-informa\/asaja-considera-que-castilla-y-leon-tiene-un-gran-potencial-para-aplicar-las-propuestas-de-la-comision-europea-de-impulso-a-biocombustibles-y-bioenergia","name":"ASAJA considera que Castilla y Le\u00f3n tiene un gran potencial para aplicar las propuestas de la Comisi\u00f3n Europea de impulso a biocombustibles y bioenerg\u00eda - ASAJA \u00c1vila","isPartOf":{"@id":"https:\/\/www.asajacyl.com\/avila\/#website"},"primaryImageOfPage":{"@id":"https:\/\/www.asajacyl.com\/avila\/asaja-avila-informa\/asaja-considera-que-castilla-y-leon-tiene-un-gran-potencial-para-aplicar-las-propuestas-de-la-comision-europea-de-impulso-a-biocombustibles-y-bioenergia#primaryimage"},"image":{"@id":"https:\/\/www.asajacyl.com\/avila\/asaja-avila-informa\/asaja-considera-que-castilla-y-leon-tiene-un-gran-potencial-para-aplicar-las-propuestas-de-la-comision-europea-de-impulso-a-biocombustibles-y-bioenergia#primaryimage"},"thumbnailUrl":"https:\/\/www.asajacyl.com\/avila\/wp-content\/uploads\/sites\/4\/2026\/04\/heartempowerments-environment-7864984.jpg","datePublished":"2026-04-28T11:40:03+00:00","dateModified":"2026-04-28T11:40:05+00:00","author":{"@id":"https:\/\/www.asajacyl.com\/avila\/#\/schema\/person\/51bbd29d94e00aa22d79c7b8c3c404e6"},"description":"\u00c1vila, 27 de abril de 2026 Estos d\u00edas, la Comisi\u00f3n Europea publicaba su comunicaci\u00f3n \u201cAccelerateEU\u201d sobre energ\u00eda, que establece un plan de acci\u00f3n para","breadcrumb":{"@id":"https:\/\/www.asajacyl.com\/avila\/asaja-avila-informa\/asaja-considera-que-castilla-y-leon-tiene-un-gran-potencial-para-aplicar-las-propuestas-de-la-comision-europea-de-impulso-a-biocombustibles-y-bioenergia#breadcrumb"},"inLanguage":"es","potentialAction":[{"@type":"ReadAction","target":["https:\/\/www.asajacyl.com\/avila\/asaja-avila-informa\/asaja-considera-que-castilla-y-leon-tiene-un-gran-potencial-para-aplicar-las-propuestas-de-la-comision-europea-de-impulso-a-biocombustibles-y-bioenergia"]}]},{"@type":"ImageObject","inLanguage":"es","@id":"https:\/\/www.asajacyl.com\/avila\/asaja-avila-informa\/asaja-considera-que-castilla-y-leon-tiene-un-gran-potencial-para-aplicar-las-propuestas-de-la-comision-europea-de-impulso-a-biocombustibles-y-bioenergia#primaryimage","url":"https:\/\/www.asajacyl.com\/avila\/wp-content\/uploads\/sites\/4\/2026\/04\/heartempowerments-environment-7864984.jpg","contentUrl":"https:\/\/www.asajacyl.com\/avila\/wp-content\/uploads\/sites\/4\/2026\/04\/heartempowerments-environment-7864984.jpg","width":2500,"height":2500},{"@type":"BreadcrumbList","@id":"https:\/\/www.asajacyl.com\/avila\/asaja-avila-informa\/asaja-considera-que-castilla-y-leon-tiene-un-gran-potencial-para-aplicar-las-propuestas-de-la-comision-europea-de-impulso-a-biocombustibles-y-bioenergia#breadcrumb","itemListElement":[{"@type":"ListItem","position":1,"name":"Portada","item":"https:\/\/www.asajacyl.com\/avila\/"},{"@type":"ListItem","position":2,"name":"ASAJA considera que Castilla y Le\u00f3n tiene un gran potencial para aplicar las propuestas de la Comisi\u00f3n Europea de impulso a biocombustibles y bioenerg\u00eda"}]},{"@type":"WebSite","@id":"https:\/\/www.asajacyl.com\/avila\/#website","url":"https:\/\/www.asajacyl.com\/avila\/","name":"ASAJA \u00c1vila","description":"Otro sitio m\u00e1s de Provincias ASAJA Castilla y Le\u00f3n","potentialAction":[{"@type":"SearchAction","target":{"@type":"EntryPoint","urlTemplate":"https:\/\/www.asajacyl.com\/avila\/?s={search_term_string}"},"query-input":{"@type":"PropertyValueSpecification","valueRequired":true,"valueName":"search_term_string"}}],"inLanguage":"es"},{"@type":"Person","@id":"https:\/\/www.asajacyl.com\/avila\/#\/schema\/person\/51bbd29d94e00aa22d79c7b8c3c404e6","name":"comunicacion","image":{"@type":"ImageObject","inLanguage":"es","@id":"https:\/\/www.asajacyl.com\/avila\/#\/schema\/person\/image\/","url":"https:\/\/secure.gravatar.com\/avatar\/dacd6ac12f2f802c39afce565d232781?s=96&d=mm&r=g","contentUrl":"https:\/\/secure.gravatar.com\/avatar\/dacd6ac12f2f802c39afce565d232781?s=96&d=mm&r=g","caption":"comunicacion"},"url":"https:\/\/www.asajacyl.com\/avila\/author\/comunicacion"}]}},"_links":{"self":[{"href":"https:\/\/www.asajacyl.com\/avila\/wp-json\/wp\/v2\/posts\/7212"}],"collection":[{"href":"https:\/\/www.asajacyl.com\/avila\/wp-json\/wp\/v2\/posts"}],"about":[{"href":"https:\/\/www.asajacyl.com\/avila\/wp-json\/wp\/v2\/types\/post"}],"author":[{"embeddable":true,"href":"https:\/\/www.asajacyl.com\/avila\/wp-json\/wp\/v2\/users\/16"}],"replies":[{"embeddable":true,"href":"https:\/\/www.asajacyl.com\/avila\/wp-json\/wp\/v2\/comments?post=7212"}],"version-history":[{"count":1,"href":"https:\/\/www.asajacyl.com\/avila\/wp-json\/wp\/v2\/posts\/7212\/revisions"}],"predecessor-version":[{"id":7214,"href":"https:\/\/www.asajacyl.com\/avila\/wp-json\/wp\/v2\/posts\/7212\/revisions\/7214"}],"wp:featuredmedia":[{"embeddable":true,"href":"https:\/\/www.asajacyl.com\/avila\/wp-json\/wp\/v2\/media\/7213"}],"wp:attachment":[{"href":"https:\/\/www.asajacyl.com\/avila\/wp-json\/wp\/v2\/media?parent=7212"}],"wp:term":[{"taxonomy":"category","embeddable":true,"href":"https:\/\/www.asajacyl.com\/avila\/wp-json\/wp\/v2\/categories?post=7212"},{"taxonomy":"post_tag","embeddable":true,"href":"https:\/\/www.asajacyl.com\/avila\/wp-json\/wp\/v2\/tags?post=7212"}],"curies":[{"name":"wp","href":"https:\/\/api.w.org\/{rel}","templated":true}]}}