{"id":878,"date":"2017-07-31T00:00:00","date_gmt":"2017-07-30T22:00:00","guid":{"rendered":"http:\/\/www.asajacyl.com\/avila\/sin-categoria\/asaja-vila-ya-tramita-las-ayudas-de-incorporacin-de-jvenes-al-campo"},"modified":"2017-07-31T00:00:00","modified_gmt":"2017-07-30T22:00:00","slug":"asaja-vila-ya-tramita-las-ayudas-de-incorporacin-de-jvenes-al-campo","status":"publish","type":"post","link":"https:\/\/www.asajacyl.com\/avila\/asaja-avila-informa\/asaja-vila-ya-tramita-las-ayudas-de-incorporacin-de-jvenes-al-campo","title":{"rendered":"ASAJA-&#193;vila ya tramita las ayudas de incorporaci&#243;n de j&#243;venes al campo"},"content":{"rendered":"<h2>A partir de hoy, y hasta el 30 de septiembre, los servicios t&#233;cnicos de ASAJA gestionar&#225;n las ayudas de &#8216;primera instalaci&#243;n&#8217; y &#8216;planes de mejora&#8217;.<\/h2>\n<p>\nLos servicios t&#233;cnicos de la Asociaci&#243;n Agraria <em>J&#243;venes Agricultores<\/em> (ASAJA) de &#193;vila han comenzado la tramitaci&#243;n de <strong>ayudas de primera instalaci&#243;n<\/strong> de aquellos j&#243;venes que quieren dedicarse profesionalmente al sector agroganadero, plazo que se ha abierto hoy seg&#250;n publica el Bolet&#237;n Oficial de Castilla y Le&#243;n.<\/p>\n<p><u>Hasta el 30 de septiembre<\/u> todos aquellos j&#243;venes interesados en vivir de la agricultura y la ganader&#237;a pueden solicitar estas ayudas cofinanciadas por el Fondo Europeo Agr&#237;cola de Desarrollo Rural (FEADER), Ministerio de Agricultura y Pesca, Alimentaci&#243;n y Medio Ambiente y la Junta de Castilla y Le&#243;n. Adem&#225;s podr&#225;n compaginar su solicitud de ayudas con aquellos otros apoyos destinados a los <strong>Planes de Mejora<\/strong> que les permitir&#225;n invertir en activos f&#237;sicos o materiales necesarios para el desarrollo de su actividad.<\/p>\n<p>Esta &#250;ltima modalidad de ayudas, los Planes de Mejora, est&#225; tambi&#233;n abierta para aquellos agricultores y ganaderos ya en activo que quieran modernizar su explotaci&#243;n. Por otro lado est&#225; prevista la publicaci&#243;n ma&#241;ana en el Bolet&#237;n Oficial del Estado de la convocatoria por parte del Ministerio de Agricultura y Pesca, Alimentaci&#243;n y Medio Ambiente de las ayudas estatales para la renovaci&#243;n del parque nacional de maquinaria agraria, <strong>Plan Renove<\/strong>. Estas ayudas, que se podr&#225;n solicitar <u>hasta el 15 de septiembre<\/u>, auxiliar&#225;n la compra de tractores, equipos de recolecci&#243;n, m&#225;quinas de aplicaci&#243;n de productos fitosanitarios, abonadoras, sembradoras directas y cisternas de distribuci&#243;n de purines.<\/p>\n<p>ASAJA adem&#225;s reclama nuevamente a la Junta de Castilla y Le&#243;n que pague lo antes posible lo que se debe a los ya incorporados, porque se ha tardado m&#225;s de la cuenta en aprobar los expedientes y abonar los anticipos, y no debe demorarse el cobro del resto de la ayudas pendientes, menos a&#250;n cuando el sector va a tener que tragar con las p&#233;rdidas de la catastr&#243;fica campa&#241;a presente.<\/p>\n","protected":false},"excerpt":{"rendered":"<p>A partir de hoy, y hasta el 30 de septiembre, los servicios t&#233;cnicos de ASAJA gestionar&#225;n las ayudas de &#8216;primera instalaci&#243;n&#8217; y &#8216;planes de mejora&#8217;.<\/p>\n","protected":false},"author":3,"featured_media":879,"comment_status":"open","ping_status":"open","sticky":false,"template":"","format":"standard","meta":{"footnotes":""},"categories":[8,18],"tags":[],"yoast_head":"<!-- This site is optimized with the Yoast SEO plugin v24.5 - https:\/\/yoast.com\/wordpress\/plugins\/seo\/ -->\n<title>ASAJA-&#193;vila ya tramita las ayudas de incorporaci&#243;n de j&#243;venes al campo - ASAJA \u00c1vila<\/title>\n<meta name=\"description\" content=\"A partir de hoy, y hasta el 30 de septiembre, los servicios t&#233;cnicos de ASAJA gestionar&#225;n las ayudas de &#039;primera instalaci&#243;n&#039; y &#039;planes de mejora&#039;.\" \/>\n<meta name=\"robots\" content=\"index, follow, max-snippet:-1, max-image-preview:large, max-video-preview:-1\" \/>\n<link rel=\"canonical\" href=\"https:\/\/www.asajacyl.com\/avila\/asaja-avila-informa\/asaja-vila-ya-tramita-las-ayudas-de-incorporacin-de-jvenes-al-campo\" \/>\n<meta property=\"og:locale\" content=\"es_ES\" \/>\n<meta property=\"og:type\" content=\"article\" \/>\n<meta property=\"og:title\" content=\"ASAJA-&#193;vila ya tramita las ayudas de incorporaci&#243;n de j&#243;venes al campo - ASAJA \u00c1vila\" \/>\n<meta property=\"og:description\" content=\"A partir de hoy, y hasta el 30 de septiembre, los servicios t&#233;cnicos de ASAJA gestionar&#225;n las ayudas de &#039;primera instalaci&#243;n&#039; y &#039;planes de mejora&#039;.\" \/>\n<meta property=\"og:url\" content=\"https:\/\/www.asajacyl.com\/avila\/asaja-avila-informa\/asaja-vila-ya-tramita-las-ayudas-de-incorporacin-de-jvenes-al-campo\" \/>\n<meta property=\"og:site_name\" content=\"ASAJA \u00c1vila\" \/>\n<meta property=\"article:published_time\" content=\"2017-07-30T22:00:00+00:00\" \/>\n<meta property=\"og:image\" content=\"https:\/\/www.asajacyl.com\/avila\/wp-content\/uploads\/sites\/4\/2017\/12\/Mario_LasNavas2.jpg\" \/>\n\t<meta property=\"og:image:width\" content=\"900\" \/>\n\t<meta property=\"og:image:height\" content=\"579\" \/>\n\t<meta property=\"og:image:type\" content=\"image\/jpeg\" \/>\n<meta name=\"author\" content=\"Editor\" \/>\n<meta name=\"twitter:card\" content=\"summary_large_image\" \/>\n<meta name=\"twitter:label1\" content=\"Escrito por\" \/>\n\t<meta name=\"twitter:data1\" content=\"Editor\" \/>\n\t<meta name=\"twitter:label2\" content=\"Tiempo de lectura\" \/>\n\t<meta name=\"twitter:data2\" content=\"2 minutos\" \/>\n<script type=\"application\/ld+json\" class=\"yoast-schema-graph\">{\"@context\":\"https:\/\/schema.org\",\"@graph\":[{\"@type\":\"WebPage\",\"@id\":\"https:\/\/www.asajacyl.com\/avila\/asaja-avila-informa\/asaja-vila-ya-tramita-las-ayudas-de-incorporacin-de-jvenes-al-campo\",\"url\":\"https:\/\/www.asajacyl.com\/avila\/asaja-avila-informa\/asaja-vila-ya-tramita-las-ayudas-de-incorporacin-de-jvenes-al-campo\",\"name\":\"ASAJA-&#193;vila ya tramita las ayudas de incorporaci&#243;n de j&#243;venes al campo - ASAJA \u00c1vila\",\"isPartOf\":{\"@id\":\"https:\/\/www.asajacyl.com\/avila\/#website\"},\"primaryImageOfPage\":{\"@id\":\"https:\/\/www.asajacyl.com\/avila\/asaja-avila-informa\/asaja-vila-ya-tramita-las-ayudas-de-incorporacin-de-jvenes-al-campo#primaryimage\"},\"image\":{\"@id\":\"https:\/\/www.asajacyl.com\/avila\/asaja-avila-informa\/asaja-vila-ya-tramita-las-ayudas-de-incorporacin-de-jvenes-al-campo#primaryimage\"},\"thumbnailUrl\":\"https:\/\/www.asajacyl.com\/avila\/wp-content\/uploads\/sites\/4\/2017\/12\/Mario_LasNavas2.jpg\",\"datePublished\":\"2017-07-30T22:00:00+00:00\",\"author\":{\"@id\":\"https:\/\/www.asajacyl.com\/avila\/#\/schema\/person\/7e884476cee132331142e8ac9689f20c\"},\"description\":\"A partir de hoy, y hasta el 30 de septiembre, los servicios t&#233;cnicos de ASAJA gestionar&#225;n las ayudas de 'primera instalaci&#243;n' y 'planes de mejora'.\",\"breadcrumb\":{\"@id\":\"https:\/\/www.asajacyl.com\/avila\/asaja-avila-informa\/asaja-vila-ya-tramita-las-ayudas-de-incorporacin-de-jvenes-al-campo#breadcrumb\"},\"inLanguage\":\"es\",\"potentialAction\":[{\"@type\":\"ReadAction\",\"target\":[\"https:\/\/www.asajacyl.com\/avila\/asaja-avila-informa\/asaja-vila-ya-tramita-las-ayudas-de-incorporacin-de-jvenes-al-campo\"]}]},{\"@type\":\"ImageObject\",\"inLanguage\":\"es\",\"@id\":\"https:\/\/www.asajacyl.com\/avila\/asaja-avila-informa\/asaja-vila-ya-tramita-las-ayudas-de-incorporacin-de-jvenes-al-campo#primaryimage\",\"url\":\"https:\/\/www.asajacyl.com\/avila\/wp-content\/uploads\/sites\/4\/2017\/12\/Mario_LasNavas2.jpg\",\"contentUrl\":\"https:\/\/www.asajacyl.com\/avila\/wp-content\/uploads\/sites\/4\/2017\/12\/Mario_LasNavas2.jpg\",\"width\":900,\"height\":579},{\"@type\":\"BreadcrumbList\",\"@id\":\"https:\/\/www.asajacyl.com\/avila\/asaja-avila-informa\/asaja-vila-ya-tramita-las-ayudas-de-incorporacin-de-jvenes-al-campo#breadcrumb\",\"itemListElement\":[{\"@type\":\"ListItem\",\"position\":1,\"name\":\"Portada\",\"item\":\"https:\/\/www.asajacyl.com\/avila\/\"},{\"@type\":\"ListItem\",\"position\":2,\"name\":\"ASAJA-&#193;vila ya tramita las ayudas de incorporaci&#243;n de j&#243;venes al campo\"}]},{\"@type\":\"WebSite\",\"@id\":\"https:\/\/www.asajacyl.com\/avila\/#website\",\"url\":\"https:\/\/www.asajacyl.com\/avila\/\",\"name\":\"ASAJA \u00c1vila\",\"description\":\"Otro sitio m\u00e1s de Provincias ASAJA Castilla y Le\u00f3n\",\"potentialAction\":[{\"@type\":\"SearchAction\",\"target\":{\"@type\":\"EntryPoint\",\"urlTemplate\":\"https:\/\/www.asajacyl.com\/avila\/?s={search_term_string}\"},\"query-input\":{\"@type\":\"PropertyValueSpecification\",\"valueRequired\":true,\"valueName\":\"search_term_string\"}}],\"inLanguage\":\"es\"},{\"@type\":\"Person\",\"@id\":\"https:\/\/www.asajacyl.com\/avila\/#\/schema\/person\/7e884476cee132331142e8ac9689f20c\",\"name\":\"Editor\",\"image\":{\"@type\":\"ImageObject\",\"inLanguage\":\"es\",\"@id\":\"https:\/\/www.asajacyl.com\/avila\/#\/schema\/person\/image\/\",\"url\":\"https:\/\/secure.gravatar.com\/avatar\/a2ef43c165669686cfcfb0e1ffa59869?s=96&d=mm&r=g\",\"contentUrl\":\"https:\/\/secure.gravatar.com\/avatar\/a2ef43c165669686cfcfb0e1ffa59869?s=96&d=mm&r=g\",\"caption\":\"Editor\"},\"url\":\"https:\/\/www.asajacyl.com\/avila\/author\/oscargg\"}]}<\/script>\n<!-- \/ Yoast SEO plugin. -->","yoast_head_json":{"title":"ASAJA-&#193;vila ya tramita las ayudas de incorporaci&#243;n de j&#243;venes al campo - ASAJA \u00c1vila","description":"A partir de hoy, y hasta el 30 de septiembre, los servicios t&#233;cnicos de ASAJA gestionar&#225;n las ayudas de 'primera instalaci&#243;n' y 'planes de mejora'.","robots":{"index":"index","follow":"follow","max-snippet":"max-snippet:-1","max-image-preview":"max-image-preview:large","max-video-preview":"max-video-preview:-1"},"canonical":"https:\/\/www.asajacyl.com\/avila\/asaja-avila-informa\/asaja-vila-ya-tramita-las-ayudas-de-incorporacin-de-jvenes-al-campo","og_locale":"es_ES","og_type":"article","og_title":"ASAJA-&#193;vila ya tramita las ayudas de incorporaci&#243;n de j&#243;venes al campo - ASAJA \u00c1vila","og_description":"A partir de hoy, y hasta el 30 de septiembre, los servicios t&#233;cnicos de ASAJA gestionar&#225;n las ayudas de 'primera instalaci&#243;n' y 'planes de mejora'.","og_url":"https:\/\/www.asajacyl.com\/avila\/asaja-avila-informa\/asaja-vila-ya-tramita-las-ayudas-de-incorporacin-de-jvenes-al-campo","og_site_name":"ASAJA \u00c1vila","article_published_time":"2017-07-30T22:00:00+00:00","og_image":[{"width":900,"height":579,"url":"https:\/\/www.asajacyl.com\/avila\/wp-content\/uploads\/sites\/4\/2017\/12\/Mario_LasNavas2.jpg","type":"image\/jpeg"}],"author":"Editor","twitter_card":"summary_large_image","twitter_misc":{"Escrito por":"Editor","Tiempo de lectura":"2 minutos"},"schema":{"@context":"https:\/\/schema.org","@graph":[{"@type":"WebPage","@id":"https:\/\/www.asajacyl.com\/avila\/asaja-avila-informa\/asaja-vila-ya-tramita-las-ayudas-de-incorporacin-de-jvenes-al-campo","url":"https:\/\/www.asajacyl.com\/avila\/asaja-avila-informa\/asaja-vila-ya-tramita-las-ayudas-de-incorporacin-de-jvenes-al-campo","name":"ASAJA-&#193;vila ya tramita las ayudas de incorporaci&#243;n de j&#243;venes al campo - ASAJA \u00c1vila","isPartOf":{"@id":"https:\/\/www.asajacyl.com\/avila\/#website"},"primaryImageOfPage":{"@id":"https:\/\/www.asajacyl.com\/avila\/asaja-avila-informa\/asaja-vila-ya-tramita-las-ayudas-de-incorporacin-de-jvenes-al-campo#primaryimage"},"image":{"@id":"https:\/\/www.asajacyl.com\/avila\/asaja-avila-informa\/asaja-vila-ya-tramita-las-ayudas-de-incorporacin-de-jvenes-al-campo#primaryimage"},"thumbnailUrl":"https:\/\/www.asajacyl.com\/avila\/wp-content\/uploads\/sites\/4\/2017\/12\/Mario_LasNavas2.jpg","datePublished":"2017-07-30T22:00:00+00:00","author":{"@id":"https:\/\/www.asajacyl.com\/avila\/#\/schema\/person\/7e884476cee132331142e8ac9689f20c"},"description":"A partir de hoy, y hasta el 30 de septiembre, los servicios t&#233;cnicos de ASAJA gestionar&#225;n las ayudas de 'primera instalaci&#243;n' y 'planes de mejora'.","breadcrumb":{"@id":"https:\/\/www.asajacyl.com\/avila\/asaja-avila-informa\/asaja-vila-ya-tramita-las-ayudas-de-incorporacin-de-jvenes-al-campo#breadcrumb"},"inLanguage":"es","potentialAction":[{"@type":"ReadAction","target":["https:\/\/www.asajacyl.com\/avila\/asaja-avila-informa\/asaja-vila-ya-tramita-las-ayudas-de-incorporacin-de-jvenes-al-campo"]}]},{"@type":"ImageObject","inLanguage":"es","@id":"https:\/\/www.asajacyl.com\/avila\/asaja-avila-informa\/asaja-vila-ya-tramita-las-ayudas-de-incorporacin-de-jvenes-al-campo#primaryimage","url":"https:\/\/www.asajacyl.com\/avila\/wp-content\/uploads\/sites\/4\/2017\/12\/Mario_LasNavas2.jpg","contentUrl":"https:\/\/www.asajacyl.com\/avila\/wp-content\/uploads\/sites\/4\/2017\/12\/Mario_LasNavas2.jpg","width":900,"height":579},{"@type":"BreadcrumbList","@id":"https:\/\/www.asajacyl.com\/avila\/asaja-avila-informa\/asaja-vila-ya-tramita-las-ayudas-de-incorporacin-de-jvenes-al-campo#breadcrumb","itemListElement":[{"@type":"ListItem","position":1,"name":"Portada","item":"https:\/\/www.asajacyl.com\/avila\/"},{"@type":"ListItem","position":2,"name":"ASAJA-&#193;vila ya tramita las ayudas de incorporaci&#243;n de j&#243;venes al campo"}]},{"@type":"WebSite","@id":"https:\/\/www.asajacyl.com\/avila\/#website","url":"https:\/\/www.asajacyl.com\/avila\/","name":"ASAJA \u00c1vila","description":"Otro sitio m\u00e1s de Provincias ASAJA Castilla y Le\u00f3n","potentialAction":[{"@type":"SearchAction","target":{"@type":"EntryPoint","urlTemplate":"https:\/\/www.asajacyl.com\/avila\/?s={search_term_string}"},"query-input":{"@type":"PropertyValueSpecification","valueRequired":true,"valueName":"search_term_string"}}],"inLanguage":"es"},{"@type":"Person","@id":"https:\/\/www.asajacyl.com\/avila\/#\/schema\/person\/7e884476cee132331142e8ac9689f20c","name":"Editor","image":{"@type":"ImageObject","inLanguage":"es","@id":"https:\/\/www.asajacyl.com\/avila\/#\/schema\/person\/image\/","url":"https:\/\/secure.gravatar.com\/avatar\/a2ef43c165669686cfcfb0e1ffa59869?s=96&d=mm&r=g","contentUrl":"https:\/\/secure.gravatar.com\/avatar\/a2ef43c165669686cfcfb0e1ffa59869?s=96&d=mm&r=g","caption":"Editor"},"url":"https:\/\/www.asajacyl.com\/avila\/author\/oscargg"}]}},"_links":{"self":[{"href":"https:\/\/www.asajacyl.com\/avila\/wp-json\/wp\/v2\/posts\/878"}],"collection":[{"href":"https:\/\/www.asajacyl.com\/avila\/wp-json\/wp\/v2\/posts"}],"about":[{"href":"https:\/\/www.asajacyl.com\/avila\/wp-json\/wp\/v2\/types\/post"}],"author":[{"embeddable":true,"href":"https:\/\/www.asajacyl.com\/avila\/wp-json\/wp\/v2\/users\/3"}],"replies":[{"embeddable":true,"href":"https:\/\/www.asajacyl.com\/avila\/wp-json\/wp\/v2\/comments?post=878"}],"version-history":[{"count":0,"href":"https:\/\/www.asajacyl.com\/avila\/wp-json\/wp\/v2\/posts\/878\/revisions"}],"wp:featuredmedia":[{"embeddable":true,"href":"https:\/\/www.asajacyl.com\/avila\/wp-json\/wp\/v2\/media\/879"}],"wp:attachment":[{"href":"https:\/\/www.asajacyl.com\/avila\/wp-json\/wp\/v2\/media?parent=878"}],"wp:term":[{"taxonomy":"category","embeddable":true,"href":"https:\/\/www.asajacyl.com\/avila\/wp-json\/wp\/v2\/categories?post=878"},{"taxonomy":"post_tag","embeddable":true,"href":"https:\/\/www.asajacyl.com\/avila\/wp-json\/wp\/v2\/tags?post=878"}],"curies":[{"name":"wp","href":"https:\/\/api.w.org\/{rel}","templated":true}]}}