{"id":887,"date":"2017-07-10T00:00:00","date_gmt":"2017-07-09T22:00:00","guid":{"rendered":"http:\/\/www.asajacyl.com\/avila\/sin-categoria\/permitido-labrar-las-parcelas-recolectadas-sin-restriccin-incluido-el-volteo-vertedera"},"modified":"2017-07-10T00:00:00","modified_gmt":"2017-07-09T22:00:00","slug":"permitido-labrar-las-parcelas-recolectadas-sin-restriccin-incluido-el-volteo-vertedera","status":"publish","type":"post","link":"https:\/\/www.asajacyl.com\/avila\/asaja-avila-informa\/permitido-labrar-las-parcelas-recolectadas-sin-restriccin-incluido-el-volteo-vertedera","title":{"rendered":"Permitido labrar las parcelas recolectadas sin restricci&#243;n, incluido el volteo (vertedera)"},"content":{"rendered":"<h2>Con motivo de la situaci&#243;n excepcional de la actual campa&#241;a<\/h2>\n<p style=\"margin: 0px; padding: 10px 0px; color: rgb(118, 118, 118); font-family: Arial, Helvetica, sans-serif; font-size: 14.3px; line-height: 22px; text-align: justify;\">\nLa Junta ha publicado una Orden por la que se establecen excepciones al cumplimiento de obligaciones y criterios administrativos en el marco de las ayudas FEAGA y FEADER (PAC y Desarrollo Rural), con motivo de la situaci&#243;n excepcional de la actual campa&#241;a agr&#237;cola.<\/p>\n<p style=\"margin: 0px; padding: 10px 0px; color: rgb(118, 118, 118); font-family: Arial, Helvetica, sans-serif; font-size: 14.3px; line-height: 22px; text-align: justify;\">\n<strong>Ayudas de pagos directos<\/strong><br \/>\na) Se podr&#225; eximir&#225; a los agricultores del cumplimiento de las obligaciones de diversificaci&#243;n de cultivos, si los fen&#243;menos clim&#225;ticos han impedido cumplir los planes de siembra.<br \/>\nb) A los agricultores de m&#225;s de 15 hect&#225;reas, que hayan introducido plantas fijadoras de nitr&#243;geno para cumplir el requisito de 5% de SIE, se les exime de los requisitos relacionados con el estado fenol&#243;gico que debe alcanzar el cultivo para considerar las superficies admisibles.<br \/>\nc) Respecto a la ayuda asociada a cultivos proteicos, se exime de los requisitos relacionados con el estado fenol&#243;gico, y no se pedir&#225; prueba de venta o suministro, o enterrado en verde, en la superficies destinadas a cultivos proteicos.<\/p>\n<p style=\"margin: 0px; padding: 10px 0px; color: rgb(118, 118, 118); font-family: Arial, Helvetica, sans-serif; font-size: 14.3px; line-height: 22px; text-align: justify;\">\n<br \/>\n<strong>Ayudas del PDR<\/strong><br \/>\na)&#160;<strong>Planes de mejora de explotaciones<\/strong><br \/>\n1.- Se podr&#225;n solicitar ampliaciones de plazo, o modificaci&#243;n de los plazos ya establecidos, hasta la fecha en la que el beneficiario est&#233; en condiciones de finalizar las inversiones y de ejecutar el plan de mejora o empresa correspondiente, en el caso de inversiones programadas en los expedientes de ayuda pendientes de certificar.<br \/>\n2.- En los expedientes certificados, no tendr&#225; la consideraci&#243;n de incumplimiento de los compromisos suscritos, cuando la explotaci&#243;n y\/o las inversiones efectuadas se hayan visto afectadas por los da&#241;os producidos por los fen&#243;menos clim&#225;ticos. En este caso, el beneficiario deber&#225;&#160; ponerlo en conocimiento de la Direcci&#243;n General correspondiente, por escrito, adjuntando las pruebas pertinentes de los da&#241;os sufridos.<br \/>\nb)&#160;<strong>Ayuda de agroambiente y clima<\/strong><br \/>\nSe adelanta la fecha&#160; para poder recolectar, pasando del 10 de julio al 30 de junio, en la medida de agroecosistemas extensivos de secano en humedales de importancia internacional.<br \/>\nc)&#160;<strong>Ayuda de agricultura ecol&#243;gica<\/strong><br \/>\nRespecto a la obligaci&#243;n de acreditar la certificaci&#243;n de la producci&#243;n, se comprobar&#225; en concordancia a la ubicaci&#243;n de la explotaci&#243;n y las condiciones de cosecha medias en la zona y del cultivo de que se trate.<\/p>\n<p style=\"margin: 0px; padding: 10px 0px; color: rgb(118, 118, 118); font-family: Arial, Helvetica, sans-serif; font-size: 14.3px; line-height: 22px; text-align: justify;\">\n<br \/>\n<strong>Normas de condicionalidad<\/strong><br \/>\na) Se deja sin efecto la obligaci&#243;n de cumplir el requisito de crear zonas de refugio para la fauna silvestre (obligaci&#243;n de dejar sin recolectar el 1% de la superficie de cereal de secano).<br \/>\nb) <u>Se permite labrar las fincas recolectadas, sin restricci&#243;n alguna, mediante volteo<\/u>.<\/p>\n<p style=\"margin: 0px; padding: 10px 0px; color: rgb(118, 118, 118); font-family: Arial, Helvetica, sans-serif; font-size: 14.3px; line-height: 22px; text-align: justify;\">\n<br \/>\n<strong>Pago anual Ayudas de agroambiente y clima<\/strong><br \/>\na) A los efectos de determinaci&#243;n de la superficie con derecho a pago, esta se obtendr&#225; de forma que se&#160; percibir&#225; la ayuda por el cultivo finalmente comprobado con derecho a la ayuda que corresponda, si bien no se aplicar&#225;n reducciones ni sanciones de ning&#250;n tipo.<br \/>\nb) En el caso de no haberse solicitado el pago anual de la ayudas de agroambiente y clima o agricultura ecol&#243;gica, o de haberse solicitado no se percibiera, estas circunstancias no se considerar&#225;n a los efectos del seguimiento de los contratos plurianuales, y por&#160; lo tanto, no ser&#225;n causa de resoluci&#243;n&#160; y de reintegro, en su caso, de las ayudas percibidas.<\/p>\n<p><u><em>Servicios t&#233;cnicos de ASAJA<\/em><\/u><\/p>\n","protected":false},"excerpt":{"rendered":"<p>Con motivo de la situaci&#243;n excepcional de la actual campa&#241;a<\/p>\n","protected":false},"author":3,"featured_media":888,"comment_status":"open","ping_status":"open","sticky":false,"template":"","format":"standard","meta":{"footnotes":""},"categories":[8,18],"tags":[],"yoast_head":"<!-- This site is optimized with the Yoast SEO plugin v24.5 - https:\/\/yoast.com\/wordpress\/plugins\/seo\/ -->\n<title>Permitido labrar las parcelas recolectadas sin restricci&#243;n, incluido el volteo (vertedera) - ASAJA \u00c1vila<\/title>\n<meta name=\"description\" content=\"Con motivo de la situaci&#243;n excepcional de la actual campa&#241;a\" \/>\n<meta name=\"robots\" content=\"index, follow, max-snippet:-1, max-image-preview:large, max-video-preview:-1\" \/>\n<link rel=\"canonical\" href=\"https:\/\/www.asajacyl.com\/avila\/asaja-avila-informa\/permitido-labrar-las-parcelas-recolectadas-sin-restriccin-incluido-el-volteo-vertedera\" \/>\n<meta property=\"og:locale\" content=\"es_ES\" \/>\n<meta property=\"og:type\" content=\"article\" \/>\n<meta property=\"og:title\" content=\"Permitido labrar las parcelas recolectadas sin restricci&#243;n, incluido el volteo (vertedera) - ASAJA \u00c1vila\" \/>\n<meta property=\"og:description\" content=\"Con motivo de la situaci&#243;n excepcional de la actual campa&#241;a\" \/>\n<meta property=\"og:url\" content=\"https:\/\/www.asajacyl.com\/avila\/asaja-avila-informa\/permitido-labrar-las-parcelas-recolectadas-sin-restriccin-incluido-el-volteo-vertedera\" \/>\n<meta property=\"og:site_name\" content=\"ASAJA \u00c1vila\" \/>\n<meta property=\"article:published_time\" content=\"2017-07-09T22:00:00+00:00\" \/>\n<meta property=\"og:image\" content=\"https:\/\/www.asajacyl.com\/avila\/wp-content\/uploads\/sites\/4\/2017\/12\/vertedera_tractor.jpg\" \/>\n\t<meta property=\"og:image:width\" content=\"560\" \/>\n\t<meta property=\"og:image:height\" content=\"302\" \/>\n\t<meta property=\"og:image:type\" content=\"image\/jpeg\" \/>\n<meta name=\"author\" content=\"Editor\" \/>\n<meta name=\"twitter:card\" content=\"summary_large_image\" \/>\n<meta name=\"twitter:label1\" content=\"Escrito por\" \/>\n\t<meta name=\"twitter:data1\" content=\"Editor\" \/>\n\t<meta name=\"twitter:label2\" content=\"Tiempo de lectura\" \/>\n\t<meta name=\"twitter:data2\" content=\"3 minutos\" \/>\n<script type=\"application\/ld+json\" class=\"yoast-schema-graph\">{\"@context\":\"https:\/\/schema.org\",\"@graph\":[{\"@type\":\"WebPage\",\"@id\":\"https:\/\/www.asajacyl.com\/avila\/asaja-avila-informa\/permitido-labrar-las-parcelas-recolectadas-sin-restriccin-incluido-el-volteo-vertedera\",\"url\":\"https:\/\/www.asajacyl.com\/avila\/asaja-avila-informa\/permitido-labrar-las-parcelas-recolectadas-sin-restriccin-incluido-el-volteo-vertedera\",\"name\":\"Permitido labrar las parcelas recolectadas sin restricci&#243;n, incluido el volteo (vertedera) - ASAJA \u00c1vila\",\"isPartOf\":{\"@id\":\"https:\/\/www.asajacyl.com\/avila\/#website\"},\"primaryImageOfPage\":{\"@id\":\"https:\/\/www.asajacyl.com\/avila\/asaja-avila-informa\/permitido-labrar-las-parcelas-recolectadas-sin-restriccin-incluido-el-volteo-vertedera#primaryimage\"},\"image\":{\"@id\":\"https:\/\/www.asajacyl.com\/avila\/asaja-avila-informa\/permitido-labrar-las-parcelas-recolectadas-sin-restriccin-incluido-el-volteo-vertedera#primaryimage\"},\"thumbnailUrl\":\"https:\/\/www.asajacyl.com\/avila\/wp-content\/uploads\/sites\/4\/2017\/12\/vertedera_tractor.jpg\",\"datePublished\":\"2017-07-09T22:00:00+00:00\",\"author\":{\"@id\":\"https:\/\/www.asajacyl.com\/avila\/#\/schema\/person\/7e884476cee132331142e8ac9689f20c\"},\"description\":\"Con motivo de la situaci&#243;n excepcional de la actual campa&#241;a\",\"breadcrumb\":{\"@id\":\"https:\/\/www.asajacyl.com\/avila\/asaja-avila-informa\/permitido-labrar-las-parcelas-recolectadas-sin-restriccin-incluido-el-volteo-vertedera#breadcrumb\"},\"inLanguage\":\"es\",\"potentialAction\":[{\"@type\":\"ReadAction\",\"target\":[\"https:\/\/www.asajacyl.com\/avila\/asaja-avila-informa\/permitido-labrar-las-parcelas-recolectadas-sin-restriccin-incluido-el-volteo-vertedera\"]}]},{\"@type\":\"ImageObject\",\"inLanguage\":\"es\",\"@id\":\"https:\/\/www.asajacyl.com\/avila\/asaja-avila-informa\/permitido-labrar-las-parcelas-recolectadas-sin-restriccin-incluido-el-volteo-vertedera#primaryimage\",\"url\":\"https:\/\/www.asajacyl.com\/avila\/wp-content\/uploads\/sites\/4\/2017\/12\/vertedera_tractor.jpg\",\"contentUrl\":\"https:\/\/www.asajacyl.com\/avila\/wp-content\/uploads\/sites\/4\/2017\/12\/vertedera_tractor.jpg\",\"width\":560,\"height\":302},{\"@type\":\"BreadcrumbList\",\"@id\":\"https:\/\/www.asajacyl.com\/avila\/asaja-avila-informa\/permitido-labrar-las-parcelas-recolectadas-sin-restriccin-incluido-el-volteo-vertedera#breadcrumb\",\"itemListElement\":[{\"@type\":\"ListItem\",\"position\":1,\"name\":\"Portada\",\"item\":\"https:\/\/www.asajacyl.com\/avila\/\"},{\"@type\":\"ListItem\",\"position\":2,\"name\":\"Permitido labrar las parcelas recolectadas sin restricci&#243;n, incluido el volteo (vertedera)\"}]},{\"@type\":\"WebSite\",\"@id\":\"https:\/\/www.asajacyl.com\/avila\/#website\",\"url\":\"https:\/\/www.asajacyl.com\/avila\/\",\"name\":\"ASAJA \u00c1vila\",\"description\":\"Otro sitio m\u00e1s de Provincias ASAJA Castilla y Le\u00f3n\",\"potentialAction\":[{\"@type\":\"SearchAction\",\"target\":{\"@type\":\"EntryPoint\",\"urlTemplate\":\"https:\/\/www.asajacyl.com\/avila\/?s={search_term_string}\"},\"query-input\":{\"@type\":\"PropertyValueSpecification\",\"valueRequired\":true,\"valueName\":\"search_term_string\"}}],\"inLanguage\":\"es\"},{\"@type\":\"Person\",\"@id\":\"https:\/\/www.asajacyl.com\/avila\/#\/schema\/person\/7e884476cee132331142e8ac9689f20c\",\"name\":\"Editor\",\"image\":{\"@type\":\"ImageObject\",\"inLanguage\":\"es\",\"@id\":\"https:\/\/www.asajacyl.com\/avila\/#\/schema\/person\/image\/\",\"url\":\"https:\/\/secure.gravatar.com\/avatar\/a2ef43c165669686cfcfb0e1ffa59869?s=96&d=mm&r=g\",\"contentUrl\":\"https:\/\/secure.gravatar.com\/avatar\/a2ef43c165669686cfcfb0e1ffa59869?s=96&d=mm&r=g\",\"caption\":\"Editor\"},\"url\":\"https:\/\/www.asajacyl.com\/avila\/author\/oscargg\"}]}<\/script>\n<!-- \/ Yoast SEO plugin. -->","yoast_head_json":{"title":"Permitido labrar las parcelas recolectadas sin restricci&#243;n, incluido el volteo (vertedera) - ASAJA \u00c1vila","description":"Con motivo de la situaci&#243;n excepcional de la actual campa&#241;a","robots":{"index":"index","follow":"follow","max-snippet":"max-snippet:-1","max-image-preview":"max-image-preview:large","max-video-preview":"max-video-preview:-1"},"canonical":"https:\/\/www.asajacyl.com\/avila\/asaja-avila-informa\/permitido-labrar-las-parcelas-recolectadas-sin-restriccin-incluido-el-volteo-vertedera","og_locale":"es_ES","og_type":"article","og_title":"Permitido labrar las parcelas recolectadas sin restricci&#243;n, incluido el volteo (vertedera) - ASAJA \u00c1vila","og_description":"Con motivo de la situaci&#243;n excepcional de la actual campa&#241;a","og_url":"https:\/\/www.asajacyl.com\/avila\/asaja-avila-informa\/permitido-labrar-las-parcelas-recolectadas-sin-restriccin-incluido-el-volteo-vertedera","og_site_name":"ASAJA \u00c1vila","article_published_time":"2017-07-09T22:00:00+00:00","og_image":[{"width":560,"height":302,"url":"https:\/\/www.asajacyl.com\/avila\/wp-content\/uploads\/sites\/4\/2017\/12\/vertedera_tractor.jpg","type":"image\/jpeg"}],"author":"Editor","twitter_card":"summary_large_image","twitter_misc":{"Escrito por":"Editor","Tiempo de lectura":"3 minutos"},"schema":{"@context":"https:\/\/schema.org","@graph":[{"@type":"WebPage","@id":"https:\/\/www.asajacyl.com\/avila\/asaja-avila-informa\/permitido-labrar-las-parcelas-recolectadas-sin-restriccin-incluido-el-volteo-vertedera","url":"https:\/\/www.asajacyl.com\/avila\/asaja-avila-informa\/permitido-labrar-las-parcelas-recolectadas-sin-restriccin-incluido-el-volteo-vertedera","name":"Permitido labrar las parcelas recolectadas sin restricci&#243;n, incluido el volteo (vertedera) - ASAJA \u00c1vila","isPartOf":{"@id":"https:\/\/www.asajacyl.com\/avila\/#website"},"primaryImageOfPage":{"@id":"https:\/\/www.asajacyl.com\/avila\/asaja-avila-informa\/permitido-labrar-las-parcelas-recolectadas-sin-restriccin-incluido-el-volteo-vertedera#primaryimage"},"image":{"@id":"https:\/\/www.asajacyl.com\/avila\/asaja-avila-informa\/permitido-labrar-las-parcelas-recolectadas-sin-restriccin-incluido-el-volteo-vertedera#primaryimage"},"thumbnailUrl":"https:\/\/www.asajacyl.com\/avila\/wp-content\/uploads\/sites\/4\/2017\/12\/vertedera_tractor.jpg","datePublished":"2017-07-09T22:00:00+00:00","author":{"@id":"https:\/\/www.asajacyl.com\/avila\/#\/schema\/person\/7e884476cee132331142e8ac9689f20c"},"description":"Con motivo de la situaci&#243;n excepcional de la actual campa&#241;a","breadcrumb":{"@id":"https:\/\/www.asajacyl.com\/avila\/asaja-avila-informa\/permitido-labrar-las-parcelas-recolectadas-sin-restriccin-incluido-el-volteo-vertedera#breadcrumb"},"inLanguage":"es","potentialAction":[{"@type":"ReadAction","target":["https:\/\/www.asajacyl.com\/avila\/asaja-avila-informa\/permitido-labrar-las-parcelas-recolectadas-sin-restriccin-incluido-el-volteo-vertedera"]}]},{"@type":"ImageObject","inLanguage":"es","@id":"https:\/\/www.asajacyl.com\/avila\/asaja-avila-informa\/permitido-labrar-las-parcelas-recolectadas-sin-restriccin-incluido-el-volteo-vertedera#primaryimage","url":"https:\/\/www.asajacyl.com\/avila\/wp-content\/uploads\/sites\/4\/2017\/12\/vertedera_tractor.jpg","contentUrl":"https:\/\/www.asajacyl.com\/avila\/wp-content\/uploads\/sites\/4\/2017\/12\/vertedera_tractor.jpg","width":560,"height":302},{"@type":"BreadcrumbList","@id":"https:\/\/www.asajacyl.com\/avila\/asaja-avila-informa\/permitido-labrar-las-parcelas-recolectadas-sin-restriccin-incluido-el-volteo-vertedera#breadcrumb","itemListElement":[{"@type":"ListItem","position":1,"name":"Portada","item":"https:\/\/www.asajacyl.com\/avila\/"},{"@type":"ListItem","position":2,"name":"Permitido labrar las parcelas recolectadas sin restricci&#243;n, incluido el volteo (vertedera)"}]},{"@type":"WebSite","@id":"https:\/\/www.asajacyl.com\/avila\/#website","url":"https:\/\/www.asajacyl.com\/avila\/","name":"ASAJA \u00c1vila","description":"Otro sitio m\u00e1s de Provincias ASAJA Castilla y Le\u00f3n","potentialAction":[{"@type":"SearchAction","target":{"@type":"EntryPoint","urlTemplate":"https:\/\/www.asajacyl.com\/avila\/?s={search_term_string}"},"query-input":{"@type":"PropertyValueSpecification","valueRequired":true,"valueName":"search_term_string"}}],"inLanguage":"es"},{"@type":"Person","@id":"https:\/\/www.asajacyl.com\/avila\/#\/schema\/person\/7e884476cee132331142e8ac9689f20c","name":"Editor","image":{"@type":"ImageObject","inLanguage":"es","@id":"https:\/\/www.asajacyl.com\/avila\/#\/schema\/person\/image\/","url":"https:\/\/secure.gravatar.com\/avatar\/a2ef43c165669686cfcfb0e1ffa59869?s=96&d=mm&r=g","contentUrl":"https:\/\/secure.gravatar.com\/avatar\/a2ef43c165669686cfcfb0e1ffa59869?s=96&d=mm&r=g","caption":"Editor"},"url":"https:\/\/www.asajacyl.com\/avila\/author\/oscargg"}]}},"_links":{"self":[{"href":"https:\/\/www.asajacyl.com\/avila\/wp-json\/wp\/v2\/posts\/887"}],"collection":[{"href":"https:\/\/www.asajacyl.com\/avila\/wp-json\/wp\/v2\/posts"}],"about":[{"href":"https:\/\/www.asajacyl.com\/avila\/wp-json\/wp\/v2\/types\/post"}],"author":[{"embeddable":true,"href":"https:\/\/www.asajacyl.com\/avila\/wp-json\/wp\/v2\/users\/3"}],"replies":[{"embeddable":true,"href":"https:\/\/www.asajacyl.com\/avila\/wp-json\/wp\/v2\/comments?post=887"}],"version-history":[{"count":0,"href":"https:\/\/www.asajacyl.com\/avila\/wp-json\/wp\/v2\/posts\/887\/revisions"}],"wp:featuredmedia":[{"embeddable":true,"href":"https:\/\/www.asajacyl.com\/avila\/wp-json\/wp\/v2\/media\/888"}],"wp:attachment":[{"href":"https:\/\/www.asajacyl.com\/avila\/wp-json\/wp\/v2\/media?parent=887"}],"wp:term":[{"taxonomy":"category","embeddable":true,"href":"https:\/\/www.asajacyl.com\/avila\/wp-json\/wp\/v2\/categories?post=887"},{"taxonomy":"post_tag","embeddable":true,"href":"https:\/\/www.asajacyl.com\/avila\/wp-json\/wp\/v2\/tags?post=887"}],"curies":[{"name":"wp","href":"https:\/\/api.w.org\/{rel}","templated":true}]}}