{"id":896,"date":"2017-06-06T00:00:00","date_gmt":"2017-06-05T22:00:00","guid":{"rendered":"http:\/\/www.asajacyl.com\/avila\/sin-categoria\/joaqun-antonio-pino-reelegido-presidente-provincial-de-asaja-en-vila"},"modified":"2017-06-06T00:00:00","modified_gmt":"2017-06-05T22:00:00","slug":"joaqun-antonio-pino-reelegido-presidente-provincial-de-asaja-en-vila","status":"publish","type":"post","link":"https:\/\/www.asajacyl.com\/avila\/asaja-avila-informa\/joaqun-antonio-pino-reelegido-presidente-provincial-de-asaja-en-vila","title":{"rendered":"Joaqu&#237;n Antonio Pino, reelegido presidente provincial de ASAJA en &#193;vila"},"content":{"rendered":"<h2>La organizaci&#243;n agraria incorpora sabia joven en sus &#243;rganos de direcci&#243;n y crea el &#8216;Consejo Asesor&#8217;<\/h2>\n<p style=\"text-align: justify;\">\nJoaqu&#237;n Antonio Pino ha sido reelegido presidente de ASAJA en la provincia de &#193;vila durante el transcurso del VIII Congreso de la organizaci&#243;n desarrollado en la capital amurallada bajo el lema <em>impulsando el campo abulense<\/em>.<\/p>\n<p style=\"text-align: justify;\">\nEn el desarrollo de esta Asamblea General Congresual de la Asociaci&#243;n se ha creado el Consejo Asesor de la misma, integrado por agricultores y ganaderos experimentados que han dedicado su vida al campo y que asesorar&#225;n al presidente en el desarrollo de sus funciones. Adem&#225;s, se ha incorporado un nutrido grupo de j&#243;venes agricultores y ganaderos en los &#243;rganos de gobierno de ASAJA-&#193;vila con el fin de reflejar la realidad del campo abulense en el que dos de cada tres j&#243;venes optan para incorporarse al campo de la mano de ASAJA.<\/p>\n<p style=\"text-align: justify;\">\nA la clausura del Congreso han asistido el Delegado Territorial de la Junta de Castilla y Le&#243;n en &#193;vila, Jos&#233; Francisco Hern&#225;ndez Herrero, el presidente de la Diputaci&#243;n Provincial de &#193;vila, Jes&#250;s Manuel S&#225;nchez Cabrera, el Vicepresidente 1&#186; de la Diputaci&#243;n Provincial de &#193;vila, Carlos Garc&#237;a Gonz&#225;lez, el Teniente Alcalde de Presidencia del Ayuntamiento de &#193;vila, Rub&#233;n Serrano Fern&#225;ndez, el diputado nacional por &#193;vila, Jos&#233; Ram&#243;n Garc&#237;a Hern&#225;ndez, el jefe de servicio de Agricultura y Ganader&#237;a en &#193;vila, Francisco Gil Mart&#237;n, y el presidente de la Confederaci&#243;n Abulense de Empresarios, Juan Saborido Lecaroz.<\/p>\n<p style=\"text-align: justify;\">\nLos &#243;rganos de gobierno de la Asociaci&#243;n quedan constituidos por los siguientes agricultores y ganaderos:<\/p>\n<p style=\"text-align: justify;\">\n&#160;<\/p>\n<table border=\"0\" cellpadding=\"0\" cellspacing=\"0\" width=\"100%\">\n<tbody>\n<tr>\n<td class=\"pl_resumennotasrensa\" colspan=\"2\" style=\"font-family: Verdana, Arial, Helvetica, sans-serif; text-align: justify; line-height: 18px; padding: 0px;\">\n<p align=\"center\">\n&#160;<span style=\"font-size: 14px;\"><strong><em>Comit&#233; Ejecutivo&#160;<\/em><\/strong><\/span><\/p>\n<p align=\"left\">\n<strong><u>PRESIDENTE y responsable &#193;rea &#39;J&#243;venes Agricultores<\/u>&#39;&#160;(<em>ASAJA Joven<\/em>):<\/strong>&#160;JOAQU&#205;N ANTONIO PINO<\/p>\n<p>\n<strong><u>SECRETARIO GENERAL<\/u>:<\/strong>&#160;C&#201;SAR MART&#205;N &#193;VALOS<\/p>\n<p>\n<strong><u>VICEPRESIDENTE 1&#186;<\/u>:<\/strong>&#160;JOS&#201; ANTONIO RODR&#205;GUEZ VEGAS<\/p>\n<p>\n<strong><u>VICEPRESIDENTE 2&#186;<\/u>:&#160;<\/strong>MARIANO ROBLES MORCILLO<\/p>\n<p align=\"left\">\n<strong><u>VICEPRESIDENTA 3&#170; y responsable &#193;rea &#39;Familia y Mujer Rural<\/u>&#39;&#160;(<em>Amfar<\/em>):<\/strong>&#160;M&#170; TERESA RESINA GONZ&#193;LEZ<\/p>\n<p>\n<strong><u>TESORERO<\/u>:<\/strong>&#160;JOS&#201; LUIS SENOVILLA ARENAS<\/p>\n<p>\n&#160;<\/p>\n<p align=\"center\">\n&#160;<strong><span style=\"font-size: 14px;\"><em>Vocales<\/em><\/span>&#160;<\/strong><\/p>\n<p>\n<span style=\"font-family: Verdana, sans-serif;\">CARMELO ARENAS L&#211;PEZ<\/span><\/p>\n<p style=\"margin: 0cm 0cm 0.0001pt; background-image: initial; background-attachment: initial; background-size: initial; background-origin: initial; background-clip: initial; background-position: initial; background-repeat: initial;\">\n<span style=\"font-family: Verdana, sans-serif;\">JOS&#201; CARLOS BLANCO DE CASTRO<\/span><\/p>\n<p style=\"margin: 0cm 0cm 0.0001pt; background-image: initial; background-attachment: initial; background-size: initial; background-origin: initial; background-clip: initial; background-position: initial; background-repeat: initial;\">\n&#160;<\/p>\n<p style=\"margin: 0cm 0cm 0.0001pt; background-image: initial; background-attachment: initial; background-size: initial; background-origin: initial; background-clip: initial; background-position: initial; background-repeat: initial;\">\n<span style=\"font-family: Verdana, sans-serif;\">JUAN CARLOS CASILLAS MART&#205;N<\/span><\/p>\n<p style=\"margin: 0cm 0cm 0.0001pt; background-image: initial; background-attachment: initial; background-size: initial; background-origin: initial; background-clip: initial; background-position: initial; background-repeat: initial;\">\n&#160;<\/p>\n<p style=\"margin: 0cm 0cm 0.0001pt; background-image: initial; background-attachment: initial; background-size: initial; background-origin: initial; background-clip: initial; background-position: initial; background-repeat: initial;\">\n<span style=\"font-family: Verdana, sans-serif;\">EMILIO CEA REDONDO<\/span><\/p>\n<p style=\"margin: 0cm 0cm 0.0001pt; background-image: initial; background-attachment: initial; background-size: initial; background-origin: initial; background-clip: initial; background-position: initial; background-repeat: initial;\">\n&#160;<\/p>\n<p style=\"margin: 0cm 0cm 0.0001pt; background-image: initial; background-attachment: initial; background-size: initial; background-origin: initial; background-clip: initial; background-position: initial; background-repeat: initial;\">\n<span style=\"font-family: Verdana, sans-serif;\">RAMIRO DEL CID CASILLAS<\/span><\/p>\n<p style=\"margin: 0cm 0cm 0.0001pt; background-image: initial; background-attachment: initial; background-size: initial; background-origin: initial; background-clip: initial; background-position: initial; background-repeat: initial;\">\n&#160;<\/p>\n<p style=\"margin: 0cm 0cm 0.0001pt; background-image: initial; background-attachment: initial; background-size: initial; background-origin: initial; background-clip: initial; background-position: initial; background-repeat: initial;\">\n<span style=\"font-family: Verdana, sans-serif;\">MARIO ESTEBAN CORREAL<\/span><\/p>\n<p style=\"margin: 0cm 0cm 0.0001pt; background-image: initial; background-attachment: initial; background-size: initial; background-origin: initial; background-clip: initial; background-position: initial; background-repeat: initial;\">\n&#160;<\/p>\n<p style=\"margin: 0cm 0cm 0.0001pt; background-image: initial; background-attachment: initial; background-size: initial; background-origin: initial; background-clip: initial; background-position: initial; background-repeat: initial;\">\n<span style=\"font-family: Verdana, sans-serif;\">JES&#218;S FERN&#193;NDEZ VARA<\/span><\/p>\n<p style=\"margin: 0cm 0cm 0.0001pt; background-image: initial; background-attachment: initial; background-size: initial; background-origin: initial; background-clip: initial; background-position: initial; background-repeat: initial;\">\n&#160;<\/p>\n<p style=\"margin: 0cm 0cm 0.0001pt; background-image: initial; background-attachment: initial; background-size: initial; background-origin: initial; background-clip: initial; background-position: initial; background-repeat: initial;\">\n<span style=\"font-family: Verdana, sans-serif;\">JOS&#201; CARLOS GARC&#205;A POZO<\/span><\/p>\n<p style=\"margin: 0cm 0cm 0.0001pt; background-image: initial; background-attachment: initial; background-size: initial; background-origin: initial; background-clip: initial; background-position: initial; background-repeat: initial;\">\n&#160;<\/p>\n<p style=\"margin: 0cm 0cm 0.0001pt; background-image: initial; background-attachment: initial; background-size: initial; background-origin: initial; background-clip: initial; background-position: initial; background-repeat: initial;\">\n<span style=\"font-family: Verdana, sans-serif;\">IV&#193;N GONZ&#193;LEZ GUTI&#201;RREZ<\/span><\/p>\n<p style=\"margin: 0cm 0cm 0.0001pt; background-image: initial; background-attachment: initial; background-size: initial; background-origin: initial; background-clip: initial; background-position: initial; background-repeat: initial;\">\n<span style=\"font-family: Verdana, sans-serif;\">&#160;<\/span><\/p>\n<p style=\"margin: 0cm 0cm 0.0001pt; background-image: initial; background-attachment: initial; background-size: initial; background-origin: initial; background-clip: initial; background-position: initial; background-repeat: initial;\">\n<span style=\"font-family: Verdana, sans-serif;\">ELIO HERN&#193;NDEZ JIM&#201;NEZ<\/span><\/p>\n<p style=\"margin: 0cm 0cm 0.0001pt; background-image: initial; background-attachment: initial; background-size: initial; background-origin: initial; background-clip: initial; background-position: initial; background-repeat: initial;\">\n<span style=\"font-family: Verdana, sans-serif;\">&#160;<\/span><\/p>\n<p style=\"margin: 0cm 0cm 0.0001pt; background-image: initial; background-attachment: initial; background-size: initial; background-origin: initial; background-clip: initial; background-position: initial; background-repeat: initial;\">\n<span style=\"font-family: Verdana, sans-serif;\">JOS&#201; HERN&#193;NDEZ L&#193;ZARO<\/span><\/p>\n<p style=\"margin: 0cm 0cm 0.0001pt; background-image: initial; background-attachment: initial; background-size: initial; background-origin: initial; background-clip: initial; background-position: initial; background-repeat: initial;\">\n<span style=\"font-family: Verdana, sans-serif;\">&#160;<\/span><\/p>\n<p style=\"margin: 0cm 0cm 0.0001pt; background-image: initial; background-attachment: initial; background-size: initial; background-origin: initial; background-clip: initial; background-position: initial; background-repeat: initial;\">\n<span style=\"font-family: Verdana, sans-serif;\">EMILIO HERNANDO JIM&#201;NEZ<\/span><\/p>\n<p style=\"margin: 0cm 0cm 0.0001pt; background-image: initial; background-attachment: initial; background-size: initial; background-origin: initial; background-clip: initial; background-position: initial; background-repeat: initial;\">\n<span style=\"font-family: Verdana, sans-serif;\">&#160;<\/span><\/p>\n<p style=\"margin: 0cm 0cm 0.0001pt; background-image: initial; background-attachment: initial; background-size: initial; background-origin: initial; background-clip: initial; background-position: initial; background-repeat: initial;\">\n<span style=\"font-family: Verdana, sans-serif;\">MAR&#205;A HERRANZ GONZ&#193;LEZ<\/span><\/p>\n<p style=\"margin: 0cm 0cm 0.0001pt; background-image: initial; background-attachment: initial; background-size: initial; background-origin: initial; background-clip: initial; background-position: initial; background-repeat: initial;\">\n<span style=\"font-family: Verdana, sans-serif;\">&#160;<\/span><\/p>\n<p style=\"margin: 0cm 0cm 0.0001pt; background-image: initial; background-attachment: initial; background-size: initial; background-origin: initial; background-clip: initial; background-position: initial; background-repeat: initial;\">\n<span style=\"font-family: Verdana, sans-serif;\">MIGUEL &#193;NGEL JIM&#201;NEZ GARC&#205;A<\/span><\/p>\n<p style=\"margin: 0cm 0cm 0.0001pt; background-image: initial; background-attachment: initial; background-size: initial; background-origin: initial; background-clip: initial; background-position: initial; background-repeat: initial;\">\n<span style=\"font-family: Verdana, sans-serif;\">&#160;<\/span><\/p>\n<p style=\"margin: 0cm 0cm 0.0001pt; background-image: initial; background-attachment: initial; background-size: initial; background-origin: initial; background-clip: initial; background-position: initial; background-repeat: initial;\">\n<span style=\"font-family: Verdana, sans-serif;\">FRANCISCO JAVIER JIM&#201;NEZ JIM&#201;NEZ<\/span><\/p>\n<p style=\"margin: 0cm 0cm 0.0001pt; background-image: initial; background-attachment: initial; background-size: initial; background-origin: initial; background-clip: initial; background-position: initial; background-repeat: initial;\">\n<span style=\"font-family: Verdana, sans-serif;\">&#160;<\/span><\/p>\n<p style=\"margin: 0cm 0cm 0.0001pt; background-image: initial; background-attachment: initial; background-size: initial; background-origin: initial; background-clip: initial; background-position: initial; background-repeat: initial;\">\n<span style=\"font-family: Verdana, sans-serif;\">JUAN CARLOS JIM&#201;NEZ P&#201;REZ<\/span><\/p>\n<p style=\"margin: 0cm 0cm 0.0001pt; background-image: initial; background-attachment: initial; background-size: initial; background-origin: initial; background-clip: initial; background-position: initial; background-repeat: initial;\">\n<span style=\"font-family: Verdana, sans-serif;\">&#160;<\/span><\/p>\n<p style=\"margin: 0cm 0cm 0.0001pt; background-image: initial; background-attachment: initial; background-size: initial; background-origin: initial; background-clip: initial; background-position: initial; background-repeat: initial;\">\n<span style=\"font-family: Verdana, sans-serif;\">&#211;SCAR MART&#205;N NU&#209;EZ<\/span><\/p>\n<p style=\"margin: 0cm 0cm 0.0001pt; background-image: initial; background-attachment: initial; background-size: initial; background-origin: initial; background-clip: initial; background-position: initial; background-repeat: initial;\">\n<span style=\"font-family: Verdana, sans-serif;\">&#160;<\/span><\/p>\n<p style=\"margin: 0cm 0cm 0.0001pt; background-image: initial; background-attachment: initial; background-size: initial; background-origin: initial; background-clip: initial; background-position: initial; background-repeat: initial;\">\n<span style=\"font-family: Verdana, sans-serif;\">JOS&#201; RAM&#211;N MART&#205;N PESCADOR<\/span><\/p>\n<p style=\"margin: 0cm 0cm 0.0001pt; background-image: initial; background-attachment: initial; background-size: initial; background-origin: initial; background-clip: initial; background-position: initial; background-repeat: initial;\">\n<span style=\"font-family: Verdana, sans-serif;\">&#160;<\/span><\/p>\n<p style=\"margin: 0cm 0cm 0.0001pt; background-image: initial; background-attachment: initial; background-size: initial; background-origin: initial; background-clip: initial; background-position: initial; background-repeat: initial;\">\n<span style=\"font-family: Verdana, sans-serif;\">JES&#218;S MEL&#201;NDEZ MART&#205;N<\/span><\/p>\n<p style=\"margin: 0cm 0cm 0.0001pt; background-image: initial; background-attachment: initial; background-size: initial; background-origin: initial; background-clip: initial; background-position: initial; background-repeat: initial;\">\n<span style=\"font-family: Verdana, sans-serif;\">&#160;<\/span><\/p>\n<p style=\"margin: 0cm 0cm 0.0001pt; background-image: initial; background-attachment: initial; background-size: initial; background-origin: initial; background-clip: initial; background-position: initial; background-repeat: initial;\">\n<span style=\"font-family: Verdana, sans-serif;\">GUSTAVO PERICACHO RODR&#205;GUEZ<\/span><\/p>\n<p style=\"margin: 0cm 0cm 0.0001pt; background-image: initial; background-attachment: initial; background-size: initial; background-origin: initial; background-clip: initial; background-position: initial; background-repeat: initial;\">\n<span style=\"font-family: Verdana, sans-serif;\">&#160;<\/span><\/p>\n<p style=\"margin: 0cm 0cm 0.0001pt; background-image: initial; background-attachment: initial; background-size: initial; background-origin: initial; background-clip: initial; background-position: initial; background-repeat: initial;\">\n<span style=\"font-family: Verdana, sans-serif;\">MARIANO RODR&#205;GUEZ L&#211;PEZ<\/span><\/p>\n<p style=\"margin: 0cm 0cm 0.0001pt; background-image: initial; background-attachment: initial; background-size: initial; background-origin: initial; background-clip: initial; background-position: initial; background-repeat: initial;\">\n<span style=\"font-family: Verdana, sans-serif;\">&#160;<\/span><\/p>\n<p style=\"margin: 0cm 0cm 0.0001pt; background-image: initial; background-attachment: initial; background-size: initial; background-origin: initial; background-clip: initial; background-position: initial; background-repeat: initial;\">\n<span style=\"font-family: Verdana, sans-serif;\">AGUST&#205;N RODR&#205;GUEZ S&#193;NCHEZ<\/span><\/p>\n<p style=\"margin: 0cm 0cm 0.0001pt; background-image: initial; background-attachment: initial; background-size: initial; background-origin: initial; background-clip: initial; background-position: initial; background-repeat: initial;\">\n<span style=\"font-family: Verdana, sans-serif;\">&#160;<\/span><\/p>\n<p style=\"margin: 0cm 0cm 0.0001pt; background-image: initial; background-attachment: initial; background-size: initial; background-origin: initial; background-clip: initial; background-position: initial; background-repeat: initial;\">\n<span style=\"font-family: Verdana, sans-serif;\">DEMETRIO S&#193;NCHEZ GARC&#205;A<\/span><\/p>\n<p style=\"margin: 0cm 0cm 0.0001pt; background-image: initial; background-attachment: initial; background-size: initial; background-origin: initial; background-clip: initial; background-position: initial; background-repeat: initial;\">\n<span style=\"font-family: Verdana, sans-serif;\">&#160;<\/span><\/p>\n<p style=\"margin: 0cm 0cm 0.0001pt; background-image: initial; background-attachment: initial; background-size: initial; background-origin: initial; background-clip: initial; background-position: initial; background-repeat: initial;\">\n<span style=\"font-family: Verdana, sans-serif;\">CRISTIAN S&#193;NCHEZ HERN&#193;NDEZ<\/span><\/p>\n<p style=\"margin: 0cm 0cm 0.0001pt; background-image: initial; background-attachment: initial; background-size: initial; background-origin: initial; background-clip: initial; background-position: initial; background-repeat: initial;\">\n<span style=\"font-family: Verdana, sans-serif;\">&#160;<\/span><\/p>\n<p style=\"margin: 0cm 0cm 0.0001pt; background-image: initial; background-attachment: initial; background-size: initial; background-origin: initial; background-clip: initial; background-position: initial; background-repeat: initial;\">\n<span style=\"font-family: Verdana, sans-serif;\">M&#170; ISABEL S&#193;NCHEZ VADILLO<\/span><\/p>\n<p style=\"margin: 0cm 0cm 0.0001pt; background-image: initial; background-attachment: initial; background-size: initial; background-origin: initial; background-clip: initial; background-position: initial; background-repeat: initial;\">\n&#160;<\/p>\n<p style=\"margin: 0cm 0cm 0.0001pt; background-image: initial; background-attachment: initial; background-size: initial; background-origin: initial; background-clip: initial; background-position: initial; background-repeat: initial;\">\n<span style=\"line-height: 13.8px; font-family: Verdana, sans-serif; text-transform: uppercase;\">F<\/span><span style=\"line-height: 13.8px; font-family: Verdana, sans-serif; text-transform: uppercase;\">ELIPE SILVELA ABO&#205;N<\/span><\/p>\n<p>\n&#160;<\/p>\n<p style=\"text-align: center;\">\n<span style=\"font-size: 14px;\">&#160;<b><i><span style=\"font-family: Verdana, sans-serif;\">Consejo Asesor<\/span><\/i><\/b><\/span><\/p>\n<p style=\"margin: 0cm 0cm 0.0001pt; background-image: initial; background-attachment: initial; background-size: initial; background-origin: initial; background-clip: initial; background-position: initial; background-repeat: initial;\">\n<strong><span style=\"font-family: Verdana, sans-serif;\">&#160;<\/span><\/strong><\/p>\n<p style=\"margin: 0cm 0cm 0.0001pt; background-image: initial; background-attachment: initial; background-size: initial; background-origin: initial; background-clip: initial; background-position: initial; background-repeat: initial;\">\n<span style=\"font-family: Verdana, sans-serif;\">JOS&#201; ANTONIO ARENAS SOBRINO<\/span><\/p>\n<p style=\"margin: 0cm 0cm 0.0001pt; background-image: initial; background-attachment: initial; background-size: initial; background-origin: initial; background-clip: initial; background-position: initial; background-repeat: initial;\">\n<span style=\"font-family: Verdana, sans-serif;\">&#160;<\/span><\/p>\n<p style=\"margin: 0cm 0cm 0.0001pt; background-image: initial; background-attachment: initial; background-size: initial; background-origin: initial; background-clip: initial; background-position: initial; background-repeat: initial;\">\n<span style=\"font-family: Verdana, sans-serif;\">LUIS MIGUEL DE CASTRO VEL&#193;ZQUEZ<\/span><\/p>\n<p style=\"margin: 0cm 0cm 0.0001pt; background-image: initial; background-attachment: initial; background-size: initial; background-origin: initial; background-clip: initial; background-position: initial; background-repeat: initial;\">\n<span style=\"font-family: Verdana, sans-serif;\">&#160;<\/span><\/p>\n<p style=\"margin: 0cm 0cm 0.0001pt; background-image: initial; background-attachment: initial; background-size: initial; background-origin: initial; background-clip: initial; background-position: initial; background-repeat: initial;\">\n<span style=\"font-family: Verdana, sans-serif;\">VICTORIANO GARCIMART&#205;N SAN FRUTOS<\/span><\/p>\n<p style=\"margin: 0cm 0cm 0.0001pt; background-image: initial; background-attachment: initial; background-size: initial; background-origin: initial; background-clip: initial; background-position: initial; background-repeat: initial;\">\n&#160;<\/p>\n<p style=\"margin: 0cm 0cm 0.0001pt; background-image: initial; background-attachment: initial; background-size: initial; background-origin: initial; background-clip: initial; background-position: initial; background-repeat: initial;\">\n<span style=\"font-family: Verdana, sans-serif;\">PEDRO GONZ&#193;LEZ CALVO<\/span><\/p>\n<p style=\"margin: 0cm 0cm 0.0001pt; background-image: initial; background-attachment: initial; background-size: initial; background-origin: initial; background-clip: initial; background-position: initial; background-repeat: initial;\">\n<span style=\"font-family: Verdana, sans-serif;\">&#160;<\/span><\/p>\n<p style=\"margin: 0cm 0cm 0.0001pt; background-image: initial; background-attachment: initial; background-size: initial; background-origin: initial; background-clip: initial; background-position: initial; background-repeat: initial;\">\n<span style=\"font-family: Verdana, sans-serif;\">HONORIO RICO S&#193;NCHEZ<\/span><\/p>\n<\/td>\n<\/tr>\n<\/tbody>\n<\/table>\n","protected":false},"excerpt":{"rendered":"<p>La organizaci&#243;n agraria incorpora sabia joven en sus &#243;rganos de direcci&#243;n y crea el &#8216;Consejo Asesor&#8217;<\/p>\n","protected":false},"author":3,"featured_media":897,"comment_status":"open","ping_status":"open","sticky":false,"template":"","format":"standard","meta":{"footnotes":""},"categories":[8,18],"tags":[],"yoast_head":"<!-- This site is optimized with the Yoast SEO plugin v24.5 - https:\/\/yoast.com\/wordpress\/plugins\/seo\/ -->\n<title>Joaqu&#237;n Antonio Pino, reelegido presidente provincial de ASAJA en &#193;vila - ASAJA \u00c1vila<\/title>\n<meta name=\"description\" content=\"La organizaci&#243;n agraria incorpora sabia joven en sus &#243;rganos de direcci&#243;n y crea el &#039;Consejo Asesor&#039;\" \/>\n<meta name=\"robots\" content=\"index, follow, max-snippet:-1, max-image-preview:large, max-video-preview:-1\" \/>\n<link rel=\"canonical\" href=\"https:\/\/www.asajacyl.com\/avila\/asaja-avila-informa\/joaqun-antonio-pino-reelegido-presidente-provincial-de-asaja-en-vila\" \/>\n<meta property=\"og:locale\" content=\"es_ES\" \/>\n<meta property=\"og:type\" content=\"article\" \/>\n<meta property=\"og:title\" content=\"Joaqu&#237;n Antonio Pino, reelegido presidente provincial de ASAJA en &#193;vila - ASAJA \u00c1vila\" \/>\n<meta property=\"og:description\" content=\"La organizaci&#243;n agraria incorpora sabia joven en sus &#243;rganos de direcci&#243;n y crea el &#039;Consejo Asesor&#039;\" \/>\n<meta property=\"og:url\" content=\"https:\/\/www.asajacyl.com\/avila\/asaja-avila-informa\/joaqun-antonio-pino-reelegido-presidente-provincial-de-asaja-en-vila\" \/>\n<meta property=\"og:site_name\" content=\"ASAJA \u00c1vila\" \/>\n<meta property=\"article:published_time\" content=\"2017-06-05T22:00:00+00:00\" \/>\n<meta property=\"og:image\" content=\"https:\/\/www.asajacyl.com\/avila\/wp-content\/uploads\/sites\/4\/2017\/12\/img_71995.jpg\" \/>\n\t<meta property=\"og:image:width\" content=\"670\" \/>\n\t<meta property=\"og:image:height\" content=\"445\" \/>\n\t<meta property=\"og:image:type\" content=\"image\/jpeg\" \/>\n<meta name=\"author\" content=\"Editor\" \/>\n<meta name=\"twitter:card\" content=\"summary_large_image\" \/>\n<meta name=\"twitter:label1\" content=\"Escrito por\" \/>\n\t<meta name=\"twitter:data1\" content=\"Editor\" \/>\n\t<meta name=\"twitter:label2\" content=\"Tiempo de lectura\" \/>\n\t<meta name=\"twitter:data2\" content=\"2 minutos\" \/>\n<script type=\"application\/ld+json\" class=\"yoast-schema-graph\">{\"@context\":\"https:\/\/schema.org\",\"@graph\":[{\"@type\":\"WebPage\",\"@id\":\"https:\/\/www.asajacyl.com\/avila\/asaja-avila-informa\/joaqun-antonio-pino-reelegido-presidente-provincial-de-asaja-en-vila\",\"url\":\"https:\/\/www.asajacyl.com\/avila\/asaja-avila-informa\/joaqun-antonio-pino-reelegido-presidente-provincial-de-asaja-en-vila\",\"name\":\"Joaqu&#237;n Antonio Pino, reelegido presidente provincial de ASAJA en &#193;vila - ASAJA \u00c1vila\",\"isPartOf\":{\"@id\":\"https:\/\/www.asajacyl.com\/avila\/#website\"},\"primaryImageOfPage\":{\"@id\":\"https:\/\/www.asajacyl.com\/avila\/asaja-avila-informa\/joaqun-antonio-pino-reelegido-presidente-provincial-de-asaja-en-vila#primaryimage\"},\"image\":{\"@id\":\"https:\/\/www.asajacyl.com\/avila\/asaja-avila-informa\/joaqun-antonio-pino-reelegido-presidente-provincial-de-asaja-en-vila#primaryimage\"},\"thumbnailUrl\":\"https:\/\/www.asajacyl.com\/avila\/wp-content\/uploads\/sites\/4\/2017\/12\/img_71995.jpg\",\"datePublished\":\"2017-06-05T22:00:00+00:00\",\"author\":{\"@id\":\"https:\/\/www.asajacyl.com\/avila\/#\/schema\/person\/7e884476cee132331142e8ac9689f20c\"},\"description\":\"La organizaci&#243;n agraria incorpora sabia joven en sus &#243;rganos de direcci&#243;n y crea el 'Consejo Asesor'\",\"breadcrumb\":{\"@id\":\"https:\/\/www.asajacyl.com\/avila\/asaja-avila-informa\/joaqun-antonio-pino-reelegido-presidente-provincial-de-asaja-en-vila#breadcrumb\"},\"inLanguage\":\"es\",\"potentialAction\":[{\"@type\":\"ReadAction\",\"target\":[\"https:\/\/www.asajacyl.com\/avila\/asaja-avila-informa\/joaqun-antonio-pino-reelegido-presidente-provincial-de-asaja-en-vila\"]}]},{\"@type\":\"ImageObject\",\"inLanguage\":\"es\",\"@id\":\"https:\/\/www.asajacyl.com\/avila\/asaja-avila-informa\/joaqun-antonio-pino-reelegido-presidente-provincial-de-asaja-en-vila#primaryimage\",\"url\":\"https:\/\/www.asajacyl.com\/avila\/wp-content\/uploads\/sites\/4\/2017\/12\/img_71995.jpg\",\"contentUrl\":\"https:\/\/www.asajacyl.com\/avila\/wp-content\/uploads\/sites\/4\/2017\/12\/img_71995.jpg\",\"width\":670,\"height\":445},{\"@type\":\"BreadcrumbList\",\"@id\":\"https:\/\/www.asajacyl.com\/avila\/asaja-avila-informa\/joaqun-antonio-pino-reelegido-presidente-provincial-de-asaja-en-vila#breadcrumb\",\"itemListElement\":[{\"@type\":\"ListItem\",\"position\":1,\"name\":\"Portada\",\"item\":\"https:\/\/www.asajacyl.com\/avila\/\"},{\"@type\":\"ListItem\",\"position\":2,\"name\":\"Joaqu&#237;n Antonio Pino, reelegido presidente provincial de ASAJA en &#193;vila\"}]},{\"@type\":\"WebSite\",\"@id\":\"https:\/\/www.asajacyl.com\/avila\/#website\",\"url\":\"https:\/\/www.asajacyl.com\/avila\/\",\"name\":\"ASAJA \u00c1vila\",\"description\":\"Otro sitio m\u00e1s de Provincias ASAJA Castilla y Le\u00f3n\",\"potentialAction\":[{\"@type\":\"SearchAction\",\"target\":{\"@type\":\"EntryPoint\",\"urlTemplate\":\"https:\/\/www.asajacyl.com\/avila\/?s={search_term_string}\"},\"query-input\":{\"@type\":\"PropertyValueSpecification\",\"valueRequired\":true,\"valueName\":\"search_term_string\"}}],\"inLanguage\":\"es\"},{\"@type\":\"Person\",\"@id\":\"https:\/\/www.asajacyl.com\/avila\/#\/schema\/person\/7e884476cee132331142e8ac9689f20c\",\"name\":\"Editor\",\"image\":{\"@type\":\"ImageObject\",\"inLanguage\":\"es\",\"@id\":\"https:\/\/www.asajacyl.com\/avila\/#\/schema\/person\/image\/\",\"url\":\"https:\/\/secure.gravatar.com\/avatar\/a2ef43c165669686cfcfb0e1ffa59869?s=96&d=mm&r=g\",\"contentUrl\":\"https:\/\/secure.gravatar.com\/avatar\/a2ef43c165669686cfcfb0e1ffa59869?s=96&d=mm&r=g\",\"caption\":\"Editor\"},\"url\":\"https:\/\/www.asajacyl.com\/avila\/author\/oscargg\"}]}<\/script>\n<!-- \/ Yoast SEO plugin. -->","yoast_head_json":{"title":"Joaqu&#237;n Antonio Pino, reelegido presidente provincial de ASAJA en &#193;vila - ASAJA \u00c1vila","description":"La organizaci&#243;n agraria incorpora sabia joven en sus &#243;rganos de direcci&#243;n y crea el 'Consejo Asesor'","robots":{"index":"index","follow":"follow","max-snippet":"max-snippet:-1","max-image-preview":"max-image-preview:large","max-video-preview":"max-video-preview:-1"},"canonical":"https:\/\/www.asajacyl.com\/avila\/asaja-avila-informa\/joaqun-antonio-pino-reelegido-presidente-provincial-de-asaja-en-vila","og_locale":"es_ES","og_type":"article","og_title":"Joaqu&#237;n Antonio Pino, reelegido presidente provincial de ASAJA en &#193;vila - ASAJA \u00c1vila","og_description":"La organizaci&#243;n agraria incorpora sabia joven en sus &#243;rganos de direcci&#243;n y crea el 'Consejo Asesor'","og_url":"https:\/\/www.asajacyl.com\/avila\/asaja-avila-informa\/joaqun-antonio-pino-reelegido-presidente-provincial-de-asaja-en-vila","og_site_name":"ASAJA \u00c1vila","article_published_time":"2017-06-05T22:00:00+00:00","og_image":[{"width":670,"height":445,"url":"https:\/\/www.asajacyl.com\/avila\/wp-content\/uploads\/sites\/4\/2017\/12\/img_71995.jpg","type":"image\/jpeg"}],"author":"Editor","twitter_card":"summary_large_image","twitter_misc":{"Escrito por":"Editor","Tiempo de lectura":"2 minutos"},"schema":{"@context":"https:\/\/schema.org","@graph":[{"@type":"WebPage","@id":"https:\/\/www.asajacyl.com\/avila\/asaja-avila-informa\/joaqun-antonio-pino-reelegido-presidente-provincial-de-asaja-en-vila","url":"https:\/\/www.asajacyl.com\/avila\/asaja-avila-informa\/joaqun-antonio-pino-reelegido-presidente-provincial-de-asaja-en-vila","name":"Joaqu&#237;n Antonio Pino, reelegido presidente provincial de ASAJA en &#193;vila - ASAJA \u00c1vila","isPartOf":{"@id":"https:\/\/www.asajacyl.com\/avila\/#website"},"primaryImageOfPage":{"@id":"https:\/\/www.asajacyl.com\/avila\/asaja-avila-informa\/joaqun-antonio-pino-reelegido-presidente-provincial-de-asaja-en-vila#primaryimage"},"image":{"@id":"https:\/\/www.asajacyl.com\/avila\/asaja-avila-informa\/joaqun-antonio-pino-reelegido-presidente-provincial-de-asaja-en-vila#primaryimage"},"thumbnailUrl":"https:\/\/www.asajacyl.com\/avila\/wp-content\/uploads\/sites\/4\/2017\/12\/img_71995.jpg","datePublished":"2017-06-05T22:00:00+00:00","author":{"@id":"https:\/\/www.asajacyl.com\/avila\/#\/schema\/person\/7e884476cee132331142e8ac9689f20c"},"description":"La organizaci&#243;n agraria incorpora sabia joven en sus &#243;rganos de direcci&#243;n y crea el 'Consejo Asesor'","breadcrumb":{"@id":"https:\/\/www.asajacyl.com\/avila\/asaja-avila-informa\/joaqun-antonio-pino-reelegido-presidente-provincial-de-asaja-en-vila#breadcrumb"},"inLanguage":"es","potentialAction":[{"@type":"ReadAction","target":["https:\/\/www.asajacyl.com\/avila\/asaja-avila-informa\/joaqun-antonio-pino-reelegido-presidente-provincial-de-asaja-en-vila"]}]},{"@type":"ImageObject","inLanguage":"es","@id":"https:\/\/www.asajacyl.com\/avila\/asaja-avila-informa\/joaqun-antonio-pino-reelegido-presidente-provincial-de-asaja-en-vila#primaryimage","url":"https:\/\/www.asajacyl.com\/avila\/wp-content\/uploads\/sites\/4\/2017\/12\/img_71995.jpg","contentUrl":"https:\/\/www.asajacyl.com\/avila\/wp-content\/uploads\/sites\/4\/2017\/12\/img_71995.jpg","width":670,"height":445},{"@type":"BreadcrumbList","@id":"https:\/\/www.asajacyl.com\/avila\/asaja-avila-informa\/joaqun-antonio-pino-reelegido-presidente-provincial-de-asaja-en-vila#breadcrumb","itemListElement":[{"@type":"ListItem","position":1,"name":"Portada","item":"https:\/\/www.asajacyl.com\/avila\/"},{"@type":"ListItem","position":2,"name":"Joaqu&#237;n Antonio Pino, reelegido presidente provincial de ASAJA en &#193;vila"}]},{"@type":"WebSite","@id":"https:\/\/www.asajacyl.com\/avila\/#website","url":"https:\/\/www.asajacyl.com\/avila\/","name":"ASAJA \u00c1vila","description":"Otro sitio m\u00e1s de Provincias ASAJA Castilla y Le\u00f3n","potentialAction":[{"@type":"SearchAction","target":{"@type":"EntryPoint","urlTemplate":"https:\/\/www.asajacyl.com\/avila\/?s={search_term_string}"},"query-input":{"@type":"PropertyValueSpecification","valueRequired":true,"valueName":"search_term_string"}}],"inLanguage":"es"},{"@type":"Person","@id":"https:\/\/www.asajacyl.com\/avila\/#\/schema\/person\/7e884476cee132331142e8ac9689f20c","name":"Editor","image":{"@type":"ImageObject","inLanguage":"es","@id":"https:\/\/www.asajacyl.com\/avila\/#\/schema\/person\/image\/","url":"https:\/\/secure.gravatar.com\/avatar\/a2ef43c165669686cfcfb0e1ffa59869?s=96&d=mm&r=g","contentUrl":"https:\/\/secure.gravatar.com\/avatar\/a2ef43c165669686cfcfb0e1ffa59869?s=96&d=mm&r=g","caption":"Editor"},"url":"https:\/\/www.asajacyl.com\/avila\/author\/oscargg"}]}},"_links":{"self":[{"href":"https:\/\/www.asajacyl.com\/avila\/wp-json\/wp\/v2\/posts\/896"}],"collection":[{"href":"https:\/\/www.asajacyl.com\/avila\/wp-json\/wp\/v2\/posts"}],"about":[{"href":"https:\/\/www.asajacyl.com\/avila\/wp-json\/wp\/v2\/types\/post"}],"author":[{"embeddable":true,"href":"https:\/\/www.asajacyl.com\/avila\/wp-json\/wp\/v2\/users\/3"}],"replies":[{"embeddable":true,"href":"https:\/\/www.asajacyl.com\/avila\/wp-json\/wp\/v2\/comments?post=896"}],"version-history":[{"count":0,"href":"https:\/\/www.asajacyl.com\/avila\/wp-json\/wp\/v2\/posts\/896\/revisions"}],"wp:featuredmedia":[{"embeddable":true,"href":"https:\/\/www.asajacyl.com\/avila\/wp-json\/wp\/v2\/media\/897"}],"wp:attachment":[{"href":"https:\/\/www.asajacyl.com\/avila\/wp-json\/wp\/v2\/media?parent=896"}],"wp:term":[{"taxonomy":"category","embeddable":true,"href":"https:\/\/www.asajacyl.com\/avila\/wp-json\/wp\/v2\/categories?post=896"},{"taxonomy":"post_tag","embeddable":true,"href":"https:\/\/www.asajacyl.com\/avila\/wp-json\/wp\/v2\/tags?post=896"}],"curies":[{"name":"wp","href":"https:\/\/api.w.org\/{rel}","templated":true}]}}