{"id":956,"date":"2017-02-28T00:00:00","date_gmt":"2017-02-27T23:00:00","guid":{"rendered":"http:\/\/www.asajacyl.com\/avila\/sin-categoria\/nuevo-ataque-de-lobos-en-la-aldehuela"},"modified":"2017-02-28T00:00:00","modified_gmt":"2017-02-27T23:00:00","slug":"nuevo-ataque-de-lobos-en-la-aldehuela","status":"publish","type":"post","link":"https:\/\/www.asajacyl.com\/avila\/asaja-avila-informa\/nuevo-ataque-de-lobos-en-la-aldehuela","title":{"rendered":"Nuevo ataque de lobos en La Aldehuela"},"content":{"rendered":"<h2>Una explotaci&#243;n ganadera de La Aldehuela ha sufrido un ataque de lobo en la noche del domingo al lunes.<\/h2>\n<p>\nUna explotaci&#243;n ganadera de La Aldehuela ha sufrido un ataque de lobo en la noche del domingo al lunes. Los c&#225;nidos han acabado con la vida de una ternera de tan solo tres d&#237;as, a la que han devorado parcialmente las nalgas, la paletilla y una oreja. Los agentes medioambientales de la Junta de Castilla y Le&#243;n han certificado que se trata de un ataque de lobo. La Asociaci&#243;n Agraria <em>J&#243;venes Agricultores <\/em>(ASAJA) de &#193;vila reitera que es necesario efectuar de forma inmediata un nuevo control poblacional en la comarca de Barco-Piedrah&#237;ta-Gredos.<\/p>\n<p>\n&#160;<\/p>\n<p>\nEl ganadero afectado ha sufrido ya varios ataques en su explotaci&#243;n de ganado vacuno en extensivo desde el oto&#241;o, y la zona ha visto incrementada la presi&#243;n de los lobos en los &#250;ltimos meses. Ante el incremento de ataques al ganado y la situaci&#243;n de la ganader&#237;a de vacuno, el ganadero ha lamentado que la consecuencia directa ser&#225; la desaparici&#243;n de la actividad ganadera de los pueblos y con ello la p&#233;rdida de empleos y riqueza y la mayor despoblaci&#243;n de los n&#250;cleos rurales.<\/p>\n<p>\n&#160;&#160;&#160;&#160;&#160;&#160;&#160;&#160;&#160;&#160;&#160;<\/p>\n<p>\nASAJA exige de nuevo al Ministerio de Agricultura, Pesca, Alimentaci&#243;n y Medio Ambiente (MAPAMA) y a la Junta de Castilla y Le&#243;n soluciones definitivas a los ataques de lobo, que pasan por la intensificaci&#243;n del control de la poblaci&#243;n de estos animales salvajes en la provincia, con nuevas autorizaciones para la comarca de Barco-Piedrah&#237;ta-Gredos, y tambi&#233;n la actualizaci&#243;n de los baremos de las indemnizaciones que cobran los ganaderos.<\/p>\n<p>\n&#160;<\/p>\n<p>\nDesde ASAJA se recomienda a los ganaderos que deben dar parte de estos ataques a los agentes medioambientales de la Junta de Castilla y Le&#243;n de forma inmediata, antes de que transcurran 48 horas, incluyendo fines de semana y festivos. La Junta de Castilla y Le&#243;n aconseja que los animales no se trasladen del lugar donde fueron encontrados y que se tapen con pl&#225;sticos para evitar la acci&#243;n de otros depredadores o carro&#241;eros, a la espera de la llegada de los agentes que puedan certificar el ataque de lobo.<\/p>\n","protected":false},"excerpt":{"rendered":"<p>Una explotaci&#243;n ganadera de La Aldehuela ha sufrido un ataque de lobo en la noche del domingo al lunes.<\/p>\n","protected":false},"author":3,"featured_media":957,"comment_status":"open","ping_status":"open","sticky":false,"template":"","format":"standard","meta":{"footnotes":""},"categories":[8,18],"tags":[],"yoast_head":"<!-- This site is optimized with the Yoast SEO plugin v24.5 - https:\/\/yoast.com\/wordpress\/plugins\/seo\/ -->\n<title>Nuevo ataque de lobos en La Aldehuela - ASAJA \u00c1vila<\/title>\n<meta name=\"description\" content=\"Una explotaci&#243;n ganadera de La Aldehuela ha sufrido un ataque de lobo en la noche del domingo al lunes.\" \/>\n<meta name=\"robots\" content=\"index, follow, max-snippet:-1, max-image-preview:large, max-video-preview:-1\" \/>\n<link rel=\"canonical\" href=\"https:\/\/www.asajacyl.com\/avila\/asaja-avila-informa\/nuevo-ataque-de-lobos-en-la-aldehuela\" \/>\n<meta property=\"og:locale\" content=\"es_ES\" \/>\n<meta property=\"og:type\" content=\"article\" \/>\n<meta property=\"og:title\" content=\"Nuevo ataque de lobos en La Aldehuela - ASAJA \u00c1vila\" \/>\n<meta property=\"og:description\" content=\"Una explotaci&#243;n ganadera de La Aldehuela ha sufrido un ataque de lobo en la noche del domingo al lunes.\" \/>\n<meta property=\"og:url\" content=\"https:\/\/www.asajacyl.com\/avila\/asaja-avila-informa\/nuevo-ataque-de-lobos-en-la-aldehuela\" \/>\n<meta property=\"og:site_name\" content=\"ASAJA \u00c1vila\" \/>\n<meta property=\"article:published_time\" content=\"2017-02-27T23:00:00+00:00\" \/>\n<meta property=\"og:image\" content=\"https:\/\/www.asajacyl.com\/avila\/wp-content\/uploads\/sites\/4\/2017\/12\/ataqueloboaldehuela28022017.jpg\" \/>\n\t<meta property=\"og:image:width\" content=\"1600\" \/>\n\t<meta property=\"og:image:height\" content=\"1200\" \/>\n\t<meta property=\"og:image:type\" content=\"image\/jpeg\" \/>\n<meta name=\"author\" content=\"Editor\" \/>\n<meta name=\"twitter:card\" content=\"summary_large_image\" \/>\n<meta name=\"twitter:label1\" content=\"Escrito por\" \/>\n\t<meta name=\"twitter:data1\" content=\"Editor\" \/>\n\t<meta name=\"twitter:label2\" content=\"Tiempo de lectura\" \/>\n\t<meta name=\"twitter:data2\" content=\"2 minutos\" \/>\n<script type=\"application\/ld+json\" class=\"yoast-schema-graph\">{\"@context\":\"https:\/\/schema.org\",\"@graph\":[{\"@type\":\"WebPage\",\"@id\":\"https:\/\/www.asajacyl.com\/avila\/asaja-avila-informa\/nuevo-ataque-de-lobos-en-la-aldehuela\",\"url\":\"https:\/\/www.asajacyl.com\/avila\/asaja-avila-informa\/nuevo-ataque-de-lobos-en-la-aldehuela\",\"name\":\"Nuevo ataque de lobos en La Aldehuela - ASAJA \u00c1vila\",\"isPartOf\":{\"@id\":\"https:\/\/www.asajacyl.com\/avila\/#website\"},\"primaryImageOfPage\":{\"@id\":\"https:\/\/www.asajacyl.com\/avila\/asaja-avila-informa\/nuevo-ataque-de-lobos-en-la-aldehuela#primaryimage\"},\"image\":{\"@id\":\"https:\/\/www.asajacyl.com\/avila\/asaja-avila-informa\/nuevo-ataque-de-lobos-en-la-aldehuela#primaryimage\"},\"thumbnailUrl\":\"https:\/\/www.asajacyl.com\/avila\/wp-content\/uploads\/sites\/4\/2017\/12\/ataqueloboaldehuela28022017.jpg\",\"datePublished\":\"2017-02-27T23:00:00+00:00\",\"author\":{\"@id\":\"https:\/\/www.asajacyl.com\/avila\/#\/schema\/person\/7e884476cee132331142e8ac9689f20c\"},\"description\":\"Una explotaci&#243;n ganadera de La Aldehuela ha sufrido un ataque de lobo en la noche del domingo al lunes.\",\"breadcrumb\":{\"@id\":\"https:\/\/www.asajacyl.com\/avila\/asaja-avila-informa\/nuevo-ataque-de-lobos-en-la-aldehuela#breadcrumb\"},\"inLanguage\":\"es\",\"potentialAction\":[{\"@type\":\"ReadAction\",\"target\":[\"https:\/\/www.asajacyl.com\/avila\/asaja-avila-informa\/nuevo-ataque-de-lobos-en-la-aldehuela\"]}]},{\"@type\":\"ImageObject\",\"inLanguage\":\"es\",\"@id\":\"https:\/\/www.asajacyl.com\/avila\/asaja-avila-informa\/nuevo-ataque-de-lobos-en-la-aldehuela#primaryimage\",\"url\":\"https:\/\/www.asajacyl.com\/avila\/wp-content\/uploads\/sites\/4\/2017\/12\/ataqueloboaldehuela28022017.jpg\",\"contentUrl\":\"https:\/\/www.asajacyl.com\/avila\/wp-content\/uploads\/sites\/4\/2017\/12\/ataqueloboaldehuela28022017.jpg\",\"width\":1600,\"height\":1200},{\"@type\":\"BreadcrumbList\",\"@id\":\"https:\/\/www.asajacyl.com\/avila\/asaja-avila-informa\/nuevo-ataque-de-lobos-en-la-aldehuela#breadcrumb\",\"itemListElement\":[{\"@type\":\"ListItem\",\"position\":1,\"name\":\"Portada\",\"item\":\"https:\/\/www.asajacyl.com\/avila\/\"},{\"@type\":\"ListItem\",\"position\":2,\"name\":\"Nuevo ataque de lobos en La Aldehuela\"}]},{\"@type\":\"WebSite\",\"@id\":\"https:\/\/www.asajacyl.com\/avila\/#website\",\"url\":\"https:\/\/www.asajacyl.com\/avila\/\",\"name\":\"ASAJA \u00c1vila\",\"description\":\"Otro sitio m\u00e1s de Provincias ASAJA Castilla y Le\u00f3n\",\"potentialAction\":[{\"@type\":\"SearchAction\",\"target\":{\"@type\":\"EntryPoint\",\"urlTemplate\":\"https:\/\/www.asajacyl.com\/avila\/?s={search_term_string}\"},\"query-input\":{\"@type\":\"PropertyValueSpecification\",\"valueRequired\":true,\"valueName\":\"search_term_string\"}}],\"inLanguage\":\"es\"},{\"@type\":\"Person\",\"@id\":\"https:\/\/www.asajacyl.com\/avila\/#\/schema\/person\/7e884476cee132331142e8ac9689f20c\",\"name\":\"Editor\",\"image\":{\"@type\":\"ImageObject\",\"inLanguage\":\"es\",\"@id\":\"https:\/\/www.asajacyl.com\/avila\/#\/schema\/person\/image\/\",\"url\":\"https:\/\/secure.gravatar.com\/avatar\/a2ef43c165669686cfcfb0e1ffa59869?s=96&d=mm&r=g\",\"contentUrl\":\"https:\/\/secure.gravatar.com\/avatar\/a2ef43c165669686cfcfb0e1ffa59869?s=96&d=mm&r=g\",\"caption\":\"Editor\"},\"url\":\"https:\/\/www.asajacyl.com\/avila\/author\/oscargg\"}]}<\/script>\n<!-- \/ Yoast SEO plugin. -->","yoast_head_json":{"title":"Nuevo ataque de lobos en La Aldehuela - ASAJA \u00c1vila","description":"Una explotaci&#243;n ganadera de La Aldehuela ha sufrido un ataque de lobo en la noche del domingo al lunes.","robots":{"index":"index","follow":"follow","max-snippet":"max-snippet:-1","max-image-preview":"max-image-preview:large","max-video-preview":"max-video-preview:-1"},"canonical":"https:\/\/www.asajacyl.com\/avila\/asaja-avila-informa\/nuevo-ataque-de-lobos-en-la-aldehuela","og_locale":"es_ES","og_type":"article","og_title":"Nuevo ataque de lobos en La Aldehuela - ASAJA \u00c1vila","og_description":"Una explotaci&#243;n ganadera de La Aldehuela ha sufrido un ataque de lobo en la noche del domingo al lunes.","og_url":"https:\/\/www.asajacyl.com\/avila\/asaja-avila-informa\/nuevo-ataque-de-lobos-en-la-aldehuela","og_site_name":"ASAJA \u00c1vila","article_published_time":"2017-02-27T23:00:00+00:00","og_image":[{"width":1600,"height":1200,"url":"https:\/\/www.asajacyl.com\/avila\/wp-content\/uploads\/sites\/4\/2017\/12\/ataqueloboaldehuela28022017.jpg","type":"image\/jpeg"}],"author":"Editor","twitter_card":"summary_large_image","twitter_misc":{"Escrito por":"Editor","Tiempo de lectura":"2 minutos"},"schema":{"@context":"https:\/\/schema.org","@graph":[{"@type":"WebPage","@id":"https:\/\/www.asajacyl.com\/avila\/asaja-avila-informa\/nuevo-ataque-de-lobos-en-la-aldehuela","url":"https:\/\/www.asajacyl.com\/avila\/asaja-avila-informa\/nuevo-ataque-de-lobos-en-la-aldehuela","name":"Nuevo ataque de lobos en La Aldehuela - ASAJA \u00c1vila","isPartOf":{"@id":"https:\/\/www.asajacyl.com\/avila\/#website"},"primaryImageOfPage":{"@id":"https:\/\/www.asajacyl.com\/avila\/asaja-avila-informa\/nuevo-ataque-de-lobos-en-la-aldehuela#primaryimage"},"image":{"@id":"https:\/\/www.asajacyl.com\/avila\/asaja-avila-informa\/nuevo-ataque-de-lobos-en-la-aldehuela#primaryimage"},"thumbnailUrl":"https:\/\/www.asajacyl.com\/avila\/wp-content\/uploads\/sites\/4\/2017\/12\/ataqueloboaldehuela28022017.jpg","datePublished":"2017-02-27T23:00:00+00:00","author":{"@id":"https:\/\/www.asajacyl.com\/avila\/#\/schema\/person\/7e884476cee132331142e8ac9689f20c"},"description":"Una explotaci&#243;n ganadera de La Aldehuela ha sufrido un ataque de lobo en la noche del domingo al lunes.","breadcrumb":{"@id":"https:\/\/www.asajacyl.com\/avila\/asaja-avila-informa\/nuevo-ataque-de-lobos-en-la-aldehuela#breadcrumb"},"inLanguage":"es","potentialAction":[{"@type":"ReadAction","target":["https:\/\/www.asajacyl.com\/avila\/asaja-avila-informa\/nuevo-ataque-de-lobos-en-la-aldehuela"]}]},{"@type":"ImageObject","inLanguage":"es","@id":"https:\/\/www.asajacyl.com\/avila\/asaja-avila-informa\/nuevo-ataque-de-lobos-en-la-aldehuela#primaryimage","url":"https:\/\/www.asajacyl.com\/avila\/wp-content\/uploads\/sites\/4\/2017\/12\/ataqueloboaldehuela28022017.jpg","contentUrl":"https:\/\/www.asajacyl.com\/avila\/wp-content\/uploads\/sites\/4\/2017\/12\/ataqueloboaldehuela28022017.jpg","width":1600,"height":1200},{"@type":"BreadcrumbList","@id":"https:\/\/www.asajacyl.com\/avila\/asaja-avila-informa\/nuevo-ataque-de-lobos-en-la-aldehuela#breadcrumb","itemListElement":[{"@type":"ListItem","position":1,"name":"Portada","item":"https:\/\/www.asajacyl.com\/avila\/"},{"@type":"ListItem","position":2,"name":"Nuevo ataque de lobos en La Aldehuela"}]},{"@type":"WebSite","@id":"https:\/\/www.asajacyl.com\/avila\/#website","url":"https:\/\/www.asajacyl.com\/avila\/","name":"ASAJA \u00c1vila","description":"Otro sitio m\u00e1s de Provincias ASAJA Castilla y Le\u00f3n","potentialAction":[{"@type":"SearchAction","target":{"@type":"EntryPoint","urlTemplate":"https:\/\/www.asajacyl.com\/avila\/?s={search_term_string}"},"query-input":{"@type":"PropertyValueSpecification","valueRequired":true,"valueName":"search_term_string"}}],"inLanguage":"es"},{"@type":"Person","@id":"https:\/\/www.asajacyl.com\/avila\/#\/schema\/person\/7e884476cee132331142e8ac9689f20c","name":"Editor","image":{"@type":"ImageObject","inLanguage":"es","@id":"https:\/\/www.asajacyl.com\/avila\/#\/schema\/person\/image\/","url":"https:\/\/secure.gravatar.com\/avatar\/a2ef43c165669686cfcfb0e1ffa59869?s=96&d=mm&r=g","contentUrl":"https:\/\/secure.gravatar.com\/avatar\/a2ef43c165669686cfcfb0e1ffa59869?s=96&d=mm&r=g","caption":"Editor"},"url":"https:\/\/www.asajacyl.com\/avila\/author\/oscargg"}]}},"_links":{"self":[{"href":"https:\/\/www.asajacyl.com\/avila\/wp-json\/wp\/v2\/posts\/956"}],"collection":[{"href":"https:\/\/www.asajacyl.com\/avila\/wp-json\/wp\/v2\/posts"}],"about":[{"href":"https:\/\/www.asajacyl.com\/avila\/wp-json\/wp\/v2\/types\/post"}],"author":[{"embeddable":true,"href":"https:\/\/www.asajacyl.com\/avila\/wp-json\/wp\/v2\/users\/3"}],"replies":[{"embeddable":true,"href":"https:\/\/www.asajacyl.com\/avila\/wp-json\/wp\/v2\/comments?post=956"}],"version-history":[{"count":0,"href":"https:\/\/www.asajacyl.com\/avila\/wp-json\/wp\/v2\/posts\/956\/revisions"}],"wp:featuredmedia":[{"embeddable":true,"href":"https:\/\/www.asajacyl.com\/avila\/wp-json\/wp\/v2\/media\/957"}],"wp:attachment":[{"href":"https:\/\/www.asajacyl.com\/avila\/wp-json\/wp\/v2\/media?parent=956"}],"wp:term":[{"taxonomy":"category","embeddable":true,"href":"https:\/\/www.asajacyl.com\/avila\/wp-json\/wp\/v2\/categories?post=956"},{"taxonomy":"post_tag","embeddable":true,"href":"https:\/\/www.asajacyl.com\/avila\/wp-json\/wp\/v2\/tags?post=956"}],"curies":[{"name":"wp","href":"https:\/\/api.w.org\/{rel}","templated":true}]}}