{"id":3201,"date":"2026-02-04T11:21:40","date_gmt":"2026-02-04T10:21:40","guid":{"rendered":"https:\/\/www.asajacyl.com\/burgos\/?p=3201"},"modified":"2026-03-06T14:46:31","modified_gmt":"2026-03-06T13:46:31","slug":"asaja-burgos-defiende-la-unidad-de-accion-en-el-sector-primario-por-tanto-el-proximo-11-de-febrero-miercoles-nos-manifestaremos-en-madrid-reserva-tu-plaza-de-autobus-antes-del-lunes-a-las-11","status":"publish","type":"post","link":"https:\/\/www.asajacyl.com\/burgos\/asaja-burgos-informa\/noticias\/asaja-burgos-defiende-la-unidad-de-accion-en-el-sector-primario-por-tanto-el-proximo-11-de-febrero-miercoles-nos-manifestaremos-en-madrid-reserva-tu-plaza-de-autobus-antes-del-lunes-a-las-11","title":{"rendered":"ASAJA-Burgos defiende la UNIDAD DE ACCI\u00d3N en el sector primario, por tanto el pr\u00f3ximo 11 de febrero (mi\u00e9rcoles) nos manifestaremos en Madrid. Reserva tu plaza de autob\u00fas antes del lunes a las 11\u201900 horas."},"content":{"rendered":"\n<figure class=\"wp-block-image size-large\"><img loading=\"lazy\" decoding=\"async\" width=\"1024\" height=\"682\" src=\"https:\/\/www.asajacyl.com\/burgos\/wp-content\/uploads\/sites\/5\/2026\/02\/TPKSKZOAXFB7ZJO33QMOXV7GCA-1-1024x682.jpg\" alt=\"\" class=\"wp-image-3198\" srcset=\"https:\/\/www.asajacyl.com\/burgos\/wp-content\/uploads\/sites\/5\/2026\/02\/TPKSKZOAXFB7ZJO33QMOXV7GCA-1-1024x682.jpg 1024w, https:\/\/www.asajacyl.com\/burgos\/wp-content\/uploads\/sites\/5\/2026\/02\/TPKSKZOAXFB7ZJO33QMOXV7GCA-1-300x200.jpg 300w, https:\/\/www.asajacyl.com\/burgos\/wp-content\/uploads\/sites\/5\/2026\/02\/TPKSKZOAXFB7ZJO33QMOXV7GCA-1-768x511.jpg 768w, https:\/\/www.asajacyl.com\/burgos\/wp-content\/uploads\/sites\/5\/2026\/02\/TPKSKZOAXFB7ZJO33QMOXV7GCA-1-631x420.jpg 631w, https:\/\/www.asajacyl.com\/burgos\/wp-content\/uploads\/sites\/5\/2026\/02\/TPKSKZOAXFB7ZJO33QMOXV7GCA-1-696x463.jpg 696w, https:\/\/www.asajacyl.com\/burgos\/wp-content\/uploads\/sites\/5\/2026\/02\/TPKSKZOAXFB7ZJO33QMOXV7GCA-1-1068x711.jpg 1068w, https:\/\/www.asajacyl.com\/burgos\/wp-content\/uploads\/sites\/5\/2026\/02\/TPKSKZOAXFB7ZJO33QMOXV7GCA-1.jpg 1200w\" sizes=\"(max-width: 1024px) 100vw, 1024px\" \/><\/figure>\n","protected":false},"excerpt":{"rendered":"","protected":false},"author":7,"featured_media":3198,"comment_status":"open","ping_status":"open","sticky":false,"template":"","format":"standard","meta":{"footnotes":""},"categories":[29],"tags":[],"yoast_head":"<!-- This site is optimized with the Yoast SEO plugin v24.5 - https:\/\/yoast.com\/wordpress\/plugins\/seo\/ -->\n<title>ASAJA-Burgos defiende la UNIDAD DE ACCI\u00d3N en el sector primario, por tanto el pr\u00f3ximo 11 de febrero (mi\u00e9rcoles) nos manifestaremos en Madrid. Reserva tu plaza de autob\u00fas antes del lunes a las 11\u201900 horas. - ASAJA Burgos<\/title>\n<meta name=\"robots\" content=\"index, follow, max-snippet:-1, max-image-preview:large, max-video-preview:-1\" \/>\n<link rel=\"canonical\" href=\"https:\/\/www.asajacyl.com\/burgos\/asaja-burgos-informa\/noticias\/asaja-burgos-defiende-la-unidad-de-accion-en-el-sector-primario-por-tanto-el-proximo-11-de-febrero-miercoles-nos-manifestaremos-en-madrid-reserva-tu-plaza-de-autobus-antes-del-lunes-a-las-11\" \/>\n<meta property=\"og:locale\" content=\"es_ES\" \/>\n<meta property=\"og:type\" content=\"article\" \/>\n<meta property=\"og:title\" content=\"ASAJA-Burgos defiende la UNIDAD DE ACCI\u00d3N en el sector primario, por tanto el pr\u00f3ximo 11 de febrero (mi\u00e9rcoles) nos manifestaremos en Madrid. Reserva tu plaza de autob\u00fas antes del lunes a las 11\u201900 horas. - ASAJA Burgos\" \/>\n<meta property=\"og:url\" content=\"https:\/\/www.asajacyl.com\/burgos\/asaja-burgos-informa\/noticias\/asaja-burgos-defiende-la-unidad-de-accion-en-el-sector-primario-por-tanto-el-proximo-11-de-febrero-miercoles-nos-manifestaremos-en-madrid-reserva-tu-plaza-de-autobus-antes-del-lunes-a-las-11\" \/>\n<meta property=\"og:site_name\" content=\"ASAJA Burgos\" \/>\n<meta property=\"article:published_time\" content=\"2026-02-04T10:21:40+00:00\" \/>\n<meta property=\"article:modified_time\" content=\"2026-03-06T13:46:31+00:00\" \/>\n<meta property=\"og:image\" content=\"https:\/\/www.asajacyl.com\/burgos\/wp-content\/uploads\/sites\/5\/2026\/02\/TPKSKZOAXFB7ZJO33QMOXV7GCA-1.jpg\" \/>\n\t<meta property=\"og:image:width\" content=\"1200\" \/>\n\t<meta property=\"og:image:height\" content=\"799\" \/>\n\t<meta property=\"og:image:type\" content=\"image\/jpeg\" \/>\n<meta name=\"author\" content=\"Yasmara Garc\u00eda M\u00ednguez\" \/>\n<meta name=\"twitter:card\" content=\"summary_large_image\" \/>\n<meta name=\"twitter:label1\" content=\"Escrito por\" \/>\n\t<meta name=\"twitter:data1\" content=\"Yasmara Garc\u00eda M\u00ednguez\" \/>\n\t<meta name=\"twitter:label2\" content=\"Tiempo de lectura\" \/>\n\t<meta name=\"twitter:data2\" content=\"1 minuto\" \/>\n<script type=\"application\/ld+json\" class=\"yoast-schema-graph\">{\"@context\":\"https:\/\/schema.org\",\"@graph\":[{\"@type\":\"WebPage\",\"@id\":\"https:\/\/www.asajacyl.com\/burgos\/asaja-burgos-informa\/noticias\/asaja-burgos-defiende-la-unidad-de-accion-en-el-sector-primario-por-tanto-el-proximo-11-de-febrero-miercoles-nos-manifestaremos-en-madrid-reserva-tu-plaza-de-autobus-antes-del-lunes-a-las-11\",\"url\":\"https:\/\/www.asajacyl.com\/burgos\/asaja-burgos-informa\/noticias\/asaja-burgos-defiende-la-unidad-de-accion-en-el-sector-primario-por-tanto-el-proximo-11-de-febrero-miercoles-nos-manifestaremos-en-madrid-reserva-tu-plaza-de-autobus-antes-del-lunes-a-las-11\",\"name\":\"ASAJA-Burgos defiende la UNIDAD DE ACCI\u00d3N en el sector primario, por tanto el pr\u00f3ximo 11 de febrero (mi\u00e9rcoles) nos manifestaremos en Madrid. Reserva tu plaza de autob\u00fas antes del lunes a las 11\u201900 horas. - ASAJA Burgos\",\"isPartOf\":{\"@id\":\"https:\/\/www.asajacyl.com\/burgos\/#website\"},\"primaryImageOfPage\":{\"@id\":\"https:\/\/www.asajacyl.com\/burgos\/asaja-burgos-informa\/noticias\/asaja-burgos-defiende-la-unidad-de-accion-en-el-sector-primario-por-tanto-el-proximo-11-de-febrero-miercoles-nos-manifestaremos-en-madrid-reserva-tu-plaza-de-autobus-antes-del-lunes-a-las-11#primaryimage\"},\"image\":{\"@id\":\"https:\/\/www.asajacyl.com\/burgos\/asaja-burgos-informa\/noticias\/asaja-burgos-defiende-la-unidad-de-accion-en-el-sector-primario-por-tanto-el-proximo-11-de-febrero-miercoles-nos-manifestaremos-en-madrid-reserva-tu-plaza-de-autobus-antes-del-lunes-a-las-11#primaryimage\"},\"thumbnailUrl\":\"https:\/\/www.asajacyl.com\/burgos\/wp-content\/uploads\/sites\/5\/2026\/02\/TPKSKZOAXFB7ZJO33QMOXV7GCA-1.jpg\",\"datePublished\":\"2026-02-04T10:21:40+00:00\",\"dateModified\":\"2026-03-06T13:46:31+00:00\",\"author\":{\"@id\":\"https:\/\/www.asajacyl.com\/burgos\/#\/schema\/person\/199df73dc79066c3eb37ec2993e7ee18\"},\"breadcrumb\":{\"@id\":\"https:\/\/www.asajacyl.com\/burgos\/asaja-burgos-informa\/noticias\/asaja-burgos-defiende-la-unidad-de-accion-en-el-sector-primario-por-tanto-el-proximo-11-de-febrero-miercoles-nos-manifestaremos-en-madrid-reserva-tu-plaza-de-autobus-antes-del-lunes-a-las-11#breadcrumb\"},\"inLanguage\":\"es\",\"potentialAction\":[{\"@type\":\"ReadAction\",\"target\":[\"https:\/\/www.asajacyl.com\/burgos\/asaja-burgos-informa\/noticias\/asaja-burgos-defiende-la-unidad-de-accion-en-el-sector-primario-por-tanto-el-proximo-11-de-febrero-miercoles-nos-manifestaremos-en-madrid-reserva-tu-plaza-de-autobus-antes-del-lunes-a-las-11\"]}]},{\"@type\":\"ImageObject\",\"inLanguage\":\"es\",\"@id\":\"https:\/\/www.asajacyl.com\/burgos\/asaja-burgos-informa\/noticias\/asaja-burgos-defiende-la-unidad-de-accion-en-el-sector-primario-por-tanto-el-proximo-11-de-febrero-miercoles-nos-manifestaremos-en-madrid-reserva-tu-plaza-de-autobus-antes-del-lunes-a-las-11#primaryimage\",\"url\":\"https:\/\/www.asajacyl.com\/burgos\/wp-content\/uploads\/sites\/5\/2026\/02\/TPKSKZOAXFB7ZJO33QMOXV7GCA-1.jpg\",\"contentUrl\":\"https:\/\/www.asajacyl.com\/burgos\/wp-content\/uploads\/sites\/5\/2026\/02\/TPKSKZOAXFB7ZJO33QMOXV7GCA-1.jpg\",\"width\":1200,\"height\":799},{\"@type\":\"BreadcrumbList\",\"@id\":\"https:\/\/www.asajacyl.com\/burgos\/asaja-burgos-informa\/noticias\/asaja-burgos-defiende-la-unidad-de-accion-en-el-sector-primario-por-tanto-el-proximo-11-de-febrero-miercoles-nos-manifestaremos-en-madrid-reserva-tu-plaza-de-autobus-antes-del-lunes-a-las-11#breadcrumb\",\"itemListElement\":[{\"@type\":\"ListItem\",\"position\":1,\"name\":\"Portada\",\"item\":\"https:\/\/www.asajacyl.com\/burgos\/\"},{\"@type\":\"ListItem\",\"position\":2,\"name\":\"ASAJA-Burgos defiende la UNIDAD DE ACCI\u00d3N en el sector primario, por tanto el pr\u00f3ximo 11 de febrero (mi\u00e9rcoles) nos manifestaremos en Madrid. Reserva tu plaza de autob\u00fas antes del lunes a las 11\u201900 horas.\"}]},{\"@type\":\"WebSite\",\"@id\":\"https:\/\/www.asajacyl.com\/burgos\/#website\",\"url\":\"https:\/\/www.asajacyl.com\/burgos\/\",\"name\":\"ASAJA Burgos\",\"description\":\"Otro sitio m\u00e1s de Provincias ASAJA Castilla y Le\u00f3n\",\"potentialAction\":[{\"@type\":\"SearchAction\",\"target\":{\"@type\":\"EntryPoint\",\"urlTemplate\":\"https:\/\/www.asajacyl.com\/burgos\/?s={search_term_string}\"},\"query-input\":{\"@type\":\"PropertyValueSpecification\",\"valueRequired\":true,\"valueName\":\"search_term_string\"}}],\"inLanguage\":\"es\"},{\"@type\":\"Person\",\"@id\":\"https:\/\/www.asajacyl.com\/burgos\/#\/schema\/person\/199df73dc79066c3eb37ec2993e7ee18\",\"name\":\"Yasmara Garc\u00eda M\u00ednguez\",\"image\":{\"@type\":\"ImageObject\",\"inLanguage\":\"es\",\"@id\":\"https:\/\/www.asajacyl.com\/burgos\/#\/schema\/person\/image\/\",\"url\":\"https:\/\/secure.gravatar.com\/avatar\/d1ee221781c82246aea2a3498afcdb48?s=96&d=mm&r=g\",\"contentUrl\":\"https:\/\/secure.gravatar.com\/avatar\/d1ee221781c82246aea2a3498afcdb48?s=96&d=mm&r=g\",\"caption\":\"Yasmara Garc\u00eda M\u00ednguez\"},\"url\":\"https:\/\/www.asajacyl.com\/burgos\/author\/rafaeldl\"}]}<\/script>\n<!-- \/ Yoast SEO plugin. -->","yoast_head_json":{"title":"ASAJA-Burgos defiende la UNIDAD DE ACCI\u00d3N en el sector primario, por tanto el pr\u00f3ximo 11 de febrero (mi\u00e9rcoles) nos manifestaremos en Madrid. Reserva tu plaza de autob\u00fas antes del lunes a las 11\u201900 horas. - ASAJA Burgos","robots":{"index":"index","follow":"follow","max-snippet":"max-snippet:-1","max-image-preview":"max-image-preview:large","max-video-preview":"max-video-preview:-1"},"canonical":"https:\/\/www.asajacyl.com\/burgos\/asaja-burgos-informa\/noticias\/asaja-burgos-defiende-la-unidad-de-accion-en-el-sector-primario-por-tanto-el-proximo-11-de-febrero-miercoles-nos-manifestaremos-en-madrid-reserva-tu-plaza-de-autobus-antes-del-lunes-a-las-11","og_locale":"es_ES","og_type":"article","og_title":"ASAJA-Burgos defiende la UNIDAD DE ACCI\u00d3N en el sector primario, por tanto el pr\u00f3ximo 11 de febrero (mi\u00e9rcoles) nos manifestaremos en Madrid. Reserva tu plaza de autob\u00fas antes del lunes a las 11\u201900 horas. - ASAJA Burgos","og_url":"https:\/\/www.asajacyl.com\/burgos\/asaja-burgos-informa\/noticias\/asaja-burgos-defiende-la-unidad-de-accion-en-el-sector-primario-por-tanto-el-proximo-11-de-febrero-miercoles-nos-manifestaremos-en-madrid-reserva-tu-plaza-de-autobus-antes-del-lunes-a-las-11","og_site_name":"ASAJA Burgos","article_published_time":"2026-02-04T10:21:40+00:00","article_modified_time":"2026-03-06T13:46:31+00:00","og_image":[{"width":1200,"height":799,"url":"https:\/\/www.asajacyl.com\/burgos\/wp-content\/uploads\/sites\/5\/2026\/02\/TPKSKZOAXFB7ZJO33QMOXV7GCA-1.jpg","type":"image\/jpeg"}],"author":"Yasmara Garc\u00eda M\u00ednguez","twitter_card":"summary_large_image","twitter_misc":{"Escrito por":"Yasmara Garc\u00eda M\u00ednguez","Tiempo de lectura":"1 minuto"},"schema":{"@context":"https:\/\/schema.org","@graph":[{"@type":"WebPage","@id":"https:\/\/www.asajacyl.com\/burgos\/asaja-burgos-informa\/noticias\/asaja-burgos-defiende-la-unidad-de-accion-en-el-sector-primario-por-tanto-el-proximo-11-de-febrero-miercoles-nos-manifestaremos-en-madrid-reserva-tu-plaza-de-autobus-antes-del-lunes-a-las-11","url":"https:\/\/www.asajacyl.com\/burgos\/asaja-burgos-informa\/noticias\/asaja-burgos-defiende-la-unidad-de-accion-en-el-sector-primario-por-tanto-el-proximo-11-de-febrero-miercoles-nos-manifestaremos-en-madrid-reserva-tu-plaza-de-autobus-antes-del-lunes-a-las-11","name":"ASAJA-Burgos defiende la UNIDAD DE ACCI\u00d3N en el sector primario, por tanto el pr\u00f3ximo 11 de febrero (mi\u00e9rcoles) nos manifestaremos en Madrid. Reserva tu plaza de autob\u00fas antes del lunes a las 11\u201900 horas. - ASAJA Burgos","isPartOf":{"@id":"https:\/\/www.asajacyl.com\/burgos\/#website"},"primaryImageOfPage":{"@id":"https:\/\/www.asajacyl.com\/burgos\/asaja-burgos-informa\/noticias\/asaja-burgos-defiende-la-unidad-de-accion-en-el-sector-primario-por-tanto-el-proximo-11-de-febrero-miercoles-nos-manifestaremos-en-madrid-reserva-tu-plaza-de-autobus-antes-del-lunes-a-las-11#primaryimage"},"image":{"@id":"https:\/\/www.asajacyl.com\/burgos\/asaja-burgos-informa\/noticias\/asaja-burgos-defiende-la-unidad-de-accion-en-el-sector-primario-por-tanto-el-proximo-11-de-febrero-miercoles-nos-manifestaremos-en-madrid-reserva-tu-plaza-de-autobus-antes-del-lunes-a-las-11#primaryimage"},"thumbnailUrl":"https:\/\/www.asajacyl.com\/burgos\/wp-content\/uploads\/sites\/5\/2026\/02\/TPKSKZOAXFB7ZJO33QMOXV7GCA-1.jpg","datePublished":"2026-02-04T10:21:40+00:00","dateModified":"2026-03-06T13:46:31+00:00","author":{"@id":"https:\/\/www.asajacyl.com\/burgos\/#\/schema\/person\/199df73dc79066c3eb37ec2993e7ee18"},"breadcrumb":{"@id":"https:\/\/www.asajacyl.com\/burgos\/asaja-burgos-informa\/noticias\/asaja-burgos-defiende-la-unidad-de-accion-en-el-sector-primario-por-tanto-el-proximo-11-de-febrero-miercoles-nos-manifestaremos-en-madrid-reserva-tu-plaza-de-autobus-antes-del-lunes-a-las-11#breadcrumb"},"inLanguage":"es","potentialAction":[{"@type":"ReadAction","target":["https:\/\/www.asajacyl.com\/burgos\/asaja-burgos-informa\/noticias\/asaja-burgos-defiende-la-unidad-de-accion-en-el-sector-primario-por-tanto-el-proximo-11-de-febrero-miercoles-nos-manifestaremos-en-madrid-reserva-tu-plaza-de-autobus-antes-del-lunes-a-las-11"]}]},{"@type":"ImageObject","inLanguage":"es","@id":"https:\/\/www.asajacyl.com\/burgos\/asaja-burgos-informa\/noticias\/asaja-burgos-defiende-la-unidad-de-accion-en-el-sector-primario-por-tanto-el-proximo-11-de-febrero-miercoles-nos-manifestaremos-en-madrid-reserva-tu-plaza-de-autobus-antes-del-lunes-a-las-11#primaryimage","url":"https:\/\/www.asajacyl.com\/burgos\/wp-content\/uploads\/sites\/5\/2026\/02\/TPKSKZOAXFB7ZJO33QMOXV7GCA-1.jpg","contentUrl":"https:\/\/www.asajacyl.com\/burgos\/wp-content\/uploads\/sites\/5\/2026\/02\/TPKSKZOAXFB7ZJO33QMOXV7GCA-1.jpg","width":1200,"height":799},{"@type":"BreadcrumbList","@id":"https:\/\/www.asajacyl.com\/burgos\/asaja-burgos-informa\/noticias\/asaja-burgos-defiende-la-unidad-de-accion-en-el-sector-primario-por-tanto-el-proximo-11-de-febrero-miercoles-nos-manifestaremos-en-madrid-reserva-tu-plaza-de-autobus-antes-del-lunes-a-las-11#breadcrumb","itemListElement":[{"@type":"ListItem","position":1,"name":"Portada","item":"https:\/\/www.asajacyl.com\/burgos\/"},{"@type":"ListItem","position":2,"name":"ASAJA-Burgos defiende la UNIDAD DE ACCI\u00d3N en el sector primario, por tanto el pr\u00f3ximo 11 de febrero (mi\u00e9rcoles) nos manifestaremos en Madrid. Reserva tu plaza de autob\u00fas antes del lunes a las 11\u201900 horas."}]},{"@type":"WebSite","@id":"https:\/\/www.asajacyl.com\/burgos\/#website","url":"https:\/\/www.asajacyl.com\/burgos\/","name":"ASAJA Burgos","description":"Otro sitio m\u00e1s de Provincias ASAJA Castilla y Le\u00f3n","potentialAction":[{"@type":"SearchAction","target":{"@type":"EntryPoint","urlTemplate":"https:\/\/www.asajacyl.com\/burgos\/?s={search_term_string}"},"query-input":{"@type":"PropertyValueSpecification","valueRequired":true,"valueName":"search_term_string"}}],"inLanguage":"es"},{"@type":"Person","@id":"https:\/\/www.asajacyl.com\/burgos\/#\/schema\/person\/199df73dc79066c3eb37ec2993e7ee18","name":"Yasmara Garc\u00eda M\u00ednguez","image":{"@type":"ImageObject","inLanguage":"es","@id":"https:\/\/www.asajacyl.com\/burgos\/#\/schema\/person\/image\/","url":"https:\/\/secure.gravatar.com\/avatar\/d1ee221781c82246aea2a3498afcdb48?s=96&d=mm&r=g","contentUrl":"https:\/\/secure.gravatar.com\/avatar\/d1ee221781c82246aea2a3498afcdb48?s=96&d=mm&r=g","caption":"Yasmara Garc\u00eda M\u00ednguez"},"url":"https:\/\/www.asajacyl.com\/burgos\/author\/rafaeldl"}]}},"_links":{"self":[{"href":"https:\/\/www.asajacyl.com\/burgos\/wp-json\/wp\/v2\/posts\/3201"}],"collection":[{"href":"https:\/\/www.asajacyl.com\/burgos\/wp-json\/wp\/v2\/posts"}],"about":[{"href":"https:\/\/www.asajacyl.com\/burgos\/wp-json\/wp\/v2\/types\/post"}],"author":[{"embeddable":true,"href":"https:\/\/www.asajacyl.com\/burgos\/wp-json\/wp\/v2\/users\/7"}],"replies":[{"embeddable":true,"href":"https:\/\/www.asajacyl.com\/burgos\/wp-json\/wp\/v2\/comments?post=3201"}],"version-history":[{"count":1,"href":"https:\/\/www.asajacyl.com\/burgos\/wp-json\/wp\/v2\/posts\/3201\/revisions"}],"predecessor-version":[{"id":3202,"href":"https:\/\/www.asajacyl.com\/burgos\/wp-json\/wp\/v2\/posts\/3201\/revisions\/3202"}],"wp:featuredmedia":[{"embeddable":true,"href":"https:\/\/www.asajacyl.com\/burgos\/wp-json\/wp\/v2\/media\/3198"}],"wp:attachment":[{"href":"https:\/\/www.asajacyl.com\/burgos\/wp-json\/wp\/v2\/media?parent=3201"}],"wp:term":[{"taxonomy":"category","embeddable":true,"href":"https:\/\/www.asajacyl.com\/burgos\/wp-json\/wp\/v2\/categories?post=3201"},{"taxonomy":"post_tag","embeddable":true,"href":"https:\/\/www.asajacyl.com\/burgos\/wp-json\/wp\/v2\/tags?post=3201"}],"curies":[{"name":"wp","href":"https:\/\/api.w.org\/{rel}","templated":true}]}}