{"id":100,"date":"2017-07-24T00:00:00","date_gmt":"2017-07-23T22:00:00","guid":{"rendered":"https:\/\/www.asajacyl.com\/leon\/2017\/07\/24\/que-nos-dejen-regar-como-toda-la-vida-se-hizo\/"},"modified":"2017-11-14T18:21:52","modified_gmt":"2017-11-14T17:21:52","slug":"que-nos-dejen-regar-como-toda-la-vida-se-hizo","status":"publish","type":"post","link":"https:\/\/www.asajacyl.com\/leon\/asaja-leon-informa\/que-nos-dejen-regar-como-toda-la-vida-se-hizo","title":{"rendered":"Que nos dejen regar como toda la vida se hizo"},"content":{"rendered":"<h2>Sobre el problema del regad&#237;o en la provincia de Le&#243;n no est&#225; todav&#237;a todo dicho ni todo escrito<\/h2>\n<p style=\"text-align: justify;\">\n<span style=\"color:#006400;\"><strong>Que nos dejen regar como toda la vida se hizo<\/strong><\/span><\/p>\n<p style=\"text-align: justify;\">\nSobre el problema del regad&#237;o en la provincia de Le&#243;n no est&#225; todav&#237;a todo dicho ni todo escrito. La p&#233;sima gesti&#243;n de la Confederaci&#243;n Hidrogr&#225;fica del Duero, el nefasto Plan Hidrol&#243;gico de la Cuenca del Duero &#8211;que ASAJA no aprob&#243;- que bendijo el aumento de los caudales ecol&#243;gicos, y la nefasta gesti&#243;n de algunas comunidades de regantes, pueden terminar con la paciencia de miles de agricultores, y lo que es peor, terminar con los ingresos con los que alimentan a sus familias. No es descabellado pensar que el conflicto por el agua de riego&#160; termine con alg&#250;n que otro problema de orden p&#250;blico, de regantes enfrentados con regantes, o de regantes enfrentados con la guarder&#237;a fluvial, o de ambas cuestiones a la vez.<\/p>\n<p style=\"text-align: justify;\">\nEl problema de este a&#241;o deber&#237;a de ser, y no es poco, gestionar la escasa agua que a lo largo de la campa&#241;a han acumulado nuestros pantanos. Pero los listos de la Confederaci&#243;n Hidrogr&#225;fica del Duero han extendido el conflicto, de forma artificial e interesada, a los r&#237;os no regulados con regad&#237;os hist&#243;ricos que toman directamente el agua del cauce, as&#237; como a r&#237;os regulados en el cauce por encima de de los embalses. En estos r&#237;os se da una circunstancia similar a la de otros a&#241;os, ni mejor ni peor, pero este a&#241;o han decretado la prohibici&#243;n de riego para joder, para fastidiar, para demostrar que son autoridad, para ser los m&#225;s chulos de todo el cuerpo de la administraci&#243;n. Han mandado a los guardas del r&#237;o a meter miedo a los agricultores, a j&#243;venes y a viejos, los han mandado a asustar a la gente. Estos sinverg&#252;enzas de la CHD quieren que se sequen nuestros prados, que se arruinen nuestros campos de ma&#237;z y patatas, que a nuestros jubilados se le sequen los productos de la huerta, que se sequen nuestros &#225;rboles, y que nuestros pueblos se conviertan en un erial. Quieren que la ribera se convierta en un secarral como la meseta castellana.<\/p>\n<p style=\"text-align: justify;\">\nAnte este desprop&#243;sito, la recomendaci&#243;n que damos es dirigirse a la Subdelegada del Gobierno en Le&#243;n, y al Delegado de la Junta, pidi&#233;ndole que defiendan nuestros intereses. Que defiendan al campo y a nuestros pueblos, que defiendan nuestro modo de vida por encima de otras modas y consideraciones, y que nos dejen regar como toda la vida se hizo. Pedimos desobedecer a los d&#233;spotas de la Confederaci&#243;n.<\/p>\n<p>\nASAJA. 24\/07\/2017<\/p>\n","protected":false},"excerpt":{"rendered":"<p>Sobre el problema del regad&#237;o en la provincia de Le&#243;n no est&#225; todav&#237;a todo dicho ni todo escrito<\/p>\n","protected":false},"author":3,"featured_media":8174,"comment_status":"open","ping_status":"open","sticky":false,"template":"","format":"standard","meta":{"footnotes":""},"categories":[4,9],"tags":[],"yoast_head":"<!-- This site is optimized with the Yoast SEO plugin v24.5 - https:\/\/yoast.com\/wordpress\/plugins\/seo\/ -->\n<title>Que nos dejen regar como toda la vida se hizo - ASAJA Le\u00f3n<\/title>\n<meta name=\"description\" content=\"Sobre el problema del regad&#237;o en la provincia de Le&#243;n no est&#225; todav&#237;a todo dicho ni todo escrito\" \/>\n<meta name=\"robots\" content=\"index, follow, max-snippet:-1, max-image-preview:large, max-video-preview:-1\" \/>\n<link rel=\"canonical\" href=\"https:\/\/www.asajacyl.com\/leon\/asaja-leon-informa\/que-nos-dejen-regar-como-toda-la-vida-se-hizo\" \/>\n<meta property=\"og:locale\" content=\"es_ES\" \/>\n<meta property=\"og:type\" content=\"article\" \/>\n<meta property=\"og:title\" content=\"Que nos dejen regar como toda la vida se hizo - ASAJA Le\u00f3n\" \/>\n<meta property=\"og:description\" content=\"Sobre el problema del regad&#237;o en la provincia de Le&#243;n no est&#225; todav&#237;a todo dicho ni todo escrito\" \/>\n<meta property=\"og:url\" content=\"https:\/\/www.asajacyl.com\/leon\/asaja-leon-informa\/que-nos-dejen-regar-como-toda-la-vida-se-hizo\" \/>\n<meta property=\"og:site_name\" content=\"ASAJA Le\u00f3n\" \/>\n<meta property=\"article:published_time\" content=\"2017-07-23T22:00:00+00:00\" \/>\n<meta property=\"article:modified_time\" content=\"2017-11-14T17:21:52+00:00\" \/>\n<meta property=\"og:image\" content=\"https:\/\/www.asajacyl.com\/leon\/wp-content\/uploads\/sites\/6\/2017\/11\/im_predefinida_1920x1080.jpg\" \/>\n\t<meta property=\"og:image:width\" content=\"1920\" \/>\n\t<meta property=\"og:image:height\" content=\"1080\" \/>\n\t<meta property=\"og:image:type\" content=\"image\/jpeg\" \/>\n<meta name=\"author\" content=\"Editor\" \/>\n<meta name=\"twitter:card\" content=\"summary_large_image\" \/>\n<meta name=\"twitter:label1\" content=\"Escrito por\" \/>\n\t<meta name=\"twitter:data1\" content=\"Editor\" \/>\n\t<meta name=\"twitter:label2\" content=\"Tiempo de lectura\" \/>\n\t<meta name=\"twitter:data2\" content=\"2 minutos\" \/>\n<script type=\"application\/ld+json\" class=\"yoast-schema-graph\">{\"@context\":\"https:\/\/schema.org\",\"@graph\":[{\"@type\":\"WebPage\",\"@id\":\"https:\/\/www.asajacyl.com\/leon\/asaja-leon-informa\/que-nos-dejen-regar-como-toda-la-vida-se-hizo\",\"url\":\"https:\/\/www.asajacyl.com\/leon\/asaja-leon-informa\/que-nos-dejen-regar-como-toda-la-vida-se-hizo\",\"name\":\"Que nos dejen regar como toda la vida se hizo - ASAJA Le\u00f3n\",\"isPartOf\":{\"@id\":\"https:\/\/www.asajacyl.com\/leon\/#website\"},\"primaryImageOfPage\":{\"@id\":\"https:\/\/www.asajacyl.com\/leon\/asaja-leon-informa\/que-nos-dejen-regar-como-toda-la-vida-se-hizo#primaryimage\"},\"image\":{\"@id\":\"https:\/\/www.asajacyl.com\/leon\/asaja-leon-informa\/que-nos-dejen-regar-como-toda-la-vida-se-hizo#primaryimage\"},\"thumbnailUrl\":\"https:\/\/www.asajacyl.com\/leon\/wp-content\/uploads\/sites\/6\/2017\/11\/im_predefinida_1920x1080.jpg\",\"datePublished\":\"2017-07-23T22:00:00+00:00\",\"dateModified\":\"2017-11-14T17:21:52+00:00\",\"author\":{\"@id\":\"https:\/\/www.asajacyl.com\/leon\/#\/schema\/person\/7e884476cee132331142e8ac9689f20c\"},\"description\":\"Sobre el problema del regad&#237;o en la provincia de Le&#243;n no est&#225; todav&#237;a todo dicho ni todo escrito\",\"breadcrumb\":{\"@id\":\"https:\/\/www.asajacyl.com\/leon\/asaja-leon-informa\/que-nos-dejen-regar-como-toda-la-vida-se-hizo#breadcrumb\"},\"inLanguage\":\"es\",\"potentialAction\":[{\"@type\":\"ReadAction\",\"target\":[\"https:\/\/www.asajacyl.com\/leon\/asaja-leon-informa\/que-nos-dejen-regar-como-toda-la-vida-se-hizo\"]}]},{\"@type\":\"ImageObject\",\"inLanguage\":\"es\",\"@id\":\"https:\/\/www.asajacyl.com\/leon\/asaja-leon-informa\/que-nos-dejen-regar-como-toda-la-vida-se-hizo#primaryimage\",\"url\":\"https:\/\/www.asajacyl.com\/leon\/wp-content\/uploads\/sites\/6\/2017\/11\/im_predefinida_1920x1080.jpg\",\"contentUrl\":\"https:\/\/www.asajacyl.com\/leon\/wp-content\/uploads\/sites\/6\/2017\/11\/im_predefinida_1920x1080.jpg\",\"width\":1920,\"height\":1080,\"caption\":\"Logotipo ASAJA Le\u00f3n\"},{\"@type\":\"BreadcrumbList\",\"@id\":\"https:\/\/www.asajacyl.com\/leon\/asaja-leon-informa\/que-nos-dejen-regar-como-toda-la-vida-se-hizo#breadcrumb\",\"itemListElement\":[{\"@type\":\"ListItem\",\"position\":1,\"name\":\"Portada\",\"item\":\"https:\/\/www.asajacyl.com\/leon\/\"},{\"@type\":\"ListItem\",\"position\":2,\"name\":\"Que nos dejen regar como toda la vida se hizo\"}]},{\"@type\":\"WebSite\",\"@id\":\"https:\/\/www.asajacyl.com\/leon\/#website\",\"url\":\"https:\/\/www.asajacyl.com\/leon\/\",\"name\":\"ASAJA Le\u00f3n\",\"description\":\"Otro sitio m\u00e1s de Provincias ASAJA Castilla y Le\u00f3n\",\"potentialAction\":[{\"@type\":\"SearchAction\",\"target\":{\"@type\":\"EntryPoint\",\"urlTemplate\":\"https:\/\/www.asajacyl.com\/leon\/?s={search_term_string}\"},\"query-input\":{\"@type\":\"PropertyValueSpecification\",\"valueRequired\":true,\"valueName\":\"search_term_string\"}}],\"inLanguage\":\"es\"},{\"@type\":\"Person\",\"@id\":\"https:\/\/www.asajacyl.com\/leon\/#\/schema\/person\/7e884476cee132331142e8ac9689f20c\",\"name\":\"Editor\",\"image\":{\"@type\":\"ImageObject\",\"inLanguage\":\"es\",\"@id\":\"https:\/\/www.asajacyl.com\/leon\/#\/schema\/person\/image\/\",\"url\":\"https:\/\/secure.gravatar.com\/avatar\/a2ef43c165669686cfcfb0e1ffa59869?s=96&d=mm&r=g\",\"contentUrl\":\"https:\/\/secure.gravatar.com\/avatar\/a2ef43c165669686cfcfb0e1ffa59869?s=96&d=mm&r=g\",\"caption\":\"Editor\"},\"url\":\"https:\/\/www.asajacyl.com\/leon\/author\/oscargg\"}]}<\/script>\n<!-- \/ Yoast SEO plugin. -->","yoast_head_json":{"title":"Que nos dejen regar como toda la vida se hizo - ASAJA Le\u00f3n","description":"Sobre el problema del regad&#237;o en la provincia de Le&#243;n no est&#225; todav&#237;a todo dicho ni todo escrito","robots":{"index":"index","follow":"follow","max-snippet":"max-snippet:-1","max-image-preview":"max-image-preview:large","max-video-preview":"max-video-preview:-1"},"canonical":"https:\/\/www.asajacyl.com\/leon\/asaja-leon-informa\/que-nos-dejen-regar-como-toda-la-vida-se-hizo","og_locale":"es_ES","og_type":"article","og_title":"Que nos dejen regar como toda la vida se hizo - ASAJA Le\u00f3n","og_description":"Sobre el problema del regad&#237;o en la provincia de Le&#243;n no est&#225; todav&#237;a todo dicho ni todo escrito","og_url":"https:\/\/www.asajacyl.com\/leon\/asaja-leon-informa\/que-nos-dejen-regar-como-toda-la-vida-se-hizo","og_site_name":"ASAJA Le\u00f3n","article_published_time":"2017-07-23T22:00:00+00:00","article_modified_time":"2017-11-14T17:21:52+00:00","og_image":[{"width":1920,"height":1080,"url":"https:\/\/www.asajacyl.com\/leon\/wp-content\/uploads\/sites\/6\/2017\/11\/im_predefinida_1920x1080.jpg","type":"image\/jpeg"}],"author":"Editor","twitter_card":"summary_large_image","twitter_misc":{"Escrito por":"Editor","Tiempo de lectura":"2 minutos"},"schema":{"@context":"https:\/\/schema.org","@graph":[{"@type":"WebPage","@id":"https:\/\/www.asajacyl.com\/leon\/asaja-leon-informa\/que-nos-dejen-regar-como-toda-la-vida-se-hizo","url":"https:\/\/www.asajacyl.com\/leon\/asaja-leon-informa\/que-nos-dejen-regar-como-toda-la-vida-se-hizo","name":"Que nos dejen regar como toda la vida se hizo - ASAJA Le\u00f3n","isPartOf":{"@id":"https:\/\/www.asajacyl.com\/leon\/#website"},"primaryImageOfPage":{"@id":"https:\/\/www.asajacyl.com\/leon\/asaja-leon-informa\/que-nos-dejen-regar-como-toda-la-vida-se-hizo#primaryimage"},"image":{"@id":"https:\/\/www.asajacyl.com\/leon\/asaja-leon-informa\/que-nos-dejen-regar-como-toda-la-vida-se-hizo#primaryimage"},"thumbnailUrl":"https:\/\/www.asajacyl.com\/leon\/wp-content\/uploads\/sites\/6\/2017\/11\/im_predefinida_1920x1080.jpg","datePublished":"2017-07-23T22:00:00+00:00","dateModified":"2017-11-14T17:21:52+00:00","author":{"@id":"https:\/\/www.asajacyl.com\/leon\/#\/schema\/person\/7e884476cee132331142e8ac9689f20c"},"description":"Sobre el problema del regad&#237;o en la provincia de Le&#243;n no est&#225; todav&#237;a todo dicho ni todo escrito","breadcrumb":{"@id":"https:\/\/www.asajacyl.com\/leon\/asaja-leon-informa\/que-nos-dejen-regar-como-toda-la-vida-se-hizo#breadcrumb"},"inLanguage":"es","potentialAction":[{"@type":"ReadAction","target":["https:\/\/www.asajacyl.com\/leon\/asaja-leon-informa\/que-nos-dejen-regar-como-toda-la-vida-se-hizo"]}]},{"@type":"ImageObject","inLanguage":"es","@id":"https:\/\/www.asajacyl.com\/leon\/asaja-leon-informa\/que-nos-dejen-regar-como-toda-la-vida-se-hizo#primaryimage","url":"https:\/\/www.asajacyl.com\/leon\/wp-content\/uploads\/sites\/6\/2017\/11\/im_predefinida_1920x1080.jpg","contentUrl":"https:\/\/www.asajacyl.com\/leon\/wp-content\/uploads\/sites\/6\/2017\/11\/im_predefinida_1920x1080.jpg","width":1920,"height":1080,"caption":"Logotipo ASAJA Le\u00f3n"},{"@type":"BreadcrumbList","@id":"https:\/\/www.asajacyl.com\/leon\/asaja-leon-informa\/que-nos-dejen-regar-como-toda-la-vida-se-hizo#breadcrumb","itemListElement":[{"@type":"ListItem","position":1,"name":"Portada","item":"https:\/\/www.asajacyl.com\/leon\/"},{"@type":"ListItem","position":2,"name":"Que nos dejen regar como toda la vida se hizo"}]},{"@type":"WebSite","@id":"https:\/\/www.asajacyl.com\/leon\/#website","url":"https:\/\/www.asajacyl.com\/leon\/","name":"ASAJA Le\u00f3n","description":"Otro sitio m\u00e1s de Provincias ASAJA Castilla y Le\u00f3n","potentialAction":[{"@type":"SearchAction","target":{"@type":"EntryPoint","urlTemplate":"https:\/\/www.asajacyl.com\/leon\/?s={search_term_string}"},"query-input":{"@type":"PropertyValueSpecification","valueRequired":true,"valueName":"search_term_string"}}],"inLanguage":"es"},{"@type":"Person","@id":"https:\/\/www.asajacyl.com\/leon\/#\/schema\/person\/7e884476cee132331142e8ac9689f20c","name":"Editor","image":{"@type":"ImageObject","inLanguage":"es","@id":"https:\/\/www.asajacyl.com\/leon\/#\/schema\/person\/image\/","url":"https:\/\/secure.gravatar.com\/avatar\/a2ef43c165669686cfcfb0e1ffa59869?s=96&d=mm&r=g","contentUrl":"https:\/\/secure.gravatar.com\/avatar\/a2ef43c165669686cfcfb0e1ffa59869?s=96&d=mm&r=g","caption":"Editor"},"url":"https:\/\/www.asajacyl.com\/leon\/author\/oscargg"}]}},"_links":{"self":[{"href":"https:\/\/www.asajacyl.com\/leon\/wp-json\/wp\/v2\/posts\/100"}],"collection":[{"href":"https:\/\/www.asajacyl.com\/leon\/wp-json\/wp\/v2\/posts"}],"about":[{"href":"https:\/\/www.asajacyl.com\/leon\/wp-json\/wp\/v2\/types\/post"}],"author":[{"embeddable":true,"href":"https:\/\/www.asajacyl.com\/leon\/wp-json\/wp\/v2\/users\/3"}],"replies":[{"embeddable":true,"href":"https:\/\/www.asajacyl.com\/leon\/wp-json\/wp\/v2\/comments?post=100"}],"version-history":[{"count":2,"href":"https:\/\/www.asajacyl.com\/leon\/wp-json\/wp\/v2\/posts\/100\/revisions"}],"predecessor-version":[{"id":3665,"href":"https:\/\/www.asajacyl.com\/leon\/wp-json\/wp\/v2\/posts\/100\/revisions\/3665"}],"wp:featuredmedia":[{"embeddable":true,"href":"https:\/\/www.asajacyl.com\/leon\/wp-json\/wp\/v2\/media\/8174"}],"wp:attachment":[{"href":"https:\/\/www.asajacyl.com\/leon\/wp-json\/wp\/v2\/media?parent=100"}],"wp:term":[{"taxonomy":"category","embeddable":true,"href":"https:\/\/www.asajacyl.com\/leon\/wp-json\/wp\/v2\/categories?post=100"},{"taxonomy":"post_tag","embeddable":true,"href":"https:\/\/www.asajacyl.com\/leon\/wp-json\/wp\/v2\/tags?post=100"}],"curies":[{"name":"wp","href":"https:\/\/api.w.org\/{rel}","templated":true}]}}