{"id":10189,"date":"2019-06-07T08:47:00","date_gmt":"2019-06-07T06:47:00","guid":{"rendered":"https:\/\/www.asajacyl.com\/leon\/?p=10189"},"modified":"2019-06-07T08:47:00","modified_gmt":"2019-06-07T06:47:00","slug":"campos-de-maiz","status":"publish","type":"post","link":"https:\/\/www.asajacyl.com\/leon\/asaja-leon-informa\/opinion-asaja\/campos-de-maiz","title":{"rendered":"Campos de ma\u00edz"},"content":{"rendered":"<h6>Me veo en la obligaci\u00f3n de hablar y escribir bien del ma\u00edz, pero lo hago sobre todo por convencimiento. Por razones que no comprendo, es un cultivo que no cae bien, se considera as\u00ed como un cultivo invasivo, algo parecido a la repoblaci\u00f3n de los montes con eucaliptos. Cada cierto tiempo le dedico espacio en esta columna de opini\u00f3n y lo ensalzo como el cultivo m\u00e1s importante e imprescindible en la agricultura de regad\u00edo de la provincia de Le\u00f3n. Con m\u00e1s motivo para acordarme de \u00e9l en este momento en el que se ha conocido que batimos record de superficie de siembra, con aproximadamente setenta y dos mil hect\u00e1reas, distanci\u00e1ndonos m\u00e1s de la segunda provincia productora de Espa\u00f1a que es Huesca, y con unas expectativas de producci\u00f3n que pueden superar las novecientas mil toneladas de grano. El ma\u00edz es, y seguir\u00e1 siendo por mucho tiempo, el protagonista indiscutible del sector agroganadero de la provincia de Le\u00f3n, y a su lado hay una importante estructura econ\u00f3mica en el sector de los servicios que ha sobrepasado con creces lo que en su d\u00eda fue el sector remolachero azucarero. Pienso que habr\u00e1 crecimientos de al menos mil hect\u00e1reas al a\u00f1o durante los pr\u00f3ximos diez a\u00f1os, pero mientras eso llega, que no deja de ser un futurible, si este a\u00f1o la cosecha se comporta con normalidad, los productores de ma\u00edz de Le\u00f3n facturar\u00e1n por valor de m\u00e1s de 150 millones de euros, lo que vendr\u00e1 a ser un veintid\u00f3s por ciento del valor de todas las ventas del sector agr\u00edcola y ganadero provincial. Dentro de unas semanas, cuando media Espa\u00f1a est\u00e9 todav\u00eda m\u00e1s seca de lo que ya est\u00e1 ahora, si alguien se toma la molestia de ver una imagen de sat\u00e9lite en tiempo real de la Pen\u00ednsula Ib\u00e9rica, comprobar\u00e1 que la mancha verde homog\u00e9nea de mayor tama\u00f1o est\u00e1 en la provincia de Le\u00f3n, es la que marca el cultivo del ma\u00edz entre los r\u00edos \u00d3rbigo y Esla, desde casi la altura de la capital, hasta la ciudad de Benavente, en la vecina Zamora. En una Espa\u00f1a de rastrojos y eriales muertos, refresca pensar en este gran campo de ma\u00edz con verde insultante.<\/h6>\n<p>*Art\u00edculo de opini\u00f3n de Jos\u00e9 Antonio Turrado publicado en La Nueva Cr\u00f3nica del viernes 7 de junio de 2019.<\/p>\n","protected":false},"excerpt":{"rendered":"<p>Me veo en la obligaci\u00f3n de hablar y escribir bien del ma\u00edz, pero lo hago sobre todo por convencimiento. Por razones que no comprendo, es un cultivo que no cae bien, se considera as\u00ed como un cultivo invasivo, algo parecido a la repoblaci\u00f3n de los montes con eucaliptos. Cada cierto tiempo le dedico espacio en [&hellip;]<\/p>\n","protected":false},"author":8,"featured_media":10192,"comment_status":"open","ping_status":"open","sticky":false,"template":"","format":"standard","meta":{"footnotes":""},"categories":[4,11],"tags":[],"yoast_head":"<!-- This site is optimized with the Yoast SEO plugin v24.5 - https:\/\/yoast.com\/wordpress\/plugins\/seo\/ -->\n<title>Campos de ma\u00edz - ASAJA Le\u00f3n<\/title>\n<meta name=\"description\" content=\"Me veo en la obligaci\u00f3n de hablar y escribir bien del ma\u00edz, pero lo hago sobre todo por convencimiento. Por razones que no comprendo, es un cultivo que no\" \/>\n<meta name=\"robots\" content=\"index, follow, max-snippet:-1, max-image-preview:large, max-video-preview:-1\" \/>\n<link rel=\"canonical\" href=\"https:\/\/www.asajacyl.com\/leon\/asaja-leon-informa\/opinion-asaja\/campos-de-maiz\" \/>\n<meta property=\"og:locale\" content=\"es_ES\" \/>\n<meta property=\"og:type\" content=\"article\" \/>\n<meta property=\"og:title\" content=\"Campos de ma\u00edz - ASAJA Le\u00f3n\" \/>\n<meta property=\"og:description\" content=\"Me veo en la obligaci\u00f3n de hablar y escribir bien del ma\u00edz, pero lo hago sobre todo por convencimiento. Por razones que no comprendo, es un cultivo que no\" \/>\n<meta property=\"og:url\" content=\"https:\/\/www.asajacyl.com\/leon\/asaja-leon-informa\/opinion-asaja\/campos-de-maiz\" \/>\n<meta property=\"og:site_name\" content=\"ASAJA Le\u00f3n\" \/>\n<meta property=\"article:published_time\" content=\"2019-06-07T06:47:00+00:00\" \/>\n<meta property=\"og:image\" content=\"https:\/\/www.asajacyl.com\/leon\/wp-content\/uploads\/sites\/6\/2019\/06\/PLANTA_MAIZ.jpg\" \/>\n\t<meta property=\"og:image:width\" content=\"960\" \/>\n\t<meta property=\"og:image:height\" content=\"642\" \/>\n\t<meta property=\"og:image:type\" content=\"image\/jpeg\" \/>\n<meta name=\"author\" content=\"Eduardo\" \/>\n<meta name=\"twitter:card\" content=\"summary_large_image\" \/>\n<meta name=\"twitter:label1\" content=\"Escrito por\" \/>\n\t<meta name=\"twitter:data1\" content=\"Eduardo\" \/>\n\t<meta name=\"twitter:label2\" content=\"Tiempo de lectura\" \/>\n\t<meta name=\"twitter:data2\" content=\"2 minutos\" \/>\n<script type=\"application\/ld+json\" class=\"yoast-schema-graph\">{\"@context\":\"https:\/\/schema.org\",\"@graph\":[{\"@type\":\"WebPage\",\"@id\":\"https:\/\/www.asajacyl.com\/leon\/asaja-leon-informa\/opinion-asaja\/campos-de-maiz\",\"url\":\"https:\/\/www.asajacyl.com\/leon\/asaja-leon-informa\/opinion-asaja\/campos-de-maiz\",\"name\":\"Campos de ma\u00edz - ASAJA Le\u00f3n\",\"isPartOf\":{\"@id\":\"https:\/\/www.asajacyl.com\/leon\/#website\"},\"primaryImageOfPage\":{\"@id\":\"https:\/\/www.asajacyl.com\/leon\/asaja-leon-informa\/opinion-asaja\/campos-de-maiz#primaryimage\"},\"image\":{\"@id\":\"https:\/\/www.asajacyl.com\/leon\/asaja-leon-informa\/opinion-asaja\/campos-de-maiz#primaryimage\"},\"thumbnailUrl\":\"https:\/\/www.asajacyl.com\/leon\/wp-content\/uploads\/sites\/6\/2019\/06\/PLANTA_MAIZ.jpg\",\"datePublished\":\"2019-06-07T06:47:00+00:00\",\"author\":{\"@id\":\"https:\/\/www.asajacyl.com\/leon\/#\/schema\/person\/a39ff3609fc182e4c789ab486e865d32\"},\"description\":\"Me veo en la obligaci\u00f3n de hablar y escribir bien del ma\u00edz, pero lo hago sobre todo por convencimiento. Por razones que no comprendo, es un cultivo que no\",\"breadcrumb\":{\"@id\":\"https:\/\/www.asajacyl.com\/leon\/asaja-leon-informa\/opinion-asaja\/campos-de-maiz#breadcrumb\"},\"inLanguage\":\"es\",\"potentialAction\":[{\"@type\":\"ReadAction\",\"target\":[\"https:\/\/www.asajacyl.com\/leon\/asaja-leon-informa\/opinion-asaja\/campos-de-maiz\"]}]},{\"@type\":\"ImageObject\",\"inLanguage\":\"es\",\"@id\":\"https:\/\/www.asajacyl.com\/leon\/asaja-leon-informa\/opinion-asaja\/campos-de-maiz#primaryimage\",\"url\":\"https:\/\/www.asajacyl.com\/leon\/wp-content\/uploads\/sites\/6\/2019\/06\/PLANTA_MAIZ.jpg\",\"contentUrl\":\"https:\/\/www.asajacyl.com\/leon\/wp-content\/uploads\/sites\/6\/2019\/06\/PLANTA_MAIZ.jpg\",\"width\":960,\"height\":642},{\"@type\":\"BreadcrumbList\",\"@id\":\"https:\/\/www.asajacyl.com\/leon\/asaja-leon-informa\/opinion-asaja\/campos-de-maiz#breadcrumb\",\"itemListElement\":[{\"@type\":\"ListItem\",\"position\":1,\"name\":\"Portada\",\"item\":\"https:\/\/www.asajacyl.com\/leon\/\"},{\"@type\":\"ListItem\",\"position\":2,\"name\":\"Campos de ma\u00edz\"}]},{\"@type\":\"WebSite\",\"@id\":\"https:\/\/www.asajacyl.com\/leon\/#website\",\"url\":\"https:\/\/www.asajacyl.com\/leon\/\",\"name\":\"ASAJA Le\u00f3n\",\"description\":\"Otro sitio m\u00e1s de Provincias ASAJA Castilla y Le\u00f3n\",\"potentialAction\":[{\"@type\":\"SearchAction\",\"target\":{\"@type\":\"EntryPoint\",\"urlTemplate\":\"https:\/\/www.asajacyl.com\/leon\/?s={search_term_string}\"},\"query-input\":{\"@type\":\"PropertyValueSpecification\",\"valueRequired\":true,\"valueName\":\"search_term_string\"}}],\"inLanguage\":\"es\"},{\"@type\":\"Person\",\"@id\":\"https:\/\/www.asajacyl.com\/leon\/#\/schema\/person\/a39ff3609fc182e4c789ab486e865d32\",\"name\":\"Eduardo\",\"image\":{\"@type\":\"ImageObject\",\"inLanguage\":\"es\",\"@id\":\"https:\/\/www.asajacyl.com\/leon\/#\/schema\/person\/image\/\",\"url\":\"https:\/\/secure.gravatar.com\/avatar\/9ebd6aba21d817dcf9595bc9ca505af5?s=96&d=mm&r=g\",\"contentUrl\":\"https:\/\/secure.gravatar.com\/avatar\/9ebd6aba21d817dcf9595bc9ca505af5?s=96&d=mm&r=g\",\"caption\":\"Eduardo\"},\"url\":\"https:\/\/www.asajacyl.com\/leon\/author\/eduardovv\"}]}<\/script>\n<!-- \/ Yoast SEO plugin. -->","yoast_head_json":{"title":"Campos de ma\u00edz - ASAJA Le\u00f3n","description":"Me veo en la obligaci\u00f3n de hablar y escribir bien del ma\u00edz, pero lo hago sobre todo por convencimiento. Por razones que no comprendo, es un cultivo que no","robots":{"index":"index","follow":"follow","max-snippet":"max-snippet:-1","max-image-preview":"max-image-preview:large","max-video-preview":"max-video-preview:-1"},"canonical":"https:\/\/www.asajacyl.com\/leon\/asaja-leon-informa\/opinion-asaja\/campos-de-maiz","og_locale":"es_ES","og_type":"article","og_title":"Campos de ma\u00edz - ASAJA Le\u00f3n","og_description":"Me veo en la obligaci\u00f3n de hablar y escribir bien del ma\u00edz, pero lo hago sobre todo por convencimiento. Por razones que no comprendo, es un cultivo que no","og_url":"https:\/\/www.asajacyl.com\/leon\/asaja-leon-informa\/opinion-asaja\/campos-de-maiz","og_site_name":"ASAJA Le\u00f3n","article_published_time":"2019-06-07T06:47:00+00:00","og_image":[{"width":960,"height":642,"url":"https:\/\/www.asajacyl.com\/leon\/wp-content\/uploads\/sites\/6\/2019\/06\/PLANTA_MAIZ.jpg","type":"image\/jpeg"}],"author":"Eduardo","twitter_card":"summary_large_image","twitter_misc":{"Escrito por":"Eduardo","Tiempo de lectura":"2 minutos"},"schema":{"@context":"https:\/\/schema.org","@graph":[{"@type":"WebPage","@id":"https:\/\/www.asajacyl.com\/leon\/asaja-leon-informa\/opinion-asaja\/campos-de-maiz","url":"https:\/\/www.asajacyl.com\/leon\/asaja-leon-informa\/opinion-asaja\/campos-de-maiz","name":"Campos de ma\u00edz - ASAJA Le\u00f3n","isPartOf":{"@id":"https:\/\/www.asajacyl.com\/leon\/#website"},"primaryImageOfPage":{"@id":"https:\/\/www.asajacyl.com\/leon\/asaja-leon-informa\/opinion-asaja\/campos-de-maiz#primaryimage"},"image":{"@id":"https:\/\/www.asajacyl.com\/leon\/asaja-leon-informa\/opinion-asaja\/campos-de-maiz#primaryimage"},"thumbnailUrl":"https:\/\/www.asajacyl.com\/leon\/wp-content\/uploads\/sites\/6\/2019\/06\/PLANTA_MAIZ.jpg","datePublished":"2019-06-07T06:47:00+00:00","author":{"@id":"https:\/\/www.asajacyl.com\/leon\/#\/schema\/person\/a39ff3609fc182e4c789ab486e865d32"},"description":"Me veo en la obligaci\u00f3n de hablar y escribir bien del ma\u00edz, pero lo hago sobre todo por convencimiento. Por razones que no comprendo, es un cultivo que no","breadcrumb":{"@id":"https:\/\/www.asajacyl.com\/leon\/asaja-leon-informa\/opinion-asaja\/campos-de-maiz#breadcrumb"},"inLanguage":"es","potentialAction":[{"@type":"ReadAction","target":["https:\/\/www.asajacyl.com\/leon\/asaja-leon-informa\/opinion-asaja\/campos-de-maiz"]}]},{"@type":"ImageObject","inLanguage":"es","@id":"https:\/\/www.asajacyl.com\/leon\/asaja-leon-informa\/opinion-asaja\/campos-de-maiz#primaryimage","url":"https:\/\/www.asajacyl.com\/leon\/wp-content\/uploads\/sites\/6\/2019\/06\/PLANTA_MAIZ.jpg","contentUrl":"https:\/\/www.asajacyl.com\/leon\/wp-content\/uploads\/sites\/6\/2019\/06\/PLANTA_MAIZ.jpg","width":960,"height":642},{"@type":"BreadcrumbList","@id":"https:\/\/www.asajacyl.com\/leon\/asaja-leon-informa\/opinion-asaja\/campos-de-maiz#breadcrumb","itemListElement":[{"@type":"ListItem","position":1,"name":"Portada","item":"https:\/\/www.asajacyl.com\/leon\/"},{"@type":"ListItem","position":2,"name":"Campos de ma\u00edz"}]},{"@type":"WebSite","@id":"https:\/\/www.asajacyl.com\/leon\/#website","url":"https:\/\/www.asajacyl.com\/leon\/","name":"ASAJA Le\u00f3n","description":"Otro sitio m\u00e1s de Provincias ASAJA Castilla y Le\u00f3n","potentialAction":[{"@type":"SearchAction","target":{"@type":"EntryPoint","urlTemplate":"https:\/\/www.asajacyl.com\/leon\/?s={search_term_string}"},"query-input":{"@type":"PropertyValueSpecification","valueRequired":true,"valueName":"search_term_string"}}],"inLanguage":"es"},{"@type":"Person","@id":"https:\/\/www.asajacyl.com\/leon\/#\/schema\/person\/a39ff3609fc182e4c789ab486e865d32","name":"Eduardo","image":{"@type":"ImageObject","inLanguage":"es","@id":"https:\/\/www.asajacyl.com\/leon\/#\/schema\/person\/image\/","url":"https:\/\/secure.gravatar.com\/avatar\/9ebd6aba21d817dcf9595bc9ca505af5?s=96&d=mm&r=g","contentUrl":"https:\/\/secure.gravatar.com\/avatar\/9ebd6aba21d817dcf9595bc9ca505af5?s=96&d=mm&r=g","caption":"Eduardo"},"url":"https:\/\/www.asajacyl.com\/leon\/author\/eduardovv"}]}},"_links":{"self":[{"href":"https:\/\/www.asajacyl.com\/leon\/wp-json\/wp\/v2\/posts\/10189"}],"collection":[{"href":"https:\/\/www.asajacyl.com\/leon\/wp-json\/wp\/v2\/posts"}],"about":[{"href":"https:\/\/www.asajacyl.com\/leon\/wp-json\/wp\/v2\/types\/post"}],"author":[{"embeddable":true,"href":"https:\/\/www.asajacyl.com\/leon\/wp-json\/wp\/v2\/users\/8"}],"replies":[{"embeddable":true,"href":"https:\/\/www.asajacyl.com\/leon\/wp-json\/wp\/v2\/comments?post=10189"}],"version-history":[{"count":2,"href":"https:\/\/www.asajacyl.com\/leon\/wp-json\/wp\/v2\/posts\/10189\/revisions"}],"predecessor-version":[{"id":10191,"href":"https:\/\/www.asajacyl.com\/leon\/wp-json\/wp\/v2\/posts\/10189\/revisions\/10191"}],"wp:featuredmedia":[{"embeddable":true,"href":"https:\/\/www.asajacyl.com\/leon\/wp-json\/wp\/v2\/media\/10192"}],"wp:attachment":[{"href":"https:\/\/www.asajacyl.com\/leon\/wp-json\/wp\/v2\/media?parent=10189"}],"wp:term":[{"taxonomy":"category","embeddable":true,"href":"https:\/\/www.asajacyl.com\/leon\/wp-json\/wp\/v2\/categories?post=10189"},{"taxonomy":"post_tag","embeddable":true,"href":"https:\/\/www.asajacyl.com\/leon\/wp-json\/wp\/v2\/tags?post=10189"}],"curies":[{"name":"wp","href":"https:\/\/api.w.org\/{rel}","templated":true}]}}