{"id":10282,"date":"2019-07-12T08:59:32","date_gmt":"2019-07-12T06:59:32","guid":{"rendered":"https:\/\/www.asajacyl.com\/leon\/?p=10282"},"modified":"2019-07-19T08:56:44","modified_gmt":"2019-07-19T06:56:44","slug":"las-seis-noticias-agrarias-de-la-semana-12-07-2019","status":"publish","type":"post","link":"https:\/\/www.asajacyl.com\/leon\/asaja-leon-informa\/las-seis-noticias-agrarias-de-la-semana-12-07-2019","title":{"rendered":"Las seis noticias agrarias de la semana &#8211; 12\/07\/2019"},"content":{"rendered":"<h2><strong>Ayudas al sector del l\u00fapulo, Clara Aguilera, <\/strong><strong>licitaci\u00f3n para iniciar los trabajos que han de permitir la modernizaci\u00f3n del sector VII de la zona del P\u00e1ramo Bajo, <\/strong><strong>Alfonso Fern\u00e1ndez Ma\u00f1ueco, fuertes y abundantes tormentas, posibilidad de anticipar a partir de mediados de octubre hasta el 75% de las ayudas directas de la PAC<\/strong><strong>\u00a0<\/strong><\/h2>\n<ol>\n<li>\n<h6>\u00a0El Bolet\u00edn Oficial de la Junta de Castilla y Le\u00f3n del jueves 4 de julio public\u00f3 el extracto de la Orden de la consejer\u00eda de Agricultura y Ganader\u00eda por la que se convocan las <strong>ayudas al sector del l\u00fapulo<\/strong>. Estas ayudas se hab\u00edan convocado previamente mediante un Real Decreto a propuesta del ministerio de Agricultura. El plazo de solicitudes est\u00e1 abierto durante un mes, por lo que finaliza el 5 de agosto de 2019.<\/h6>\n<\/li>\n<li>\n<h6>La socialista <strong>Clara Aguilera<\/strong> seguir\u00e1 formando parte de la Comisi\u00f3n de Agricultura y Desarrollo Rural del Parlamento Europeo, de la que en la anterior legislatura fue vicepresidenta. Respecto a las filas de la derecha, la eurodiputada de Vox, Mazaly Aguilar, ser\u00e1 tambi\u00e9n miembro de esta comisi\u00f3n, aunque no tienen experiencia en temas agrarios. Tambi\u00e9n la derecha, en este caso por el PP, estar\u00e1 representada por Juan Ignacio Zoido, quien fuera ministro del Interior con Rajoy. Hay que recordar que el PP quit\u00f3 de los puestos de salida al Parlamento Europeo a todos los posibles candidatos con conocimientos y sensibilidades con el sector agr\u00edcola y ganadero, lo que se interpret\u00f3 como un desprecio y falta de consideraci\u00f3n para con los hombres y mujeres del campo.<\/h6>\n<\/li>\n<li>\n<h6>La Plataforma de Contrataci\u00f3n del Sector P\u00fablico publica la <strong>licitaci\u00f3n para iniciar los trabajos que han de permitir la modernizaci\u00f3n del sector VII de la zona del P\u00e1ramo Bajo<\/strong> de Le\u00f3n y Zamora, con la que se finalizar\u00e1 la modernizaci\u00f3n de esta zona regable que gestiona una superficie de riego de m\u00e1s de 24.000 hect\u00e1reas. Este sector est\u00e1 situado en los t\u00e9rminos municipales de Pozuelo del P\u00e1ramo y San Adri\u00e1n del Valle en la provincia de Le\u00f3n y Pobladura del Valle, La Torre del Valle, Maire de Castroponce y Villabr\u00e1zaro en la provincia de Zamora.<\/h6>\n<\/li>\n<li>\n<h6>Este fin de semana se conocer\u00e1n los nombres de los consejeros que conformar\u00e1n el nuevo Gobierno de la Junta de Castilla y Le\u00f3n presidido por el reci\u00e9n investido\u00a0 <strong>Alfonso Fern\u00e1ndez Ma\u00f1ueco<\/strong>. El sector agrario est\u00e1 expectante ante el nombramiento del titular de la cartera de Agricultura, que corresponde al PP fruto del acuerdo entre esta formaci\u00f3n pol\u00edtica y la de Ciudadanos. El pr\u00f3ximo jueves se celebrar\u00e1 el primer consejo de gobierno y se ir\u00e1n sabiendo los cambios que se producen en los distintos altos cargos que conforman la estructura pol\u00edtica y administrativa.<\/h6>\n<\/li>\n<li>\n<h6>Esta semana comenz\u00f3 con <strong>fuertes y abundantes tormentas<\/strong> que han ocasionado grandes da\u00f1os en muchos cultivos a lo largo y ancho de la provincia de Le\u00f3n. Se han visto afectados los cereales de invierno cuando comenzaba la recolecci\u00f3n por los m\u00e1s tempranos como es la cebada. Respecto a los cultivos de primavera se han registrado da\u00f1os en ma\u00edz, patatas, hortaliza, remolacha y alubias, y tambi\u00e9n hay vi\u00f1edo afectado en la comarca del Bierzo, y en los municipios de Valderas y Gordoncillo.<\/h6>\n<\/li>\n<li>\n<h6>Atendiendo a una petici\u00f3n de la consejer\u00eda de Agricultura, el Ministerio de Agricultura que dirige en funciones el ministro Luis Planas ha pedido a la Comisi\u00f3n Europea la <strong>posibilidad de anticipar a partir de mediados de octubre hasta el 75% de las ayudas directas de la PAC<\/strong> y hasta el 85% de las ayudas al desarrollo rural. Esto tiene como finalidad adelantar la inyecci\u00f3n de liquidez en las explotaciones debido a los problemas generalizados de sequ\u00eda que se han dado en Castilla y Le\u00f3n y consecuentemente la p\u00e9rdida de ingresos.<\/h6>\n<\/li>\n<\/ol>\n","protected":false},"excerpt":{"rendered":"<p>Ayudas al sector del l\u00fapulo, Clara Aguilera, licitaci\u00f3n para iniciar los trabajos que han de permitir la modernizaci\u00f3n del sector VII de la zona del P\u00e1ramo Bajo, Alfonso Fern\u00e1ndez Ma\u00f1ueco, fuertes y abundantes tormentas, posibilidad de anticipar a partir de mediados de octubre hasta el 75% de las ayudas directas de la PAC\u00a0 \u00a0El Bolet\u00edn [&hellip;]<\/p>\n","protected":false},"author":8,"featured_media":10284,"comment_status":"open","ping_status":"open","sticky":false,"template":"","format":"standard","meta":{"footnotes":""},"categories":[4,9],"tags":[],"yoast_head":"<!-- This site is optimized with the Yoast SEO plugin v24.5 - https:\/\/yoast.com\/wordpress\/plugins\/seo\/ -->\n<title>Las seis noticias agrarias de la semana - 12\/07\/2019 - ASAJA Le\u00f3n<\/title>\n<meta name=\"description\" content=\"Ayudas al sector del l\u00fapulo, Clara Aguilera, licitaci\u00f3n para iniciar los trabajos que han de permitir la modernizaci\u00f3n del sector VII de la zona del\" \/>\n<meta name=\"robots\" content=\"index, follow, max-snippet:-1, max-image-preview:large, max-video-preview:-1\" \/>\n<link rel=\"canonical\" href=\"https:\/\/www.asajacyl.com\/leon\/asaja-leon-informa\/las-seis-noticias-agrarias-de-la-semana-12-07-2019\" \/>\n<meta property=\"og:locale\" content=\"es_ES\" \/>\n<meta property=\"og:type\" content=\"article\" \/>\n<meta property=\"og:title\" content=\"Las seis noticias agrarias de la semana - 12\/07\/2019 - ASAJA Le\u00f3n\" \/>\n<meta property=\"og:description\" content=\"Ayudas al sector del l\u00fapulo, Clara Aguilera, licitaci\u00f3n para iniciar los trabajos que han de permitir la modernizaci\u00f3n del sector VII de la zona del\" \/>\n<meta property=\"og:url\" content=\"https:\/\/www.asajacyl.com\/leon\/asaja-leon-informa\/las-seis-noticias-agrarias-de-la-semana-12-07-2019\" \/>\n<meta property=\"og:site_name\" content=\"ASAJA Le\u00f3n\" \/>\n<meta property=\"article:published_time\" content=\"2019-07-12T06:59:32+00:00\" \/>\n<meta property=\"article:modified_time\" content=\"2019-07-19T06:56:44+00:00\" \/>\n<meta property=\"og:image\" content=\"https:\/\/www.asajacyl.com\/leon\/wp-content\/uploads\/sites\/6\/2019\/07\/LUPULO1.jpg\" \/>\n\t<meta property=\"og:image:width\" content=\"2500\" \/>\n\t<meta property=\"og:image:height\" content=\"1847\" \/>\n\t<meta property=\"og:image:type\" content=\"image\/jpeg\" \/>\n<meta name=\"author\" content=\"Eduardo\" \/>\n<meta name=\"twitter:card\" content=\"summary_large_image\" \/>\n<meta name=\"twitter:label1\" content=\"Escrito por\" \/>\n\t<meta name=\"twitter:data1\" content=\"Eduardo\" \/>\n\t<meta name=\"twitter:label2\" content=\"Tiempo de lectura\" \/>\n\t<meta name=\"twitter:data2\" content=\"3 minutos\" \/>\n<script type=\"application\/ld+json\" class=\"yoast-schema-graph\">{\"@context\":\"https:\/\/schema.org\",\"@graph\":[{\"@type\":\"WebPage\",\"@id\":\"https:\/\/www.asajacyl.com\/leon\/asaja-leon-informa\/las-seis-noticias-agrarias-de-la-semana-12-07-2019\",\"url\":\"https:\/\/www.asajacyl.com\/leon\/asaja-leon-informa\/las-seis-noticias-agrarias-de-la-semana-12-07-2019\",\"name\":\"Las seis noticias agrarias de la semana - 12\/07\/2019 - ASAJA Le\u00f3n\",\"isPartOf\":{\"@id\":\"https:\/\/www.asajacyl.com\/leon\/#website\"},\"primaryImageOfPage\":{\"@id\":\"https:\/\/www.asajacyl.com\/leon\/asaja-leon-informa\/las-seis-noticias-agrarias-de-la-semana-12-07-2019#primaryimage\"},\"image\":{\"@id\":\"https:\/\/www.asajacyl.com\/leon\/asaja-leon-informa\/las-seis-noticias-agrarias-de-la-semana-12-07-2019#primaryimage\"},\"thumbnailUrl\":\"https:\/\/www.asajacyl.com\/leon\/wp-content\/uploads\/sites\/6\/2019\/07\/LUPULO1.jpg\",\"datePublished\":\"2019-07-12T06:59:32+00:00\",\"dateModified\":\"2019-07-19T06:56:44+00:00\",\"author\":{\"@id\":\"https:\/\/www.asajacyl.com\/leon\/#\/schema\/person\/a39ff3609fc182e4c789ab486e865d32\"},\"description\":\"Ayudas al sector del l\u00fapulo, Clara Aguilera, licitaci\u00f3n para iniciar los trabajos que han de permitir la modernizaci\u00f3n del sector VII de la zona del\",\"breadcrumb\":{\"@id\":\"https:\/\/www.asajacyl.com\/leon\/asaja-leon-informa\/las-seis-noticias-agrarias-de-la-semana-12-07-2019#breadcrumb\"},\"inLanguage\":\"es\",\"potentialAction\":[{\"@type\":\"ReadAction\",\"target\":[\"https:\/\/www.asajacyl.com\/leon\/asaja-leon-informa\/las-seis-noticias-agrarias-de-la-semana-12-07-2019\"]}]},{\"@type\":\"ImageObject\",\"inLanguage\":\"es\",\"@id\":\"https:\/\/www.asajacyl.com\/leon\/asaja-leon-informa\/las-seis-noticias-agrarias-de-la-semana-12-07-2019#primaryimage\",\"url\":\"https:\/\/www.asajacyl.com\/leon\/wp-content\/uploads\/sites\/6\/2019\/07\/LUPULO1.jpg\",\"contentUrl\":\"https:\/\/www.asajacyl.com\/leon\/wp-content\/uploads\/sites\/6\/2019\/07\/LUPULO1.jpg\",\"width\":2500,\"height\":1847},{\"@type\":\"BreadcrumbList\",\"@id\":\"https:\/\/www.asajacyl.com\/leon\/asaja-leon-informa\/las-seis-noticias-agrarias-de-la-semana-12-07-2019#breadcrumb\",\"itemListElement\":[{\"@type\":\"ListItem\",\"position\":1,\"name\":\"Portada\",\"item\":\"https:\/\/www.asajacyl.com\/leon\/\"},{\"@type\":\"ListItem\",\"position\":2,\"name\":\"Las seis noticias agrarias de la semana &#8211; 12\/07\/2019\"}]},{\"@type\":\"WebSite\",\"@id\":\"https:\/\/www.asajacyl.com\/leon\/#website\",\"url\":\"https:\/\/www.asajacyl.com\/leon\/\",\"name\":\"ASAJA Le\u00f3n\",\"description\":\"Otro sitio m\u00e1s de Provincias ASAJA Castilla y Le\u00f3n\",\"potentialAction\":[{\"@type\":\"SearchAction\",\"target\":{\"@type\":\"EntryPoint\",\"urlTemplate\":\"https:\/\/www.asajacyl.com\/leon\/?s={search_term_string}\"},\"query-input\":{\"@type\":\"PropertyValueSpecification\",\"valueRequired\":true,\"valueName\":\"search_term_string\"}}],\"inLanguage\":\"es\"},{\"@type\":\"Person\",\"@id\":\"https:\/\/www.asajacyl.com\/leon\/#\/schema\/person\/a39ff3609fc182e4c789ab486e865d32\",\"name\":\"Eduardo\",\"image\":{\"@type\":\"ImageObject\",\"inLanguage\":\"es\",\"@id\":\"https:\/\/www.asajacyl.com\/leon\/#\/schema\/person\/image\/\",\"url\":\"https:\/\/secure.gravatar.com\/avatar\/9ebd6aba21d817dcf9595bc9ca505af5?s=96&d=mm&r=g\",\"contentUrl\":\"https:\/\/secure.gravatar.com\/avatar\/9ebd6aba21d817dcf9595bc9ca505af5?s=96&d=mm&r=g\",\"caption\":\"Eduardo\"},\"url\":\"https:\/\/www.asajacyl.com\/leon\/author\/eduardovv\"}]}<\/script>\n<!-- \/ Yoast SEO plugin. -->","yoast_head_json":{"title":"Las seis noticias agrarias de la semana - 12\/07\/2019 - ASAJA Le\u00f3n","description":"Ayudas al sector del l\u00fapulo, Clara Aguilera, licitaci\u00f3n para iniciar los trabajos que han de permitir la modernizaci\u00f3n del sector VII de la zona del","robots":{"index":"index","follow":"follow","max-snippet":"max-snippet:-1","max-image-preview":"max-image-preview:large","max-video-preview":"max-video-preview:-1"},"canonical":"https:\/\/www.asajacyl.com\/leon\/asaja-leon-informa\/las-seis-noticias-agrarias-de-la-semana-12-07-2019","og_locale":"es_ES","og_type":"article","og_title":"Las seis noticias agrarias de la semana - 12\/07\/2019 - ASAJA Le\u00f3n","og_description":"Ayudas al sector del l\u00fapulo, Clara Aguilera, licitaci\u00f3n para iniciar los trabajos que han de permitir la modernizaci\u00f3n del sector VII de la zona del","og_url":"https:\/\/www.asajacyl.com\/leon\/asaja-leon-informa\/las-seis-noticias-agrarias-de-la-semana-12-07-2019","og_site_name":"ASAJA Le\u00f3n","article_published_time":"2019-07-12T06:59:32+00:00","article_modified_time":"2019-07-19T06:56:44+00:00","og_image":[{"width":2500,"height":1847,"url":"https:\/\/www.asajacyl.com\/leon\/wp-content\/uploads\/sites\/6\/2019\/07\/LUPULO1.jpg","type":"image\/jpeg"}],"author":"Eduardo","twitter_card":"summary_large_image","twitter_misc":{"Escrito por":"Eduardo","Tiempo de lectura":"3 minutos"},"schema":{"@context":"https:\/\/schema.org","@graph":[{"@type":"WebPage","@id":"https:\/\/www.asajacyl.com\/leon\/asaja-leon-informa\/las-seis-noticias-agrarias-de-la-semana-12-07-2019","url":"https:\/\/www.asajacyl.com\/leon\/asaja-leon-informa\/las-seis-noticias-agrarias-de-la-semana-12-07-2019","name":"Las seis noticias agrarias de la semana - 12\/07\/2019 - ASAJA Le\u00f3n","isPartOf":{"@id":"https:\/\/www.asajacyl.com\/leon\/#website"},"primaryImageOfPage":{"@id":"https:\/\/www.asajacyl.com\/leon\/asaja-leon-informa\/las-seis-noticias-agrarias-de-la-semana-12-07-2019#primaryimage"},"image":{"@id":"https:\/\/www.asajacyl.com\/leon\/asaja-leon-informa\/las-seis-noticias-agrarias-de-la-semana-12-07-2019#primaryimage"},"thumbnailUrl":"https:\/\/www.asajacyl.com\/leon\/wp-content\/uploads\/sites\/6\/2019\/07\/LUPULO1.jpg","datePublished":"2019-07-12T06:59:32+00:00","dateModified":"2019-07-19T06:56:44+00:00","author":{"@id":"https:\/\/www.asajacyl.com\/leon\/#\/schema\/person\/a39ff3609fc182e4c789ab486e865d32"},"description":"Ayudas al sector del l\u00fapulo, Clara Aguilera, licitaci\u00f3n para iniciar los trabajos que han de permitir la modernizaci\u00f3n del sector VII de la zona del","breadcrumb":{"@id":"https:\/\/www.asajacyl.com\/leon\/asaja-leon-informa\/las-seis-noticias-agrarias-de-la-semana-12-07-2019#breadcrumb"},"inLanguage":"es","potentialAction":[{"@type":"ReadAction","target":["https:\/\/www.asajacyl.com\/leon\/asaja-leon-informa\/las-seis-noticias-agrarias-de-la-semana-12-07-2019"]}]},{"@type":"ImageObject","inLanguage":"es","@id":"https:\/\/www.asajacyl.com\/leon\/asaja-leon-informa\/las-seis-noticias-agrarias-de-la-semana-12-07-2019#primaryimage","url":"https:\/\/www.asajacyl.com\/leon\/wp-content\/uploads\/sites\/6\/2019\/07\/LUPULO1.jpg","contentUrl":"https:\/\/www.asajacyl.com\/leon\/wp-content\/uploads\/sites\/6\/2019\/07\/LUPULO1.jpg","width":2500,"height":1847},{"@type":"BreadcrumbList","@id":"https:\/\/www.asajacyl.com\/leon\/asaja-leon-informa\/las-seis-noticias-agrarias-de-la-semana-12-07-2019#breadcrumb","itemListElement":[{"@type":"ListItem","position":1,"name":"Portada","item":"https:\/\/www.asajacyl.com\/leon\/"},{"@type":"ListItem","position":2,"name":"Las seis noticias agrarias de la semana &#8211; 12\/07\/2019"}]},{"@type":"WebSite","@id":"https:\/\/www.asajacyl.com\/leon\/#website","url":"https:\/\/www.asajacyl.com\/leon\/","name":"ASAJA Le\u00f3n","description":"Otro sitio m\u00e1s de Provincias ASAJA Castilla y Le\u00f3n","potentialAction":[{"@type":"SearchAction","target":{"@type":"EntryPoint","urlTemplate":"https:\/\/www.asajacyl.com\/leon\/?s={search_term_string}"},"query-input":{"@type":"PropertyValueSpecification","valueRequired":true,"valueName":"search_term_string"}}],"inLanguage":"es"},{"@type":"Person","@id":"https:\/\/www.asajacyl.com\/leon\/#\/schema\/person\/a39ff3609fc182e4c789ab486e865d32","name":"Eduardo","image":{"@type":"ImageObject","inLanguage":"es","@id":"https:\/\/www.asajacyl.com\/leon\/#\/schema\/person\/image\/","url":"https:\/\/secure.gravatar.com\/avatar\/9ebd6aba21d817dcf9595bc9ca505af5?s=96&d=mm&r=g","contentUrl":"https:\/\/secure.gravatar.com\/avatar\/9ebd6aba21d817dcf9595bc9ca505af5?s=96&d=mm&r=g","caption":"Eduardo"},"url":"https:\/\/www.asajacyl.com\/leon\/author\/eduardovv"}]}},"_links":{"self":[{"href":"https:\/\/www.asajacyl.com\/leon\/wp-json\/wp\/v2\/posts\/10282"}],"collection":[{"href":"https:\/\/www.asajacyl.com\/leon\/wp-json\/wp\/v2\/posts"}],"about":[{"href":"https:\/\/www.asajacyl.com\/leon\/wp-json\/wp\/v2\/types\/post"}],"author":[{"embeddable":true,"href":"https:\/\/www.asajacyl.com\/leon\/wp-json\/wp\/v2\/users\/8"}],"replies":[{"embeddable":true,"href":"https:\/\/www.asajacyl.com\/leon\/wp-json\/wp\/v2\/comments?post=10282"}],"version-history":[{"count":1,"href":"https:\/\/www.asajacyl.com\/leon\/wp-json\/wp\/v2\/posts\/10282\/revisions"}],"predecessor-version":[{"id":10283,"href":"https:\/\/www.asajacyl.com\/leon\/wp-json\/wp\/v2\/posts\/10282\/revisions\/10283"}],"wp:featuredmedia":[{"embeddable":true,"href":"https:\/\/www.asajacyl.com\/leon\/wp-json\/wp\/v2\/media\/10284"}],"wp:attachment":[{"href":"https:\/\/www.asajacyl.com\/leon\/wp-json\/wp\/v2\/media?parent=10282"}],"wp:term":[{"taxonomy":"category","embeddable":true,"href":"https:\/\/www.asajacyl.com\/leon\/wp-json\/wp\/v2\/categories?post=10282"},{"taxonomy":"post_tag","embeddable":true,"href":"https:\/\/www.asajacyl.com\/leon\/wp-json\/wp\/v2\/tags?post=10282"}],"curies":[{"name":"wp","href":"https:\/\/api.w.org\/{rel}","templated":true}]}}