{"id":10471,"date":"2019-09-27T08:23:06","date_gmt":"2019-09-27T06:23:06","guid":{"rendered":"https:\/\/www.asajacyl.com\/leon\/?p=10471"},"modified":"2019-09-27T08:38:48","modified_gmt":"2019-09-27T06:38:48","slug":"conversaciones-con-lucas","status":"publish","type":"post","link":"https:\/\/www.asajacyl.com\/leon\/asaja-leon-informa\/opinion-asaja\/conversaciones-con-lucas","title":{"rendered":"Conversaciones con Lucas"},"content":{"rendered":"<h6>S\u00e9 que los ni\u00f1os tienen tiempo de hacerse mayores, de hablar como mayores, de comportarse como mayores, y de mostrar lo peor que los mayores llevamos dentro. Pero quienes hemos sido ni\u00f1os de pueblo, y por razones obvias ahora vemos a pocos y tratamos con menos todav\u00eda, nos podemos sorprender si nos topamos con un chaval de estos que son de pueblo de verdad, extrovertidos, y que se pasan una gran parte del d\u00eda entre las tierras y los animales. Lucas, que tiene seis a\u00f1os, y va a la escuela en Destriana de la Valduerna, te sigue una conversaci\u00f3n de los trabajos y ocupaciones agrarias como si estuviera al frente del negocio de la agricultura de la familia, y est\u00e1 m\u00e1s pendiente de la campa\u00f1a de la patata de sus padres que de los juegos de la PlayStation. Por desgracia quedan pocos chavales en los pueblos y muchos no saben a qu\u00e9 se dedican sus padres ni d\u00f3nde tienen la nave o las tierras, culpa que m\u00e1s que al desinter\u00e9s del chico hay que echarla a esos padres o abuelos que, por la raz\u00f3n que sea, no creen conveniente involucrarle en lo de casa. Yo pienso que se equivocan quienes viviendo en un pueblo no hacen que el chico se relacione con todos los pocos vecinos que en \u00e9l viven, con j\u00f3venes y viejos. Se equivocan quienes no aprovechan para conocer y disfrutar de la naturaleza que es m\u00e1s viva y real en el medio rural que en una ciudad. Y se equivocan quienes desde los primeros meses no le montan en el tractor, le llevan donde est\u00e1n las vacas o las ovejas, y si con 6 a\u00f1os como Lucas, no le ense\u00f1an a apa\u00f1ar patatas, casta\u00f1as o lo que sea. Los ni\u00f1os primero y los chicos despu\u00e9s deben de saber qu\u00e9 es lo que hacen los padres y sentirse orgullosos de ello, y qu\u00e9 mejor profesi\u00f3n que la de agricultor y ganadero para lucir ese orgullo. Claro que ese temprano amor por la agricultura puede llevar, llegado el d\u00eda, a no querer ir al colegio y abandonar los estudios antes de tiempo, pero ah\u00ed est\u00e1 tambi\u00e9n la labor de los padres para que eso no ocurra. Espero no tener que reproch\u00e1rselo alg\u00fan d\u00eda a Lucas, y que me siga sorprendiendo, para bien, como ahora con seis a\u00f1os.<\/h6>\n<h6><em>*Art\u00edculo de opini\u00f3n de Jos\u00e9 Antonio Turrado para La Nueva Cr\u00f3nica del viernes 27 de septiembre de 2019.<\/em><\/h6>\n","protected":false},"excerpt":{"rendered":"<p>S\u00e9 que los ni\u00f1os tienen tiempo de hacerse mayores, de hablar como mayores, de comportarse como mayores, y de mostrar lo peor que los mayores llevamos dentro. Pero quienes hemos sido ni\u00f1os de pueblo, y por razones obvias ahora vemos a pocos y tratamos con menos todav\u00eda, nos podemos sorprender si nos topamos con un [&hellip;]<\/p>\n","protected":false},"author":8,"featured_media":10473,"comment_status":"open","ping_status":"open","sticky":false,"template":"","format":"standard","meta":{"footnotes":""},"categories":[4,11],"tags":[],"yoast_head":"<!-- This site is optimized with the Yoast SEO plugin v24.5 - https:\/\/yoast.com\/wordpress\/plugins\/seo\/ -->\n<title>Conversaciones con Lucas - ASAJA Le\u00f3n<\/title>\n<meta name=\"description\" content=\"S\u00e9 que los ni\u00f1os tienen tiempo de hacerse mayores, de hablar como mayores, de comportarse como mayores, y de mostrar lo peor que los mayores llevamos\" \/>\n<meta name=\"robots\" content=\"index, follow, max-snippet:-1, max-image-preview:large, max-video-preview:-1\" \/>\n<link rel=\"canonical\" href=\"https:\/\/www.asajacyl.com\/leon\/asaja-leon-informa\/opinion-asaja\/conversaciones-con-lucas\" \/>\n<meta property=\"og:locale\" content=\"es_ES\" \/>\n<meta property=\"og:type\" content=\"article\" \/>\n<meta property=\"og:title\" content=\"Conversaciones con Lucas - ASAJA Le\u00f3n\" \/>\n<meta property=\"og:description\" content=\"S\u00e9 que los ni\u00f1os tienen tiempo de hacerse mayores, de hablar como mayores, de comportarse como mayores, y de mostrar lo peor que los mayores llevamos\" \/>\n<meta property=\"og:url\" content=\"https:\/\/www.asajacyl.com\/leon\/asaja-leon-informa\/opinion-asaja\/conversaciones-con-lucas\" \/>\n<meta property=\"og:site_name\" content=\"ASAJA Le\u00f3n\" \/>\n<meta property=\"article:published_time\" content=\"2019-09-27T06:23:06+00:00\" \/>\n<meta property=\"article:modified_time\" content=\"2019-09-27T06:38:48+00:00\" \/>\n<meta property=\"og:image\" content=\"https:\/\/www.asajacyl.com\/leon\/wp-content\/uploads\/sites\/6\/2019\/09\/lucas-valderrey.jpg\" \/>\n\t<meta property=\"og:image:width\" content=\"2500\" \/>\n\t<meta property=\"og:image:height\" content=\"1407\" \/>\n\t<meta property=\"og:image:type\" content=\"image\/jpeg\" \/>\n<meta name=\"author\" content=\"Eduardo\" \/>\n<meta name=\"twitter:card\" content=\"summary_large_image\" \/>\n<meta name=\"twitter:label1\" content=\"Escrito por\" \/>\n\t<meta name=\"twitter:data1\" content=\"Eduardo\" \/>\n\t<meta name=\"twitter:label2\" content=\"Tiempo de lectura\" \/>\n\t<meta name=\"twitter:data2\" content=\"2 minutos\" \/>\n<script type=\"application\/ld+json\" class=\"yoast-schema-graph\">{\"@context\":\"https:\/\/schema.org\",\"@graph\":[{\"@type\":\"WebPage\",\"@id\":\"https:\/\/www.asajacyl.com\/leon\/asaja-leon-informa\/opinion-asaja\/conversaciones-con-lucas\",\"url\":\"https:\/\/www.asajacyl.com\/leon\/asaja-leon-informa\/opinion-asaja\/conversaciones-con-lucas\",\"name\":\"Conversaciones con Lucas - ASAJA Le\u00f3n\",\"isPartOf\":{\"@id\":\"https:\/\/www.asajacyl.com\/leon\/#website\"},\"primaryImageOfPage\":{\"@id\":\"https:\/\/www.asajacyl.com\/leon\/asaja-leon-informa\/opinion-asaja\/conversaciones-con-lucas#primaryimage\"},\"image\":{\"@id\":\"https:\/\/www.asajacyl.com\/leon\/asaja-leon-informa\/opinion-asaja\/conversaciones-con-lucas#primaryimage\"},\"thumbnailUrl\":\"https:\/\/www.asajacyl.com\/leon\/wp-content\/uploads\/sites\/6\/2019\/09\/lucas-valderrey.jpg\",\"datePublished\":\"2019-09-27T06:23:06+00:00\",\"dateModified\":\"2019-09-27T06:38:48+00:00\",\"author\":{\"@id\":\"https:\/\/www.asajacyl.com\/leon\/#\/schema\/person\/a39ff3609fc182e4c789ab486e865d32\"},\"description\":\"S\u00e9 que los ni\u00f1os tienen tiempo de hacerse mayores, de hablar como mayores, de comportarse como mayores, y de mostrar lo peor que los mayores llevamos\",\"breadcrumb\":{\"@id\":\"https:\/\/www.asajacyl.com\/leon\/asaja-leon-informa\/opinion-asaja\/conversaciones-con-lucas#breadcrumb\"},\"inLanguage\":\"es\",\"potentialAction\":[{\"@type\":\"ReadAction\",\"target\":[\"https:\/\/www.asajacyl.com\/leon\/asaja-leon-informa\/opinion-asaja\/conversaciones-con-lucas\"]}]},{\"@type\":\"ImageObject\",\"inLanguage\":\"es\",\"@id\":\"https:\/\/www.asajacyl.com\/leon\/asaja-leon-informa\/opinion-asaja\/conversaciones-con-lucas#primaryimage\",\"url\":\"https:\/\/www.asajacyl.com\/leon\/wp-content\/uploads\/sites\/6\/2019\/09\/lucas-valderrey.jpg\",\"contentUrl\":\"https:\/\/www.asajacyl.com\/leon\/wp-content\/uploads\/sites\/6\/2019\/09\/lucas-valderrey.jpg\",\"width\":2500,\"height\":1407},{\"@type\":\"BreadcrumbList\",\"@id\":\"https:\/\/www.asajacyl.com\/leon\/asaja-leon-informa\/opinion-asaja\/conversaciones-con-lucas#breadcrumb\",\"itemListElement\":[{\"@type\":\"ListItem\",\"position\":1,\"name\":\"Portada\",\"item\":\"https:\/\/www.asajacyl.com\/leon\/\"},{\"@type\":\"ListItem\",\"position\":2,\"name\":\"Conversaciones con Lucas\"}]},{\"@type\":\"WebSite\",\"@id\":\"https:\/\/www.asajacyl.com\/leon\/#website\",\"url\":\"https:\/\/www.asajacyl.com\/leon\/\",\"name\":\"ASAJA Le\u00f3n\",\"description\":\"Otro sitio m\u00e1s de Provincias ASAJA Castilla y Le\u00f3n\",\"potentialAction\":[{\"@type\":\"SearchAction\",\"target\":{\"@type\":\"EntryPoint\",\"urlTemplate\":\"https:\/\/www.asajacyl.com\/leon\/?s={search_term_string}\"},\"query-input\":{\"@type\":\"PropertyValueSpecification\",\"valueRequired\":true,\"valueName\":\"search_term_string\"}}],\"inLanguage\":\"es\"},{\"@type\":\"Person\",\"@id\":\"https:\/\/www.asajacyl.com\/leon\/#\/schema\/person\/a39ff3609fc182e4c789ab486e865d32\",\"name\":\"Eduardo\",\"image\":{\"@type\":\"ImageObject\",\"inLanguage\":\"es\",\"@id\":\"https:\/\/www.asajacyl.com\/leon\/#\/schema\/person\/image\/\",\"url\":\"https:\/\/secure.gravatar.com\/avatar\/9ebd6aba21d817dcf9595bc9ca505af5?s=96&d=mm&r=g\",\"contentUrl\":\"https:\/\/secure.gravatar.com\/avatar\/9ebd6aba21d817dcf9595bc9ca505af5?s=96&d=mm&r=g\",\"caption\":\"Eduardo\"},\"url\":\"https:\/\/www.asajacyl.com\/leon\/author\/eduardovv\"}]}<\/script>\n<!-- \/ Yoast SEO plugin. -->","yoast_head_json":{"title":"Conversaciones con Lucas - ASAJA Le\u00f3n","description":"S\u00e9 que los ni\u00f1os tienen tiempo de hacerse mayores, de hablar como mayores, de comportarse como mayores, y de mostrar lo peor que los mayores llevamos","robots":{"index":"index","follow":"follow","max-snippet":"max-snippet:-1","max-image-preview":"max-image-preview:large","max-video-preview":"max-video-preview:-1"},"canonical":"https:\/\/www.asajacyl.com\/leon\/asaja-leon-informa\/opinion-asaja\/conversaciones-con-lucas","og_locale":"es_ES","og_type":"article","og_title":"Conversaciones con Lucas - ASAJA Le\u00f3n","og_description":"S\u00e9 que los ni\u00f1os tienen tiempo de hacerse mayores, de hablar como mayores, de comportarse como mayores, y de mostrar lo peor que los mayores llevamos","og_url":"https:\/\/www.asajacyl.com\/leon\/asaja-leon-informa\/opinion-asaja\/conversaciones-con-lucas","og_site_name":"ASAJA Le\u00f3n","article_published_time":"2019-09-27T06:23:06+00:00","article_modified_time":"2019-09-27T06:38:48+00:00","og_image":[{"width":2500,"height":1407,"url":"https:\/\/www.asajacyl.com\/leon\/wp-content\/uploads\/sites\/6\/2019\/09\/lucas-valderrey.jpg","type":"image\/jpeg"}],"author":"Eduardo","twitter_card":"summary_large_image","twitter_misc":{"Escrito por":"Eduardo","Tiempo de lectura":"2 minutos"},"schema":{"@context":"https:\/\/schema.org","@graph":[{"@type":"WebPage","@id":"https:\/\/www.asajacyl.com\/leon\/asaja-leon-informa\/opinion-asaja\/conversaciones-con-lucas","url":"https:\/\/www.asajacyl.com\/leon\/asaja-leon-informa\/opinion-asaja\/conversaciones-con-lucas","name":"Conversaciones con Lucas - ASAJA Le\u00f3n","isPartOf":{"@id":"https:\/\/www.asajacyl.com\/leon\/#website"},"primaryImageOfPage":{"@id":"https:\/\/www.asajacyl.com\/leon\/asaja-leon-informa\/opinion-asaja\/conversaciones-con-lucas#primaryimage"},"image":{"@id":"https:\/\/www.asajacyl.com\/leon\/asaja-leon-informa\/opinion-asaja\/conversaciones-con-lucas#primaryimage"},"thumbnailUrl":"https:\/\/www.asajacyl.com\/leon\/wp-content\/uploads\/sites\/6\/2019\/09\/lucas-valderrey.jpg","datePublished":"2019-09-27T06:23:06+00:00","dateModified":"2019-09-27T06:38:48+00:00","author":{"@id":"https:\/\/www.asajacyl.com\/leon\/#\/schema\/person\/a39ff3609fc182e4c789ab486e865d32"},"description":"S\u00e9 que los ni\u00f1os tienen tiempo de hacerse mayores, de hablar como mayores, de comportarse como mayores, y de mostrar lo peor que los mayores llevamos","breadcrumb":{"@id":"https:\/\/www.asajacyl.com\/leon\/asaja-leon-informa\/opinion-asaja\/conversaciones-con-lucas#breadcrumb"},"inLanguage":"es","potentialAction":[{"@type":"ReadAction","target":["https:\/\/www.asajacyl.com\/leon\/asaja-leon-informa\/opinion-asaja\/conversaciones-con-lucas"]}]},{"@type":"ImageObject","inLanguage":"es","@id":"https:\/\/www.asajacyl.com\/leon\/asaja-leon-informa\/opinion-asaja\/conversaciones-con-lucas#primaryimage","url":"https:\/\/www.asajacyl.com\/leon\/wp-content\/uploads\/sites\/6\/2019\/09\/lucas-valderrey.jpg","contentUrl":"https:\/\/www.asajacyl.com\/leon\/wp-content\/uploads\/sites\/6\/2019\/09\/lucas-valderrey.jpg","width":2500,"height":1407},{"@type":"BreadcrumbList","@id":"https:\/\/www.asajacyl.com\/leon\/asaja-leon-informa\/opinion-asaja\/conversaciones-con-lucas#breadcrumb","itemListElement":[{"@type":"ListItem","position":1,"name":"Portada","item":"https:\/\/www.asajacyl.com\/leon\/"},{"@type":"ListItem","position":2,"name":"Conversaciones con Lucas"}]},{"@type":"WebSite","@id":"https:\/\/www.asajacyl.com\/leon\/#website","url":"https:\/\/www.asajacyl.com\/leon\/","name":"ASAJA Le\u00f3n","description":"Otro sitio m\u00e1s de Provincias ASAJA Castilla y Le\u00f3n","potentialAction":[{"@type":"SearchAction","target":{"@type":"EntryPoint","urlTemplate":"https:\/\/www.asajacyl.com\/leon\/?s={search_term_string}"},"query-input":{"@type":"PropertyValueSpecification","valueRequired":true,"valueName":"search_term_string"}}],"inLanguage":"es"},{"@type":"Person","@id":"https:\/\/www.asajacyl.com\/leon\/#\/schema\/person\/a39ff3609fc182e4c789ab486e865d32","name":"Eduardo","image":{"@type":"ImageObject","inLanguage":"es","@id":"https:\/\/www.asajacyl.com\/leon\/#\/schema\/person\/image\/","url":"https:\/\/secure.gravatar.com\/avatar\/9ebd6aba21d817dcf9595bc9ca505af5?s=96&d=mm&r=g","contentUrl":"https:\/\/secure.gravatar.com\/avatar\/9ebd6aba21d817dcf9595bc9ca505af5?s=96&d=mm&r=g","caption":"Eduardo"},"url":"https:\/\/www.asajacyl.com\/leon\/author\/eduardovv"}]}},"_links":{"self":[{"href":"https:\/\/www.asajacyl.com\/leon\/wp-json\/wp\/v2\/posts\/10471"}],"collection":[{"href":"https:\/\/www.asajacyl.com\/leon\/wp-json\/wp\/v2\/posts"}],"about":[{"href":"https:\/\/www.asajacyl.com\/leon\/wp-json\/wp\/v2\/types\/post"}],"author":[{"embeddable":true,"href":"https:\/\/www.asajacyl.com\/leon\/wp-json\/wp\/v2\/users\/8"}],"replies":[{"embeddable":true,"href":"https:\/\/www.asajacyl.com\/leon\/wp-json\/wp\/v2\/comments?post=10471"}],"version-history":[{"count":1,"href":"https:\/\/www.asajacyl.com\/leon\/wp-json\/wp\/v2\/posts\/10471\/revisions"}],"predecessor-version":[{"id":10472,"href":"https:\/\/www.asajacyl.com\/leon\/wp-json\/wp\/v2\/posts\/10471\/revisions\/10472"}],"wp:featuredmedia":[{"embeddable":true,"href":"https:\/\/www.asajacyl.com\/leon\/wp-json\/wp\/v2\/media\/10473"}],"wp:attachment":[{"href":"https:\/\/www.asajacyl.com\/leon\/wp-json\/wp\/v2\/media?parent=10471"}],"wp:term":[{"taxonomy":"category","embeddable":true,"href":"https:\/\/www.asajacyl.com\/leon\/wp-json\/wp\/v2\/categories?post=10471"},{"taxonomy":"post_tag","embeddable":true,"href":"https:\/\/www.asajacyl.com\/leon\/wp-json\/wp\/v2\/tags?post=10471"}],"curies":[{"name":"wp","href":"https:\/\/api.w.org\/{rel}","templated":true}]}}