{"id":10488,"date":"2019-10-01T12:04:40","date_gmt":"2019-10-01T10:04:40","guid":{"rendered":"https:\/\/www.asajacyl.com\/leon\/?p=10488"},"modified":"2019-10-01T12:23:33","modified_gmt":"2019-10-01T10:23:33","slug":"prestamo_sequia_2019","status":"publish","type":"post","link":"https:\/\/www.asajacyl.com\/leon\/buzon\/prestamo_sequia_2019","title":{"rendered":"pr\u00e9stamo_sequ\u00eda_2019"},"content":{"rendered":"<h2><strong>Solicitud del reconocimiento al derecho a bonificaci\u00f3n de pr\u00e9stamos preferenciales por la sequ\u00eda de 2019<\/strong><\/h2>\n<h6>En el Bocyl del 1 de octubre de 2019 se publica la Orden AGR\/860\/2019, por la que se establecen las bases para la concesi\u00f3n de subvenciones para pr\u00e9stamos preferenciales con motivo de la sequia de 2019. Hecha esta solicitud, y contestada favorablemente por parte de la consejer\u00eda de Agricultura, se abre el plazo para suscribir con el banco que el agricultor o ganadero elija, la p\u00f3liza del pr\u00e9stamo.<\/h6>\n<h6><strong><u>Beneficiarios:<\/u><\/strong><\/h6>\n<ol>\n<li>\n<h6>Titulares de explotaciones que coticen a la Seguridad Social agraria.<\/h6>\n<\/li>\n<li>\n<h6>En el caso de sociedades, reunir los requisitos de explotaci\u00f3n prioritaria.<\/h6>\n<\/li>\n<\/ol>\n<h6><strong><u>Condiciones de los pr\u00e9stamos:<\/u><\/strong><\/h6>\n<ol>\n<li>\n<h6>Cuant\u00eda m\u00e1xima de 40.000 euros por explotaci\u00f3n.<\/h6>\n<\/li>\n<li>\n<h6>Inter\u00e9s 1,5% subvencionado en su totalidad.<\/h6>\n<\/li>\n<li>\n<h6>Obligaci\u00f3n de suscribir los seguros agrarios (Agroseguro).<\/h6>\n<\/li>\n<li>\n<h6>Plazo hasta 5 a\u00f1os con la posibilidad de 1 de carencia.<\/h6>\n<\/li>\n<li>\n<h6>Libre elecci\u00f3n de entidad financiera sin necesidad de aval de SAECA.<\/h6>\n<\/li>\n<li>\n<h6>Ser\u00e1n garant\u00edas para la operaci\u00f3n las que exija a cada cliente la entidad financiera.<\/h6>\n<\/li>\n<li>\n<h6>Son pr\u00e9stamos para circulante, no hay que justificar a qu\u00e9 se destinan.<strong><u>\u00a0<\/u><\/strong><\/h6>\n<\/li>\n<\/ol>\n<h6><strong><u>Tramitaci\u00f3n del derecho a la ayuda:<\/u><\/strong><\/h6>\n<ul>\n<li>\n<h6>Oficinas de ASAJA o directamente el interesado en la Junta.<\/h6>\n<\/li>\n<\/ul>\n<h6><strong><u>Cobro de la ayuda:<\/u><\/strong><\/h6>\n<ul>\n<li>\n<h6>El beneficiario solicitar\u00e1 cada a\u00f1o el abono del importe de los intereses que previamente habr\u00e1 pagado al banco con las amortizaciones del pr\u00e9stamo.<\/h6>\n<\/li>\n<\/ul>\n<h6><\/h6>\n<h6>ASAJA \/ 01-10-2019.<\/h6>\n","protected":false},"excerpt":{"rendered":"<p>Solicitud del reconocimiento al derecho a bonificaci\u00f3n de pr\u00e9stamos preferenciales por la sequ\u00eda de 2019 En el Bocyl del 1 de octubre de 2019 se publica la Orden AGR\/860\/2019, por la que se establecen las bases para la concesi\u00f3n de subvenciones para pr\u00e9stamos preferenciales con motivo de la sequia de 2019. Hecha esta solicitud, y [&hellip;]<\/p>\n","protected":false},"author":8,"featured_media":8392,"comment_status":"open","ping_status":"open","sticky":false,"template":"","format":"standard","meta":{"footnotes":""},"categories":[78],"tags":[],"yoast_head":"<!-- This site is optimized with the Yoast SEO plugin v24.5 - https:\/\/yoast.com\/wordpress\/plugins\/seo\/ -->\n<title>pr\u00e9stamo_sequ\u00eda_2019 - ASAJA Le\u00f3n<\/title>\n<meta name=\"description\" content=\"Solicitud del reconocimiento al derecho a bonificaci\u00f3n de pr\u00e9stamos preferenciales por la sequ\u00eda de 2019 En el Bocyl del 1 de octubre de 2019 se publica\" \/>\n<meta name=\"robots\" content=\"index, follow, max-snippet:-1, max-image-preview:large, max-video-preview:-1\" \/>\n<link rel=\"canonical\" href=\"https:\/\/www.asajacyl.com\/leon\/buzon\/prestamo_sequia_2019\" \/>\n<meta property=\"og:locale\" content=\"es_ES\" \/>\n<meta property=\"og:type\" content=\"article\" \/>\n<meta property=\"og:title\" content=\"pr\u00e9stamo_sequ\u00eda_2019 - ASAJA Le\u00f3n\" \/>\n<meta property=\"og:description\" content=\"Solicitud del reconocimiento al derecho a bonificaci\u00f3n de pr\u00e9stamos preferenciales por la sequ\u00eda de 2019 En el Bocyl del 1 de octubre de 2019 se publica\" \/>\n<meta property=\"og:url\" content=\"https:\/\/www.asajacyl.com\/leon\/buzon\/prestamo_sequia_2019\" \/>\n<meta property=\"og:site_name\" content=\"ASAJA Le\u00f3n\" \/>\n<meta property=\"article:published_time\" content=\"2019-10-01T10:04:40+00:00\" \/>\n<meta property=\"article:modified_time\" content=\"2019-10-01T10:23:33+00:00\" \/>\n<meta property=\"og:image\" content=\"https:\/\/www.asajacyl.com\/leon\/wp-content\/uploads\/sites\/6\/2017\/12\/SEQUIA.jpg\" \/>\n\t<meta property=\"og:image:width\" content=\"1920\" \/>\n\t<meta property=\"og:image:height\" content=\"1280\" \/>\n\t<meta property=\"og:image:type\" content=\"image\/jpeg\" \/>\n<meta name=\"author\" content=\"Eduardo\" \/>\n<meta name=\"twitter:card\" content=\"summary_large_image\" \/>\n<meta name=\"twitter:label1\" content=\"Escrito por\" \/>\n\t<meta name=\"twitter:data1\" content=\"Eduardo\" \/>\n\t<meta name=\"twitter:label2\" content=\"Tiempo de lectura\" \/>\n\t<meta name=\"twitter:data2\" content=\"1 minuto\" \/>\n<script type=\"application\/ld+json\" class=\"yoast-schema-graph\">{\"@context\":\"https:\/\/schema.org\",\"@graph\":[{\"@type\":\"WebPage\",\"@id\":\"https:\/\/www.asajacyl.com\/leon\/buzon\/prestamo_sequia_2019\",\"url\":\"https:\/\/www.asajacyl.com\/leon\/buzon\/prestamo_sequia_2019\",\"name\":\"pr\u00e9stamo_sequ\u00eda_2019 - ASAJA Le\u00f3n\",\"isPartOf\":{\"@id\":\"https:\/\/www.asajacyl.com\/leon\/#website\"},\"primaryImageOfPage\":{\"@id\":\"https:\/\/www.asajacyl.com\/leon\/buzon\/prestamo_sequia_2019#primaryimage\"},\"image\":{\"@id\":\"https:\/\/www.asajacyl.com\/leon\/buzon\/prestamo_sequia_2019#primaryimage\"},\"thumbnailUrl\":\"https:\/\/www.asajacyl.com\/leon\/wp-content\/uploads\/sites\/6\/2017\/12\/SEQUIA.jpg\",\"datePublished\":\"2019-10-01T10:04:40+00:00\",\"dateModified\":\"2019-10-01T10:23:33+00:00\",\"author\":{\"@id\":\"https:\/\/www.asajacyl.com\/leon\/#\/schema\/person\/a39ff3609fc182e4c789ab486e865d32\"},\"description\":\"Solicitud del reconocimiento al derecho a bonificaci\u00f3n de pr\u00e9stamos preferenciales por la sequ\u00eda de 2019 En el Bocyl del 1 de octubre de 2019 se publica\",\"breadcrumb\":{\"@id\":\"https:\/\/www.asajacyl.com\/leon\/buzon\/prestamo_sequia_2019#breadcrumb\"},\"inLanguage\":\"es\",\"potentialAction\":[{\"@type\":\"ReadAction\",\"target\":[\"https:\/\/www.asajacyl.com\/leon\/buzon\/prestamo_sequia_2019\"]}]},{\"@type\":\"ImageObject\",\"inLanguage\":\"es\",\"@id\":\"https:\/\/www.asajacyl.com\/leon\/buzon\/prestamo_sequia_2019#primaryimage\",\"url\":\"https:\/\/www.asajacyl.com\/leon\/wp-content\/uploads\/sites\/6\/2017\/12\/SEQUIA.jpg\",\"contentUrl\":\"https:\/\/www.asajacyl.com\/leon\/wp-content\/uploads\/sites\/6\/2017\/12\/SEQUIA.jpg\",\"width\":1920,\"height\":1280},{\"@type\":\"BreadcrumbList\",\"@id\":\"https:\/\/www.asajacyl.com\/leon\/buzon\/prestamo_sequia_2019#breadcrumb\",\"itemListElement\":[{\"@type\":\"ListItem\",\"position\":1,\"name\":\"Portada\",\"item\":\"https:\/\/www.asajacyl.com\/leon\/\"},{\"@type\":\"ListItem\",\"position\":2,\"name\":\"pr\u00e9stamo_sequ\u00eda_2019\"}]},{\"@type\":\"WebSite\",\"@id\":\"https:\/\/www.asajacyl.com\/leon\/#website\",\"url\":\"https:\/\/www.asajacyl.com\/leon\/\",\"name\":\"ASAJA Le\u00f3n\",\"description\":\"Otro sitio m\u00e1s de Provincias ASAJA Castilla y Le\u00f3n\",\"potentialAction\":[{\"@type\":\"SearchAction\",\"target\":{\"@type\":\"EntryPoint\",\"urlTemplate\":\"https:\/\/www.asajacyl.com\/leon\/?s={search_term_string}\"},\"query-input\":{\"@type\":\"PropertyValueSpecification\",\"valueRequired\":true,\"valueName\":\"search_term_string\"}}],\"inLanguage\":\"es\"},{\"@type\":\"Person\",\"@id\":\"https:\/\/www.asajacyl.com\/leon\/#\/schema\/person\/a39ff3609fc182e4c789ab486e865d32\",\"name\":\"Eduardo\",\"image\":{\"@type\":\"ImageObject\",\"inLanguage\":\"es\",\"@id\":\"https:\/\/www.asajacyl.com\/leon\/#\/schema\/person\/image\/\",\"url\":\"https:\/\/secure.gravatar.com\/avatar\/9ebd6aba21d817dcf9595bc9ca505af5?s=96&d=mm&r=g\",\"contentUrl\":\"https:\/\/secure.gravatar.com\/avatar\/9ebd6aba21d817dcf9595bc9ca505af5?s=96&d=mm&r=g\",\"caption\":\"Eduardo\"},\"url\":\"https:\/\/www.asajacyl.com\/leon\/author\/eduardovv\"}]}<\/script>\n<!-- \/ Yoast SEO plugin. -->","yoast_head_json":{"title":"pr\u00e9stamo_sequ\u00eda_2019 - ASAJA Le\u00f3n","description":"Solicitud del reconocimiento al derecho a bonificaci\u00f3n de pr\u00e9stamos preferenciales por la sequ\u00eda de 2019 En el Bocyl del 1 de octubre de 2019 se publica","robots":{"index":"index","follow":"follow","max-snippet":"max-snippet:-1","max-image-preview":"max-image-preview:large","max-video-preview":"max-video-preview:-1"},"canonical":"https:\/\/www.asajacyl.com\/leon\/buzon\/prestamo_sequia_2019","og_locale":"es_ES","og_type":"article","og_title":"pr\u00e9stamo_sequ\u00eda_2019 - ASAJA Le\u00f3n","og_description":"Solicitud del reconocimiento al derecho a bonificaci\u00f3n de pr\u00e9stamos preferenciales por la sequ\u00eda de 2019 En el Bocyl del 1 de octubre de 2019 se publica","og_url":"https:\/\/www.asajacyl.com\/leon\/buzon\/prestamo_sequia_2019","og_site_name":"ASAJA Le\u00f3n","article_published_time":"2019-10-01T10:04:40+00:00","article_modified_time":"2019-10-01T10:23:33+00:00","og_image":[{"width":1920,"height":1280,"url":"https:\/\/www.asajacyl.com\/leon\/wp-content\/uploads\/sites\/6\/2017\/12\/SEQUIA.jpg","type":"image\/jpeg"}],"author":"Eduardo","twitter_card":"summary_large_image","twitter_misc":{"Escrito por":"Eduardo","Tiempo de lectura":"1 minuto"},"schema":{"@context":"https:\/\/schema.org","@graph":[{"@type":"WebPage","@id":"https:\/\/www.asajacyl.com\/leon\/buzon\/prestamo_sequia_2019","url":"https:\/\/www.asajacyl.com\/leon\/buzon\/prestamo_sequia_2019","name":"pr\u00e9stamo_sequ\u00eda_2019 - ASAJA Le\u00f3n","isPartOf":{"@id":"https:\/\/www.asajacyl.com\/leon\/#website"},"primaryImageOfPage":{"@id":"https:\/\/www.asajacyl.com\/leon\/buzon\/prestamo_sequia_2019#primaryimage"},"image":{"@id":"https:\/\/www.asajacyl.com\/leon\/buzon\/prestamo_sequia_2019#primaryimage"},"thumbnailUrl":"https:\/\/www.asajacyl.com\/leon\/wp-content\/uploads\/sites\/6\/2017\/12\/SEQUIA.jpg","datePublished":"2019-10-01T10:04:40+00:00","dateModified":"2019-10-01T10:23:33+00:00","author":{"@id":"https:\/\/www.asajacyl.com\/leon\/#\/schema\/person\/a39ff3609fc182e4c789ab486e865d32"},"description":"Solicitud del reconocimiento al derecho a bonificaci\u00f3n de pr\u00e9stamos preferenciales por la sequ\u00eda de 2019 En el Bocyl del 1 de octubre de 2019 se publica","breadcrumb":{"@id":"https:\/\/www.asajacyl.com\/leon\/buzon\/prestamo_sequia_2019#breadcrumb"},"inLanguage":"es","potentialAction":[{"@type":"ReadAction","target":["https:\/\/www.asajacyl.com\/leon\/buzon\/prestamo_sequia_2019"]}]},{"@type":"ImageObject","inLanguage":"es","@id":"https:\/\/www.asajacyl.com\/leon\/buzon\/prestamo_sequia_2019#primaryimage","url":"https:\/\/www.asajacyl.com\/leon\/wp-content\/uploads\/sites\/6\/2017\/12\/SEQUIA.jpg","contentUrl":"https:\/\/www.asajacyl.com\/leon\/wp-content\/uploads\/sites\/6\/2017\/12\/SEQUIA.jpg","width":1920,"height":1280},{"@type":"BreadcrumbList","@id":"https:\/\/www.asajacyl.com\/leon\/buzon\/prestamo_sequia_2019#breadcrumb","itemListElement":[{"@type":"ListItem","position":1,"name":"Portada","item":"https:\/\/www.asajacyl.com\/leon\/"},{"@type":"ListItem","position":2,"name":"pr\u00e9stamo_sequ\u00eda_2019"}]},{"@type":"WebSite","@id":"https:\/\/www.asajacyl.com\/leon\/#website","url":"https:\/\/www.asajacyl.com\/leon\/","name":"ASAJA Le\u00f3n","description":"Otro sitio m\u00e1s de Provincias ASAJA Castilla y Le\u00f3n","potentialAction":[{"@type":"SearchAction","target":{"@type":"EntryPoint","urlTemplate":"https:\/\/www.asajacyl.com\/leon\/?s={search_term_string}"},"query-input":{"@type":"PropertyValueSpecification","valueRequired":true,"valueName":"search_term_string"}}],"inLanguage":"es"},{"@type":"Person","@id":"https:\/\/www.asajacyl.com\/leon\/#\/schema\/person\/a39ff3609fc182e4c789ab486e865d32","name":"Eduardo","image":{"@type":"ImageObject","inLanguage":"es","@id":"https:\/\/www.asajacyl.com\/leon\/#\/schema\/person\/image\/","url":"https:\/\/secure.gravatar.com\/avatar\/9ebd6aba21d817dcf9595bc9ca505af5?s=96&d=mm&r=g","contentUrl":"https:\/\/secure.gravatar.com\/avatar\/9ebd6aba21d817dcf9595bc9ca505af5?s=96&d=mm&r=g","caption":"Eduardo"},"url":"https:\/\/www.asajacyl.com\/leon\/author\/eduardovv"}]}},"_links":{"self":[{"href":"https:\/\/www.asajacyl.com\/leon\/wp-json\/wp\/v2\/posts\/10488"}],"collection":[{"href":"https:\/\/www.asajacyl.com\/leon\/wp-json\/wp\/v2\/posts"}],"about":[{"href":"https:\/\/www.asajacyl.com\/leon\/wp-json\/wp\/v2\/types\/post"}],"author":[{"embeddable":true,"href":"https:\/\/www.asajacyl.com\/leon\/wp-json\/wp\/v2\/users\/8"}],"replies":[{"embeddable":true,"href":"https:\/\/www.asajacyl.com\/leon\/wp-json\/wp\/v2\/comments?post=10488"}],"version-history":[{"count":1,"href":"https:\/\/www.asajacyl.com\/leon\/wp-json\/wp\/v2\/posts\/10488\/revisions"}],"predecessor-version":[{"id":10489,"href":"https:\/\/www.asajacyl.com\/leon\/wp-json\/wp\/v2\/posts\/10488\/revisions\/10489"}],"wp:featuredmedia":[{"embeddable":true,"href":"https:\/\/www.asajacyl.com\/leon\/wp-json\/wp\/v2\/media\/8392"}],"wp:attachment":[{"href":"https:\/\/www.asajacyl.com\/leon\/wp-json\/wp\/v2\/media?parent=10488"}],"wp:term":[{"taxonomy":"category","embeddable":true,"href":"https:\/\/www.asajacyl.com\/leon\/wp-json\/wp\/v2\/categories?post=10488"},{"taxonomy":"post_tag","embeddable":true,"href":"https:\/\/www.asajacyl.com\/leon\/wp-json\/wp\/v2\/tags?post=10488"}],"curies":[{"name":"wp","href":"https:\/\/api.w.org\/{rel}","templated":true}]}}