{"id":10693,"date":"2019-11-22T09:21:03","date_gmt":"2019-11-22T08:21:03","guid":{"rendered":"https:\/\/www.asajacyl.com\/leon\/?p=10693"},"modified":"2019-12-10T12:46:50","modified_gmt":"2019-12-10T11:46:50","slug":"las-seis-noticias-agrarias-de-la-semana-22-11-2019","status":"publish","type":"post","link":"https:\/\/www.asajacyl.com\/leon\/asaja-leon-informa\/noticias\/las-seis-noticias-agrarias-de-la-semana-22-11-2019","title":{"rendered":"Las seis noticias agrarias de la semana &#8211; 22\/11\/2019"},"content":{"rendered":"<h6><\/h6>\n<h2>Fiscalidad \u201cm\u00e1s favorable\u201d, AIMCRA, el presiente de ACOR, Jes\u00fas Julio Carnero, Agalaxia Contagiosa, c\u00e1nones de regulaci\u00f3n y tarifas de riego<\/h2>\n<ol>\n<li>\n<h6>El presidente de la Junta de Castilla y Le\u00f3n, Alfonso Fern\u00e1ndez Ma\u00f1ueco, comprometi\u00f3 el pasado lunes en un acto p\u00fablico una <strong>fiscalidad \u201cm\u00e1s favorable\u201d<\/strong> para el medio rural, que incluya rebajas en el Impuesto de Transmisiones Patrimoniales para la compra de la primera vivienda, tierras o locales que se conviertan en sedes sociales o centros de trabajo, como medidas para hacer frente al reto demogr\u00e1fico. Adem\u00e1s, asegur\u00f3 que se aplicar\u00e1n reducciones del Impuesto sobre la Renta de las Personas F\u00edsicas (IRPF) en funci\u00f3n de la evoluci\u00f3n de la actividad econ\u00f3mica.<\/h6>\n<\/li>\n<li>\n<h6><strong>AIMCRA<\/strong> organiza para sus socios remolacheros las jornadas de formaci\u00f3n sobre cuestiones agroambientales que son necesarias para justificar actuaciones en esta materia a las que obliga la percepci\u00f3n de las ayudas del Programa de Desarrollo Rural. Las localidades leonesas en las que se va a impartir esta formaci\u00f3n son Valencia de Don Juan y Santa Mar\u00eda del P\u00e1ramo el jueves 5 de diciembre, y el martes 10 de diciembre de nuevo en Santa Mar\u00eda del P\u00e1ramo. Las jornadas son gratuitas previa inscripci\u00f3n dirigi\u00e9ndose a la asociaci\u00f3n AIMCRA por tel\u00e9fono o correo electr\u00f3nico.<\/h6>\n<\/li>\n<li>\n<h6><strong>El presidente de ACOR<\/strong>, Justino Ru\u00edz Medrano, que participo el lunes d\u00edas 18 en una asamblea de cooperativistas en la localidad leonesa de Villama\u00f1\u00e1n, apost\u00f3 por un incremento de las siembras de remolacha en la provincia de Le\u00f3n, donde el cultivo debe de ser rentable debido a un menor coste del agua en las zonas de regad\u00edo modernizado, pero a la vez dijo que el crecimiento deber\u00eda de llegar de la mano de la empresa AB Azucarera. El futuro de la remolacha de Le\u00f3n no puede estar condicionado a los planes de ACOR debido al elevado coste de transportar la ra\u00edz hasta la f\u00e1brica de Olmedo en Valladolid.<\/h6>\n<\/li>\n<li>\n<h6>El consejero de Agricultura y Ganader\u00eda de la Junta de Castilla y Le\u00f3n, <strong>Jes\u00fas Julio Carnero<\/strong>, particip\u00f3 el pasado martes en Zotes del P\u00e1ramo en una jornada sobre regad\u00edos organizada por el Diario de Le\u00f3n, y pidi\u00f3 una mayor implicaci\u00f3n del Gobierno central para el desarrollo de las infraestructuras de regad\u00edo, ya que\u00a0 a su entender en este momento est\u00e1 frenando la posibilidad de ejecutar m\u00e1s acciones en Castilla y Le\u00f3n. Dijo que es necesario que el Gobierno central desbloqu\u00e9 actuaciones en tr\u00e1mite de modernizaci\u00f3n de regad\u00edos en las que interviene la empresa p\u00fablica Seiasa.<\/h6>\n<\/li>\n<li>\n<h6>La consejer\u00eda de Agricultura y Ganader\u00eda celebr\u00f3 esta semana en Zamora unas jornadas de encuentro de ganaderos de ovino y caprino que se han adherido al programa de control de la <strong>Agalaxia Contagiosa<\/strong>, con el fin de establecer estrategias de trabajo que permitan ir reduciendo la ca\u00edda productiva que ocasiona la enfermedad. Esta enfermedad se manifiesta cl\u00ednicamente con temperatura elevada, inapetencia, alteraciones en la leche de las hembras reproductoras, cojera, y en algunos animales, queratoconjuntivitis.<\/h6>\n<\/li>\n<li>\n<h6>El Bolet\u00edn Oficial de la Provincia de Le\u00f3n del mi\u00e9rcoles d\u00eda 20 public\u00f3 el importe de los <strong>c\u00e1nones de regulaci\u00f3n y tarifas de riego<\/strong>, establecidos por la Confederaci\u00f3n Hidrogr\u00e1fica del Duero, correspondiente al a\u00f1o 2020. Estos importes son distintos dependiendo de la zona de riego, y teniendo en cuenta el estado de amortizaci\u00f3n de las obras, la inversi\u00f3n efectuada en su d\u00eda, y los gastos de mantenimiento de la obra. Respecto a la tarifa de riego, el importe m\u00e1s bajo es el Canal de San Rom\u00e1n, con 22 c\u00e9ntimos de euro por hect\u00e1rea, y el m\u00e1s caro la segunda fase del Canal de la Margen Izquierda de Porma con 109,96 euros por hect\u00e1rea.<\/h6>\n<\/li>\n<\/ol>\n","protected":false},"excerpt":{"rendered":"<p>Fiscalidad \u201cm\u00e1s favorable\u201d, AIMCRA, el presiente de ACOR, Jes\u00fas Julio Carnero, Agalaxia Contagiosa, c\u00e1nones de regulaci\u00f3n y tarifas de riego El presidente de la Junta de Castilla y Le\u00f3n, Alfonso Fern\u00e1ndez Ma\u00f1ueco, comprometi\u00f3 el pasado lunes en un acto p\u00fablico una fiscalidad \u201cm\u00e1s favorable\u201d para el medio rural, que incluya rebajas en el Impuesto de [&hellip;]<\/p>\n","protected":false},"author":8,"featured_media":7572,"comment_status":"open","ping_status":"open","sticky":false,"template":"","format":"standard","meta":{"footnotes":""},"categories":[4,9],"tags":[],"yoast_head":"<!-- This site is optimized with the Yoast SEO plugin v24.5 - https:\/\/yoast.com\/wordpress\/plugins\/seo\/ -->\n<title>Las seis noticias agrarias de la semana - 22\/11\/2019 - ASAJA Le\u00f3n<\/title>\n<meta name=\"description\" content=\"Fiscalidad \u201cm\u00e1s favorable\u201d, AIMCRA, el presiente de ACOR, Jes\u00fas Julio Carnero, Agalaxia Contagiosa, c\u00e1nones de regulaci\u00f3n y tarifas de riego El presidente\" \/>\n<meta name=\"robots\" content=\"index, follow, max-snippet:-1, max-image-preview:large, max-video-preview:-1\" \/>\n<link rel=\"canonical\" href=\"https:\/\/www.asajacyl.com\/leon\/asaja-leon-informa\/noticias\/las-seis-noticias-agrarias-de-la-semana-22-11-2019\" \/>\n<meta property=\"og:locale\" content=\"es_ES\" \/>\n<meta property=\"og:type\" content=\"article\" \/>\n<meta property=\"og:title\" content=\"Las seis noticias agrarias de la semana - 22\/11\/2019 - ASAJA Le\u00f3n\" \/>\n<meta property=\"og:description\" content=\"Fiscalidad \u201cm\u00e1s favorable\u201d, AIMCRA, el presiente de ACOR, Jes\u00fas Julio Carnero, Agalaxia Contagiosa, c\u00e1nones de regulaci\u00f3n y tarifas de riego El presidente\" \/>\n<meta property=\"og:url\" content=\"https:\/\/www.asajacyl.com\/leon\/asaja-leon-informa\/noticias\/las-seis-noticias-agrarias-de-la-semana-22-11-2019\" \/>\n<meta property=\"og:site_name\" content=\"ASAJA Le\u00f3n\" \/>\n<meta property=\"article:published_time\" content=\"2019-11-22T08:21:03+00:00\" \/>\n<meta property=\"article:modified_time\" content=\"2019-12-10T11:46:50+00:00\" \/>\n<meta property=\"og:image\" content=\"https:\/\/www.asajacyl.com\/leon\/wp-content\/uploads\/sites\/6\/2017\/11\/pivot_para_campo_leones.jpg\" \/>\n\t<meta property=\"og:image:width\" content=\"1600\" \/>\n\t<meta property=\"og:image:height\" content=\"1200\" \/>\n\t<meta property=\"og:image:type\" content=\"image\/jpeg\" \/>\n<meta name=\"author\" content=\"Eduardo\" \/>\n<meta name=\"twitter:card\" content=\"summary_large_image\" \/>\n<meta name=\"twitter:label1\" content=\"Escrito por\" \/>\n\t<meta name=\"twitter:data1\" content=\"Eduardo\" \/>\n\t<meta name=\"twitter:label2\" content=\"Tiempo de lectura\" \/>\n\t<meta name=\"twitter:data2\" content=\"3 minutos\" \/>\n<script type=\"application\/ld+json\" class=\"yoast-schema-graph\">{\"@context\":\"https:\/\/schema.org\",\"@graph\":[{\"@type\":\"WebPage\",\"@id\":\"https:\/\/www.asajacyl.com\/leon\/asaja-leon-informa\/noticias\/las-seis-noticias-agrarias-de-la-semana-22-11-2019\",\"url\":\"https:\/\/www.asajacyl.com\/leon\/asaja-leon-informa\/noticias\/las-seis-noticias-agrarias-de-la-semana-22-11-2019\",\"name\":\"Las seis noticias agrarias de la semana - 22\/11\/2019 - ASAJA Le\u00f3n\",\"isPartOf\":{\"@id\":\"https:\/\/www.asajacyl.com\/leon\/#website\"},\"primaryImageOfPage\":{\"@id\":\"https:\/\/www.asajacyl.com\/leon\/asaja-leon-informa\/noticias\/las-seis-noticias-agrarias-de-la-semana-22-11-2019#primaryimage\"},\"image\":{\"@id\":\"https:\/\/www.asajacyl.com\/leon\/asaja-leon-informa\/noticias\/las-seis-noticias-agrarias-de-la-semana-22-11-2019#primaryimage\"},\"thumbnailUrl\":\"https:\/\/www.asajacyl.com\/leon\/wp-content\/uploads\/sites\/6\/2017\/11\/pivot_para_campo_leones.jpg\",\"datePublished\":\"2019-11-22T08:21:03+00:00\",\"dateModified\":\"2019-12-10T11:46:50+00:00\",\"author\":{\"@id\":\"https:\/\/www.asajacyl.com\/leon\/#\/schema\/person\/a39ff3609fc182e4c789ab486e865d32\"},\"description\":\"Fiscalidad \u201cm\u00e1s favorable\u201d, AIMCRA, el presiente de ACOR, Jes\u00fas Julio Carnero, Agalaxia Contagiosa, c\u00e1nones de regulaci\u00f3n y tarifas de riego El presidente\",\"breadcrumb\":{\"@id\":\"https:\/\/www.asajacyl.com\/leon\/asaja-leon-informa\/noticias\/las-seis-noticias-agrarias-de-la-semana-22-11-2019#breadcrumb\"},\"inLanguage\":\"es\",\"potentialAction\":[{\"@type\":\"ReadAction\",\"target\":[\"https:\/\/www.asajacyl.com\/leon\/asaja-leon-informa\/noticias\/las-seis-noticias-agrarias-de-la-semana-22-11-2019\"]}]},{\"@type\":\"ImageObject\",\"inLanguage\":\"es\",\"@id\":\"https:\/\/www.asajacyl.com\/leon\/asaja-leon-informa\/noticias\/las-seis-noticias-agrarias-de-la-semana-22-11-2019#primaryimage\",\"url\":\"https:\/\/www.asajacyl.com\/leon\/wp-content\/uploads\/sites\/6\/2017\/11\/pivot_para_campo_leones.jpg\",\"contentUrl\":\"https:\/\/www.asajacyl.com\/leon\/wp-content\/uploads\/sites\/6\/2017\/11\/pivot_para_campo_leones.jpg\",\"width\":1600,\"height\":1200,\"caption\":\"pivot\"},{\"@type\":\"BreadcrumbList\",\"@id\":\"https:\/\/www.asajacyl.com\/leon\/asaja-leon-informa\/noticias\/las-seis-noticias-agrarias-de-la-semana-22-11-2019#breadcrumb\",\"itemListElement\":[{\"@type\":\"ListItem\",\"position\":1,\"name\":\"Portada\",\"item\":\"https:\/\/www.asajacyl.com\/leon\/\"},{\"@type\":\"ListItem\",\"position\":2,\"name\":\"Las seis noticias agrarias de la semana &#8211; 22\/11\/2019\"}]},{\"@type\":\"WebSite\",\"@id\":\"https:\/\/www.asajacyl.com\/leon\/#website\",\"url\":\"https:\/\/www.asajacyl.com\/leon\/\",\"name\":\"ASAJA Le\u00f3n\",\"description\":\"Otro sitio m\u00e1s de Provincias ASAJA Castilla y Le\u00f3n\",\"potentialAction\":[{\"@type\":\"SearchAction\",\"target\":{\"@type\":\"EntryPoint\",\"urlTemplate\":\"https:\/\/www.asajacyl.com\/leon\/?s={search_term_string}\"},\"query-input\":{\"@type\":\"PropertyValueSpecification\",\"valueRequired\":true,\"valueName\":\"search_term_string\"}}],\"inLanguage\":\"es\"},{\"@type\":\"Person\",\"@id\":\"https:\/\/www.asajacyl.com\/leon\/#\/schema\/person\/a39ff3609fc182e4c789ab486e865d32\",\"name\":\"Eduardo\",\"image\":{\"@type\":\"ImageObject\",\"inLanguage\":\"es\",\"@id\":\"https:\/\/www.asajacyl.com\/leon\/#\/schema\/person\/image\/\",\"url\":\"https:\/\/secure.gravatar.com\/avatar\/9ebd6aba21d817dcf9595bc9ca505af5?s=96&d=mm&r=g\",\"contentUrl\":\"https:\/\/secure.gravatar.com\/avatar\/9ebd6aba21d817dcf9595bc9ca505af5?s=96&d=mm&r=g\",\"caption\":\"Eduardo\"},\"url\":\"https:\/\/www.asajacyl.com\/leon\/author\/eduardovv\"}]}<\/script>\n<!-- \/ Yoast SEO plugin. -->","yoast_head_json":{"title":"Las seis noticias agrarias de la semana - 22\/11\/2019 - ASAJA Le\u00f3n","description":"Fiscalidad \u201cm\u00e1s favorable\u201d, AIMCRA, el presiente de ACOR, Jes\u00fas Julio Carnero, Agalaxia Contagiosa, c\u00e1nones de regulaci\u00f3n y tarifas de riego El presidente","robots":{"index":"index","follow":"follow","max-snippet":"max-snippet:-1","max-image-preview":"max-image-preview:large","max-video-preview":"max-video-preview:-1"},"canonical":"https:\/\/www.asajacyl.com\/leon\/asaja-leon-informa\/noticias\/las-seis-noticias-agrarias-de-la-semana-22-11-2019","og_locale":"es_ES","og_type":"article","og_title":"Las seis noticias agrarias de la semana - 22\/11\/2019 - ASAJA Le\u00f3n","og_description":"Fiscalidad \u201cm\u00e1s favorable\u201d, AIMCRA, el presiente de ACOR, Jes\u00fas Julio Carnero, Agalaxia Contagiosa, c\u00e1nones de regulaci\u00f3n y tarifas de riego El presidente","og_url":"https:\/\/www.asajacyl.com\/leon\/asaja-leon-informa\/noticias\/las-seis-noticias-agrarias-de-la-semana-22-11-2019","og_site_name":"ASAJA Le\u00f3n","article_published_time":"2019-11-22T08:21:03+00:00","article_modified_time":"2019-12-10T11:46:50+00:00","og_image":[{"width":1600,"height":1200,"url":"https:\/\/www.asajacyl.com\/leon\/wp-content\/uploads\/sites\/6\/2017\/11\/pivot_para_campo_leones.jpg","type":"image\/jpeg"}],"author":"Eduardo","twitter_card":"summary_large_image","twitter_misc":{"Escrito por":"Eduardo","Tiempo de lectura":"3 minutos"},"schema":{"@context":"https:\/\/schema.org","@graph":[{"@type":"WebPage","@id":"https:\/\/www.asajacyl.com\/leon\/asaja-leon-informa\/noticias\/las-seis-noticias-agrarias-de-la-semana-22-11-2019","url":"https:\/\/www.asajacyl.com\/leon\/asaja-leon-informa\/noticias\/las-seis-noticias-agrarias-de-la-semana-22-11-2019","name":"Las seis noticias agrarias de la semana - 22\/11\/2019 - ASAJA Le\u00f3n","isPartOf":{"@id":"https:\/\/www.asajacyl.com\/leon\/#website"},"primaryImageOfPage":{"@id":"https:\/\/www.asajacyl.com\/leon\/asaja-leon-informa\/noticias\/las-seis-noticias-agrarias-de-la-semana-22-11-2019#primaryimage"},"image":{"@id":"https:\/\/www.asajacyl.com\/leon\/asaja-leon-informa\/noticias\/las-seis-noticias-agrarias-de-la-semana-22-11-2019#primaryimage"},"thumbnailUrl":"https:\/\/www.asajacyl.com\/leon\/wp-content\/uploads\/sites\/6\/2017\/11\/pivot_para_campo_leones.jpg","datePublished":"2019-11-22T08:21:03+00:00","dateModified":"2019-12-10T11:46:50+00:00","author":{"@id":"https:\/\/www.asajacyl.com\/leon\/#\/schema\/person\/a39ff3609fc182e4c789ab486e865d32"},"description":"Fiscalidad \u201cm\u00e1s favorable\u201d, AIMCRA, el presiente de ACOR, Jes\u00fas Julio Carnero, Agalaxia Contagiosa, c\u00e1nones de regulaci\u00f3n y tarifas de riego El presidente","breadcrumb":{"@id":"https:\/\/www.asajacyl.com\/leon\/asaja-leon-informa\/noticias\/las-seis-noticias-agrarias-de-la-semana-22-11-2019#breadcrumb"},"inLanguage":"es","potentialAction":[{"@type":"ReadAction","target":["https:\/\/www.asajacyl.com\/leon\/asaja-leon-informa\/noticias\/las-seis-noticias-agrarias-de-la-semana-22-11-2019"]}]},{"@type":"ImageObject","inLanguage":"es","@id":"https:\/\/www.asajacyl.com\/leon\/asaja-leon-informa\/noticias\/las-seis-noticias-agrarias-de-la-semana-22-11-2019#primaryimage","url":"https:\/\/www.asajacyl.com\/leon\/wp-content\/uploads\/sites\/6\/2017\/11\/pivot_para_campo_leones.jpg","contentUrl":"https:\/\/www.asajacyl.com\/leon\/wp-content\/uploads\/sites\/6\/2017\/11\/pivot_para_campo_leones.jpg","width":1600,"height":1200,"caption":"pivot"},{"@type":"BreadcrumbList","@id":"https:\/\/www.asajacyl.com\/leon\/asaja-leon-informa\/noticias\/las-seis-noticias-agrarias-de-la-semana-22-11-2019#breadcrumb","itemListElement":[{"@type":"ListItem","position":1,"name":"Portada","item":"https:\/\/www.asajacyl.com\/leon\/"},{"@type":"ListItem","position":2,"name":"Las seis noticias agrarias de la semana &#8211; 22\/11\/2019"}]},{"@type":"WebSite","@id":"https:\/\/www.asajacyl.com\/leon\/#website","url":"https:\/\/www.asajacyl.com\/leon\/","name":"ASAJA Le\u00f3n","description":"Otro sitio m\u00e1s de Provincias ASAJA Castilla y Le\u00f3n","potentialAction":[{"@type":"SearchAction","target":{"@type":"EntryPoint","urlTemplate":"https:\/\/www.asajacyl.com\/leon\/?s={search_term_string}"},"query-input":{"@type":"PropertyValueSpecification","valueRequired":true,"valueName":"search_term_string"}}],"inLanguage":"es"},{"@type":"Person","@id":"https:\/\/www.asajacyl.com\/leon\/#\/schema\/person\/a39ff3609fc182e4c789ab486e865d32","name":"Eduardo","image":{"@type":"ImageObject","inLanguage":"es","@id":"https:\/\/www.asajacyl.com\/leon\/#\/schema\/person\/image\/","url":"https:\/\/secure.gravatar.com\/avatar\/9ebd6aba21d817dcf9595bc9ca505af5?s=96&d=mm&r=g","contentUrl":"https:\/\/secure.gravatar.com\/avatar\/9ebd6aba21d817dcf9595bc9ca505af5?s=96&d=mm&r=g","caption":"Eduardo"},"url":"https:\/\/www.asajacyl.com\/leon\/author\/eduardovv"}]}},"_links":{"self":[{"href":"https:\/\/www.asajacyl.com\/leon\/wp-json\/wp\/v2\/posts\/10693"}],"collection":[{"href":"https:\/\/www.asajacyl.com\/leon\/wp-json\/wp\/v2\/posts"}],"about":[{"href":"https:\/\/www.asajacyl.com\/leon\/wp-json\/wp\/v2\/types\/post"}],"author":[{"embeddable":true,"href":"https:\/\/www.asajacyl.com\/leon\/wp-json\/wp\/v2\/users\/8"}],"replies":[{"embeddable":true,"href":"https:\/\/www.asajacyl.com\/leon\/wp-json\/wp\/v2\/comments?post=10693"}],"version-history":[{"count":2,"href":"https:\/\/www.asajacyl.com\/leon\/wp-json\/wp\/v2\/posts\/10693\/revisions"}],"predecessor-version":[{"id":10695,"href":"https:\/\/www.asajacyl.com\/leon\/wp-json\/wp\/v2\/posts\/10693\/revisions\/10695"}],"wp:featuredmedia":[{"embeddable":true,"href":"https:\/\/www.asajacyl.com\/leon\/wp-json\/wp\/v2\/media\/7572"}],"wp:attachment":[{"href":"https:\/\/www.asajacyl.com\/leon\/wp-json\/wp\/v2\/media?parent=10693"}],"wp:term":[{"taxonomy":"category","embeddable":true,"href":"https:\/\/www.asajacyl.com\/leon\/wp-json\/wp\/v2\/categories?post=10693"},{"taxonomy":"post_tag","embeddable":true,"href":"https:\/\/www.asajacyl.com\/leon\/wp-json\/wp\/v2\/tags?post=10693"}],"curies":[{"name":"wp","href":"https:\/\/api.w.org\/{rel}","templated":true}]}}