{"id":10825,"date":"2020-01-02T11:39:32","date_gmt":"2020-01-02T10:39:32","guid":{"rendered":"https:\/\/www.asajacyl.com\/leon\/?p=10825"},"modified":"2020-01-02T14:09:01","modified_gmt":"2020-01-02T13:09:01","slug":"jornada_iea_2020","status":"publish","type":"post","link":"https:\/\/www.asajacyl.com\/leon\/buzon\/jornada_iea_2020","title":{"rendered":"jornada_iea_2020"},"content":{"rendered":"<h6><\/h6>\n<h2><strong><u>JORNADA FORMATIVA <\/u><\/strong><strong><u>PARA J\u00d3VENES QUE SE INCORPOREN AL CAMPO<\/u><\/strong><\/h2>\n<h6><\/h6>\n<h6>Le\u00f3n, 2 de enero de 2020.<\/h6>\n<h6>Nos dirigimos a quienes hab\u00e9is hecho recientemente el curso de incorporaci\u00f3n a la empresa agraria, o hab\u00e9is mostrado inter\u00e9s por las ayudas a la primera instalaci\u00f3n de j\u00f3venes a la agricultura, para informaros que en el BOCYL del 26 de diciembre se public\u00f3 la Orden de 16 de diciembre de 2019, de la Consejer\u00eda de Agricultura, Ganader\u00eda y Desarrollo Rural, por la que se convocan ayudas para j\u00f3venes agricultores, para la mejora de las estructuras de producci\u00f3n y modernizaci\u00f3n de las explotaciones agrarias. El plazo para solicitar estas ayudas estar\u00e1 abierto hasta el <strong><u>16 de marzo<\/u><\/strong>.<\/h6>\n<h6><\/h6>\n<h6>Con el fin de informar en detalle del contenido de estas ayudas, y en general de todo lo referente a la incorporaci\u00f3n de j\u00f3venes al sector agrario, se te invita a participar en una de las dos <strong>JORNADAS DE FORMACI\u00d3N, <\/strong>con igual contenido:<\/h6>\n<ul>\n<li>\n<h6>El\u00a0<strong>VIERNES 10 DE ENERO<\/strong>, en las <strong>OFICINAS DE ASAJA<\/strong> <strong>en Le\u00f3n<\/strong>, en horario de <strong>10 a 13 horas<\/strong>.<\/h6>\n<\/li>\n<li>\n<h6><strong>El MI\u00c9RCOLES 15 DE ENERO<\/strong>, en las <strong>OFICINAS DE ASAJA en Ponferrada<\/strong>, en horario de <strong>10 a 13 horas<\/strong>.<\/h6>\n<\/li>\n<\/ul>\n<h6><\/h6>\n<h6>Es necesario que confirmes t\u00fa asistencia por tel\u00e9fono o personalmente en las oficinas de ASAJA como muy tarde el mi\u00e9rcoles d\u00eda 9.<\/h6>\n<h6>ASAJA lucha para que haya medidas eficaces que incentiven la incorporaci\u00f3n de j\u00f3venes a la agricultura y la ganader\u00eda, y dispone del personal m\u00e1s preparado y cualificado para la gesti\u00f3n de unos expedientes muy complejos. Nuestro \u00e9xito viene avalado por el hecho de que somos la organizaci\u00f3n que, con gran diferencia, m\u00e1s j\u00f3venes incorpora cada a\u00f1o con \u00e9xito a la agricultura y la ganader\u00eda, superando el 55% de todos los de la provincia.<\/h6>\n<h6>Si es t\u00fa voluntad incorporarte al sector en esta convocatoria, en ASAJA pondremos todos los medios por nuestra parte para que puedas tomar las decisiones m\u00e1s acertadas y obtengas todos los beneficios econ\u00f3micos y de otro tipo que permita la normativa en vigor.<\/h6>\n<h6><\/h6>\n<h6>Recibe un saludo.<\/h6>\n<h6><\/h6>\n<h6>Fdo.: Jos\u00e9 Antonio Turrado<\/h6>\n<h6>Secretario general<\/h6>\n","protected":false},"excerpt":{"rendered":"<p>JORNADA FORMATIVA PARA J\u00d3VENES QUE SE INCORPOREN AL CAMPO Le\u00f3n, 2 de enero de 2020. Nos dirigimos a quienes hab\u00e9is hecho recientemente el curso de incorporaci\u00f3n a la empresa agraria, o hab\u00e9is mostrado inter\u00e9s por las ayudas a la primera instalaci\u00f3n de j\u00f3venes a la agricultura, para informaros que en el BOCYL del 26 de [&hellip;]<\/p>\n","protected":false},"author":8,"featured_media":8375,"comment_status":"open","ping_status":"open","sticky":false,"template":"","format":"standard","meta":{"footnotes":""},"categories":[78],"tags":[],"yoast_head":"<!-- This site is optimized with the Yoast SEO plugin v24.5 - https:\/\/yoast.com\/wordpress\/plugins\/seo\/ -->\n<title>jornada_iea_2020 - ASAJA Le\u00f3n<\/title>\n<meta name=\"description\" content=\"JORNADA FORMATIVA PARA J\u00d3VENES QUE SE INCORPOREN AL CAMPO Le\u00f3n, 2 de enero de 2020. Nos dirigimos a quienes hab\u00e9is hecho recientemente el curso de\" \/>\n<meta name=\"robots\" content=\"index, follow, max-snippet:-1, max-image-preview:large, max-video-preview:-1\" \/>\n<link rel=\"canonical\" href=\"https:\/\/www.asajacyl.com\/leon\/buzon\/jornada_iea_2020\" \/>\n<meta property=\"og:locale\" content=\"es_ES\" \/>\n<meta property=\"og:type\" content=\"article\" \/>\n<meta property=\"og:title\" content=\"jornada_iea_2020 - ASAJA Le\u00f3n\" \/>\n<meta property=\"og:description\" content=\"JORNADA FORMATIVA PARA J\u00d3VENES QUE SE INCORPOREN AL CAMPO Le\u00f3n, 2 de enero de 2020. Nos dirigimos a quienes hab\u00e9is hecho recientemente el curso de\" \/>\n<meta property=\"og:url\" content=\"https:\/\/www.asajacyl.com\/leon\/buzon\/jornada_iea_2020\" \/>\n<meta property=\"og:site_name\" content=\"ASAJA Le\u00f3n\" \/>\n<meta property=\"article:published_time\" content=\"2020-01-02T10:39:32+00:00\" \/>\n<meta property=\"article:modified_time\" content=\"2020-01-02T13:09:01+00:00\" \/>\n<meta property=\"og:image\" content=\"https:\/\/www.asajacyl.com\/leon\/wp-content\/uploads\/sites\/6\/2017\/12\/centeno.jpg\" \/>\n\t<meta property=\"og:image:width\" content=\"960\" \/>\n\t<meta property=\"og:image:height\" content=\"640\" \/>\n\t<meta property=\"og:image:type\" content=\"image\/jpeg\" \/>\n<meta name=\"author\" content=\"Eduardo\" \/>\n<meta name=\"twitter:card\" content=\"summary_large_image\" \/>\n<meta name=\"twitter:label1\" content=\"Escrito por\" \/>\n\t<meta name=\"twitter:data1\" content=\"Eduardo\" \/>\n\t<meta name=\"twitter:label2\" content=\"Tiempo de lectura\" \/>\n\t<meta name=\"twitter:data2\" content=\"2 minutos\" \/>\n<script type=\"application\/ld+json\" class=\"yoast-schema-graph\">{\"@context\":\"https:\/\/schema.org\",\"@graph\":[{\"@type\":\"WebPage\",\"@id\":\"https:\/\/www.asajacyl.com\/leon\/buzon\/jornada_iea_2020\",\"url\":\"https:\/\/www.asajacyl.com\/leon\/buzon\/jornada_iea_2020\",\"name\":\"jornada_iea_2020 - ASAJA Le\u00f3n\",\"isPartOf\":{\"@id\":\"https:\/\/www.asajacyl.com\/leon\/#website\"},\"primaryImageOfPage\":{\"@id\":\"https:\/\/www.asajacyl.com\/leon\/buzon\/jornada_iea_2020#primaryimage\"},\"image\":{\"@id\":\"https:\/\/www.asajacyl.com\/leon\/buzon\/jornada_iea_2020#primaryimage\"},\"thumbnailUrl\":\"https:\/\/www.asajacyl.com\/leon\/wp-content\/uploads\/sites\/6\/2017\/12\/centeno.jpg\",\"datePublished\":\"2020-01-02T10:39:32+00:00\",\"dateModified\":\"2020-01-02T13:09:01+00:00\",\"author\":{\"@id\":\"https:\/\/www.asajacyl.com\/leon\/#\/schema\/person\/a39ff3609fc182e4c789ab486e865d32\"},\"description\":\"JORNADA FORMATIVA PARA J\u00d3VENES QUE SE INCORPOREN AL CAMPO Le\u00f3n, 2 de enero de 2020. Nos dirigimos a quienes hab\u00e9is hecho recientemente el curso de\",\"breadcrumb\":{\"@id\":\"https:\/\/www.asajacyl.com\/leon\/buzon\/jornada_iea_2020#breadcrumb\"},\"inLanguage\":\"es\",\"potentialAction\":[{\"@type\":\"ReadAction\",\"target\":[\"https:\/\/www.asajacyl.com\/leon\/buzon\/jornada_iea_2020\"]}]},{\"@type\":\"ImageObject\",\"inLanguage\":\"es\",\"@id\":\"https:\/\/www.asajacyl.com\/leon\/buzon\/jornada_iea_2020#primaryimage\",\"url\":\"https:\/\/www.asajacyl.com\/leon\/wp-content\/uploads\/sites\/6\/2017\/12\/centeno.jpg\",\"contentUrl\":\"https:\/\/www.asajacyl.com\/leon\/wp-content\/uploads\/sites\/6\/2017\/12\/centeno.jpg\",\"width\":960,\"height\":640},{\"@type\":\"BreadcrumbList\",\"@id\":\"https:\/\/www.asajacyl.com\/leon\/buzon\/jornada_iea_2020#breadcrumb\",\"itemListElement\":[{\"@type\":\"ListItem\",\"position\":1,\"name\":\"Portada\",\"item\":\"https:\/\/www.asajacyl.com\/leon\/\"},{\"@type\":\"ListItem\",\"position\":2,\"name\":\"jornada_iea_2020\"}]},{\"@type\":\"WebSite\",\"@id\":\"https:\/\/www.asajacyl.com\/leon\/#website\",\"url\":\"https:\/\/www.asajacyl.com\/leon\/\",\"name\":\"ASAJA Le\u00f3n\",\"description\":\"Otro sitio m\u00e1s de Provincias ASAJA Castilla y Le\u00f3n\",\"potentialAction\":[{\"@type\":\"SearchAction\",\"target\":{\"@type\":\"EntryPoint\",\"urlTemplate\":\"https:\/\/www.asajacyl.com\/leon\/?s={search_term_string}\"},\"query-input\":{\"@type\":\"PropertyValueSpecification\",\"valueRequired\":true,\"valueName\":\"search_term_string\"}}],\"inLanguage\":\"es\"},{\"@type\":\"Person\",\"@id\":\"https:\/\/www.asajacyl.com\/leon\/#\/schema\/person\/a39ff3609fc182e4c789ab486e865d32\",\"name\":\"Eduardo\",\"image\":{\"@type\":\"ImageObject\",\"inLanguage\":\"es\",\"@id\":\"https:\/\/www.asajacyl.com\/leon\/#\/schema\/person\/image\/\",\"url\":\"https:\/\/secure.gravatar.com\/avatar\/9ebd6aba21d817dcf9595bc9ca505af5?s=96&d=mm&r=g\",\"contentUrl\":\"https:\/\/secure.gravatar.com\/avatar\/9ebd6aba21d817dcf9595bc9ca505af5?s=96&d=mm&r=g\",\"caption\":\"Eduardo\"},\"url\":\"https:\/\/www.asajacyl.com\/leon\/author\/eduardovv\"}]}<\/script>\n<!-- \/ Yoast SEO plugin. -->","yoast_head_json":{"title":"jornada_iea_2020 - ASAJA Le\u00f3n","description":"JORNADA FORMATIVA PARA J\u00d3VENES QUE SE INCORPOREN AL CAMPO Le\u00f3n, 2 de enero de 2020. Nos dirigimos a quienes hab\u00e9is hecho recientemente el curso de","robots":{"index":"index","follow":"follow","max-snippet":"max-snippet:-1","max-image-preview":"max-image-preview:large","max-video-preview":"max-video-preview:-1"},"canonical":"https:\/\/www.asajacyl.com\/leon\/buzon\/jornada_iea_2020","og_locale":"es_ES","og_type":"article","og_title":"jornada_iea_2020 - ASAJA Le\u00f3n","og_description":"JORNADA FORMATIVA PARA J\u00d3VENES QUE SE INCORPOREN AL CAMPO Le\u00f3n, 2 de enero de 2020. Nos dirigimos a quienes hab\u00e9is hecho recientemente el curso de","og_url":"https:\/\/www.asajacyl.com\/leon\/buzon\/jornada_iea_2020","og_site_name":"ASAJA Le\u00f3n","article_published_time":"2020-01-02T10:39:32+00:00","article_modified_time":"2020-01-02T13:09:01+00:00","og_image":[{"width":960,"height":640,"url":"https:\/\/www.asajacyl.com\/leon\/wp-content\/uploads\/sites\/6\/2017\/12\/centeno.jpg","type":"image\/jpeg"}],"author":"Eduardo","twitter_card":"summary_large_image","twitter_misc":{"Escrito por":"Eduardo","Tiempo de lectura":"2 minutos"},"schema":{"@context":"https:\/\/schema.org","@graph":[{"@type":"WebPage","@id":"https:\/\/www.asajacyl.com\/leon\/buzon\/jornada_iea_2020","url":"https:\/\/www.asajacyl.com\/leon\/buzon\/jornada_iea_2020","name":"jornada_iea_2020 - ASAJA Le\u00f3n","isPartOf":{"@id":"https:\/\/www.asajacyl.com\/leon\/#website"},"primaryImageOfPage":{"@id":"https:\/\/www.asajacyl.com\/leon\/buzon\/jornada_iea_2020#primaryimage"},"image":{"@id":"https:\/\/www.asajacyl.com\/leon\/buzon\/jornada_iea_2020#primaryimage"},"thumbnailUrl":"https:\/\/www.asajacyl.com\/leon\/wp-content\/uploads\/sites\/6\/2017\/12\/centeno.jpg","datePublished":"2020-01-02T10:39:32+00:00","dateModified":"2020-01-02T13:09:01+00:00","author":{"@id":"https:\/\/www.asajacyl.com\/leon\/#\/schema\/person\/a39ff3609fc182e4c789ab486e865d32"},"description":"JORNADA FORMATIVA PARA J\u00d3VENES QUE SE INCORPOREN AL CAMPO Le\u00f3n, 2 de enero de 2020. Nos dirigimos a quienes hab\u00e9is hecho recientemente el curso de","breadcrumb":{"@id":"https:\/\/www.asajacyl.com\/leon\/buzon\/jornada_iea_2020#breadcrumb"},"inLanguage":"es","potentialAction":[{"@type":"ReadAction","target":["https:\/\/www.asajacyl.com\/leon\/buzon\/jornada_iea_2020"]}]},{"@type":"ImageObject","inLanguage":"es","@id":"https:\/\/www.asajacyl.com\/leon\/buzon\/jornada_iea_2020#primaryimage","url":"https:\/\/www.asajacyl.com\/leon\/wp-content\/uploads\/sites\/6\/2017\/12\/centeno.jpg","contentUrl":"https:\/\/www.asajacyl.com\/leon\/wp-content\/uploads\/sites\/6\/2017\/12\/centeno.jpg","width":960,"height":640},{"@type":"BreadcrumbList","@id":"https:\/\/www.asajacyl.com\/leon\/buzon\/jornada_iea_2020#breadcrumb","itemListElement":[{"@type":"ListItem","position":1,"name":"Portada","item":"https:\/\/www.asajacyl.com\/leon\/"},{"@type":"ListItem","position":2,"name":"jornada_iea_2020"}]},{"@type":"WebSite","@id":"https:\/\/www.asajacyl.com\/leon\/#website","url":"https:\/\/www.asajacyl.com\/leon\/","name":"ASAJA Le\u00f3n","description":"Otro sitio m\u00e1s de Provincias ASAJA Castilla y Le\u00f3n","potentialAction":[{"@type":"SearchAction","target":{"@type":"EntryPoint","urlTemplate":"https:\/\/www.asajacyl.com\/leon\/?s={search_term_string}"},"query-input":{"@type":"PropertyValueSpecification","valueRequired":true,"valueName":"search_term_string"}}],"inLanguage":"es"},{"@type":"Person","@id":"https:\/\/www.asajacyl.com\/leon\/#\/schema\/person\/a39ff3609fc182e4c789ab486e865d32","name":"Eduardo","image":{"@type":"ImageObject","inLanguage":"es","@id":"https:\/\/www.asajacyl.com\/leon\/#\/schema\/person\/image\/","url":"https:\/\/secure.gravatar.com\/avatar\/9ebd6aba21d817dcf9595bc9ca505af5?s=96&d=mm&r=g","contentUrl":"https:\/\/secure.gravatar.com\/avatar\/9ebd6aba21d817dcf9595bc9ca505af5?s=96&d=mm&r=g","caption":"Eduardo"},"url":"https:\/\/www.asajacyl.com\/leon\/author\/eduardovv"}]}},"_links":{"self":[{"href":"https:\/\/www.asajacyl.com\/leon\/wp-json\/wp\/v2\/posts\/10825"}],"collection":[{"href":"https:\/\/www.asajacyl.com\/leon\/wp-json\/wp\/v2\/posts"}],"about":[{"href":"https:\/\/www.asajacyl.com\/leon\/wp-json\/wp\/v2\/types\/post"}],"author":[{"embeddable":true,"href":"https:\/\/www.asajacyl.com\/leon\/wp-json\/wp\/v2\/users\/8"}],"replies":[{"embeddable":true,"href":"https:\/\/www.asajacyl.com\/leon\/wp-json\/wp\/v2\/comments?post=10825"}],"version-history":[{"count":5,"href":"https:\/\/www.asajacyl.com\/leon\/wp-json\/wp\/v2\/posts\/10825\/revisions"}],"predecessor-version":[{"id":10831,"href":"https:\/\/www.asajacyl.com\/leon\/wp-json\/wp\/v2\/posts\/10825\/revisions\/10831"}],"wp:featuredmedia":[{"embeddable":true,"href":"https:\/\/www.asajacyl.com\/leon\/wp-json\/wp\/v2\/media\/8375"}],"wp:attachment":[{"href":"https:\/\/www.asajacyl.com\/leon\/wp-json\/wp\/v2\/media?parent=10825"}],"wp:term":[{"taxonomy":"category","embeddable":true,"href":"https:\/\/www.asajacyl.com\/leon\/wp-json\/wp\/v2\/categories?post=10825"},{"taxonomy":"post_tag","embeddable":true,"href":"https:\/\/www.asajacyl.com\/leon\/wp-json\/wp\/v2\/tags?post=10825"}],"curies":[{"name":"wp","href":"https:\/\/api.w.org\/{rel}","templated":true}]}}