{"id":10928,"date":"2020-01-27T10:47:33","date_gmt":"2020-01-27T09:47:33","guid":{"rendered":"https:\/\/www.asajacyl.com\/leon\/?p=10928"},"modified":"2020-01-27T10:49:18","modified_gmt":"2020-01-27T09:49:18","slug":"agrovid_2020","status":"publish","type":"post","link":"https:\/\/www.asajacyl.com\/leon\/buzon\/agrovid_2020","title":{"rendered":"AGROVID_2020"},"content":{"rendered":"<h2><strong>INVITACI\u00d3N A LA FERIA AGROVID<\/strong><\/h2>\n<h6>Le\u00f3n, 27 de enero de 2020.<\/h6>\n<h6>El pr\u00f3ximo jueves d\u00eda 30, con motivo de la feria Agrovid que se inaugura ese mismo d\u00eda por la ma\u00f1ana en el Recinto Ferial de Valladolid, ASAJA va a celebrar una <strong><u>jornada con viticultores de todas las denominaciones de origen de Castilla y Le\u00f3n<\/u><\/strong>. Dicha jornada tendr\u00e1 lugar en una de las salas de dicho recinto ferial, en horario de 16:30 a 18:30 horas.<\/h6>\n<h6>Como viticultor, <strong>te invitamos a participar en la misma<\/strong> (conviene que nos lo digas con antelaci\u00f3n en nuestras oficinas) <strong>y a visitar tambi\u00e9n nuestro <u>stand<\/u><\/strong> en el recinto ferial. Si necesitas entrada te la podemos proporcionar tambi\u00e9n en nuestra oficina.<\/h6>\n<h6><\/h6>\n<h6>Recibe un saludo.<\/h6>\n<h6><\/h6>\n<h6>Fdo.: Jos\u00e9 Antonio Turrado<\/h6>\n<h6>Secretario general<\/h6>\n","protected":false},"excerpt":{"rendered":"<p>INVITACI\u00d3N A LA FERIA AGROVID Le\u00f3n, 27 de enero de 2020. El pr\u00f3ximo jueves d\u00eda 30, con motivo de la feria Agrovid que se inaugura ese mismo d\u00eda por la ma\u00f1ana en el Recinto Ferial de Valladolid, ASAJA va a celebrar una jornada con viticultores de todas las denominaciones de origen de Castilla y Le\u00f3n. [&hellip;]<\/p>\n","protected":false},"author":8,"featured_media":8174,"comment_status":"open","ping_status":"open","sticky":false,"template":"","format":"standard","meta":{"footnotes":""},"categories":[78],"tags":[],"yoast_head":"<!-- This site is optimized with the Yoast SEO plugin v24.5 - https:\/\/yoast.com\/wordpress\/plugins\/seo\/ -->\n<title>AGROVID_2020 - ASAJA Le\u00f3n<\/title>\n<meta name=\"description\" content=\"INVITACI\u00d3N A LA FERIA AGROVID Le\u00f3n, 27 de enero de 2020. El pr\u00f3ximo jueves d\u00eda 30, con motivo de la feria Agrovid que se inaugura ese mismo d\u00eda por la\" \/>\n<meta name=\"robots\" content=\"index, follow, max-snippet:-1, max-image-preview:large, max-video-preview:-1\" \/>\n<link rel=\"canonical\" href=\"https:\/\/www.asajacyl.com\/leon\/buzon\/agrovid_2020\" \/>\n<meta property=\"og:locale\" content=\"es_ES\" \/>\n<meta property=\"og:type\" content=\"article\" \/>\n<meta property=\"og:title\" content=\"AGROVID_2020 - ASAJA Le\u00f3n\" \/>\n<meta property=\"og:description\" content=\"INVITACI\u00d3N A LA FERIA AGROVID Le\u00f3n, 27 de enero de 2020. El pr\u00f3ximo jueves d\u00eda 30, con motivo de la feria Agrovid que se inaugura ese mismo d\u00eda por la\" \/>\n<meta property=\"og:url\" content=\"https:\/\/www.asajacyl.com\/leon\/buzon\/agrovid_2020\" \/>\n<meta property=\"og:site_name\" content=\"ASAJA Le\u00f3n\" \/>\n<meta property=\"article:published_time\" content=\"2020-01-27T09:47:33+00:00\" \/>\n<meta property=\"article:modified_time\" content=\"2020-01-27T09:49:18+00:00\" \/>\n<meta property=\"og:image\" content=\"https:\/\/www.asajacyl.com\/leon\/wp-content\/uploads\/sites\/6\/2017\/11\/im_predefinida_1920x1080.jpg\" \/>\n\t<meta property=\"og:image:width\" content=\"1920\" \/>\n\t<meta property=\"og:image:height\" content=\"1080\" \/>\n\t<meta property=\"og:image:type\" content=\"image\/jpeg\" \/>\n<meta name=\"author\" content=\"Eduardo\" \/>\n<meta name=\"twitter:card\" content=\"summary_large_image\" \/>\n<meta name=\"twitter:label1\" content=\"Escrito por\" \/>\n\t<meta name=\"twitter:data1\" content=\"Eduardo\" \/>\n\t<meta name=\"twitter:label2\" content=\"Tiempo de lectura\" \/>\n\t<meta name=\"twitter:data2\" content=\"1 minuto\" \/>\n<script type=\"application\/ld+json\" class=\"yoast-schema-graph\">{\"@context\":\"https:\/\/schema.org\",\"@graph\":[{\"@type\":\"WebPage\",\"@id\":\"https:\/\/www.asajacyl.com\/leon\/buzon\/agrovid_2020\",\"url\":\"https:\/\/www.asajacyl.com\/leon\/buzon\/agrovid_2020\",\"name\":\"AGROVID_2020 - ASAJA Le\u00f3n\",\"isPartOf\":{\"@id\":\"https:\/\/www.asajacyl.com\/leon\/#website\"},\"primaryImageOfPage\":{\"@id\":\"https:\/\/www.asajacyl.com\/leon\/buzon\/agrovid_2020#primaryimage\"},\"image\":{\"@id\":\"https:\/\/www.asajacyl.com\/leon\/buzon\/agrovid_2020#primaryimage\"},\"thumbnailUrl\":\"https:\/\/www.asajacyl.com\/leon\/wp-content\/uploads\/sites\/6\/2017\/11\/im_predefinida_1920x1080.jpg\",\"datePublished\":\"2020-01-27T09:47:33+00:00\",\"dateModified\":\"2020-01-27T09:49:18+00:00\",\"author\":{\"@id\":\"https:\/\/www.asajacyl.com\/leon\/#\/schema\/person\/a39ff3609fc182e4c789ab486e865d32\"},\"description\":\"INVITACI\u00d3N A LA FERIA AGROVID Le\u00f3n, 27 de enero de 2020. El pr\u00f3ximo jueves d\u00eda 30, con motivo de la feria Agrovid que se inaugura ese mismo d\u00eda por la\",\"breadcrumb\":{\"@id\":\"https:\/\/www.asajacyl.com\/leon\/buzon\/agrovid_2020#breadcrumb\"},\"inLanguage\":\"es\",\"potentialAction\":[{\"@type\":\"ReadAction\",\"target\":[\"https:\/\/www.asajacyl.com\/leon\/buzon\/agrovid_2020\"]}]},{\"@type\":\"ImageObject\",\"inLanguage\":\"es\",\"@id\":\"https:\/\/www.asajacyl.com\/leon\/buzon\/agrovid_2020#primaryimage\",\"url\":\"https:\/\/www.asajacyl.com\/leon\/wp-content\/uploads\/sites\/6\/2017\/11\/im_predefinida_1920x1080.jpg\",\"contentUrl\":\"https:\/\/www.asajacyl.com\/leon\/wp-content\/uploads\/sites\/6\/2017\/11\/im_predefinida_1920x1080.jpg\",\"width\":1920,\"height\":1080,\"caption\":\"Logotipo ASAJA Le\u00f3n\"},{\"@type\":\"BreadcrumbList\",\"@id\":\"https:\/\/www.asajacyl.com\/leon\/buzon\/agrovid_2020#breadcrumb\",\"itemListElement\":[{\"@type\":\"ListItem\",\"position\":1,\"name\":\"Portada\",\"item\":\"https:\/\/www.asajacyl.com\/leon\/\"},{\"@type\":\"ListItem\",\"position\":2,\"name\":\"AGROVID_2020\"}]},{\"@type\":\"WebSite\",\"@id\":\"https:\/\/www.asajacyl.com\/leon\/#website\",\"url\":\"https:\/\/www.asajacyl.com\/leon\/\",\"name\":\"ASAJA Le\u00f3n\",\"description\":\"Otro sitio m\u00e1s de Provincias ASAJA Castilla y Le\u00f3n\",\"potentialAction\":[{\"@type\":\"SearchAction\",\"target\":{\"@type\":\"EntryPoint\",\"urlTemplate\":\"https:\/\/www.asajacyl.com\/leon\/?s={search_term_string}\"},\"query-input\":{\"@type\":\"PropertyValueSpecification\",\"valueRequired\":true,\"valueName\":\"search_term_string\"}}],\"inLanguage\":\"es\"},{\"@type\":\"Person\",\"@id\":\"https:\/\/www.asajacyl.com\/leon\/#\/schema\/person\/a39ff3609fc182e4c789ab486e865d32\",\"name\":\"Eduardo\",\"image\":{\"@type\":\"ImageObject\",\"inLanguage\":\"es\",\"@id\":\"https:\/\/www.asajacyl.com\/leon\/#\/schema\/person\/image\/\",\"url\":\"https:\/\/secure.gravatar.com\/avatar\/9ebd6aba21d817dcf9595bc9ca505af5?s=96&d=mm&r=g\",\"contentUrl\":\"https:\/\/secure.gravatar.com\/avatar\/9ebd6aba21d817dcf9595bc9ca505af5?s=96&d=mm&r=g\",\"caption\":\"Eduardo\"},\"url\":\"https:\/\/www.asajacyl.com\/leon\/author\/eduardovv\"}]}<\/script>\n<!-- \/ Yoast SEO plugin. -->","yoast_head_json":{"title":"AGROVID_2020 - ASAJA Le\u00f3n","description":"INVITACI\u00d3N A LA FERIA AGROVID Le\u00f3n, 27 de enero de 2020. El pr\u00f3ximo jueves d\u00eda 30, con motivo de la feria Agrovid que se inaugura ese mismo d\u00eda por la","robots":{"index":"index","follow":"follow","max-snippet":"max-snippet:-1","max-image-preview":"max-image-preview:large","max-video-preview":"max-video-preview:-1"},"canonical":"https:\/\/www.asajacyl.com\/leon\/buzon\/agrovid_2020","og_locale":"es_ES","og_type":"article","og_title":"AGROVID_2020 - ASAJA Le\u00f3n","og_description":"INVITACI\u00d3N A LA FERIA AGROVID Le\u00f3n, 27 de enero de 2020. El pr\u00f3ximo jueves d\u00eda 30, con motivo de la feria Agrovid que se inaugura ese mismo d\u00eda por la","og_url":"https:\/\/www.asajacyl.com\/leon\/buzon\/agrovid_2020","og_site_name":"ASAJA Le\u00f3n","article_published_time":"2020-01-27T09:47:33+00:00","article_modified_time":"2020-01-27T09:49:18+00:00","og_image":[{"width":1920,"height":1080,"url":"https:\/\/www.asajacyl.com\/leon\/wp-content\/uploads\/sites\/6\/2017\/11\/im_predefinida_1920x1080.jpg","type":"image\/jpeg"}],"author":"Eduardo","twitter_card":"summary_large_image","twitter_misc":{"Escrito por":"Eduardo","Tiempo de lectura":"1 minuto"},"schema":{"@context":"https:\/\/schema.org","@graph":[{"@type":"WebPage","@id":"https:\/\/www.asajacyl.com\/leon\/buzon\/agrovid_2020","url":"https:\/\/www.asajacyl.com\/leon\/buzon\/agrovid_2020","name":"AGROVID_2020 - ASAJA Le\u00f3n","isPartOf":{"@id":"https:\/\/www.asajacyl.com\/leon\/#website"},"primaryImageOfPage":{"@id":"https:\/\/www.asajacyl.com\/leon\/buzon\/agrovid_2020#primaryimage"},"image":{"@id":"https:\/\/www.asajacyl.com\/leon\/buzon\/agrovid_2020#primaryimage"},"thumbnailUrl":"https:\/\/www.asajacyl.com\/leon\/wp-content\/uploads\/sites\/6\/2017\/11\/im_predefinida_1920x1080.jpg","datePublished":"2020-01-27T09:47:33+00:00","dateModified":"2020-01-27T09:49:18+00:00","author":{"@id":"https:\/\/www.asajacyl.com\/leon\/#\/schema\/person\/a39ff3609fc182e4c789ab486e865d32"},"description":"INVITACI\u00d3N A LA FERIA AGROVID Le\u00f3n, 27 de enero de 2020. El pr\u00f3ximo jueves d\u00eda 30, con motivo de la feria Agrovid que se inaugura ese mismo d\u00eda por la","breadcrumb":{"@id":"https:\/\/www.asajacyl.com\/leon\/buzon\/agrovid_2020#breadcrumb"},"inLanguage":"es","potentialAction":[{"@type":"ReadAction","target":["https:\/\/www.asajacyl.com\/leon\/buzon\/agrovid_2020"]}]},{"@type":"ImageObject","inLanguage":"es","@id":"https:\/\/www.asajacyl.com\/leon\/buzon\/agrovid_2020#primaryimage","url":"https:\/\/www.asajacyl.com\/leon\/wp-content\/uploads\/sites\/6\/2017\/11\/im_predefinida_1920x1080.jpg","contentUrl":"https:\/\/www.asajacyl.com\/leon\/wp-content\/uploads\/sites\/6\/2017\/11\/im_predefinida_1920x1080.jpg","width":1920,"height":1080,"caption":"Logotipo ASAJA Le\u00f3n"},{"@type":"BreadcrumbList","@id":"https:\/\/www.asajacyl.com\/leon\/buzon\/agrovid_2020#breadcrumb","itemListElement":[{"@type":"ListItem","position":1,"name":"Portada","item":"https:\/\/www.asajacyl.com\/leon\/"},{"@type":"ListItem","position":2,"name":"AGROVID_2020"}]},{"@type":"WebSite","@id":"https:\/\/www.asajacyl.com\/leon\/#website","url":"https:\/\/www.asajacyl.com\/leon\/","name":"ASAJA Le\u00f3n","description":"Otro sitio m\u00e1s de Provincias ASAJA Castilla y Le\u00f3n","potentialAction":[{"@type":"SearchAction","target":{"@type":"EntryPoint","urlTemplate":"https:\/\/www.asajacyl.com\/leon\/?s={search_term_string}"},"query-input":{"@type":"PropertyValueSpecification","valueRequired":true,"valueName":"search_term_string"}}],"inLanguage":"es"},{"@type":"Person","@id":"https:\/\/www.asajacyl.com\/leon\/#\/schema\/person\/a39ff3609fc182e4c789ab486e865d32","name":"Eduardo","image":{"@type":"ImageObject","inLanguage":"es","@id":"https:\/\/www.asajacyl.com\/leon\/#\/schema\/person\/image\/","url":"https:\/\/secure.gravatar.com\/avatar\/9ebd6aba21d817dcf9595bc9ca505af5?s=96&d=mm&r=g","contentUrl":"https:\/\/secure.gravatar.com\/avatar\/9ebd6aba21d817dcf9595bc9ca505af5?s=96&d=mm&r=g","caption":"Eduardo"},"url":"https:\/\/www.asajacyl.com\/leon\/author\/eduardovv"}]}},"_links":{"self":[{"href":"https:\/\/www.asajacyl.com\/leon\/wp-json\/wp\/v2\/posts\/10928"}],"collection":[{"href":"https:\/\/www.asajacyl.com\/leon\/wp-json\/wp\/v2\/posts"}],"about":[{"href":"https:\/\/www.asajacyl.com\/leon\/wp-json\/wp\/v2\/types\/post"}],"author":[{"embeddable":true,"href":"https:\/\/www.asajacyl.com\/leon\/wp-json\/wp\/v2\/users\/8"}],"replies":[{"embeddable":true,"href":"https:\/\/www.asajacyl.com\/leon\/wp-json\/wp\/v2\/comments?post=10928"}],"version-history":[{"count":3,"href":"https:\/\/www.asajacyl.com\/leon\/wp-json\/wp\/v2\/posts\/10928\/revisions"}],"predecessor-version":[{"id":10931,"href":"https:\/\/www.asajacyl.com\/leon\/wp-json\/wp\/v2\/posts\/10928\/revisions\/10931"}],"wp:featuredmedia":[{"embeddable":true,"href":"https:\/\/www.asajacyl.com\/leon\/wp-json\/wp\/v2\/media\/8174"}],"wp:attachment":[{"href":"https:\/\/www.asajacyl.com\/leon\/wp-json\/wp\/v2\/media?parent=10928"}],"wp:term":[{"taxonomy":"category","embeddable":true,"href":"https:\/\/www.asajacyl.com\/leon\/wp-json\/wp\/v2\/categories?post=10928"},{"taxonomy":"post_tag","embeddable":true,"href":"https:\/\/www.asajacyl.com\/leon\/wp-json\/wp\/v2\/tags?post=10928"}],"curies":[{"name":"wp","href":"https:\/\/api.w.org\/{rel}","templated":true}]}}