{"id":10933,"date":"2020-01-28T11:03:20","date_gmt":"2020-01-28T10:03:20","guid":{"rendered":"https:\/\/www.asajacyl.com\/leon\/?p=10933"},"modified":"2020-01-28T11:41:02","modified_gmt":"2020-01-28T10:41:02","slug":"movilizaciones_2020","status":"publish","type":"post","link":"https:\/\/www.asajacyl.com\/leon\/buzon\/movilizaciones_2020","title":{"rendered":"Movilizaciones_2020"},"content":{"rendered":"<h2><strong>CIRCULAR A LOS SOCIOS DE ASAJA DE LE\u00d3N<\/strong><\/h2>\n<h6><\/h6>\n<h6>ASUNTO: MOVILIZACIONES<\/h6>\n<h6>Le\u00f3n, 28 de enero de 2020.<\/h6>\n<h6>Nuestra organizaci\u00f3n a nivel nacional ha convocado <strong>movilizaciones en toda Espa\u00f1a<\/strong>, sin una fecha determinada, dejando la decisi\u00f3n en manos de cada una de las organizaciones provinciales, y con las reivindicaciones que en cada territorio se crean convenientes. A la convocatoria se sumaron despu\u00e9s el resto de organizaciones menos representativas.<\/h6>\n<h6>Dado que en fecha todav\u00eda por determinar <strong>se celebrar\u00e1 tambi\u00e9n en Madrid<\/strong>, ASAJA de Le\u00f3n pondr\u00e1 a disposici\u00f3n de todos los agricultores, como siempre ha hecho, autobuses gratuitos y otros medios para que nadie tenga disculpa para no asistir.<\/h6>\n<h6>Respecto a la convocatoria de un acto de <strong>protesta en nuestra provincia<\/strong>, al Comit\u00e9 Ejecutivo, que se reuni\u00f3 el pasado viernes, le surgieron dudas razonables sobre el posible \u00e9xito de la misma, y sobre los inconvenientes de movilizarnos junto a asociaciones tremendamente politizadas. No obstante, ante algunas peticiones que hemos recibido de nuestros socios, <strong>someteremos a votaci\u00f3n<\/strong> en la Asamblea General Ordinaria, que se celebrar\u00e1 el <strong>viernes d\u00eda 21 de febrero en Valencia de Don Juan<\/strong>, la convocatoria o no de dicho acto de protesta. En el caso de que la votaci\u00f3n sea <strong>favorable<\/strong>, el acto se llevar\u00e1 a cabo en <strong>Le\u00f3n capital el viernes 28 de febrero<\/strong>, y consistir\u00e1 en una <strong><u>manifestaci\u00f3n \u00fanicamente con tractores,<\/u> <\/strong>a la que podr\u00e1n sumarse otros. Se elaborar\u00e1 previamente la <strong>lista de los asistentes<\/strong>, con sus datos personales y la <strong>matr\u00edcula del veh\u00edculo<\/strong>. La protesta se llevar\u00e1 a cabo siguiendo el itinerario y las recomendaciones que marque la Subdelegaci\u00f3n del Gobierno u otras autoridades competentes. Nuestra tabla reivindicativa, si se llega a convocar el acto, se centrar\u00e1 sobre todo en la defensa de los precios de nuestros productos, la eliminaci\u00f3n de trabas a la producci\u00f3n, y en una pol\u00edtica de inversiones p\u00fablicas en regad\u00edos y otras infraestructuras que modernice nuestra agricultura y ganader\u00eda.<\/h6>\n<h6>Recibe un afectuoso saludo.<\/h6>\n<h6><\/h6>\n<h6><\/h6>\n<h6>\u00a0\u00a0\u00a0\u00a0\u00a0\u00a0\u00a0\u00a0\u00a0\u00a0\u00a0\u00a0\u00a0\u00a0\u00a0\u00a0\u00a0\u00a0\u00a0 Fdo.: Arsenio Garc\u00eda Vidal\u00a0\u00a0\u00a0\u00a0\u00a0\u00a0\u00a0\u00a0\u00a0\u00a0\u00a0\u00a0 Fdo.: Jos\u00e9 Antonio Turrado<\/h6>\n<h6><\/h6>\n<h6>\u00a0\u00a0\u00a0\u00a0\u00a0\u00a0\u00a0\u00a0\u00a0\u00a0\u00a0\u00a0\u00a0\u00a0\u00a0\u00a0\u00a0\u00a0\u00a0 \u00a0\u00a0 Presidente\u00a0\u00a0\u00a0\u00a0\u00a0\u00a0\u00a0\u00a0\u00a0\u00a0\u00a0\u00a0\u00a0\u00a0\u00a0\u00a0\u00a0\u00a0\u00a0\u00a0\u00a0\u00a0\u00a0\u00a0\u00a0\u00a0\u00a0\u00a0\u00a0\u00a0\u00a0\u00a0\u00a0\u00a0\u00a0\u00a0\u00a0\u00a0\u00a0\u00a0\u00a0\u00a0\u00a0\u00a0 Secretario general<\/h6>\n","protected":false},"excerpt":{"rendered":"<p>CIRCULAR A LOS SOCIOS DE ASAJA DE LE\u00d3N ASUNTO: MOVILIZACIONES Le\u00f3n, 28 de enero de 2020. Nuestra organizaci\u00f3n a nivel nacional ha convocado movilizaciones en toda Espa\u00f1a, sin una fecha determinada, dejando la decisi\u00f3n en manos de cada una de las organizaciones provinciales, y con las reivindicaciones que en cada territorio se crean convenientes. A [&hellip;]<\/p>\n","protected":false},"author":8,"featured_media":8174,"comment_status":"open","ping_status":"open","sticky":false,"template":"","format":"standard","meta":{"footnotes":""},"categories":[78],"tags":[],"yoast_head":"<!-- This site is optimized with the Yoast SEO plugin v24.5 - https:\/\/yoast.com\/wordpress\/plugins\/seo\/ -->\n<title>Movilizaciones_2020 - ASAJA Le\u00f3n<\/title>\n<meta name=\"description\" content=\"CIRCULAR A LOS SOCIOS DE ASAJA DE LE\u00d3N ASUNTO: MOVILIZACIONES Le\u00f3n, 28 de enero de 2020. Nuestra organizaci\u00f3n a nivel nacional ha convocado movilizaciones\" \/>\n<meta name=\"robots\" content=\"index, follow, max-snippet:-1, max-image-preview:large, max-video-preview:-1\" \/>\n<link rel=\"canonical\" href=\"https:\/\/www.asajacyl.com\/leon\/buzon\/movilizaciones_2020\" \/>\n<meta property=\"og:locale\" content=\"es_ES\" \/>\n<meta property=\"og:type\" content=\"article\" \/>\n<meta property=\"og:title\" content=\"Movilizaciones_2020 - ASAJA Le\u00f3n\" \/>\n<meta property=\"og:description\" content=\"CIRCULAR A LOS SOCIOS DE ASAJA DE LE\u00d3N ASUNTO: MOVILIZACIONES Le\u00f3n, 28 de enero de 2020. Nuestra organizaci\u00f3n a nivel nacional ha convocado movilizaciones\" \/>\n<meta property=\"og:url\" content=\"https:\/\/www.asajacyl.com\/leon\/buzon\/movilizaciones_2020\" \/>\n<meta property=\"og:site_name\" content=\"ASAJA Le\u00f3n\" \/>\n<meta property=\"article:published_time\" content=\"2020-01-28T10:03:20+00:00\" \/>\n<meta property=\"article:modified_time\" content=\"2020-01-28T10:41:02+00:00\" \/>\n<meta property=\"og:image\" content=\"https:\/\/www.asajacyl.com\/leon\/wp-content\/uploads\/sites\/6\/2017\/11\/im_predefinida_1920x1080.jpg\" \/>\n\t<meta property=\"og:image:width\" content=\"1920\" \/>\n\t<meta property=\"og:image:height\" content=\"1080\" \/>\n\t<meta property=\"og:image:type\" content=\"image\/jpeg\" \/>\n<meta name=\"author\" content=\"Eduardo\" \/>\n<meta name=\"twitter:card\" content=\"summary_large_image\" \/>\n<meta name=\"twitter:label1\" content=\"Escrito por\" \/>\n\t<meta name=\"twitter:data1\" content=\"Eduardo\" \/>\n\t<meta name=\"twitter:label2\" content=\"Tiempo de lectura\" \/>\n\t<meta name=\"twitter:data2\" content=\"2 minutos\" \/>\n<script type=\"application\/ld+json\" class=\"yoast-schema-graph\">{\"@context\":\"https:\/\/schema.org\",\"@graph\":[{\"@type\":\"WebPage\",\"@id\":\"https:\/\/www.asajacyl.com\/leon\/buzon\/movilizaciones_2020\",\"url\":\"https:\/\/www.asajacyl.com\/leon\/buzon\/movilizaciones_2020\",\"name\":\"Movilizaciones_2020 - ASAJA Le\u00f3n\",\"isPartOf\":{\"@id\":\"https:\/\/www.asajacyl.com\/leon\/#website\"},\"primaryImageOfPage\":{\"@id\":\"https:\/\/www.asajacyl.com\/leon\/buzon\/movilizaciones_2020#primaryimage\"},\"image\":{\"@id\":\"https:\/\/www.asajacyl.com\/leon\/buzon\/movilizaciones_2020#primaryimage\"},\"thumbnailUrl\":\"https:\/\/www.asajacyl.com\/leon\/wp-content\/uploads\/sites\/6\/2017\/11\/im_predefinida_1920x1080.jpg\",\"datePublished\":\"2020-01-28T10:03:20+00:00\",\"dateModified\":\"2020-01-28T10:41:02+00:00\",\"author\":{\"@id\":\"https:\/\/www.asajacyl.com\/leon\/#\/schema\/person\/a39ff3609fc182e4c789ab486e865d32\"},\"description\":\"CIRCULAR A LOS SOCIOS DE ASAJA DE LE\u00d3N ASUNTO: MOVILIZACIONES Le\u00f3n, 28 de enero de 2020. Nuestra organizaci\u00f3n a nivel nacional ha convocado movilizaciones\",\"breadcrumb\":{\"@id\":\"https:\/\/www.asajacyl.com\/leon\/buzon\/movilizaciones_2020#breadcrumb\"},\"inLanguage\":\"es\",\"potentialAction\":[{\"@type\":\"ReadAction\",\"target\":[\"https:\/\/www.asajacyl.com\/leon\/buzon\/movilizaciones_2020\"]}]},{\"@type\":\"ImageObject\",\"inLanguage\":\"es\",\"@id\":\"https:\/\/www.asajacyl.com\/leon\/buzon\/movilizaciones_2020#primaryimage\",\"url\":\"https:\/\/www.asajacyl.com\/leon\/wp-content\/uploads\/sites\/6\/2017\/11\/im_predefinida_1920x1080.jpg\",\"contentUrl\":\"https:\/\/www.asajacyl.com\/leon\/wp-content\/uploads\/sites\/6\/2017\/11\/im_predefinida_1920x1080.jpg\",\"width\":1920,\"height\":1080,\"caption\":\"Logotipo ASAJA Le\u00f3n\"},{\"@type\":\"BreadcrumbList\",\"@id\":\"https:\/\/www.asajacyl.com\/leon\/buzon\/movilizaciones_2020#breadcrumb\",\"itemListElement\":[{\"@type\":\"ListItem\",\"position\":1,\"name\":\"Portada\",\"item\":\"https:\/\/www.asajacyl.com\/leon\/\"},{\"@type\":\"ListItem\",\"position\":2,\"name\":\"Movilizaciones_2020\"}]},{\"@type\":\"WebSite\",\"@id\":\"https:\/\/www.asajacyl.com\/leon\/#website\",\"url\":\"https:\/\/www.asajacyl.com\/leon\/\",\"name\":\"ASAJA Le\u00f3n\",\"description\":\"Otro sitio m\u00e1s de Provincias ASAJA Castilla y Le\u00f3n\",\"potentialAction\":[{\"@type\":\"SearchAction\",\"target\":{\"@type\":\"EntryPoint\",\"urlTemplate\":\"https:\/\/www.asajacyl.com\/leon\/?s={search_term_string}\"},\"query-input\":{\"@type\":\"PropertyValueSpecification\",\"valueRequired\":true,\"valueName\":\"search_term_string\"}}],\"inLanguage\":\"es\"},{\"@type\":\"Person\",\"@id\":\"https:\/\/www.asajacyl.com\/leon\/#\/schema\/person\/a39ff3609fc182e4c789ab486e865d32\",\"name\":\"Eduardo\",\"image\":{\"@type\":\"ImageObject\",\"inLanguage\":\"es\",\"@id\":\"https:\/\/www.asajacyl.com\/leon\/#\/schema\/person\/image\/\",\"url\":\"https:\/\/secure.gravatar.com\/avatar\/9ebd6aba21d817dcf9595bc9ca505af5?s=96&d=mm&r=g\",\"contentUrl\":\"https:\/\/secure.gravatar.com\/avatar\/9ebd6aba21d817dcf9595bc9ca505af5?s=96&d=mm&r=g\",\"caption\":\"Eduardo\"},\"url\":\"https:\/\/www.asajacyl.com\/leon\/author\/eduardovv\"}]}<\/script>\n<!-- \/ Yoast SEO plugin. -->","yoast_head_json":{"title":"Movilizaciones_2020 - ASAJA Le\u00f3n","description":"CIRCULAR A LOS SOCIOS DE ASAJA DE LE\u00d3N ASUNTO: MOVILIZACIONES Le\u00f3n, 28 de enero de 2020. Nuestra organizaci\u00f3n a nivel nacional ha convocado movilizaciones","robots":{"index":"index","follow":"follow","max-snippet":"max-snippet:-1","max-image-preview":"max-image-preview:large","max-video-preview":"max-video-preview:-1"},"canonical":"https:\/\/www.asajacyl.com\/leon\/buzon\/movilizaciones_2020","og_locale":"es_ES","og_type":"article","og_title":"Movilizaciones_2020 - ASAJA Le\u00f3n","og_description":"CIRCULAR A LOS SOCIOS DE ASAJA DE LE\u00d3N ASUNTO: MOVILIZACIONES Le\u00f3n, 28 de enero de 2020. Nuestra organizaci\u00f3n a nivel nacional ha convocado movilizaciones","og_url":"https:\/\/www.asajacyl.com\/leon\/buzon\/movilizaciones_2020","og_site_name":"ASAJA Le\u00f3n","article_published_time":"2020-01-28T10:03:20+00:00","article_modified_time":"2020-01-28T10:41:02+00:00","og_image":[{"width":1920,"height":1080,"url":"https:\/\/www.asajacyl.com\/leon\/wp-content\/uploads\/sites\/6\/2017\/11\/im_predefinida_1920x1080.jpg","type":"image\/jpeg"}],"author":"Eduardo","twitter_card":"summary_large_image","twitter_misc":{"Escrito por":"Eduardo","Tiempo de lectura":"2 minutos"},"schema":{"@context":"https:\/\/schema.org","@graph":[{"@type":"WebPage","@id":"https:\/\/www.asajacyl.com\/leon\/buzon\/movilizaciones_2020","url":"https:\/\/www.asajacyl.com\/leon\/buzon\/movilizaciones_2020","name":"Movilizaciones_2020 - ASAJA Le\u00f3n","isPartOf":{"@id":"https:\/\/www.asajacyl.com\/leon\/#website"},"primaryImageOfPage":{"@id":"https:\/\/www.asajacyl.com\/leon\/buzon\/movilizaciones_2020#primaryimage"},"image":{"@id":"https:\/\/www.asajacyl.com\/leon\/buzon\/movilizaciones_2020#primaryimage"},"thumbnailUrl":"https:\/\/www.asajacyl.com\/leon\/wp-content\/uploads\/sites\/6\/2017\/11\/im_predefinida_1920x1080.jpg","datePublished":"2020-01-28T10:03:20+00:00","dateModified":"2020-01-28T10:41:02+00:00","author":{"@id":"https:\/\/www.asajacyl.com\/leon\/#\/schema\/person\/a39ff3609fc182e4c789ab486e865d32"},"description":"CIRCULAR A LOS SOCIOS DE ASAJA DE LE\u00d3N ASUNTO: MOVILIZACIONES Le\u00f3n, 28 de enero de 2020. Nuestra organizaci\u00f3n a nivel nacional ha convocado movilizaciones","breadcrumb":{"@id":"https:\/\/www.asajacyl.com\/leon\/buzon\/movilizaciones_2020#breadcrumb"},"inLanguage":"es","potentialAction":[{"@type":"ReadAction","target":["https:\/\/www.asajacyl.com\/leon\/buzon\/movilizaciones_2020"]}]},{"@type":"ImageObject","inLanguage":"es","@id":"https:\/\/www.asajacyl.com\/leon\/buzon\/movilizaciones_2020#primaryimage","url":"https:\/\/www.asajacyl.com\/leon\/wp-content\/uploads\/sites\/6\/2017\/11\/im_predefinida_1920x1080.jpg","contentUrl":"https:\/\/www.asajacyl.com\/leon\/wp-content\/uploads\/sites\/6\/2017\/11\/im_predefinida_1920x1080.jpg","width":1920,"height":1080,"caption":"Logotipo ASAJA Le\u00f3n"},{"@type":"BreadcrumbList","@id":"https:\/\/www.asajacyl.com\/leon\/buzon\/movilizaciones_2020#breadcrumb","itemListElement":[{"@type":"ListItem","position":1,"name":"Portada","item":"https:\/\/www.asajacyl.com\/leon\/"},{"@type":"ListItem","position":2,"name":"Movilizaciones_2020"}]},{"@type":"WebSite","@id":"https:\/\/www.asajacyl.com\/leon\/#website","url":"https:\/\/www.asajacyl.com\/leon\/","name":"ASAJA Le\u00f3n","description":"Otro sitio m\u00e1s de Provincias ASAJA Castilla y Le\u00f3n","potentialAction":[{"@type":"SearchAction","target":{"@type":"EntryPoint","urlTemplate":"https:\/\/www.asajacyl.com\/leon\/?s={search_term_string}"},"query-input":{"@type":"PropertyValueSpecification","valueRequired":true,"valueName":"search_term_string"}}],"inLanguage":"es"},{"@type":"Person","@id":"https:\/\/www.asajacyl.com\/leon\/#\/schema\/person\/a39ff3609fc182e4c789ab486e865d32","name":"Eduardo","image":{"@type":"ImageObject","inLanguage":"es","@id":"https:\/\/www.asajacyl.com\/leon\/#\/schema\/person\/image\/","url":"https:\/\/secure.gravatar.com\/avatar\/9ebd6aba21d817dcf9595bc9ca505af5?s=96&d=mm&r=g","contentUrl":"https:\/\/secure.gravatar.com\/avatar\/9ebd6aba21d817dcf9595bc9ca505af5?s=96&d=mm&r=g","caption":"Eduardo"},"url":"https:\/\/www.asajacyl.com\/leon\/author\/eduardovv"}]}},"_links":{"self":[{"href":"https:\/\/www.asajacyl.com\/leon\/wp-json\/wp\/v2\/posts\/10933"}],"collection":[{"href":"https:\/\/www.asajacyl.com\/leon\/wp-json\/wp\/v2\/posts"}],"about":[{"href":"https:\/\/www.asajacyl.com\/leon\/wp-json\/wp\/v2\/types\/post"}],"author":[{"embeddable":true,"href":"https:\/\/www.asajacyl.com\/leon\/wp-json\/wp\/v2\/users\/8"}],"replies":[{"embeddable":true,"href":"https:\/\/www.asajacyl.com\/leon\/wp-json\/wp\/v2\/comments?post=10933"}],"version-history":[{"count":1,"href":"https:\/\/www.asajacyl.com\/leon\/wp-json\/wp\/v2\/posts\/10933\/revisions"}],"predecessor-version":[{"id":10934,"href":"https:\/\/www.asajacyl.com\/leon\/wp-json\/wp\/v2\/posts\/10933\/revisions\/10934"}],"wp:featuredmedia":[{"embeddable":true,"href":"https:\/\/www.asajacyl.com\/leon\/wp-json\/wp\/v2\/media\/8174"}],"wp:attachment":[{"href":"https:\/\/www.asajacyl.com\/leon\/wp-json\/wp\/v2\/media?parent=10933"}],"wp:term":[{"taxonomy":"category","embeddable":true,"href":"https:\/\/www.asajacyl.com\/leon\/wp-json\/wp\/v2\/categories?post=10933"},{"taxonomy":"post_tag","embeddable":true,"href":"https:\/\/www.asajacyl.com\/leon\/wp-json\/wp\/v2\/tags?post=10933"}],"curies":[{"name":"wp","href":"https:\/\/api.w.org\/{rel}","templated":true}]}}