{"id":10972,"date":"2020-02-05T16:22:11","date_gmt":"2020-02-05T15:22:11","guid":{"rendered":"https:\/\/www.asajacyl.com\/leon\/?p=10972"},"modified":"2020-02-05T16:22:11","modified_gmt":"2020-02-05T15:22:11","slug":"cotizaciones-de-la-lonja-agropecuaria-de-leon-sesion-05-02-2020","status":"publish","type":"post","link":"https:\/\/www.asajacyl.com\/leon\/servicios-socio\/cotizaciones-de-la-lonja-agropecuaria-de-leon-sesion-05-02-2020","title":{"rendered":"Cotizaciones de la Lonja Agropecuaria de Le\u00f3n &#8211; sesi\u00f3n 05\/02\/2020"},"content":{"rendered":"<h2>Se estabiliza el precio de los cereales<\/h2>\n<h6 class=\"kp-group clearfix\">En la sesi\u00f3n de la Lonja de Le\u00f3n celebrada hoy en Santa Mar\u00eda del P\u00e1ramo repetici\u00f3n de cotizaciones en todas las categor\u00edas de cereales.<\/h6>\n<p>Los mercados han tenido la \u00faltima semana un comportamiento bajista, que se ha ido corrigiendo estos \u00faltimos d\u00edas sin tener todav\u00eda una tendencia clara.<\/p>\n<p>Respecto al ma\u00edz se empieza en la provincia de Le\u00f3n a retomar \u00a0poco a poco la siega de las 20.000 hect\u00e1reas que a\u00fan quedan en las fincas, accediendo a ellas seg\u00fan lo va permitiendo el suelo, puesto que todav\u00eda est\u00e1 muy encharcado.<\/p>\n<p>Contin\u00faa tambi\u00e9n la estabilidad en el precio de la alubia, pr\u00e1cticamente est\u00e1 ya toda en manos de los almacenistas y los pocos agricultores que todav\u00eda tienen mercanc\u00eda en su poder esperar\u00e1n hasta el comienzo de la siguiente campa\u00f1a con la esperanza de obtener un mejor precio.<\/p>\n<p>&nbsp;<\/p>\n<p>Los precios pueden consultase en <a href=\"https:\/\/www.lonjadeleon.es\/\">www.lonjadeleon.es<\/a><\/p>\n<p>&nbsp;<\/p>\n<p>En Le\u00f3n a 05 de febrero de 2.020.<\/p>\n<p>Precios Orientativos Euros\/Tonelada <u>en Almac\u00e9n<\/u><\/p>\n<p>(Condiciones de Calidad O.C.M. Cereales-F.E.G.A. Campa\u00f1a 2017\/2018)<\/p>\n<p>&nbsp;<\/p>\n<table>\n<tbody>\n<tr>\n<td width=\"206\"><strong>CEREALES<\/strong><\/td>\n<td width=\"123\"><strong>COTIZACION<\/strong><strong>ANTERIOR<\/strong><\/td>\n<td width=\"132\"><strong>COTIZACION<\/strong><strong>ACTUAL<\/strong><\/td>\n<td width=\"113\"><strong>DIF.<\/strong><\/td>\n<\/tr>\n<tr>\n<td width=\"206\"><\/td>\n<td width=\"123\"><strong>\u20ac\/t<\/strong><\/td>\n<td width=\"132\"><strong>\u20ac\/t<\/strong><\/td>\n<td width=\"113\"><strong>\u00a0<\/strong><\/td>\n<\/tr>\n<tr>\n<td width=\"206\">Trigo Pienso<\/td>\n<td width=\"123\">194,00<\/td>\n<td width=\"132\">194,00<\/td>\n<td width=\"113\">=<\/td>\n<\/tr>\n<tr>\n<td width=\"206\">Cebada<\/td>\n<td width=\"123\">176,00<\/td>\n<td width=\"132\">176,00<\/td>\n<td width=\"113\">=<\/td>\n<\/tr>\n<tr>\n<td width=\"206\">Triticale<\/td>\n<td width=\"123\">S\/C<\/td>\n<td width=\"132\">S\/C<\/td>\n<td width=\"113\"><\/td>\n<\/tr>\n<tr>\n<td width=\"206\">Centeno<\/td>\n<td width=\"123\">165,00<\/td>\n<td width=\"132\">165,00<\/td>\n<td width=\"113\">=<\/td>\n<\/tr>\n<tr>\n<td width=\"206\">Avena<\/td>\n<td width=\"123\">183,00<\/td>\n<td width=\"132\">183,00<\/td>\n<td width=\"113\">=<\/td>\n<\/tr>\n<tr>\n<td width=\"206\">Ma\u00edz<\/td>\n<td width=\"123\">186,00<\/td>\n<td width=\"132\">186,00<\/td>\n<td width=\"113\">=<\/td>\n<\/tr>\n<\/tbody>\n<\/table>\n<p>&nbsp;<\/p>\n<p>*\u00a0 Ma\u00edz\u00a0 destino secadero<\/p>\n<p>&nbsp;<\/p>\n<p>Actividad subvencionada por la Diputaci\u00f3n Provincial de Le\u00f3n.<\/p>\n<p>&nbsp;<\/p>\n<p>&nbsp;<\/p>\n<p>&nbsp;<\/p>\n<table>\n<tbody>\n<tr>\n<td width=\"206\"><strong>ALUBIAS<\/strong><\/td>\n<td width=\"123\"><strong>COTIZACION<\/strong><strong>ANTERIOR<\/strong><\/td>\n<td width=\"132\"><strong>COTIZACION<\/strong><strong>ACTUAL<\/strong><\/td>\n<td width=\"113\"><strong>DIF.<\/strong><\/td>\n<\/tr>\n<tr>\n<td width=\"206\"><\/td>\n<td width=\"123\"><strong>\u20ac\/kg<\/strong><\/td>\n<td width=\"132\"><strong>\u20ac\/kg<\/strong><\/td>\n<td width=\"113\"><\/td>\n<\/tr>\n<tr>\n<td width=\"206\">Canela<\/td>\n<td width=\"123\">1,25<\/td>\n<td width=\"132\">1,25<\/td>\n<td width=\"113\">=<\/td>\n<\/tr>\n<tr>\n<td width=\"206\">Negra<\/td>\n<td width=\"123\">2,20<\/td>\n<td width=\"132\">2,20<\/td>\n<td width=\"113\">=<\/td>\n<\/tr>\n<tr>\n<td width=\"206\">Palme\u00f1a Redonda<\/td>\n<td width=\"123\">1,60<\/td>\n<td width=\"132\">1,60<\/td>\n<td width=\"113\">=<\/td>\n<\/tr>\n<tr>\n<td width=\"206\">Planchada<\/td>\n<td width=\"123\">1,20<\/td>\n<td width=\"132\">1,20<\/td>\n<td width=\"113\">=<\/td>\n<\/tr>\n<tr>\n<td width=\"206\">Plancheta<\/td>\n<td width=\"123\">1,45<\/td>\n<td width=\"132\">1,45<\/td>\n<td width=\"113\">=<\/td>\n<\/tr>\n<tr>\n<td width=\"206\">Pinta<\/td>\n<td width=\"123\">0,80<\/td>\n<td width=\"132\">0,80<\/td>\n<td width=\"113\">=<\/td>\n<\/tr>\n<tr>\n<td width=\"206\">Ri\u00f1\u00f3n de Le\u00f3n<\/td>\n<td width=\"123\">0,90<\/td>\n<td width=\"132\">0,90<\/td>\n<td width=\"113\">=<\/td>\n<\/tr>\n<tr>\n<td width=\"206\">Redonda<\/td>\n<td width=\"123\">1,00<\/td>\n<td width=\"132\">1,00<\/td>\n<td width=\"113\">=<\/td>\n<\/tr>\n<\/tbody>\n<\/table>\n<p>Actividad subvencionada por la Diputaci\u00f3n Provincial de Le\u00f3n.<\/p>\n","protected":false},"excerpt":{"rendered":"<p>Se estabiliza el precio de los cereales En la sesi\u00f3n de la Lonja de Le\u00f3n celebrada hoy en Santa Mar\u00eda del P\u00e1ramo repetici\u00f3n de cotizaciones en todas las categor\u00edas de cereales. Los mercados han tenido la \u00faltima semana un comportamiento bajista, que se ha ido corrigiendo estos \u00faltimos d\u00edas sin tener todav\u00eda una tendencia clara. [&hellip;]<\/p>\n","protected":false},"author":8,"featured_media":8592,"comment_status":"open","ping_status":"open","sticky":false,"template":"","format":"standard","meta":{"footnotes":""},"categories":[34,5],"tags":[],"yoast_head":"<!-- This site is optimized with the Yoast SEO plugin v24.5 - https:\/\/yoast.com\/wordpress\/plugins\/seo\/ -->\n<title>Cotizaciones de la Lonja Agropecuaria de Le\u00f3n - sesi\u00f3n 05\/02\/2020 - ASAJA Le\u00f3n<\/title>\n<meta name=\"description\" content=\"Se estabiliza el precio de los cereales En la sesi\u00f3n de la Lonja de Le\u00f3n celebrada hoy en Santa Mar\u00eda del P\u00e1ramo repetici\u00f3n de cotizaciones en todas las\" \/>\n<meta name=\"robots\" content=\"index, follow, max-snippet:-1, max-image-preview:large, max-video-preview:-1\" \/>\n<link rel=\"canonical\" href=\"https:\/\/www.asajacyl.com\/leon\/servicios-socio\/cotizaciones-de-la-lonja-agropecuaria-de-leon-sesion-05-02-2020\" \/>\n<meta property=\"og:locale\" content=\"es_ES\" \/>\n<meta property=\"og:type\" content=\"article\" \/>\n<meta property=\"og:title\" content=\"Cotizaciones de la Lonja Agropecuaria de Le\u00f3n - sesi\u00f3n 05\/02\/2020 - ASAJA Le\u00f3n\" \/>\n<meta property=\"og:description\" content=\"Se estabiliza el precio de los cereales En la sesi\u00f3n de la Lonja de Le\u00f3n celebrada hoy en Santa Mar\u00eda del P\u00e1ramo repetici\u00f3n de cotizaciones en todas las\" \/>\n<meta property=\"og:url\" content=\"https:\/\/www.asajacyl.com\/leon\/servicios-socio\/cotizaciones-de-la-lonja-agropecuaria-de-leon-sesion-05-02-2020\" \/>\n<meta property=\"og:site_name\" content=\"ASAJA Le\u00f3n\" \/>\n<meta property=\"article:published_time\" content=\"2020-02-05T15:22:11+00:00\" \/>\n<meta property=\"og:image\" content=\"https:\/\/www.asajacyl.com\/leon\/wp-content\/uploads\/sites\/6\/2018\/02\/MAIZ_SECA.jpg\" \/>\n\t<meta property=\"og:image:width\" content=\"2500\" \/>\n\t<meta property=\"og:image:height\" content=\"1667\" \/>\n\t<meta property=\"og:image:type\" content=\"image\/jpeg\" \/>\n<meta name=\"author\" content=\"Eduardo\" \/>\n<meta name=\"twitter:card\" content=\"summary_large_image\" \/>\n<meta name=\"twitter:label1\" content=\"Escrito por\" \/>\n\t<meta name=\"twitter:data1\" content=\"Eduardo\" \/>\n\t<meta name=\"twitter:label2\" content=\"Tiempo de lectura\" \/>\n\t<meta name=\"twitter:data2\" content=\"1 minuto\" \/>\n<script type=\"application\/ld+json\" class=\"yoast-schema-graph\">{\"@context\":\"https:\/\/schema.org\",\"@graph\":[{\"@type\":\"WebPage\",\"@id\":\"https:\/\/www.asajacyl.com\/leon\/servicios-socio\/cotizaciones-de-la-lonja-agropecuaria-de-leon-sesion-05-02-2020\",\"url\":\"https:\/\/www.asajacyl.com\/leon\/servicios-socio\/cotizaciones-de-la-lonja-agropecuaria-de-leon-sesion-05-02-2020\",\"name\":\"Cotizaciones de la Lonja Agropecuaria de Le\u00f3n - sesi\u00f3n 05\/02\/2020 - ASAJA Le\u00f3n\",\"isPartOf\":{\"@id\":\"https:\/\/www.asajacyl.com\/leon\/#website\"},\"primaryImageOfPage\":{\"@id\":\"https:\/\/www.asajacyl.com\/leon\/servicios-socio\/cotizaciones-de-la-lonja-agropecuaria-de-leon-sesion-05-02-2020#primaryimage\"},\"image\":{\"@id\":\"https:\/\/www.asajacyl.com\/leon\/servicios-socio\/cotizaciones-de-la-lonja-agropecuaria-de-leon-sesion-05-02-2020#primaryimage\"},\"thumbnailUrl\":\"https:\/\/www.asajacyl.com\/leon\/wp-content\/uploads\/sites\/6\/2018\/02\/MAIZ_SECA.jpg\",\"datePublished\":\"2020-02-05T15:22:11+00:00\",\"author\":{\"@id\":\"https:\/\/www.asajacyl.com\/leon\/#\/schema\/person\/a39ff3609fc182e4c789ab486e865d32\"},\"description\":\"Se estabiliza el precio de los cereales En la sesi\u00f3n de la Lonja de Le\u00f3n celebrada hoy en Santa Mar\u00eda del P\u00e1ramo repetici\u00f3n de cotizaciones en todas las\",\"breadcrumb\":{\"@id\":\"https:\/\/www.asajacyl.com\/leon\/servicios-socio\/cotizaciones-de-la-lonja-agropecuaria-de-leon-sesion-05-02-2020#breadcrumb\"},\"inLanguage\":\"es\",\"potentialAction\":[{\"@type\":\"ReadAction\",\"target\":[\"https:\/\/www.asajacyl.com\/leon\/servicios-socio\/cotizaciones-de-la-lonja-agropecuaria-de-leon-sesion-05-02-2020\"]}]},{\"@type\":\"ImageObject\",\"inLanguage\":\"es\",\"@id\":\"https:\/\/www.asajacyl.com\/leon\/servicios-socio\/cotizaciones-de-la-lonja-agropecuaria-de-leon-sesion-05-02-2020#primaryimage\",\"url\":\"https:\/\/www.asajacyl.com\/leon\/wp-content\/uploads\/sites\/6\/2018\/02\/MAIZ_SECA.jpg\",\"contentUrl\":\"https:\/\/www.asajacyl.com\/leon\/wp-content\/uploads\/sites\/6\/2018\/02\/MAIZ_SECA.jpg\",\"width\":2500,\"height\":1667},{\"@type\":\"BreadcrumbList\",\"@id\":\"https:\/\/www.asajacyl.com\/leon\/servicios-socio\/cotizaciones-de-la-lonja-agropecuaria-de-leon-sesion-05-02-2020#breadcrumb\",\"itemListElement\":[{\"@type\":\"ListItem\",\"position\":1,\"name\":\"Portada\",\"item\":\"https:\/\/www.asajacyl.com\/leon\/\"},{\"@type\":\"ListItem\",\"position\":2,\"name\":\"Cotizaciones de la Lonja Agropecuaria de Le\u00f3n &#8211; sesi\u00f3n 05\/02\/2020\"}]},{\"@type\":\"WebSite\",\"@id\":\"https:\/\/www.asajacyl.com\/leon\/#website\",\"url\":\"https:\/\/www.asajacyl.com\/leon\/\",\"name\":\"ASAJA Le\u00f3n\",\"description\":\"Otro sitio m\u00e1s de Provincias ASAJA Castilla y Le\u00f3n\",\"potentialAction\":[{\"@type\":\"SearchAction\",\"target\":{\"@type\":\"EntryPoint\",\"urlTemplate\":\"https:\/\/www.asajacyl.com\/leon\/?s={search_term_string}\"},\"query-input\":{\"@type\":\"PropertyValueSpecification\",\"valueRequired\":true,\"valueName\":\"search_term_string\"}}],\"inLanguage\":\"es\"},{\"@type\":\"Person\",\"@id\":\"https:\/\/www.asajacyl.com\/leon\/#\/schema\/person\/a39ff3609fc182e4c789ab486e865d32\",\"name\":\"Eduardo\",\"image\":{\"@type\":\"ImageObject\",\"inLanguage\":\"es\",\"@id\":\"https:\/\/www.asajacyl.com\/leon\/#\/schema\/person\/image\/\",\"url\":\"https:\/\/secure.gravatar.com\/avatar\/9ebd6aba21d817dcf9595bc9ca505af5?s=96&d=mm&r=g\",\"contentUrl\":\"https:\/\/secure.gravatar.com\/avatar\/9ebd6aba21d817dcf9595bc9ca505af5?s=96&d=mm&r=g\",\"caption\":\"Eduardo\"},\"url\":\"https:\/\/www.asajacyl.com\/leon\/author\/eduardovv\"}]}<\/script>\n<!-- \/ Yoast SEO plugin. -->","yoast_head_json":{"title":"Cotizaciones de la Lonja Agropecuaria de Le\u00f3n - sesi\u00f3n 05\/02\/2020 - ASAJA Le\u00f3n","description":"Se estabiliza el precio de los cereales En la sesi\u00f3n de la Lonja de Le\u00f3n celebrada hoy en Santa Mar\u00eda del P\u00e1ramo repetici\u00f3n de cotizaciones en todas las","robots":{"index":"index","follow":"follow","max-snippet":"max-snippet:-1","max-image-preview":"max-image-preview:large","max-video-preview":"max-video-preview:-1"},"canonical":"https:\/\/www.asajacyl.com\/leon\/servicios-socio\/cotizaciones-de-la-lonja-agropecuaria-de-leon-sesion-05-02-2020","og_locale":"es_ES","og_type":"article","og_title":"Cotizaciones de la Lonja Agropecuaria de Le\u00f3n - sesi\u00f3n 05\/02\/2020 - ASAJA Le\u00f3n","og_description":"Se estabiliza el precio de los cereales En la sesi\u00f3n de la Lonja de Le\u00f3n celebrada hoy en Santa Mar\u00eda del P\u00e1ramo repetici\u00f3n de cotizaciones en todas las","og_url":"https:\/\/www.asajacyl.com\/leon\/servicios-socio\/cotizaciones-de-la-lonja-agropecuaria-de-leon-sesion-05-02-2020","og_site_name":"ASAJA Le\u00f3n","article_published_time":"2020-02-05T15:22:11+00:00","og_image":[{"width":2500,"height":1667,"url":"https:\/\/www.asajacyl.com\/leon\/wp-content\/uploads\/sites\/6\/2018\/02\/MAIZ_SECA.jpg","type":"image\/jpeg"}],"author":"Eduardo","twitter_card":"summary_large_image","twitter_misc":{"Escrito por":"Eduardo","Tiempo de lectura":"1 minuto"},"schema":{"@context":"https:\/\/schema.org","@graph":[{"@type":"WebPage","@id":"https:\/\/www.asajacyl.com\/leon\/servicios-socio\/cotizaciones-de-la-lonja-agropecuaria-de-leon-sesion-05-02-2020","url":"https:\/\/www.asajacyl.com\/leon\/servicios-socio\/cotizaciones-de-la-lonja-agropecuaria-de-leon-sesion-05-02-2020","name":"Cotizaciones de la Lonja Agropecuaria de Le\u00f3n - sesi\u00f3n 05\/02\/2020 - ASAJA Le\u00f3n","isPartOf":{"@id":"https:\/\/www.asajacyl.com\/leon\/#website"},"primaryImageOfPage":{"@id":"https:\/\/www.asajacyl.com\/leon\/servicios-socio\/cotizaciones-de-la-lonja-agropecuaria-de-leon-sesion-05-02-2020#primaryimage"},"image":{"@id":"https:\/\/www.asajacyl.com\/leon\/servicios-socio\/cotizaciones-de-la-lonja-agropecuaria-de-leon-sesion-05-02-2020#primaryimage"},"thumbnailUrl":"https:\/\/www.asajacyl.com\/leon\/wp-content\/uploads\/sites\/6\/2018\/02\/MAIZ_SECA.jpg","datePublished":"2020-02-05T15:22:11+00:00","author":{"@id":"https:\/\/www.asajacyl.com\/leon\/#\/schema\/person\/a39ff3609fc182e4c789ab486e865d32"},"description":"Se estabiliza el precio de los cereales En la sesi\u00f3n de la Lonja de Le\u00f3n celebrada hoy en Santa Mar\u00eda del P\u00e1ramo repetici\u00f3n de cotizaciones en todas las","breadcrumb":{"@id":"https:\/\/www.asajacyl.com\/leon\/servicios-socio\/cotizaciones-de-la-lonja-agropecuaria-de-leon-sesion-05-02-2020#breadcrumb"},"inLanguage":"es","potentialAction":[{"@type":"ReadAction","target":["https:\/\/www.asajacyl.com\/leon\/servicios-socio\/cotizaciones-de-la-lonja-agropecuaria-de-leon-sesion-05-02-2020"]}]},{"@type":"ImageObject","inLanguage":"es","@id":"https:\/\/www.asajacyl.com\/leon\/servicios-socio\/cotizaciones-de-la-lonja-agropecuaria-de-leon-sesion-05-02-2020#primaryimage","url":"https:\/\/www.asajacyl.com\/leon\/wp-content\/uploads\/sites\/6\/2018\/02\/MAIZ_SECA.jpg","contentUrl":"https:\/\/www.asajacyl.com\/leon\/wp-content\/uploads\/sites\/6\/2018\/02\/MAIZ_SECA.jpg","width":2500,"height":1667},{"@type":"BreadcrumbList","@id":"https:\/\/www.asajacyl.com\/leon\/servicios-socio\/cotizaciones-de-la-lonja-agropecuaria-de-leon-sesion-05-02-2020#breadcrumb","itemListElement":[{"@type":"ListItem","position":1,"name":"Portada","item":"https:\/\/www.asajacyl.com\/leon\/"},{"@type":"ListItem","position":2,"name":"Cotizaciones de la Lonja Agropecuaria de Le\u00f3n &#8211; sesi\u00f3n 05\/02\/2020"}]},{"@type":"WebSite","@id":"https:\/\/www.asajacyl.com\/leon\/#website","url":"https:\/\/www.asajacyl.com\/leon\/","name":"ASAJA Le\u00f3n","description":"Otro sitio m\u00e1s de Provincias ASAJA Castilla y Le\u00f3n","potentialAction":[{"@type":"SearchAction","target":{"@type":"EntryPoint","urlTemplate":"https:\/\/www.asajacyl.com\/leon\/?s={search_term_string}"},"query-input":{"@type":"PropertyValueSpecification","valueRequired":true,"valueName":"search_term_string"}}],"inLanguage":"es"},{"@type":"Person","@id":"https:\/\/www.asajacyl.com\/leon\/#\/schema\/person\/a39ff3609fc182e4c789ab486e865d32","name":"Eduardo","image":{"@type":"ImageObject","inLanguage":"es","@id":"https:\/\/www.asajacyl.com\/leon\/#\/schema\/person\/image\/","url":"https:\/\/secure.gravatar.com\/avatar\/9ebd6aba21d817dcf9595bc9ca505af5?s=96&d=mm&r=g","contentUrl":"https:\/\/secure.gravatar.com\/avatar\/9ebd6aba21d817dcf9595bc9ca505af5?s=96&d=mm&r=g","caption":"Eduardo"},"url":"https:\/\/www.asajacyl.com\/leon\/author\/eduardovv"}]}},"_links":{"self":[{"href":"https:\/\/www.asajacyl.com\/leon\/wp-json\/wp\/v2\/posts\/10972"}],"collection":[{"href":"https:\/\/www.asajacyl.com\/leon\/wp-json\/wp\/v2\/posts"}],"about":[{"href":"https:\/\/www.asajacyl.com\/leon\/wp-json\/wp\/v2\/types\/post"}],"author":[{"embeddable":true,"href":"https:\/\/www.asajacyl.com\/leon\/wp-json\/wp\/v2\/users\/8"}],"replies":[{"embeddable":true,"href":"https:\/\/www.asajacyl.com\/leon\/wp-json\/wp\/v2\/comments?post=10972"}],"version-history":[{"count":2,"href":"https:\/\/www.asajacyl.com\/leon\/wp-json\/wp\/v2\/posts\/10972\/revisions"}],"predecessor-version":[{"id":10974,"href":"https:\/\/www.asajacyl.com\/leon\/wp-json\/wp\/v2\/posts\/10972\/revisions\/10974"}],"wp:featuredmedia":[{"embeddable":true,"href":"https:\/\/www.asajacyl.com\/leon\/wp-json\/wp\/v2\/media\/8592"}],"wp:attachment":[{"href":"https:\/\/www.asajacyl.com\/leon\/wp-json\/wp\/v2\/media?parent=10972"}],"wp:term":[{"taxonomy":"category","embeddable":true,"href":"https:\/\/www.asajacyl.com\/leon\/wp-json\/wp\/v2\/categories?post=10972"},{"taxonomy":"post_tag","embeddable":true,"href":"https:\/\/www.asajacyl.com\/leon\/wp-json\/wp\/v2\/tags?post=10972"}],"curies":[{"name":"wp","href":"https:\/\/api.w.org\/{rel}","templated":true}]}}