{"id":10989,"date":"2020-02-10T08:58:47","date_gmt":"2020-02-10T07:58:47","guid":{"rendered":"https:\/\/www.asajacyl.com\/leon\/?p=10989"},"modified":"2020-02-10T09:04:02","modified_gmt":"2020-02-10T08:04:02","slug":"asamblea_2020","status":"publish","type":"post","link":"https:\/\/www.asajacyl.com\/leon\/buzon\/asamblea_2020","title":{"rendered":"Asamblea_2020"},"content":{"rendered":"<h2><strong>CONVOCATORIA XXXIV ASAMBLEA GENERAL ORDINARIA DE ASAJA LE\u00d3N<\/strong><\/h2>\n<h6>Por la presente se convoca a todos los socios a la Asamblea General Ordinaria de ASAJA de Le\u00f3n, que tendr\u00e1 lugar el <strong>VIERNES d\u00eda 21 de FEBRERO<\/strong> de 2020, a las <strong>11,30 horas<\/strong>, en el sal\u00f3n de actos de la Casa de la Cultura de <strong>VALENCIA DE DON JUAN <\/strong>(Plaza El Salvador n\u00famero 4), para tratar sobre el siguiente,<\/h6>\n<h6><strong>\u00a0\u00a0\u00a0\u00a0\u00a0\u00a0\u00a0\u00a0\u00a0\u00a0\u00a0\u00a0\u00a0\u00a0\u00a0 ORDEN DEL D\u00cdA: <\/strong><\/h6>\n<ol>\n<li>\n<h6>Informe de actividades del a\u00f1o 2019.<\/h6>\n<\/li>\n<li>\n<h6>Aprobaci\u00f3n del Balance y Cuenta de Resultados de 2019 y presupuesto econ\u00f3mico para 2020.<\/h6>\n<\/li>\n<li>\n<h6>Situaci\u00f3n de sectores agr\u00edcolas y ganaderos de la provincia.<\/h6>\n<\/li>\n<li>\n<h6>Votaci\u00f3n sobre la convocatoria de manifestaci\u00f3n con tractores para el 28 de febrero.<\/h6>\n<\/li>\n<li>\n<h6>Novedades en relaci\u00f3n con las ayudas de la PAC de la campa\u00f1a 2020.<\/h6>\n<\/li>\n<li>\n<h6>Avance sobre las negociaciones de la reforma de la PAC a partir de 2022.<\/h6>\n<\/li>\n<li>\n<h6>Otros temas. Ruegos y preguntas.<\/h6>\n<\/li>\n<li>\n<h6>Clausura por el presidente regional Donaciano Dujo.<\/h6>\n<\/li>\n<\/ol>\n<h6><\/h6>\n<h6>Recibe un saludo.<\/h6>\n<h6><\/h6>\n<h6>Fdo.: Arsenio Garc\u00eda Vidal\u00a0\u00a0\u00a0\u00a0\u00a0\u00a0\u00a0\u00a0\u00a0\u00a0\u00a0\u00a0\u00a0\u00a0 Fdo.: Jos\u00e9 Antonio Turrado<\/h6>\n<h6>Presidente\u00a0\u00a0\u00a0\u00a0\u00a0\u00a0\u00a0\u00a0\u00a0\u00a0\u00a0\u00a0\u00a0\u00a0\u00a0\u00a0\u00a0\u00a0\u00a0\u00a0\u00a0\u00a0\u00a0\u00a0\u00a0\u00a0\u00a0\u00a0\u00a0\u00a0\u00a0\u00a0\u00a0\u00a0\u00a0\u00a0\u00a0\u00a0\u00a0 Secretario general<\/h6>\n<h6><\/h6>\n<h6>*Te recordamos que la convocatoria de esta Asamblea coincide con el segundo d\u00eda de la Feria de Valencia de Don Juan.<\/h6>\n","protected":false},"excerpt":{"rendered":"<p>CONVOCATORIA XXXIV ASAMBLEA GENERAL ORDINARIA DE ASAJA LE\u00d3N Por la presente se convoca a todos los socios a la Asamblea General Ordinaria de ASAJA de Le\u00f3n, que tendr\u00e1 lugar el VIERNES d\u00eda 21 de FEBRERO de 2020, a las 11,30 horas, en el sal\u00f3n de actos de la Casa de la Cultura de VALENCIA DE [&hellip;]<\/p>\n","protected":false},"author":8,"featured_media":6270,"comment_status":"open","ping_status":"open","sticky":false,"template":"","format":"standard","meta":{"footnotes":""},"categories":[78],"tags":[],"yoast_head":"<!-- This site is optimized with the Yoast SEO plugin v24.5 - https:\/\/yoast.com\/wordpress\/plugins\/seo\/ -->\n<title>Asamblea_2020 - ASAJA Le\u00f3n<\/title>\n<meta name=\"description\" content=\"CONVOCATORIA XXXIV ASAMBLEA GENERAL ORDINARIA DE ASAJA LE\u00d3N Por la presente se convoca a todos los socios a la Asamblea General Ordinaria de ASAJA de\" \/>\n<meta name=\"robots\" content=\"index, follow, max-snippet:-1, max-image-preview:large, max-video-preview:-1\" \/>\n<link rel=\"canonical\" href=\"https:\/\/www.asajacyl.com\/leon\/buzon\/asamblea_2020\" \/>\n<meta property=\"og:locale\" content=\"es_ES\" \/>\n<meta property=\"og:type\" content=\"article\" \/>\n<meta property=\"og:title\" content=\"Asamblea_2020 - ASAJA Le\u00f3n\" \/>\n<meta property=\"og:description\" content=\"CONVOCATORIA XXXIV ASAMBLEA GENERAL ORDINARIA DE ASAJA LE\u00d3N Por la presente se convoca a todos los socios a la Asamblea General Ordinaria de ASAJA de\" \/>\n<meta property=\"og:url\" content=\"https:\/\/www.asajacyl.com\/leon\/buzon\/asamblea_2020\" \/>\n<meta property=\"og:site_name\" content=\"ASAJA Le\u00f3n\" \/>\n<meta property=\"article:published_time\" content=\"2020-02-10T07:58:47+00:00\" \/>\n<meta property=\"article:modified_time\" content=\"2020-02-10T08:04:02+00:00\" \/>\n<meta property=\"og:image\" content=\"https:\/\/www.asajacyl.com\/leon\/wp-content\/uploads\/sites\/6\/2017\/11\/ASAMBLEA_2016-1024x696.jpg\" \/>\n\t<meta property=\"og:image:width\" content=\"1024\" \/>\n\t<meta property=\"og:image:height\" content=\"696\" \/>\n\t<meta property=\"og:image:type\" content=\"image\/jpeg\" \/>\n<meta name=\"author\" content=\"Eduardo\" \/>\n<meta name=\"twitter:card\" content=\"summary_large_image\" \/>\n<meta name=\"twitter:label1\" content=\"Escrito por\" \/>\n\t<meta name=\"twitter:data1\" content=\"Eduardo\" \/>\n\t<meta name=\"twitter:label2\" content=\"Tiempo de lectura\" \/>\n\t<meta name=\"twitter:data2\" content=\"1 minuto\" \/>\n<script type=\"application\/ld+json\" class=\"yoast-schema-graph\">{\"@context\":\"https:\/\/schema.org\",\"@graph\":[{\"@type\":\"WebPage\",\"@id\":\"https:\/\/www.asajacyl.com\/leon\/buzon\/asamblea_2020\",\"url\":\"https:\/\/www.asajacyl.com\/leon\/buzon\/asamblea_2020\",\"name\":\"Asamblea_2020 - ASAJA Le\u00f3n\",\"isPartOf\":{\"@id\":\"https:\/\/www.asajacyl.com\/leon\/#website\"},\"primaryImageOfPage\":{\"@id\":\"https:\/\/www.asajacyl.com\/leon\/buzon\/asamblea_2020#primaryimage\"},\"image\":{\"@id\":\"https:\/\/www.asajacyl.com\/leon\/buzon\/asamblea_2020#primaryimage\"},\"thumbnailUrl\":\"https:\/\/www.asajacyl.com\/leon\/wp-content\/uploads\/sites\/6\/2017\/11\/ASAMBLEA_2016.jpg\",\"datePublished\":\"2020-02-10T07:58:47+00:00\",\"dateModified\":\"2020-02-10T08:04:02+00:00\",\"author\":{\"@id\":\"https:\/\/www.asajacyl.com\/leon\/#\/schema\/person\/a39ff3609fc182e4c789ab486e865d32\"},\"description\":\"CONVOCATORIA XXXIV ASAMBLEA GENERAL ORDINARIA DE ASAJA LE\u00d3N Por la presente se convoca a todos los socios a la Asamblea General Ordinaria de ASAJA de\",\"breadcrumb\":{\"@id\":\"https:\/\/www.asajacyl.com\/leon\/buzon\/asamblea_2020#breadcrumb\"},\"inLanguage\":\"es\",\"potentialAction\":[{\"@type\":\"ReadAction\",\"target\":[\"https:\/\/www.asajacyl.com\/leon\/buzon\/asamblea_2020\"]}]},{\"@type\":\"ImageObject\",\"inLanguage\":\"es\",\"@id\":\"https:\/\/www.asajacyl.com\/leon\/buzon\/asamblea_2020#primaryimage\",\"url\":\"https:\/\/www.asajacyl.com\/leon\/wp-content\/uploads\/sites\/6\/2017\/11\/ASAMBLEA_2016.jpg\",\"contentUrl\":\"https:\/\/www.asajacyl.com\/leon\/wp-content\/uploads\/sites\/6\/2017\/11\/ASAMBLEA_2016.jpg\",\"width\":3608,\"height\":2454},{\"@type\":\"BreadcrumbList\",\"@id\":\"https:\/\/www.asajacyl.com\/leon\/buzon\/asamblea_2020#breadcrumb\",\"itemListElement\":[{\"@type\":\"ListItem\",\"position\":1,\"name\":\"Portada\",\"item\":\"https:\/\/www.asajacyl.com\/leon\/\"},{\"@type\":\"ListItem\",\"position\":2,\"name\":\"Asamblea_2020\"}]},{\"@type\":\"WebSite\",\"@id\":\"https:\/\/www.asajacyl.com\/leon\/#website\",\"url\":\"https:\/\/www.asajacyl.com\/leon\/\",\"name\":\"ASAJA Le\u00f3n\",\"description\":\"Otro sitio m\u00e1s de Provincias ASAJA Castilla y Le\u00f3n\",\"potentialAction\":[{\"@type\":\"SearchAction\",\"target\":{\"@type\":\"EntryPoint\",\"urlTemplate\":\"https:\/\/www.asajacyl.com\/leon\/?s={search_term_string}\"},\"query-input\":{\"@type\":\"PropertyValueSpecification\",\"valueRequired\":true,\"valueName\":\"search_term_string\"}}],\"inLanguage\":\"es\"},{\"@type\":\"Person\",\"@id\":\"https:\/\/www.asajacyl.com\/leon\/#\/schema\/person\/a39ff3609fc182e4c789ab486e865d32\",\"name\":\"Eduardo\",\"image\":{\"@type\":\"ImageObject\",\"inLanguage\":\"es\",\"@id\":\"https:\/\/www.asajacyl.com\/leon\/#\/schema\/person\/image\/\",\"url\":\"https:\/\/secure.gravatar.com\/avatar\/9ebd6aba21d817dcf9595bc9ca505af5?s=96&d=mm&r=g\",\"contentUrl\":\"https:\/\/secure.gravatar.com\/avatar\/9ebd6aba21d817dcf9595bc9ca505af5?s=96&d=mm&r=g\",\"caption\":\"Eduardo\"},\"url\":\"https:\/\/www.asajacyl.com\/leon\/author\/eduardovv\"}]}<\/script>\n<!-- \/ Yoast SEO plugin. -->","yoast_head_json":{"title":"Asamblea_2020 - ASAJA Le\u00f3n","description":"CONVOCATORIA XXXIV ASAMBLEA GENERAL ORDINARIA DE ASAJA LE\u00d3N Por la presente se convoca a todos los socios a la Asamblea General Ordinaria de ASAJA de","robots":{"index":"index","follow":"follow","max-snippet":"max-snippet:-1","max-image-preview":"max-image-preview:large","max-video-preview":"max-video-preview:-1"},"canonical":"https:\/\/www.asajacyl.com\/leon\/buzon\/asamblea_2020","og_locale":"es_ES","og_type":"article","og_title":"Asamblea_2020 - ASAJA Le\u00f3n","og_description":"CONVOCATORIA XXXIV ASAMBLEA GENERAL ORDINARIA DE ASAJA LE\u00d3N Por la presente se convoca a todos los socios a la Asamblea General Ordinaria de ASAJA de","og_url":"https:\/\/www.asajacyl.com\/leon\/buzon\/asamblea_2020","og_site_name":"ASAJA Le\u00f3n","article_published_time":"2020-02-10T07:58:47+00:00","article_modified_time":"2020-02-10T08:04:02+00:00","og_image":[{"width":1024,"height":696,"url":"https:\/\/www.asajacyl.com\/leon\/wp-content\/uploads\/sites\/6\/2017\/11\/ASAMBLEA_2016-1024x696.jpg","type":"image\/jpeg"}],"author":"Eduardo","twitter_card":"summary_large_image","twitter_misc":{"Escrito por":"Eduardo","Tiempo de lectura":"1 minuto"},"schema":{"@context":"https:\/\/schema.org","@graph":[{"@type":"WebPage","@id":"https:\/\/www.asajacyl.com\/leon\/buzon\/asamblea_2020","url":"https:\/\/www.asajacyl.com\/leon\/buzon\/asamblea_2020","name":"Asamblea_2020 - ASAJA Le\u00f3n","isPartOf":{"@id":"https:\/\/www.asajacyl.com\/leon\/#website"},"primaryImageOfPage":{"@id":"https:\/\/www.asajacyl.com\/leon\/buzon\/asamblea_2020#primaryimage"},"image":{"@id":"https:\/\/www.asajacyl.com\/leon\/buzon\/asamblea_2020#primaryimage"},"thumbnailUrl":"https:\/\/www.asajacyl.com\/leon\/wp-content\/uploads\/sites\/6\/2017\/11\/ASAMBLEA_2016.jpg","datePublished":"2020-02-10T07:58:47+00:00","dateModified":"2020-02-10T08:04:02+00:00","author":{"@id":"https:\/\/www.asajacyl.com\/leon\/#\/schema\/person\/a39ff3609fc182e4c789ab486e865d32"},"description":"CONVOCATORIA XXXIV ASAMBLEA GENERAL ORDINARIA DE ASAJA LE\u00d3N Por la presente se convoca a todos los socios a la Asamblea General Ordinaria de ASAJA de","breadcrumb":{"@id":"https:\/\/www.asajacyl.com\/leon\/buzon\/asamblea_2020#breadcrumb"},"inLanguage":"es","potentialAction":[{"@type":"ReadAction","target":["https:\/\/www.asajacyl.com\/leon\/buzon\/asamblea_2020"]}]},{"@type":"ImageObject","inLanguage":"es","@id":"https:\/\/www.asajacyl.com\/leon\/buzon\/asamblea_2020#primaryimage","url":"https:\/\/www.asajacyl.com\/leon\/wp-content\/uploads\/sites\/6\/2017\/11\/ASAMBLEA_2016.jpg","contentUrl":"https:\/\/www.asajacyl.com\/leon\/wp-content\/uploads\/sites\/6\/2017\/11\/ASAMBLEA_2016.jpg","width":3608,"height":2454},{"@type":"BreadcrumbList","@id":"https:\/\/www.asajacyl.com\/leon\/buzon\/asamblea_2020#breadcrumb","itemListElement":[{"@type":"ListItem","position":1,"name":"Portada","item":"https:\/\/www.asajacyl.com\/leon\/"},{"@type":"ListItem","position":2,"name":"Asamblea_2020"}]},{"@type":"WebSite","@id":"https:\/\/www.asajacyl.com\/leon\/#website","url":"https:\/\/www.asajacyl.com\/leon\/","name":"ASAJA Le\u00f3n","description":"Otro sitio m\u00e1s de Provincias ASAJA Castilla y Le\u00f3n","potentialAction":[{"@type":"SearchAction","target":{"@type":"EntryPoint","urlTemplate":"https:\/\/www.asajacyl.com\/leon\/?s={search_term_string}"},"query-input":{"@type":"PropertyValueSpecification","valueRequired":true,"valueName":"search_term_string"}}],"inLanguage":"es"},{"@type":"Person","@id":"https:\/\/www.asajacyl.com\/leon\/#\/schema\/person\/a39ff3609fc182e4c789ab486e865d32","name":"Eduardo","image":{"@type":"ImageObject","inLanguage":"es","@id":"https:\/\/www.asajacyl.com\/leon\/#\/schema\/person\/image\/","url":"https:\/\/secure.gravatar.com\/avatar\/9ebd6aba21d817dcf9595bc9ca505af5?s=96&d=mm&r=g","contentUrl":"https:\/\/secure.gravatar.com\/avatar\/9ebd6aba21d817dcf9595bc9ca505af5?s=96&d=mm&r=g","caption":"Eduardo"},"url":"https:\/\/www.asajacyl.com\/leon\/author\/eduardovv"}]}},"_links":{"self":[{"href":"https:\/\/www.asajacyl.com\/leon\/wp-json\/wp\/v2\/posts\/10989"}],"collection":[{"href":"https:\/\/www.asajacyl.com\/leon\/wp-json\/wp\/v2\/posts"}],"about":[{"href":"https:\/\/www.asajacyl.com\/leon\/wp-json\/wp\/v2\/types\/post"}],"author":[{"embeddable":true,"href":"https:\/\/www.asajacyl.com\/leon\/wp-json\/wp\/v2\/users\/8"}],"replies":[{"embeddable":true,"href":"https:\/\/www.asajacyl.com\/leon\/wp-json\/wp\/v2\/comments?post=10989"}],"version-history":[{"count":3,"href":"https:\/\/www.asajacyl.com\/leon\/wp-json\/wp\/v2\/posts\/10989\/revisions"}],"predecessor-version":[{"id":10992,"href":"https:\/\/www.asajacyl.com\/leon\/wp-json\/wp\/v2\/posts\/10989\/revisions\/10992"}],"wp:featuredmedia":[{"embeddable":true,"href":"https:\/\/www.asajacyl.com\/leon\/wp-json\/wp\/v2\/media\/6270"}],"wp:attachment":[{"href":"https:\/\/www.asajacyl.com\/leon\/wp-json\/wp\/v2\/media?parent=10989"}],"wp:term":[{"taxonomy":"category","embeddable":true,"href":"https:\/\/www.asajacyl.com\/leon\/wp-json\/wp\/v2\/categories?post=10989"},{"taxonomy":"post_tag","embeddable":true,"href":"https:\/\/www.asajacyl.com\/leon\/wp-json\/wp\/v2\/tags?post=10989"}],"curies":[{"name":"wp","href":"https:\/\/api.w.org\/{rel}","templated":true}]}}