{"id":11014,"date":"2020-02-13T09:02:25","date_gmt":"2020-02-13T08:02:25","guid":{"rendered":"https:\/\/www.asajacyl.com\/leon\/?p=11014"},"modified":"2020-02-13T09:02:25","modified_gmt":"2020-02-13T08:02:25","slug":"jovenes_2020","status":"publish","type":"post","link":"https:\/\/www.asajacyl.com\/leon\/buzon\/jovenes_2020","title":{"rendered":"j\u00f3venes_2020"},"content":{"rendered":"<h2><strong>CARTA A LOS SOCIOS M\u00c1S J\u00d3VENES DE ASAJA<\/strong><\/h2>\n<h6>Le\u00f3n, 13 de febrero de 2020.<\/h6>\n<h6>Te recuerdo que tenemos convocada la XXXIV Asamblea General de nuestra organizaci\u00f3n para el <strong><u>viernes d\u00eda 21<\/u><\/strong> en el Sal\u00f3n de Actos de la Casa de la Cultura de Valencia de Don Juan. Siempre tenemos un especial inter\u00e9s en que asista el mayor n\u00famero posible de socios, y en particular de los m\u00e1s j\u00f3venes.<\/h6>\n<h6>En esta ocasi\u00f3n, adem\u00e1s de las cuestiones ordinarias, se decidir\u00e1 sobre las <strong><u>manifestaciones con tractores que tenemos programada para el viernes 28 de febrero en Le\u00f3n y el lunes 2 de marzo en Ponferrada<\/u><\/strong>, secundada tambi\u00e9n por el resto de sindicatos agrarios. Es muy importante que los j\u00f3venes como t\u00fa asist\u00e1is masivamente a dicha Asamblea para animar a participar en el acto de protesta, pues sois precisamente los j\u00f3venes los que os encontr\u00e1is con mayores dificultades para sacar adelante vuestras explotaciones, aunque nada m\u00e1s sea porque dispon\u00e9is de menos tierras o pastos, por lo general a precios m\u00e1s altos, y est\u00e1is afrontando unas important\u00edsimas inversiones que la gente mayor suele tener amortizadas y vosotros todav\u00eda no.<\/h6>\n<h6>En definitiva, el futuro de ASAJA y el futuro del campo depende de los j\u00f3venes, lo que no deja de ser tambi\u00e9n una responsabilidad para vosotros. Por ello insistimos en la importancia de que particip\u00e9is en la asamblea del d\u00eda 21, y en que todos est\u00e9is en los actos de protesta, con vuestros tractores, del viernes siguiente d\u00eda 28, o el lunes 2 de marzo para qui\u00e9n sea del Bierzo.<\/h6>\n<h6>Nos vemos muy pronto. Recibe un afectuoso saludo.<\/h6>\n<h6><\/h6>\n<h6><\/h6>\n<h6>Fdo.: Arsenio Garc\u00eda Vidal \u00a0\u00a0\u00a0\u00a0\u00a0\u00a0\u00a0\u00a0\u00a0\u00a0\u00a0\u00a0\u00a0\u00a0\u00a0\u00a0\u00a0\u00a0\u00a0\u00a0\u00a0\u00a0\u00a0\u00a0\u00a0\u00a0\u00a0\u00a0\u00a0 Jos\u00e9 Antonio Turrado Fern\u00e1ndez<\/h6>\n<h6>Presidente\u00a0\u00a0\u00a0\u00a0\u00a0\u00a0\u00a0\u00a0\u00a0\u00a0\u00a0\u00a0\u00a0\u00a0\u00a0\u00a0\u00a0\u00a0\u00a0\u00a0\u00a0\u00a0\u00a0\u00a0\u00a0\u00a0\u00a0\u00a0\u00a0\u00a0\u00a0\u00a0\u00a0\u00a0\u00a0\u00a0\u00a0\u00a0\u00a0\u00a0\u00a0\u00a0\u00a0\u00a0\u00a0\u00a0\u00a0\u00a0\u00a0\u00a0\u00a0\u00a0\u00a0\u00a0 Secretario general<\/h6>\n","protected":false},"excerpt":{"rendered":"<p>CARTA A LOS SOCIOS M\u00c1S J\u00d3VENES DE ASAJA Le\u00f3n, 13 de febrero de 2020. Te recuerdo que tenemos convocada la XXXIV Asamblea General de nuestra organizaci\u00f3n para el viernes d\u00eda 21 en el Sal\u00f3n de Actos de la Casa de la Cultura de Valencia de Don Juan. Siempre tenemos un especial inter\u00e9s en que asista [&hellip;]<\/p>\n","protected":false},"author":8,"featured_media":8174,"comment_status":"open","ping_status":"open","sticky":false,"template":"","format":"standard","meta":{"footnotes":""},"categories":[78],"tags":[],"yoast_head":"<!-- This site is optimized with the Yoast SEO plugin v24.5 - https:\/\/yoast.com\/wordpress\/plugins\/seo\/ -->\n<title>j\u00f3venes_2020 - ASAJA Le\u00f3n<\/title>\n<meta name=\"description\" content=\"CARTA A LOS SOCIOS M\u00c1S J\u00d3VENES DE ASAJA Le\u00f3n, 13 de febrero de 2020. Te recuerdo que tenemos convocada la XXXIV Asamblea General de nuestra organizaci\u00f3n\" \/>\n<meta name=\"robots\" content=\"index, follow, max-snippet:-1, max-image-preview:large, max-video-preview:-1\" \/>\n<link rel=\"canonical\" href=\"https:\/\/www.asajacyl.com\/leon\/buzon\/jovenes_2020\" \/>\n<meta property=\"og:locale\" content=\"es_ES\" \/>\n<meta property=\"og:type\" content=\"article\" \/>\n<meta property=\"og:title\" content=\"j\u00f3venes_2020 - ASAJA Le\u00f3n\" \/>\n<meta property=\"og:description\" content=\"CARTA A LOS SOCIOS M\u00c1S J\u00d3VENES DE ASAJA Le\u00f3n, 13 de febrero de 2020. Te recuerdo que tenemos convocada la XXXIV Asamblea General de nuestra organizaci\u00f3n\" \/>\n<meta property=\"og:url\" content=\"https:\/\/www.asajacyl.com\/leon\/buzon\/jovenes_2020\" \/>\n<meta property=\"og:site_name\" content=\"ASAJA Le\u00f3n\" \/>\n<meta property=\"article:published_time\" content=\"2020-02-13T08:02:25+00:00\" \/>\n<meta property=\"og:image\" content=\"https:\/\/www.asajacyl.com\/leon\/wp-content\/uploads\/sites\/6\/2017\/11\/im_predefinida_1920x1080.jpg\" \/>\n\t<meta property=\"og:image:width\" content=\"1920\" \/>\n\t<meta property=\"og:image:height\" content=\"1080\" \/>\n\t<meta property=\"og:image:type\" content=\"image\/jpeg\" \/>\n<meta name=\"author\" content=\"Eduardo\" \/>\n<meta name=\"twitter:card\" content=\"summary_large_image\" \/>\n<meta name=\"twitter:label1\" content=\"Escrito por\" \/>\n\t<meta name=\"twitter:data1\" content=\"Eduardo\" \/>\n\t<meta name=\"twitter:label2\" content=\"Tiempo de lectura\" \/>\n\t<meta name=\"twitter:data2\" content=\"1 minuto\" \/>\n<script type=\"application\/ld+json\" class=\"yoast-schema-graph\">{\"@context\":\"https:\/\/schema.org\",\"@graph\":[{\"@type\":\"WebPage\",\"@id\":\"https:\/\/www.asajacyl.com\/leon\/buzon\/jovenes_2020\",\"url\":\"https:\/\/www.asajacyl.com\/leon\/buzon\/jovenes_2020\",\"name\":\"j\u00f3venes_2020 - ASAJA Le\u00f3n\",\"isPartOf\":{\"@id\":\"https:\/\/www.asajacyl.com\/leon\/#website\"},\"primaryImageOfPage\":{\"@id\":\"https:\/\/www.asajacyl.com\/leon\/buzon\/jovenes_2020#primaryimage\"},\"image\":{\"@id\":\"https:\/\/www.asajacyl.com\/leon\/buzon\/jovenes_2020#primaryimage\"},\"thumbnailUrl\":\"https:\/\/www.asajacyl.com\/leon\/wp-content\/uploads\/sites\/6\/2017\/11\/im_predefinida_1920x1080.jpg\",\"datePublished\":\"2020-02-13T08:02:25+00:00\",\"author\":{\"@id\":\"https:\/\/www.asajacyl.com\/leon\/#\/schema\/person\/a39ff3609fc182e4c789ab486e865d32\"},\"description\":\"CARTA A LOS SOCIOS M\u00c1S J\u00d3VENES DE ASAJA Le\u00f3n, 13 de febrero de 2020. Te recuerdo que tenemos convocada la XXXIV Asamblea General de nuestra organizaci\u00f3n\",\"breadcrumb\":{\"@id\":\"https:\/\/www.asajacyl.com\/leon\/buzon\/jovenes_2020#breadcrumb\"},\"inLanguage\":\"es\",\"potentialAction\":[{\"@type\":\"ReadAction\",\"target\":[\"https:\/\/www.asajacyl.com\/leon\/buzon\/jovenes_2020\"]}]},{\"@type\":\"ImageObject\",\"inLanguage\":\"es\",\"@id\":\"https:\/\/www.asajacyl.com\/leon\/buzon\/jovenes_2020#primaryimage\",\"url\":\"https:\/\/www.asajacyl.com\/leon\/wp-content\/uploads\/sites\/6\/2017\/11\/im_predefinida_1920x1080.jpg\",\"contentUrl\":\"https:\/\/www.asajacyl.com\/leon\/wp-content\/uploads\/sites\/6\/2017\/11\/im_predefinida_1920x1080.jpg\",\"width\":1920,\"height\":1080,\"caption\":\"Logotipo ASAJA Le\u00f3n\"},{\"@type\":\"BreadcrumbList\",\"@id\":\"https:\/\/www.asajacyl.com\/leon\/buzon\/jovenes_2020#breadcrumb\",\"itemListElement\":[{\"@type\":\"ListItem\",\"position\":1,\"name\":\"Portada\",\"item\":\"https:\/\/www.asajacyl.com\/leon\/\"},{\"@type\":\"ListItem\",\"position\":2,\"name\":\"j\u00f3venes_2020\"}]},{\"@type\":\"WebSite\",\"@id\":\"https:\/\/www.asajacyl.com\/leon\/#website\",\"url\":\"https:\/\/www.asajacyl.com\/leon\/\",\"name\":\"ASAJA Le\u00f3n\",\"description\":\"Otro sitio m\u00e1s de Provincias ASAJA Castilla y Le\u00f3n\",\"potentialAction\":[{\"@type\":\"SearchAction\",\"target\":{\"@type\":\"EntryPoint\",\"urlTemplate\":\"https:\/\/www.asajacyl.com\/leon\/?s={search_term_string}\"},\"query-input\":{\"@type\":\"PropertyValueSpecification\",\"valueRequired\":true,\"valueName\":\"search_term_string\"}}],\"inLanguage\":\"es\"},{\"@type\":\"Person\",\"@id\":\"https:\/\/www.asajacyl.com\/leon\/#\/schema\/person\/a39ff3609fc182e4c789ab486e865d32\",\"name\":\"Eduardo\",\"image\":{\"@type\":\"ImageObject\",\"inLanguage\":\"es\",\"@id\":\"https:\/\/www.asajacyl.com\/leon\/#\/schema\/person\/image\/\",\"url\":\"https:\/\/secure.gravatar.com\/avatar\/9ebd6aba21d817dcf9595bc9ca505af5?s=96&d=mm&r=g\",\"contentUrl\":\"https:\/\/secure.gravatar.com\/avatar\/9ebd6aba21d817dcf9595bc9ca505af5?s=96&d=mm&r=g\",\"caption\":\"Eduardo\"},\"url\":\"https:\/\/www.asajacyl.com\/leon\/author\/eduardovv\"}]}<\/script>\n<!-- \/ Yoast SEO plugin. -->","yoast_head_json":{"title":"j\u00f3venes_2020 - ASAJA Le\u00f3n","description":"CARTA A LOS SOCIOS M\u00c1S J\u00d3VENES DE ASAJA Le\u00f3n, 13 de febrero de 2020. Te recuerdo que tenemos convocada la XXXIV Asamblea General de nuestra organizaci\u00f3n","robots":{"index":"index","follow":"follow","max-snippet":"max-snippet:-1","max-image-preview":"max-image-preview:large","max-video-preview":"max-video-preview:-1"},"canonical":"https:\/\/www.asajacyl.com\/leon\/buzon\/jovenes_2020","og_locale":"es_ES","og_type":"article","og_title":"j\u00f3venes_2020 - ASAJA Le\u00f3n","og_description":"CARTA A LOS SOCIOS M\u00c1S J\u00d3VENES DE ASAJA Le\u00f3n, 13 de febrero de 2020. Te recuerdo que tenemos convocada la XXXIV Asamblea General de nuestra organizaci\u00f3n","og_url":"https:\/\/www.asajacyl.com\/leon\/buzon\/jovenes_2020","og_site_name":"ASAJA Le\u00f3n","article_published_time":"2020-02-13T08:02:25+00:00","og_image":[{"width":1920,"height":1080,"url":"https:\/\/www.asajacyl.com\/leon\/wp-content\/uploads\/sites\/6\/2017\/11\/im_predefinida_1920x1080.jpg","type":"image\/jpeg"}],"author":"Eduardo","twitter_card":"summary_large_image","twitter_misc":{"Escrito por":"Eduardo","Tiempo de lectura":"1 minuto"},"schema":{"@context":"https:\/\/schema.org","@graph":[{"@type":"WebPage","@id":"https:\/\/www.asajacyl.com\/leon\/buzon\/jovenes_2020","url":"https:\/\/www.asajacyl.com\/leon\/buzon\/jovenes_2020","name":"j\u00f3venes_2020 - ASAJA Le\u00f3n","isPartOf":{"@id":"https:\/\/www.asajacyl.com\/leon\/#website"},"primaryImageOfPage":{"@id":"https:\/\/www.asajacyl.com\/leon\/buzon\/jovenes_2020#primaryimage"},"image":{"@id":"https:\/\/www.asajacyl.com\/leon\/buzon\/jovenes_2020#primaryimage"},"thumbnailUrl":"https:\/\/www.asajacyl.com\/leon\/wp-content\/uploads\/sites\/6\/2017\/11\/im_predefinida_1920x1080.jpg","datePublished":"2020-02-13T08:02:25+00:00","author":{"@id":"https:\/\/www.asajacyl.com\/leon\/#\/schema\/person\/a39ff3609fc182e4c789ab486e865d32"},"description":"CARTA A LOS SOCIOS M\u00c1S J\u00d3VENES DE ASAJA Le\u00f3n, 13 de febrero de 2020. Te recuerdo que tenemos convocada la XXXIV Asamblea General de nuestra organizaci\u00f3n","breadcrumb":{"@id":"https:\/\/www.asajacyl.com\/leon\/buzon\/jovenes_2020#breadcrumb"},"inLanguage":"es","potentialAction":[{"@type":"ReadAction","target":["https:\/\/www.asajacyl.com\/leon\/buzon\/jovenes_2020"]}]},{"@type":"ImageObject","inLanguage":"es","@id":"https:\/\/www.asajacyl.com\/leon\/buzon\/jovenes_2020#primaryimage","url":"https:\/\/www.asajacyl.com\/leon\/wp-content\/uploads\/sites\/6\/2017\/11\/im_predefinida_1920x1080.jpg","contentUrl":"https:\/\/www.asajacyl.com\/leon\/wp-content\/uploads\/sites\/6\/2017\/11\/im_predefinida_1920x1080.jpg","width":1920,"height":1080,"caption":"Logotipo ASAJA Le\u00f3n"},{"@type":"BreadcrumbList","@id":"https:\/\/www.asajacyl.com\/leon\/buzon\/jovenes_2020#breadcrumb","itemListElement":[{"@type":"ListItem","position":1,"name":"Portada","item":"https:\/\/www.asajacyl.com\/leon\/"},{"@type":"ListItem","position":2,"name":"j\u00f3venes_2020"}]},{"@type":"WebSite","@id":"https:\/\/www.asajacyl.com\/leon\/#website","url":"https:\/\/www.asajacyl.com\/leon\/","name":"ASAJA Le\u00f3n","description":"Otro sitio m\u00e1s de Provincias ASAJA Castilla y Le\u00f3n","potentialAction":[{"@type":"SearchAction","target":{"@type":"EntryPoint","urlTemplate":"https:\/\/www.asajacyl.com\/leon\/?s={search_term_string}"},"query-input":{"@type":"PropertyValueSpecification","valueRequired":true,"valueName":"search_term_string"}}],"inLanguage":"es"},{"@type":"Person","@id":"https:\/\/www.asajacyl.com\/leon\/#\/schema\/person\/a39ff3609fc182e4c789ab486e865d32","name":"Eduardo","image":{"@type":"ImageObject","inLanguage":"es","@id":"https:\/\/www.asajacyl.com\/leon\/#\/schema\/person\/image\/","url":"https:\/\/secure.gravatar.com\/avatar\/9ebd6aba21d817dcf9595bc9ca505af5?s=96&d=mm&r=g","contentUrl":"https:\/\/secure.gravatar.com\/avatar\/9ebd6aba21d817dcf9595bc9ca505af5?s=96&d=mm&r=g","caption":"Eduardo"},"url":"https:\/\/www.asajacyl.com\/leon\/author\/eduardovv"}]}},"_links":{"self":[{"href":"https:\/\/www.asajacyl.com\/leon\/wp-json\/wp\/v2\/posts\/11014"}],"collection":[{"href":"https:\/\/www.asajacyl.com\/leon\/wp-json\/wp\/v2\/posts"}],"about":[{"href":"https:\/\/www.asajacyl.com\/leon\/wp-json\/wp\/v2\/types\/post"}],"author":[{"embeddable":true,"href":"https:\/\/www.asajacyl.com\/leon\/wp-json\/wp\/v2\/users\/8"}],"replies":[{"embeddable":true,"href":"https:\/\/www.asajacyl.com\/leon\/wp-json\/wp\/v2\/comments?post=11014"}],"version-history":[{"count":1,"href":"https:\/\/www.asajacyl.com\/leon\/wp-json\/wp\/v2\/posts\/11014\/revisions"}],"predecessor-version":[{"id":11015,"href":"https:\/\/www.asajacyl.com\/leon\/wp-json\/wp\/v2\/posts\/11014\/revisions\/11015"}],"wp:featuredmedia":[{"embeddable":true,"href":"https:\/\/www.asajacyl.com\/leon\/wp-json\/wp\/v2\/media\/8174"}],"wp:attachment":[{"href":"https:\/\/www.asajacyl.com\/leon\/wp-json\/wp\/v2\/media?parent=11014"}],"wp:term":[{"taxonomy":"category","embeddable":true,"href":"https:\/\/www.asajacyl.com\/leon\/wp-json\/wp\/v2\/categories?post=11014"},{"taxonomy":"post_tag","embeddable":true,"href":"https:\/\/www.asajacyl.com\/leon\/wp-json\/wp\/v2\/tags?post=11014"}],"curies":[{"name":"wp","href":"https:\/\/api.w.org\/{rel}","templated":true}]}}