{"id":11053,"date":"2020-02-24T08:13:12","date_gmt":"2020-02-24T07:13:12","guid":{"rendered":"https:\/\/www.asajacyl.com\/leon\/?p=11053"},"modified":"2020-02-24T08:41:09","modified_gmt":"2020-02-24T07:41:09","slug":"tractorada_leon","status":"publish","type":"post","link":"https:\/\/www.asajacyl.com\/leon\/buzon\/tractorada_leon","title":{"rendered":"TRACTORADA_LEON"},"content":{"rendered":"<h2><strong>CONVOCATORIA DE TRACTORADA EN LE\u00d3N <\/strong><strong>EL VIERNES D\u00cdA 28 DE FEBRERO<\/strong><\/h2>\n<h6>ASAJA y el resto de organizaciones agrarias de la provincia han convocado una manifestaci\u00f3n conjunta que consistir\u00e1 en una <strong>TRACTORADA en Le\u00f3n el viernes d\u00eda 28 de febrero<\/strong>. Los tractores de juntar\u00e1n en el <strong>aparcamiento del campo de f\u00fatbol<\/strong>, a las <strong>11 de la ma\u00f1ana<\/strong>, para desde all\u00ed recorrer las calles c\u00e9ntricas de la ciudad y finalizar ante el edificio de la Junta de Castilla y Le\u00f3n.<\/h6>\n<h6>Los dirigentes de las organizaciones clausurar\u00e1n el acto a la llegada al edificio de la Junta, tras entregar las reivindicaciones al Delegado, que previamente se le habr\u00e1n entregado tambi\u00e9n al Subdelegado del Gobierno. El acto est\u00e1 autorizado y se desarrollar\u00e1 con absoluta normalidad.<\/h6>\n<h6>La manifestaci\u00f3n se enmarca en las que desde finales de enero se est\u00e1n llevando a cabo en toda Espa\u00f1a y que tanto \u00e9xito est\u00e1n teniendo de asistencia y de repercusi\u00f3n en los medios de comunicaci\u00f3n. Adjuntamos la tabla reivindicativa.<\/h6>\n<h6>Es una obligaci\u00f3n de todos hacer el m\u00e1ximo esfuerzo para que el acto sea un \u00e9xito y contribuyamos a poner lo que est\u00e9 de nuestra parte para conseguir los objetivos que pretendemos. Por lo tanto, cada uno decidir\u00e1 si por distancia est\u00e1 en condiciones o no de venir a Le\u00f3n con su tractor, que es lo que se pide. La manifestaci\u00f3n no es con personas, es con agricultores y sus tractores, aunque ser\u00e1n bienvenidos quienes no puedan traer el tractor y quiera participar con su presencia.<\/h6>\n<h6>En los pr\u00f3ximos d\u00edas <strong>enviaremos una serie de consejos o recomendaciones<\/strong> para que todo transcurra bien. No obstante, como ese d\u00eda la oficina permanecer\u00e1 cerrada, si hubiera cualquier cuesti\u00f3n que haya que comunicar, lo pod\u00e9is hacer por tel\u00e9fono o wassap en este n\u00famero de m\u00f3vil de ASAJA: <strong>639 944464<\/strong>.<\/h6>\n<h6><\/h6>\n<h2><strong>TABLA REIVINDICATIVA DE LAS MOVILIZACIONES DE AGRICULTORES Y GANADEROS <\/strong><strong>DEL 28 DE FEBRERO EN LE\u00d3N<\/strong><\/h2>\n<h6><\/h6>\n<ol>\n<li>\n<h6>Pedimos unos precios justos para los productos del campo que al menos cubran los costes de producci\u00f3n, dando al sector productor elementos que le permitan ganar fuerza en la negociaci\u00f3n.<\/h6>\n<\/li>\n<li>\n<h6>Exigimos un impulso a las infraestructuras agrarias, a los nuevos regad\u00edos, y a la modernizaci\u00f3n de regad\u00edos, finalizando las necesidades actuales en el pr\u00f3ximo periodo de seis a\u00f1os (PDR). Planteamos una revisi\u00f3n hidrol\u00f3gica que garantice el agua para nuestros regad\u00edos en las pr\u00f3ximas d\u00e9cadas.<\/h6>\n<\/li>\n<li>\n<h6>Exigimos que las ayudas de la PAC mantenga al menos su presupuesto actual, y que vayan dirigidas de forma prioritaria al agricultor y ganadero profesional.<\/h6>\n<\/li>\n<li>\n<h6>Defendemos el papel del agricultor y ganadero como productor de alimentos de calidad, conservador del medio ambiente, y pieza clave en el desarrollo rural.<\/h6>\n<\/li>\n<li>\n<h6>Solicitamos medidas m\u00e1s eficaces para el relevo generacional con la incorporaci\u00f3n de j\u00f3venes, incentivando a qui\u00e9n cese de forma efectiva en su explotaci\u00f3n a favor de un joven.<\/h6>\n<\/li>\n<li>\n<h6>Pedimos medidas que eviten los da\u00f1os de la fauna salvaje y medidas eficaces de lucha contra plagas y enfermedades de los cultivos y los animales.<\/h6>\n<\/li>\n<li>\n<h6>Defendemos un sistema realmente eficaz de seguros agrarios y ganaderos, que responsa a las necesidades del sector y cuyo coste sea asumible.<\/h6>\n<\/li>\n<li>\n<h6>Pedimos para nuestros pueblos servicios p\u00fablicos de calidad y el acceso efectivo a las nuevas tecnolog\u00edas en igualdad de condiciones con respecto a las grandes ciudades.<\/h6>\n<\/li>\n<\/ol>\n<ol start=\"9\">\n<li>\n<h6>Solicitamos la eliminaci\u00f3n de burocracia in\u00fatil en la gesti\u00f3n de nuestras explotaciones y una Administraci\u00f3n agraria que sea \u00e1gil y eficaz en la resoluci\u00f3n de los asuntos que le competen.<\/h6>\n<\/li>\n<\/ol>\n<h6>Le\u00f3n, febrero de 2020.<\/h6>\n<h6><\/h6>\n<h6><\/h6>\n","protected":false},"excerpt":{"rendered":"<p>CONVOCATORIA DE TRACTORADA EN LE\u00d3N EL VIERNES D\u00cdA 28 DE FEBRERO ASAJA y el resto de organizaciones agrarias de la provincia han convocado una manifestaci\u00f3n conjunta que consistir\u00e1 en una TRACTORADA en Le\u00f3n el viernes d\u00eda 28 de febrero. Los tractores de juntar\u00e1n en el aparcamiento del campo de f\u00fatbol, a las 11 de la [&hellip;]<\/p>\n","protected":false},"author":8,"featured_media":11055,"comment_status":"open","ping_status":"open","sticky":false,"template":"","format":"standard","meta":{"footnotes":""},"categories":[78],"tags":[],"yoast_head":"<!-- This site is optimized with the Yoast SEO plugin v24.5 - https:\/\/yoast.com\/wordpress\/plugins\/seo\/ -->\n<title>TRACTORADA_LEON - ASAJA Le\u00f3n<\/title>\n<meta name=\"description\" content=\"CONVOCATORIA DE TRACTORADA EN LE\u00d3N EL VIERNES D\u00cdA 28 DE FEBRERO ASAJA y el resto de organizaciones agrarias de la provincia han convocado una\" \/>\n<meta name=\"robots\" content=\"index, follow, max-snippet:-1, max-image-preview:large, max-video-preview:-1\" \/>\n<link rel=\"canonical\" href=\"https:\/\/www.asajacyl.com\/leon\/buzon\/tractorada_leon\" \/>\n<meta property=\"og:locale\" content=\"es_ES\" \/>\n<meta property=\"og:type\" content=\"article\" \/>\n<meta property=\"og:title\" content=\"TRACTORADA_LEON - ASAJA Le\u00f3n\" \/>\n<meta property=\"og:description\" content=\"CONVOCATORIA DE TRACTORADA EN LE\u00d3N EL VIERNES D\u00cdA 28 DE FEBRERO ASAJA y el resto de organizaciones agrarias de la provincia han convocado una\" \/>\n<meta property=\"og:url\" content=\"https:\/\/www.asajacyl.com\/leon\/buzon\/tractorada_leon\" \/>\n<meta property=\"og:site_name\" content=\"ASAJA Le\u00f3n\" \/>\n<meta property=\"article:published_time\" content=\"2020-02-24T07:13:12+00:00\" \/>\n<meta property=\"article:modified_time\" content=\"2020-02-24T07:41:09+00:00\" \/>\n<meta property=\"og:image\" content=\"https:\/\/www.asajacyl.com\/leon\/wp-content\/uploads\/sites\/6\/2020\/02\/canva-Le\u00f3n-2.jpg\" \/>\n\t<meta property=\"og:image:width\" content=\"800\" \/>\n\t<meta property=\"og:image:height\" content=\"800\" \/>\n\t<meta property=\"og:image:type\" content=\"image\/jpeg\" \/>\n<meta name=\"author\" content=\"Eduardo\" \/>\n<meta name=\"twitter:card\" content=\"summary_large_image\" \/>\n<meta name=\"twitter:label1\" content=\"Escrito por\" \/>\n\t<meta name=\"twitter:data1\" content=\"Eduardo\" \/>\n\t<meta name=\"twitter:label2\" content=\"Tiempo de lectura\" \/>\n\t<meta name=\"twitter:data2\" content=\"3 minutos\" \/>\n<script type=\"application\/ld+json\" class=\"yoast-schema-graph\">{\"@context\":\"https:\/\/schema.org\",\"@graph\":[{\"@type\":\"WebPage\",\"@id\":\"https:\/\/www.asajacyl.com\/leon\/buzon\/tractorada_leon\",\"url\":\"https:\/\/www.asajacyl.com\/leon\/buzon\/tractorada_leon\",\"name\":\"TRACTORADA_LEON - ASAJA Le\u00f3n\",\"isPartOf\":{\"@id\":\"https:\/\/www.asajacyl.com\/leon\/#website\"},\"primaryImageOfPage\":{\"@id\":\"https:\/\/www.asajacyl.com\/leon\/buzon\/tractorada_leon#primaryimage\"},\"image\":{\"@id\":\"https:\/\/www.asajacyl.com\/leon\/buzon\/tractorada_leon#primaryimage\"},\"thumbnailUrl\":\"https:\/\/www.asajacyl.com\/leon\/wp-content\/uploads\/sites\/6\/2020\/02\/canva-Le\u00f3n-2.jpg\",\"datePublished\":\"2020-02-24T07:13:12+00:00\",\"dateModified\":\"2020-02-24T07:41:09+00:00\",\"author\":{\"@id\":\"https:\/\/www.asajacyl.com\/leon\/#\/schema\/person\/a39ff3609fc182e4c789ab486e865d32\"},\"description\":\"CONVOCATORIA DE TRACTORADA EN LE\u00d3N EL VIERNES D\u00cdA 28 DE FEBRERO ASAJA y el resto de organizaciones agrarias de la provincia han convocado una\",\"breadcrumb\":{\"@id\":\"https:\/\/www.asajacyl.com\/leon\/buzon\/tractorada_leon#breadcrumb\"},\"inLanguage\":\"es\",\"potentialAction\":[{\"@type\":\"ReadAction\",\"target\":[\"https:\/\/www.asajacyl.com\/leon\/buzon\/tractorada_leon\"]}]},{\"@type\":\"ImageObject\",\"inLanguage\":\"es\",\"@id\":\"https:\/\/www.asajacyl.com\/leon\/buzon\/tractorada_leon#primaryimage\",\"url\":\"https:\/\/www.asajacyl.com\/leon\/wp-content\/uploads\/sites\/6\/2020\/02\/canva-Le\u00f3n-2.jpg\",\"contentUrl\":\"https:\/\/www.asajacyl.com\/leon\/wp-content\/uploads\/sites\/6\/2020\/02\/canva-Le\u00f3n-2.jpg\",\"width\":800,\"height\":800},{\"@type\":\"BreadcrumbList\",\"@id\":\"https:\/\/www.asajacyl.com\/leon\/buzon\/tractorada_leon#breadcrumb\",\"itemListElement\":[{\"@type\":\"ListItem\",\"position\":1,\"name\":\"Portada\",\"item\":\"https:\/\/www.asajacyl.com\/leon\/\"},{\"@type\":\"ListItem\",\"position\":2,\"name\":\"TRACTORADA_LEON\"}]},{\"@type\":\"WebSite\",\"@id\":\"https:\/\/www.asajacyl.com\/leon\/#website\",\"url\":\"https:\/\/www.asajacyl.com\/leon\/\",\"name\":\"ASAJA Le\u00f3n\",\"description\":\"Otro sitio m\u00e1s de Provincias ASAJA Castilla y Le\u00f3n\",\"potentialAction\":[{\"@type\":\"SearchAction\",\"target\":{\"@type\":\"EntryPoint\",\"urlTemplate\":\"https:\/\/www.asajacyl.com\/leon\/?s={search_term_string}\"},\"query-input\":{\"@type\":\"PropertyValueSpecification\",\"valueRequired\":true,\"valueName\":\"search_term_string\"}}],\"inLanguage\":\"es\"},{\"@type\":\"Person\",\"@id\":\"https:\/\/www.asajacyl.com\/leon\/#\/schema\/person\/a39ff3609fc182e4c789ab486e865d32\",\"name\":\"Eduardo\",\"image\":{\"@type\":\"ImageObject\",\"inLanguage\":\"es\",\"@id\":\"https:\/\/www.asajacyl.com\/leon\/#\/schema\/person\/image\/\",\"url\":\"https:\/\/secure.gravatar.com\/avatar\/9ebd6aba21d817dcf9595bc9ca505af5?s=96&d=mm&r=g\",\"contentUrl\":\"https:\/\/secure.gravatar.com\/avatar\/9ebd6aba21d817dcf9595bc9ca505af5?s=96&d=mm&r=g\",\"caption\":\"Eduardo\"},\"url\":\"https:\/\/www.asajacyl.com\/leon\/author\/eduardovv\"}]}<\/script>\n<!-- \/ Yoast SEO plugin. -->","yoast_head_json":{"title":"TRACTORADA_LEON - ASAJA Le\u00f3n","description":"CONVOCATORIA DE TRACTORADA EN LE\u00d3N EL VIERNES D\u00cdA 28 DE FEBRERO ASAJA y el resto de organizaciones agrarias de la provincia han convocado una","robots":{"index":"index","follow":"follow","max-snippet":"max-snippet:-1","max-image-preview":"max-image-preview:large","max-video-preview":"max-video-preview:-1"},"canonical":"https:\/\/www.asajacyl.com\/leon\/buzon\/tractorada_leon","og_locale":"es_ES","og_type":"article","og_title":"TRACTORADA_LEON - ASAJA Le\u00f3n","og_description":"CONVOCATORIA DE TRACTORADA EN LE\u00d3N EL VIERNES D\u00cdA 28 DE FEBRERO ASAJA y el resto de organizaciones agrarias de la provincia han convocado una","og_url":"https:\/\/www.asajacyl.com\/leon\/buzon\/tractorada_leon","og_site_name":"ASAJA Le\u00f3n","article_published_time":"2020-02-24T07:13:12+00:00","article_modified_time":"2020-02-24T07:41:09+00:00","og_image":[{"width":800,"height":800,"url":"https:\/\/www.asajacyl.com\/leon\/wp-content\/uploads\/sites\/6\/2020\/02\/canva-Le\u00f3n-2.jpg","type":"image\/jpeg"}],"author":"Eduardo","twitter_card":"summary_large_image","twitter_misc":{"Escrito por":"Eduardo","Tiempo de lectura":"3 minutos"},"schema":{"@context":"https:\/\/schema.org","@graph":[{"@type":"WebPage","@id":"https:\/\/www.asajacyl.com\/leon\/buzon\/tractorada_leon","url":"https:\/\/www.asajacyl.com\/leon\/buzon\/tractorada_leon","name":"TRACTORADA_LEON - ASAJA Le\u00f3n","isPartOf":{"@id":"https:\/\/www.asajacyl.com\/leon\/#website"},"primaryImageOfPage":{"@id":"https:\/\/www.asajacyl.com\/leon\/buzon\/tractorada_leon#primaryimage"},"image":{"@id":"https:\/\/www.asajacyl.com\/leon\/buzon\/tractorada_leon#primaryimage"},"thumbnailUrl":"https:\/\/www.asajacyl.com\/leon\/wp-content\/uploads\/sites\/6\/2020\/02\/canva-Le\u00f3n-2.jpg","datePublished":"2020-02-24T07:13:12+00:00","dateModified":"2020-02-24T07:41:09+00:00","author":{"@id":"https:\/\/www.asajacyl.com\/leon\/#\/schema\/person\/a39ff3609fc182e4c789ab486e865d32"},"description":"CONVOCATORIA DE TRACTORADA EN LE\u00d3N EL VIERNES D\u00cdA 28 DE FEBRERO ASAJA y el resto de organizaciones agrarias de la provincia han convocado una","breadcrumb":{"@id":"https:\/\/www.asajacyl.com\/leon\/buzon\/tractorada_leon#breadcrumb"},"inLanguage":"es","potentialAction":[{"@type":"ReadAction","target":["https:\/\/www.asajacyl.com\/leon\/buzon\/tractorada_leon"]}]},{"@type":"ImageObject","inLanguage":"es","@id":"https:\/\/www.asajacyl.com\/leon\/buzon\/tractorada_leon#primaryimage","url":"https:\/\/www.asajacyl.com\/leon\/wp-content\/uploads\/sites\/6\/2020\/02\/canva-Le\u00f3n-2.jpg","contentUrl":"https:\/\/www.asajacyl.com\/leon\/wp-content\/uploads\/sites\/6\/2020\/02\/canva-Le\u00f3n-2.jpg","width":800,"height":800},{"@type":"BreadcrumbList","@id":"https:\/\/www.asajacyl.com\/leon\/buzon\/tractorada_leon#breadcrumb","itemListElement":[{"@type":"ListItem","position":1,"name":"Portada","item":"https:\/\/www.asajacyl.com\/leon\/"},{"@type":"ListItem","position":2,"name":"TRACTORADA_LEON"}]},{"@type":"WebSite","@id":"https:\/\/www.asajacyl.com\/leon\/#website","url":"https:\/\/www.asajacyl.com\/leon\/","name":"ASAJA Le\u00f3n","description":"Otro sitio m\u00e1s de Provincias ASAJA Castilla y Le\u00f3n","potentialAction":[{"@type":"SearchAction","target":{"@type":"EntryPoint","urlTemplate":"https:\/\/www.asajacyl.com\/leon\/?s={search_term_string}"},"query-input":{"@type":"PropertyValueSpecification","valueRequired":true,"valueName":"search_term_string"}}],"inLanguage":"es"},{"@type":"Person","@id":"https:\/\/www.asajacyl.com\/leon\/#\/schema\/person\/a39ff3609fc182e4c789ab486e865d32","name":"Eduardo","image":{"@type":"ImageObject","inLanguage":"es","@id":"https:\/\/www.asajacyl.com\/leon\/#\/schema\/person\/image\/","url":"https:\/\/secure.gravatar.com\/avatar\/9ebd6aba21d817dcf9595bc9ca505af5?s=96&d=mm&r=g","contentUrl":"https:\/\/secure.gravatar.com\/avatar\/9ebd6aba21d817dcf9595bc9ca505af5?s=96&d=mm&r=g","caption":"Eduardo"},"url":"https:\/\/www.asajacyl.com\/leon\/author\/eduardovv"}]}},"_links":{"self":[{"href":"https:\/\/www.asajacyl.com\/leon\/wp-json\/wp\/v2\/posts\/11053"}],"collection":[{"href":"https:\/\/www.asajacyl.com\/leon\/wp-json\/wp\/v2\/posts"}],"about":[{"href":"https:\/\/www.asajacyl.com\/leon\/wp-json\/wp\/v2\/types\/post"}],"author":[{"embeddable":true,"href":"https:\/\/www.asajacyl.com\/leon\/wp-json\/wp\/v2\/users\/8"}],"replies":[{"embeddable":true,"href":"https:\/\/www.asajacyl.com\/leon\/wp-json\/wp\/v2\/comments?post=11053"}],"version-history":[{"count":2,"href":"https:\/\/www.asajacyl.com\/leon\/wp-json\/wp\/v2\/posts\/11053\/revisions"}],"predecessor-version":[{"id":11057,"href":"https:\/\/www.asajacyl.com\/leon\/wp-json\/wp\/v2\/posts\/11053\/revisions\/11057"}],"wp:featuredmedia":[{"embeddable":true,"href":"https:\/\/www.asajacyl.com\/leon\/wp-json\/wp\/v2\/media\/11055"}],"wp:attachment":[{"href":"https:\/\/www.asajacyl.com\/leon\/wp-json\/wp\/v2\/media?parent=11053"}],"wp:term":[{"taxonomy":"category","embeddable":true,"href":"https:\/\/www.asajacyl.com\/leon\/wp-json\/wp\/v2\/categories?post=11053"},{"taxonomy":"post_tag","embeddable":true,"href":"https:\/\/www.asajacyl.com\/leon\/wp-json\/wp\/v2\/tags?post=11053"}],"curies":[{"name":"wp","href":"https:\/\/api.w.org\/{rel}","templated":true}]}}