{"id":11132,"date":"2020-03-13T13:50:34","date_gmt":"2020-03-13T12:50:34","guid":{"rendered":"https:\/\/www.asajacyl.com\/leon\/?p=11132"},"modified":"2020-03-19T13:05:51","modified_gmt":"2020-03-19T12:05:51","slug":"las-seis-noticias-agrarias-la-semana-13-03-2020","status":"publish","type":"post","link":"https:\/\/www.asajacyl.com\/leon\/asaja-leon-informa\/noticias\/las-seis-noticias-agrarias-la-semana-13-03-2020","title":{"rendered":"Las seis noticias agrarias de la semana &#8211; 13\/03\/2020"},"content":{"rendered":"<h2 align=\"center\"><b><span style=\"color: #000000;font-family: Times New Roman\">Lonja de Referencia Nacional, aperos agr\u00edcolas, Consejero de Agricultura y Ganader\u00eda, Alfonso Fern\u00e1ndez Ma\u00f1ueco, seguro de vi\u00f1edos y remolacha, Fernando Miranda<\/span><\/b><\/h2>\n<ol>\n<li>\n<h6>\u00a0La Asociaci\u00f3n de Juntas Agropecuaria de Le\u00f3n (AJAL), que gestiona la lonja agropecuaria, iniciar\u00e1 de inmediato los tr\u00e1mites para ser reconocida por el Ministerio de Agricultura como Lonja de Referencia Nacional, una vez que el Consejo de Ministros del martes d\u00eda 3 aprob\u00f3 un Real Decreto legislando sobre esta materia. AJAL considera que esta normativa era necesaria, ya que hasta la fecha hab\u00eda un vac\u00edo legal y no exist\u00eda un reconocimiento institucional suficiente a la labor de las lonjas, de dar transparencia a los mercados de productos agropecuarios.<\/h6>\n<\/li>\n<li>\n<h6>La Direcci\u00f3n General de Tr\u00e1fico ha publicado una instrucci\u00f3n en la que determina con m\u00e1s exactitud la definici\u00f3n de aperos agr\u00edcolas, diferenci\u00e1ndolos de la maquinaria remolcada, ya que los primeros no requieren ser matriculados y los segundos s\u00ed. Se define como apero agr\u00edcola la maquinaria intercambiable completamente levantada del suelo o que pueda articularse alrededor de un eje vertical.<\/h6>\n<\/li>\n<li>\n<h6>El Consejero de Agricultura y Ganader\u00eda de la Junta de Castilla y Le\u00f3n mantuvo un encuentro agrario en El Bierzo en la misma semana que se protagoniz\u00f3 en Ponferrada la tractorada m\u00e1s importante que ha habido en la historia, convocada por ASAJA y respaldada por todas las organizaciones agrarias. La visita del Consejero no estuvo abierta a todas las organizaciones agrarias y s\u00ed politizada por el presidente del PP en dicha comarca que hizo de anfitri\u00f3n. ASAJA ha lamentado que el Consejero se prestara a un acto en el que prim\u00f3 el sectarismo m\u00e1s rancio.<\/h6>\n<\/li>\n<li>\n<h6>El presidente de la Junta de Castilla y Le\u00f3n, Alfonso Fern\u00e1ndez Ma\u00f1ueco, tiene en su agenda la previsi\u00f3n de visitar la azucarera de La Ba\u00f1eza a primeros de abril, antes de cerrar la campa\u00f1a de molturaci\u00f3n. La direcci\u00f3n de la compa\u00f1\u00eda y el comit\u00e9 de empresa quieren utilizar la visita del Presidente para que respalde su estrategia empresarial y anime a los productores a sembrar m\u00e1s remolacha. ASAJA cree que Ma\u00f1ueco debe de insistir en que Azucarera acerque posiciones con el sector mejorando el precio de contrataci\u00f3n.<\/h6>\n<\/li>\n<li>\n<h6>Los viticultores que deseen suscribir el seguro de vi\u00f1edo que cubre da\u00f1os de heladas en la plantaci\u00f3n, tienen de plazo hasta el 25 del presente mes de marzo. En el caso de los remolacheros que deseen suscribir el seguro que cubre heladas, pedrisco, no nascencia y otros da\u00f1os excepcionales, han de hacerlo hasta el 10 de abril. ASAJA est\u00e1 prestando este servicio con los mejores medios profesionales y a precios absolutamente competitivos.<\/h6>\n<\/li>\n<li>\n<h6>El secretario general del ministerio de Agricultura, Fernando Miranda, mantuvo esta semana una reuni\u00f3n con las organizaciones profesionales agrarias para abordar los principales problemas que afectan al sector ap\u00edcola, un sector de importancia econ\u00f3mica pero tambi\u00e9n de un alto valor medioambiental. Se analiz\u00f3 el problema de la valorizaci\u00f3n y comercializaci\u00f3n de las producciones, algo en lo que se espera incida positivamente la reciente modificaci\u00f3n de la Ley de la Cadena Alimentaria. El ministerio se comprometi\u00f3 tambi\u00e9n a aplicar con rigor la legislaci\u00f3n sobre importaciones de miel de terceros pa\u00edses, y se incrementar\u00e1n los controles de calidad de las mismas.<\/h6>\n<\/li>\n<\/ol>\n","protected":false},"excerpt":{"rendered":"<p>Lonja de Referencia Nacional, aperos agr\u00edcolas, Consejero de Agricultura y Ganader\u00eda, Alfonso Fern\u00e1ndez Ma\u00f1ueco, seguro de vi\u00f1edos y remolacha, Fernando Miranda \u00a0La Asociaci\u00f3n de Juntas Agropecuaria de Le\u00f3n (AJAL), que gestiona la lonja agropecuaria, iniciar\u00e1 de inmediato los tr\u00e1mites para ser reconocida por el Ministerio de Agricultura como Lonja de Referencia Nacional, una vez que [&hellip;]<\/p>\n","protected":false},"author":8,"featured_media":8611,"comment_status":"open","ping_status":"open","sticky":false,"template":"","format":"standard","meta":{"footnotes":""},"categories":[4,9],"tags":[],"yoast_head":"<!-- This site is optimized with the Yoast SEO plugin v24.5 - https:\/\/yoast.com\/wordpress\/plugins\/seo\/ -->\n<title>Las seis noticias agrarias de la semana - 13\/03\/2020 - ASAJA Le\u00f3n<\/title>\n<meta name=\"description\" content=\"Lonja de Referencia Nacional, aperos agr\u00edcolas, Consejero de Agricultura y Ganader\u00eda, Alfonso Fern\u00e1ndez Ma\u00f1ueco, seguro de vi\u00f1edos y remolacha, Fernando\" \/>\n<meta name=\"robots\" content=\"index, follow, max-snippet:-1, max-image-preview:large, max-video-preview:-1\" \/>\n<link rel=\"canonical\" href=\"https:\/\/www.asajacyl.com\/leon\/asaja-leon-informa\/noticias\/las-seis-noticias-agrarias-la-semana-13-03-2020\" \/>\n<meta property=\"og:locale\" content=\"es_ES\" \/>\n<meta property=\"og:type\" content=\"article\" \/>\n<meta property=\"og:title\" content=\"Las seis noticias agrarias de la semana - 13\/03\/2020 - ASAJA Le\u00f3n\" \/>\n<meta property=\"og:description\" content=\"Lonja de Referencia Nacional, aperos agr\u00edcolas, Consejero de Agricultura y Ganader\u00eda, Alfonso Fern\u00e1ndez Ma\u00f1ueco, seguro de vi\u00f1edos y remolacha, Fernando\" \/>\n<meta property=\"og:url\" content=\"https:\/\/www.asajacyl.com\/leon\/asaja-leon-informa\/noticias\/las-seis-noticias-agrarias-la-semana-13-03-2020\" \/>\n<meta property=\"og:site_name\" content=\"ASAJA Le\u00f3n\" \/>\n<meta property=\"article:published_time\" content=\"2020-03-13T12:50:34+00:00\" \/>\n<meta property=\"article:modified_time\" content=\"2020-03-19T12:05:51+00:00\" \/>\n<meta property=\"og:image\" content=\"https:\/\/www.asajacyl.com\/leon\/wp-content\/uploads\/sites\/6\/2018\/02\/web_AJAL.jpg\" \/>\n\t<meta property=\"og:image:width\" content=\"1729\" \/>\n\t<meta property=\"og:image:height\" content=\"390\" \/>\n\t<meta property=\"og:image:type\" content=\"image\/jpeg\" \/>\n<meta name=\"author\" content=\"Eduardo\" \/>\n<meta name=\"twitter:card\" content=\"summary_large_image\" \/>\n<meta name=\"twitter:label1\" content=\"Escrito por\" \/>\n\t<meta name=\"twitter:data1\" content=\"Eduardo\" \/>\n\t<meta name=\"twitter:label2\" content=\"Tiempo de lectura\" \/>\n\t<meta name=\"twitter:data2\" content=\"3 minutos\" \/>\n<script type=\"application\/ld+json\" class=\"yoast-schema-graph\">{\"@context\":\"https:\/\/schema.org\",\"@graph\":[{\"@type\":\"WebPage\",\"@id\":\"https:\/\/www.asajacyl.com\/leon\/asaja-leon-informa\/noticias\/las-seis-noticias-agrarias-la-semana-13-03-2020\",\"url\":\"https:\/\/www.asajacyl.com\/leon\/asaja-leon-informa\/noticias\/las-seis-noticias-agrarias-la-semana-13-03-2020\",\"name\":\"Las seis noticias agrarias de la semana - 13\/03\/2020 - ASAJA Le\u00f3n\",\"isPartOf\":{\"@id\":\"https:\/\/www.asajacyl.com\/leon\/#website\"},\"primaryImageOfPage\":{\"@id\":\"https:\/\/www.asajacyl.com\/leon\/asaja-leon-informa\/noticias\/las-seis-noticias-agrarias-la-semana-13-03-2020#primaryimage\"},\"image\":{\"@id\":\"https:\/\/www.asajacyl.com\/leon\/asaja-leon-informa\/noticias\/las-seis-noticias-agrarias-la-semana-13-03-2020#primaryimage\"},\"thumbnailUrl\":\"https:\/\/www.asajacyl.com\/leon\/wp-content\/uploads\/sites\/6\/2018\/02\/web_AJAL.jpg\",\"datePublished\":\"2020-03-13T12:50:34+00:00\",\"dateModified\":\"2020-03-19T12:05:51+00:00\",\"author\":{\"@id\":\"https:\/\/www.asajacyl.com\/leon\/#\/schema\/person\/a39ff3609fc182e4c789ab486e865d32\"},\"description\":\"Lonja de Referencia Nacional, aperos agr\u00edcolas, Consejero de Agricultura y Ganader\u00eda, Alfonso Fern\u00e1ndez Ma\u00f1ueco, seguro de vi\u00f1edos y remolacha, Fernando\",\"breadcrumb\":{\"@id\":\"https:\/\/www.asajacyl.com\/leon\/asaja-leon-informa\/noticias\/las-seis-noticias-agrarias-la-semana-13-03-2020#breadcrumb\"},\"inLanguage\":\"es\",\"potentialAction\":[{\"@type\":\"ReadAction\",\"target\":[\"https:\/\/www.asajacyl.com\/leon\/asaja-leon-informa\/noticias\/las-seis-noticias-agrarias-la-semana-13-03-2020\"]}]},{\"@type\":\"ImageObject\",\"inLanguage\":\"es\",\"@id\":\"https:\/\/www.asajacyl.com\/leon\/asaja-leon-informa\/noticias\/las-seis-noticias-agrarias-la-semana-13-03-2020#primaryimage\",\"url\":\"https:\/\/www.asajacyl.com\/leon\/wp-content\/uploads\/sites\/6\/2018\/02\/web_AJAL.jpg\",\"contentUrl\":\"https:\/\/www.asajacyl.com\/leon\/wp-content\/uploads\/sites\/6\/2018\/02\/web_AJAL.jpg\",\"width\":1729,\"height\":390},{\"@type\":\"BreadcrumbList\",\"@id\":\"https:\/\/www.asajacyl.com\/leon\/asaja-leon-informa\/noticias\/las-seis-noticias-agrarias-la-semana-13-03-2020#breadcrumb\",\"itemListElement\":[{\"@type\":\"ListItem\",\"position\":1,\"name\":\"Portada\",\"item\":\"https:\/\/www.asajacyl.com\/leon\/\"},{\"@type\":\"ListItem\",\"position\":2,\"name\":\"Las seis noticias agrarias de la semana &#8211; 13\/03\/2020\"}]},{\"@type\":\"WebSite\",\"@id\":\"https:\/\/www.asajacyl.com\/leon\/#website\",\"url\":\"https:\/\/www.asajacyl.com\/leon\/\",\"name\":\"ASAJA Le\u00f3n\",\"description\":\"Otro sitio m\u00e1s de Provincias ASAJA Castilla y Le\u00f3n\",\"potentialAction\":[{\"@type\":\"SearchAction\",\"target\":{\"@type\":\"EntryPoint\",\"urlTemplate\":\"https:\/\/www.asajacyl.com\/leon\/?s={search_term_string}\"},\"query-input\":{\"@type\":\"PropertyValueSpecification\",\"valueRequired\":true,\"valueName\":\"search_term_string\"}}],\"inLanguage\":\"es\"},{\"@type\":\"Person\",\"@id\":\"https:\/\/www.asajacyl.com\/leon\/#\/schema\/person\/a39ff3609fc182e4c789ab486e865d32\",\"name\":\"Eduardo\",\"image\":{\"@type\":\"ImageObject\",\"inLanguage\":\"es\",\"@id\":\"https:\/\/www.asajacyl.com\/leon\/#\/schema\/person\/image\/\",\"url\":\"https:\/\/secure.gravatar.com\/avatar\/9ebd6aba21d817dcf9595bc9ca505af5?s=96&d=mm&r=g\",\"contentUrl\":\"https:\/\/secure.gravatar.com\/avatar\/9ebd6aba21d817dcf9595bc9ca505af5?s=96&d=mm&r=g\",\"caption\":\"Eduardo\"},\"url\":\"https:\/\/www.asajacyl.com\/leon\/author\/eduardovv\"}]}<\/script>\n<!-- \/ Yoast SEO plugin. -->","yoast_head_json":{"title":"Las seis noticias agrarias de la semana - 13\/03\/2020 - ASAJA Le\u00f3n","description":"Lonja de Referencia Nacional, aperos agr\u00edcolas, Consejero de Agricultura y Ganader\u00eda, Alfonso Fern\u00e1ndez Ma\u00f1ueco, seguro de vi\u00f1edos y remolacha, Fernando","robots":{"index":"index","follow":"follow","max-snippet":"max-snippet:-1","max-image-preview":"max-image-preview:large","max-video-preview":"max-video-preview:-1"},"canonical":"https:\/\/www.asajacyl.com\/leon\/asaja-leon-informa\/noticias\/las-seis-noticias-agrarias-la-semana-13-03-2020","og_locale":"es_ES","og_type":"article","og_title":"Las seis noticias agrarias de la semana - 13\/03\/2020 - ASAJA Le\u00f3n","og_description":"Lonja de Referencia Nacional, aperos agr\u00edcolas, Consejero de Agricultura y Ganader\u00eda, Alfonso Fern\u00e1ndez Ma\u00f1ueco, seguro de vi\u00f1edos y remolacha, Fernando","og_url":"https:\/\/www.asajacyl.com\/leon\/asaja-leon-informa\/noticias\/las-seis-noticias-agrarias-la-semana-13-03-2020","og_site_name":"ASAJA Le\u00f3n","article_published_time":"2020-03-13T12:50:34+00:00","article_modified_time":"2020-03-19T12:05:51+00:00","og_image":[{"width":1729,"height":390,"url":"https:\/\/www.asajacyl.com\/leon\/wp-content\/uploads\/sites\/6\/2018\/02\/web_AJAL.jpg","type":"image\/jpeg"}],"author":"Eduardo","twitter_card":"summary_large_image","twitter_misc":{"Escrito por":"Eduardo","Tiempo de lectura":"3 minutos"},"schema":{"@context":"https:\/\/schema.org","@graph":[{"@type":"WebPage","@id":"https:\/\/www.asajacyl.com\/leon\/asaja-leon-informa\/noticias\/las-seis-noticias-agrarias-la-semana-13-03-2020","url":"https:\/\/www.asajacyl.com\/leon\/asaja-leon-informa\/noticias\/las-seis-noticias-agrarias-la-semana-13-03-2020","name":"Las seis noticias agrarias de la semana - 13\/03\/2020 - ASAJA Le\u00f3n","isPartOf":{"@id":"https:\/\/www.asajacyl.com\/leon\/#website"},"primaryImageOfPage":{"@id":"https:\/\/www.asajacyl.com\/leon\/asaja-leon-informa\/noticias\/las-seis-noticias-agrarias-la-semana-13-03-2020#primaryimage"},"image":{"@id":"https:\/\/www.asajacyl.com\/leon\/asaja-leon-informa\/noticias\/las-seis-noticias-agrarias-la-semana-13-03-2020#primaryimage"},"thumbnailUrl":"https:\/\/www.asajacyl.com\/leon\/wp-content\/uploads\/sites\/6\/2018\/02\/web_AJAL.jpg","datePublished":"2020-03-13T12:50:34+00:00","dateModified":"2020-03-19T12:05:51+00:00","author":{"@id":"https:\/\/www.asajacyl.com\/leon\/#\/schema\/person\/a39ff3609fc182e4c789ab486e865d32"},"description":"Lonja de Referencia Nacional, aperos agr\u00edcolas, Consejero de Agricultura y Ganader\u00eda, Alfonso Fern\u00e1ndez Ma\u00f1ueco, seguro de vi\u00f1edos y remolacha, Fernando","breadcrumb":{"@id":"https:\/\/www.asajacyl.com\/leon\/asaja-leon-informa\/noticias\/las-seis-noticias-agrarias-la-semana-13-03-2020#breadcrumb"},"inLanguage":"es","potentialAction":[{"@type":"ReadAction","target":["https:\/\/www.asajacyl.com\/leon\/asaja-leon-informa\/noticias\/las-seis-noticias-agrarias-la-semana-13-03-2020"]}]},{"@type":"ImageObject","inLanguage":"es","@id":"https:\/\/www.asajacyl.com\/leon\/asaja-leon-informa\/noticias\/las-seis-noticias-agrarias-la-semana-13-03-2020#primaryimage","url":"https:\/\/www.asajacyl.com\/leon\/wp-content\/uploads\/sites\/6\/2018\/02\/web_AJAL.jpg","contentUrl":"https:\/\/www.asajacyl.com\/leon\/wp-content\/uploads\/sites\/6\/2018\/02\/web_AJAL.jpg","width":1729,"height":390},{"@type":"BreadcrumbList","@id":"https:\/\/www.asajacyl.com\/leon\/asaja-leon-informa\/noticias\/las-seis-noticias-agrarias-la-semana-13-03-2020#breadcrumb","itemListElement":[{"@type":"ListItem","position":1,"name":"Portada","item":"https:\/\/www.asajacyl.com\/leon\/"},{"@type":"ListItem","position":2,"name":"Las seis noticias agrarias de la semana &#8211; 13\/03\/2020"}]},{"@type":"WebSite","@id":"https:\/\/www.asajacyl.com\/leon\/#website","url":"https:\/\/www.asajacyl.com\/leon\/","name":"ASAJA Le\u00f3n","description":"Otro sitio m\u00e1s de Provincias ASAJA Castilla y Le\u00f3n","potentialAction":[{"@type":"SearchAction","target":{"@type":"EntryPoint","urlTemplate":"https:\/\/www.asajacyl.com\/leon\/?s={search_term_string}"},"query-input":{"@type":"PropertyValueSpecification","valueRequired":true,"valueName":"search_term_string"}}],"inLanguage":"es"},{"@type":"Person","@id":"https:\/\/www.asajacyl.com\/leon\/#\/schema\/person\/a39ff3609fc182e4c789ab486e865d32","name":"Eduardo","image":{"@type":"ImageObject","inLanguage":"es","@id":"https:\/\/www.asajacyl.com\/leon\/#\/schema\/person\/image\/","url":"https:\/\/secure.gravatar.com\/avatar\/9ebd6aba21d817dcf9595bc9ca505af5?s=96&d=mm&r=g","contentUrl":"https:\/\/secure.gravatar.com\/avatar\/9ebd6aba21d817dcf9595bc9ca505af5?s=96&d=mm&r=g","caption":"Eduardo"},"url":"https:\/\/www.asajacyl.com\/leon\/author\/eduardovv"}]}},"_links":{"self":[{"href":"https:\/\/www.asajacyl.com\/leon\/wp-json\/wp\/v2\/posts\/11132"}],"collection":[{"href":"https:\/\/www.asajacyl.com\/leon\/wp-json\/wp\/v2\/posts"}],"about":[{"href":"https:\/\/www.asajacyl.com\/leon\/wp-json\/wp\/v2\/types\/post"}],"author":[{"embeddable":true,"href":"https:\/\/www.asajacyl.com\/leon\/wp-json\/wp\/v2\/users\/8"}],"replies":[{"embeddable":true,"href":"https:\/\/www.asajacyl.com\/leon\/wp-json\/wp\/v2\/comments?post=11132"}],"version-history":[{"count":1,"href":"https:\/\/www.asajacyl.com\/leon\/wp-json\/wp\/v2\/posts\/11132\/revisions"}],"predecessor-version":[{"id":11133,"href":"https:\/\/www.asajacyl.com\/leon\/wp-json\/wp\/v2\/posts\/11132\/revisions\/11133"}],"wp:featuredmedia":[{"embeddable":true,"href":"https:\/\/www.asajacyl.com\/leon\/wp-json\/wp\/v2\/media\/8611"}],"wp:attachment":[{"href":"https:\/\/www.asajacyl.com\/leon\/wp-json\/wp\/v2\/media?parent=11132"}],"wp:term":[{"taxonomy":"category","embeddable":true,"href":"https:\/\/www.asajacyl.com\/leon\/wp-json\/wp\/v2\/categories?post=11132"},{"taxonomy":"post_tag","embeddable":true,"href":"https:\/\/www.asajacyl.com\/leon\/wp-json\/wp\/v2\/tags?post=11132"}],"curies":[{"name":"wp","href":"https:\/\/api.w.org\/{rel}","templated":true}]}}