{"id":11175,"date":"2020-03-23T11:12:45","date_gmt":"2020-03-23T10:12:45","guid":{"rendered":"https:\/\/www.asajacyl.com\/leon\/?p=11175"},"modified":"2020-03-23T11:44:08","modified_gmt":"2020-03-23T10:44:08","slug":"circular_2020","status":"publish","type":"post","link":"https:\/\/www.asajacyl.com\/leon\/buzon\/circular_2020","title":{"rendered":"circular_2020"},"content":{"rendered":"<h2 style=\"text-align: center\"><strong>CIRCULAR A LOS SOCIOS DE ASAJA Y SERVICIO PAC<\/strong><\/h2>\n<h6>Le\u00f3n, 23 de marzo de 2020.<\/h6>\n<h6>En primer lugar, es deseo de los \u00f3rganos de gobierno y de los trabajadores de ASAJA que ante la situaci\u00f3n de pandemia te encuentres bien, tambi\u00e9n las personas que te son m\u00e1s pr\u00f3ximas, y que el trabajo en el campo se pueda ir haciendo con la mayor normalidad posible. El a\u00f1o ser\u00e1 complicado econ\u00f3micamente tambi\u00e9n para los agricultores y ganaderos, y eso hay que tenerlo previsto.<\/h6>\n<h6>Despu\u00e9s de pasada una semana de la declaraci\u00f3n el estado de alarma y ante una pr\u00f3rroga del mismo, nuestros empleados siguen yendo cada d\u00eda a sus puestos de trabajo en las distintas oficinas, en horario de ma\u00f1anas, pero nos vemos obligados <u>a no abrirlas al p\u00fablico<\/u>. Tenemos que ingeni\u00e1rnoslas, entre todos, para seguir ofreciendo los mismos servicios, con la mayor calidad posible, utilizando el tel\u00e9fono, correo electr\u00f3nico u otros medios telem\u00e1ticos, y por lo tanto <strong><u>evitando la presencia f\u00edsica del socio en las oficinas<\/u><\/strong>.<\/h6>\n<h6>En algunos de los servicios, como el de la PAC, se ha ampliado el plazo. Por el contrario, no se ha ampliado plazo en las obligaciones fiscales, ni se modifican plazos en seguros. Adem\u00e1s, en materia de seguros, si no est\u00e1 hecha y pagada la p\u00f3liza no hay coberturas. Por otra parte, es dif\u00edcil hacer el seguro agrario si antes no hemos hecho el expediente de las PAC. Tambi\u00e9n estamos rematando, con un plazo ampliado, las ayudas de incorporaci\u00f3n de j\u00f3venes y planes de mejora.<\/h6>\n<h6>En definitiva, todos los servicios que estamos dando hay que hacerlos cuanto antes (PAC, SEGUROS, FISCALIDAD, INCORPORACIONES DE J\u00d3VENES,\u2026.), pues no tenemos garant\u00edas de que dentro de un corto plazo las cosas est\u00e9n mejor que hoy.<\/h6>\n<h6><strong><u>Por lo tanto, ponte en contacto con nuestras oficinas para ir haciendo cuanto antes, y de la mejor manera posible, todos los tr\u00e1mites pendientes propios de estas fechas.<\/u><\/strong><\/h6>\n<h6><\/h6>\n<h6 style=\"text-align: center\">Recibe un saludo.<\/h6>\n<h6 style=\"text-align: center\"><\/h6>\n<h6 style=\"text-align: center\"><\/h6>\n<h6 style=\"text-align: center\">Jos\u00e9 Antonio Turrado<\/h6>\n<h6 style=\"text-align: center\">Secretario general<\/h6>\n","protected":false},"excerpt":{"rendered":"<p>CIRCULAR A LOS SOCIOS DE ASAJA Y SERVICIO PAC Le\u00f3n, 23 de marzo de 2020. En primer lugar, es deseo de los \u00f3rganos de gobierno y de los trabajadores de ASAJA que ante la situaci\u00f3n de pandemia te encuentres bien, tambi\u00e9n las personas que te son m\u00e1s pr\u00f3ximas, y que el trabajo en el campo [&hellip;]<\/p>\n","protected":false},"author":8,"featured_media":8174,"comment_status":"open","ping_status":"open","sticky":false,"template":"","format":"standard","meta":{"footnotes":""},"categories":[78],"tags":[],"yoast_head":"<!-- This site is optimized with the Yoast SEO plugin v24.5 - https:\/\/yoast.com\/wordpress\/plugins\/seo\/ -->\n<title>circular_2020 - ASAJA Le\u00f3n<\/title>\n<meta name=\"description\" content=\"CIRCULAR A LOS SOCIOS DE ASAJA Y SERVICIO PAC Le\u00f3n, 23 de marzo de 2020. En primer lugar, es deseo de los \u00f3rganos de gobierno y de los trabajadores de\" \/>\n<meta name=\"robots\" content=\"index, follow, max-snippet:-1, max-image-preview:large, max-video-preview:-1\" \/>\n<link rel=\"canonical\" href=\"https:\/\/www.asajacyl.com\/leon\/buzon\/circular_2020\" \/>\n<meta property=\"og:locale\" content=\"es_ES\" \/>\n<meta property=\"og:type\" content=\"article\" \/>\n<meta property=\"og:title\" content=\"circular_2020 - ASAJA Le\u00f3n\" \/>\n<meta property=\"og:description\" content=\"CIRCULAR A LOS SOCIOS DE ASAJA Y SERVICIO PAC Le\u00f3n, 23 de marzo de 2020. En primer lugar, es deseo de los \u00f3rganos de gobierno y de los trabajadores de\" \/>\n<meta property=\"og:url\" content=\"https:\/\/www.asajacyl.com\/leon\/buzon\/circular_2020\" \/>\n<meta property=\"og:site_name\" content=\"ASAJA Le\u00f3n\" \/>\n<meta property=\"article:published_time\" content=\"2020-03-23T10:12:45+00:00\" \/>\n<meta property=\"article:modified_time\" content=\"2020-03-23T10:44:08+00:00\" \/>\n<meta property=\"og:image\" content=\"https:\/\/www.asajacyl.com\/leon\/wp-content\/uploads\/sites\/6\/2017\/11\/im_predefinida_1920x1080.jpg\" \/>\n\t<meta property=\"og:image:width\" content=\"1920\" \/>\n\t<meta property=\"og:image:height\" content=\"1080\" \/>\n\t<meta property=\"og:image:type\" content=\"image\/jpeg\" \/>\n<meta name=\"author\" content=\"Eduardo\" \/>\n<meta name=\"twitter:card\" content=\"summary_large_image\" \/>\n<meta name=\"twitter:label1\" content=\"Escrito por\" \/>\n\t<meta name=\"twitter:data1\" content=\"Eduardo\" \/>\n\t<meta name=\"twitter:label2\" content=\"Tiempo de lectura\" \/>\n\t<meta name=\"twitter:data2\" content=\"2 minutos\" \/>\n<script type=\"application\/ld+json\" class=\"yoast-schema-graph\">{\"@context\":\"https:\/\/schema.org\",\"@graph\":[{\"@type\":\"WebPage\",\"@id\":\"https:\/\/www.asajacyl.com\/leon\/buzon\/circular_2020\",\"url\":\"https:\/\/www.asajacyl.com\/leon\/buzon\/circular_2020\",\"name\":\"circular_2020 - ASAJA Le\u00f3n\",\"isPartOf\":{\"@id\":\"https:\/\/www.asajacyl.com\/leon\/#website\"},\"primaryImageOfPage\":{\"@id\":\"https:\/\/www.asajacyl.com\/leon\/buzon\/circular_2020#primaryimage\"},\"image\":{\"@id\":\"https:\/\/www.asajacyl.com\/leon\/buzon\/circular_2020#primaryimage\"},\"thumbnailUrl\":\"https:\/\/www.asajacyl.com\/leon\/wp-content\/uploads\/sites\/6\/2017\/11\/im_predefinida_1920x1080.jpg\",\"datePublished\":\"2020-03-23T10:12:45+00:00\",\"dateModified\":\"2020-03-23T10:44:08+00:00\",\"author\":{\"@id\":\"https:\/\/www.asajacyl.com\/leon\/#\/schema\/person\/a39ff3609fc182e4c789ab486e865d32\"},\"description\":\"CIRCULAR A LOS SOCIOS DE ASAJA Y SERVICIO PAC Le\u00f3n, 23 de marzo de 2020. En primer lugar, es deseo de los \u00f3rganos de gobierno y de los trabajadores de\",\"breadcrumb\":{\"@id\":\"https:\/\/www.asajacyl.com\/leon\/buzon\/circular_2020#breadcrumb\"},\"inLanguage\":\"es\",\"potentialAction\":[{\"@type\":\"ReadAction\",\"target\":[\"https:\/\/www.asajacyl.com\/leon\/buzon\/circular_2020\"]}]},{\"@type\":\"ImageObject\",\"inLanguage\":\"es\",\"@id\":\"https:\/\/www.asajacyl.com\/leon\/buzon\/circular_2020#primaryimage\",\"url\":\"https:\/\/www.asajacyl.com\/leon\/wp-content\/uploads\/sites\/6\/2017\/11\/im_predefinida_1920x1080.jpg\",\"contentUrl\":\"https:\/\/www.asajacyl.com\/leon\/wp-content\/uploads\/sites\/6\/2017\/11\/im_predefinida_1920x1080.jpg\",\"width\":1920,\"height\":1080,\"caption\":\"Logotipo ASAJA Le\u00f3n\"},{\"@type\":\"BreadcrumbList\",\"@id\":\"https:\/\/www.asajacyl.com\/leon\/buzon\/circular_2020#breadcrumb\",\"itemListElement\":[{\"@type\":\"ListItem\",\"position\":1,\"name\":\"Portada\",\"item\":\"https:\/\/www.asajacyl.com\/leon\/\"},{\"@type\":\"ListItem\",\"position\":2,\"name\":\"circular_2020\"}]},{\"@type\":\"WebSite\",\"@id\":\"https:\/\/www.asajacyl.com\/leon\/#website\",\"url\":\"https:\/\/www.asajacyl.com\/leon\/\",\"name\":\"ASAJA Le\u00f3n\",\"description\":\"Otro sitio m\u00e1s de Provincias ASAJA Castilla y Le\u00f3n\",\"potentialAction\":[{\"@type\":\"SearchAction\",\"target\":{\"@type\":\"EntryPoint\",\"urlTemplate\":\"https:\/\/www.asajacyl.com\/leon\/?s={search_term_string}\"},\"query-input\":{\"@type\":\"PropertyValueSpecification\",\"valueRequired\":true,\"valueName\":\"search_term_string\"}}],\"inLanguage\":\"es\"},{\"@type\":\"Person\",\"@id\":\"https:\/\/www.asajacyl.com\/leon\/#\/schema\/person\/a39ff3609fc182e4c789ab486e865d32\",\"name\":\"Eduardo\",\"image\":{\"@type\":\"ImageObject\",\"inLanguage\":\"es\",\"@id\":\"https:\/\/www.asajacyl.com\/leon\/#\/schema\/person\/image\/\",\"url\":\"https:\/\/secure.gravatar.com\/avatar\/9ebd6aba21d817dcf9595bc9ca505af5?s=96&d=mm&r=g\",\"contentUrl\":\"https:\/\/secure.gravatar.com\/avatar\/9ebd6aba21d817dcf9595bc9ca505af5?s=96&d=mm&r=g\",\"caption\":\"Eduardo\"},\"url\":\"https:\/\/www.asajacyl.com\/leon\/author\/eduardovv\"}]}<\/script>\n<!-- \/ Yoast SEO plugin. -->","yoast_head_json":{"title":"circular_2020 - ASAJA Le\u00f3n","description":"CIRCULAR A LOS SOCIOS DE ASAJA Y SERVICIO PAC Le\u00f3n, 23 de marzo de 2020. En primer lugar, es deseo de los \u00f3rganos de gobierno y de los trabajadores de","robots":{"index":"index","follow":"follow","max-snippet":"max-snippet:-1","max-image-preview":"max-image-preview:large","max-video-preview":"max-video-preview:-1"},"canonical":"https:\/\/www.asajacyl.com\/leon\/buzon\/circular_2020","og_locale":"es_ES","og_type":"article","og_title":"circular_2020 - ASAJA Le\u00f3n","og_description":"CIRCULAR A LOS SOCIOS DE ASAJA Y SERVICIO PAC Le\u00f3n, 23 de marzo de 2020. En primer lugar, es deseo de los \u00f3rganos de gobierno y de los trabajadores de","og_url":"https:\/\/www.asajacyl.com\/leon\/buzon\/circular_2020","og_site_name":"ASAJA Le\u00f3n","article_published_time":"2020-03-23T10:12:45+00:00","article_modified_time":"2020-03-23T10:44:08+00:00","og_image":[{"width":1920,"height":1080,"url":"https:\/\/www.asajacyl.com\/leon\/wp-content\/uploads\/sites\/6\/2017\/11\/im_predefinida_1920x1080.jpg","type":"image\/jpeg"}],"author":"Eduardo","twitter_card":"summary_large_image","twitter_misc":{"Escrito por":"Eduardo","Tiempo de lectura":"2 minutos"},"schema":{"@context":"https:\/\/schema.org","@graph":[{"@type":"WebPage","@id":"https:\/\/www.asajacyl.com\/leon\/buzon\/circular_2020","url":"https:\/\/www.asajacyl.com\/leon\/buzon\/circular_2020","name":"circular_2020 - ASAJA Le\u00f3n","isPartOf":{"@id":"https:\/\/www.asajacyl.com\/leon\/#website"},"primaryImageOfPage":{"@id":"https:\/\/www.asajacyl.com\/leon\/buzon\/circular_2020#primaryimage"},"image":{"@id":"https:\/\/www.asajacyl.com\/leon\/buzon\/circular_2020#primaryimage"},"thumbnailUrl":"https:\/\/www.asajacyl.com\/leon\/wp-content\/uploads\/sites\/6\/2017\/11\/im_predefinida_1920x1080.jpg","datePublished":"2020-03-23T10:12:45+00:00","dateModified":"2020-03-23T10:44:08+00:00","author":{"@id":"https:\/\/www.asajacyl.com\/leon\/#\/schema\/person\/a39ff3609fc182e4c789ab486e865d32"},"description":"CIRCULAR A LOS SOCIOS DE ASAJA Y SERVICIO PAC Le\u00f3n, 23 de marzo de 2020. En primer lugar, es deseo de los \u00f3rganos de gobierno y de los trabajadores de","breadcrumb":{"@id":"https:\/\/www.asajacyl.com\/leon\/buzon\/circular_2020#breadcrumb"},"inLanguage":"es","potentialAction":[{"@type":"ReadAction","target":["https:\/\/www.asajacyl.com\/leon\/buzon\/circular_2020"]}]},{"@type":"ImageObject","inLanguage":"es","@id":"https:\/\/www.asajacyl.com\/leon\/buzon\/circular_2020#primaryimage","url":"https:\/\/www.asajacyl.com\/leon\/wp-content\/uploads\/sites\/6\/2017\/11\/im_predefinida_1920x1080.jpg","contentUrl":"https:\/\/www.asajacyl.com\/leon\/wp-content\/uploads\/sites\/6\/2017\/11\/im_predefinida_1920x1080.jpg","width":1920,"height":1080,"caption":"Logotipo ASAJA Le\u00f3n"},{"@type":"BreadcrumbList","@id":"https:\/\/www.asajacyl.com\/leon\/buzon\/circular_2020#breadcrumb","itemListElement":[{"@type":"ListItem","position":1,"name":"Portada","item":"https:\/\/www.asajacyl.com\/leon\/"},{"@type":"ListItem","position":2,"name":"circular_2020"}]},{"@type":"WebSite","@id":"https:\/\/www.asajacyl.com\/leon\/#website","url":"https:\/\/www.asajacyl.com\/leon\/","name":"ASAJA Le\u00f3n","description":"Otro sitio m\u00e1s de Provincias ASAJA Castilla y Le\u00f3n","potentialAction":[{"@type":"SearchAction","target":{"@type":"EntryPoint","urlTemplate":"https:\/\/www.asajacyl.com\/leon\/?s={search_term_string}"},"query-input":{"@type":"PropertyValueSpecification","valueRequired":true,"valueName":"search_term_string"}}],"inLanguage":"es"},{"@type":"Person","@id":"https:\/\/www.asajacyl.com\/leon\/#\/schema\/person\/a39ff3609fc182e4c789ab486e865d32","name":"Eduardo","image":{"@type":"ImageObject","inLanguage":"es","@id":"https:\/\/www.asajacyl.com\/leon\/#\/schema\/person\/image\/","url":"https:\/\/secure.gravatar.com\/avatar\/9ebd6aba21d817dcf9595bc9ca505af5?s=96&d=mm&r=g","contentUrl":"https:\/\/secure.gravatar.com\/avatar\/9ebd6aba21d817dcf9595bc9ca505af5?s=96&d=mm&r=g","caption":"Eduardo"},"url":"https:\/\/www.asajacyl.com\/leon\/author\/eduardovv"}]}},"_links":{"self":[{"href":"https:\/\/www.asajacyl.com\/leon\/wp-json\/wp\/v2\/posts\/11175"}],"collection":[{"href":"https:\/\/www.asajacyl.com\/leon\/wp-json\/wp\/v2\/posts"}],"about":[{"href":"https:\/\/www.asajacyl.com\/leon\/wp-json\/wp\/v2\/types\/post"}],"author":[{"embeddable":true,"href":"https:\/\/www.asajacyl.com\/leon\/wp-json\/wp\/v2\/users\/8"}],"replies":[{"embeddable":true,"href":"https:\/\/www.asajacyl.com\/leon\/wp-json\/wp\/v2\/comments?post=11175"}],"version-history":[{"count":1,"href":"https:\/\/www.asajacyl.com\/leon\/wp-json\/wp\/v2\/posts\/11175\/revisions"}],"predecessor-version":[{"id":11176,"href":"https:\/\/www.asajacyl.com\/leon\/wp-json\/wp\/v2\/posts\/11175\/revisions\/11176"}],"wp:featuredmedia":[{"embeddable":true,"href":"https:\/\/www.asajacyl.com\/leon\/wp-json\/wp\/v2\/media\/8174"}],"wp:attachment":[{"href":"https:\/\/www.asajacyl.com\/leon\/wp-json\/wp\/v2\/media?parent=11175"}],"wp:term":[{"taxonomy":"category","embeddable":true,"href":"https:\/\/www.asajacyl.com\/leon\/wp-json\/wp\/v2\/categories?post=11175"},{"taxonomy":"post_tag","embeddable":true,"href":"https:\/\/www.asajacyl.com\/leon\/wp-json\/wp\/v2\/tags?post=11175"}],"curies":[{"name":"wp","href":"https:\/\/api.w.org\/{rel}","templated":true}]}}