{"id":11214,"date":"2020-04-03T08:59:48","date_gmt":"2020-04-03T06:59:48","guid":{"rendered":"https:\/\/www.asajacyl.com\/leon\/?p=11214"},"modified":"2020-04-03T09:01:21","modified_gmt":"2020-04-03T07:01:21","slug":"cir_remolacha_2","status":"publish","type":"post","link":"https:\/\/www.asajacyl.com\/leon\/buzon\/cir_remolacha_2","title":{"rendered":"cir_remolacha_2"},"content":{"rendered":"<h2><strong>AYUDA AGROAMBIENTAL DE LA REMOLACHA Y OTRAS CUESTIONES<\/strong><\/h2>\n<h6><\/h6>\n<h6>Le\u00f3n, 2 de abril de 2020.<\/h6>\n<h6>La mayor\u00eda de los cultivadores de remolacha est\u00e1is acogidos a la ayuda agroambiental del Programa de Desarrollo Rural de Castilla y Le\u00f3n. Por lo general, el contrato de cinco a\u00f1os, iniciado en 2015, finaliz\u00f3 en el a\u00f1o 2019. <strong><u>Si el agricultor sigue sembrando remolacha, y no dice lo contrario, autom\u00e1ticamente se prorroga por dos a\u00f1os m\u00e1s<\/u><\/strong>, este y el siguiente (siendo obligatorio cumplir los requisitos los dos a\u00f1os). Si alguien no quiere acogerse a la pr\u00f3rroga lo tienen que indicar expresamente al hacer la PAC de este a\u00f1o.<\/h6>\n<h6>En documento adjunto <strong><u>te recordamos los compromisos<\/u><\/strong> que se adquieren al estar acogidos a esta ayuda agroambiental, y te recordamos tambi\u00e9n los <strong><u>compromisos que se adquieren al utilizar semilla de remolacha tratada<\/u><\/strong> con productos denominados neocotinoides.<\/h6>\n<h6>Te recordamos que en nuestras oficinas, por ahora por tel\u00e9fono, puedes hacer ya el <strong><u>contrato de remolacha con la f\u00e1brica azucarera de La Ba\u00f1eza <\/u><\/strong>(las condiciones de contrataci\u00f3n son las que figuran en el folleto de Azucarera, muy similares a las del a\u00f1o anterior), as\u00ed como el <strong><u>seguro con da\u00f1os integrales<\/u><\/strong> que tiene de plazo hasta el 10 de abril.<\/h6>\n<h6>Recibe un saludo.<\/h6>\n<h6><\/h6>\n<h6><\/h6>\n<h6>Fdo.: Jos\u00e9 Antonio Turrado<\/h6>\n<h6>Secretario general<\/h6>\n<h2><strong>Compromisos de la ayuda agroambiental de la remolacha<\/strong><strong>\u00a0<\/strong><\/h2>\n<ul>\n<li>\n<h6>Cumplimentar debidamente y mantener actualizado el <strong><u>cuaderno agroambiental de la explotaci\u00f3n<\/u><\/strong>. De toda la explotaci\u00f3n agr\u00edcola, no s\u00f3lo la parte correspondiente a la remolacha.<\/h6>\n<\/li>\n<li>\n<h6>Rotaci\u00f3n, seg\u00fan la opci\u00f3n a la que cada agricultor se haya acogido:<\/h6>\n<ul>\n<li>\n<h6>Cuatro hojas: respetando un m\u00ednimo de tres a\u00f1os sin la implantaci\u00f3n de remolacha azucarera en la misma superficie de la parcela.<\/h6>\n<\/li>\n<li>\n<h6>Tres hojas: respetando un m\u00ednimo de dos a\u00f1os sin la implantaci\u00f3n de remolacha azucarera en la misma superficie de la parcela y con cultivos diferentes, lo que supone que no se repita el mismo cultivo en ninguno de los tres a\u00f1os de rotaci\u00f3n.<\/h6>\n<\/li>\n<\/ul>\n<\/li>\n<li>\n<h6>El titular del contrato agroambiental y clim\u00e1tico deber\u00e1 asistir <strong>al menos a una jornada formativa presencial<\/strong> relacionada con los compromisos agroambientales y clim\u00e1ticos.<\/h6>\n<\/li>\n<li>\n<h6>Realizar <strong>an\u00e1lisis de suelo<\/strong> con el fin de establecer un programa de abonado adecuado a las necesidades del cultivo ajustando las dosis y consiguiendo un cultivo m\u00e1s sostenible.<\/h6>\n<\/li>\n<li>\n<h6><strong>Incorporar al suelo las hojas y restos de la cosecha de remolacha<\/strong>, como acci\u00f3n de captura de CO2 atmosf\u00e9rico, <strong>a m\u00e1s tardar 30 d\u00edas desde que se produce el momento del arranque<\/strong> o recolecci\u00f3n.<\/h6>\n<\/li>\n<li>\n<h6>Los beneficiarios deber\u00e1n <strong>acoger a la ayuda anual al menos el 80% de la superficie b\u00e1sica del contrato<\/strong> y no superar el 120%. La variaci\u00f3n permitida cada a\u00f1o respecto al a\u00f1o anterior no podr\u00e1 ser superior al 20%.<\/h6>\n<\/li>\n<li>\n<h6>Incluir en la <strong>rotaci\u00f3n de la explotaci\u00f3n el cultivo de leguminosas, proteaginosas<\/strong> y\/o cruc\u00edferas en una superficie equivalente a la del contrato agroambiental y clim\u00e1tico a lo largo del per\u00edodo de duraci\u00f3n del compromiso.<\/h6>\n<\/li>\n<li>\n<h6>Este compromiso se podr\u00e1 realizar en un a\u00f1o sobre la totalidad de la superficie comprometida o en varios a\u00f1os de tal forma que al final del per\u00edodo de compromiso se alcance la totalidad de la superficie.<\/h6>\n<\/li>\n<li>\n<h6>Cumplir con los requisitos legales de gesti\u00f3n y las buenas condiciones agrarias y medioambientales que les sean de aplicaci\u00f3n, as\u00ed como con los requisitos m\u00ednimos de fertilizaci\u00f3n, fitosanitarios y otros requisitos obligatorios, a los que se hace referencia en el Marco Nacional de Desarrollo Rural y en el Programa de Desarrollo Rural de Castilla y Le\u00f3n 2014-2020.<\/h6>\n<\/li>\n<li>\n<h6>ASAJA. Le\u00f3n, 1 de abril de 2020<\/h6>\n<\/li>\n<\/ul>\n<h6><\/h6>\n<h2><strong>CONSIDERACI\u00d3N SOBRE USO DE SEMILLAS DE REMOLACHA TRATADAS CON PRODUCTOS NEOCOTINOIDES <\/strong><\/h2>\n<h6><strong>(CLOTIANIDINA 400g\/l + BETA-CIFLUTRINA 53,3 g\/l)<\/strong><\/h6>\n<h6><strong>\u00a0<\/strong><\/h6>\n<h6>El Gobierno ha prorrogado para este a\u00f1o 2020 la autorizaci\u00f3n excepcional de uso de semilla de remolacha tratada con productos conocidos como neocotinoides. Los agricultores que la usen dejar\u00e1n una banda de tierra en barbecho de 1 metros perimetral a la parcela sembrada, salvo cuando la linde sean acequias o caminos, aunque en este casos la linde ha de estar limpia de vegetaci\u00f3n atractiva para las abejas e insectos polinizadores. Tampoco hay que dejar el metro de barbecho en la parte que una parcela sembrada de remolacha linde con otra parcela sembrada de remolacha tambi\u00e9n. Estas parcelas, al a\u00f1o siguiente, no se podr\u00e1n sembrar de cultivos considerados, por su inflorescencia, atractivos para las abejas (girasol, colza, alubias, patatas,\u2026..). El ma\u00edz y los cereales de invierno son cultivos permitidos.<\/h6>\n<h6><\/h6>\n<h6>Aunque la Resoluci\u00f3n inicial del Ministerio fijaba la obligaci\u00f3n del agricultor de comunicar a la comunidad aut\u00f3noma las parcelas en las que se siembra con estas semillas, ni la pasada campa\u00f1a, ni \u00e9sta por ahora, se ha fijado la operativa para hacer tal comunicaci\u00f3n. No obstante, la administraci\u00f3n competente puede hacer las comprobaciones que estime oportunas, como puede ser la factura de la semilla adquirida.<\/h6>\n<h6><\/h6>\n<h6>ASAJA Le\u00f3n, 1 de abril 2020.<\/h6>\n<h6><\/h6>\n<h6><\/h6>\n","protected":false},"excerpt":{"rendered":"<p>AYUDA AGROAMBIENTAL DE LA REMOLACHA Y OTRAS CUESTIONES Le\u00f3n, 2 de abril de 2020. La mayor\u00eda de los cultivadores de remolacha est\u00e1is acogidos a la ayuda agroambiental del Programa de Desarrollo Rural de Castilla y Le\u00f3n. Por lo general, el contrato de cinco a\u00f1os, iniciado en 2015, finaliz\u00f3 en el a\u00f1o 2019. Si el agricultor [&hellip;]<\/p>\n","protected":false},"author":8,"featured_media":8174,"comment_status":"open","ping_status":"open","sticky":false,"template":"","format":"standard","meta":{"footnotes":""},"categories":[78],"tags":[],"yoast_head":"<!-- This site is optimized with the Yoast SEO plugin v24.5 - https:\/\/yoast.com\/wordpress\/plugins\/seo\/ -->\n<title>cir_remolacha_2 - ASAJA Le\u00f3n<\/title>\n<meta name=\"description\" content=\"AYUDA AGROAMBIENTAL DE LA REMOLACHA Y OTRAS CUESTIONES Le\u00f3n, 2 de abril de 2020. La mayor\u00eda de los cultivadores de remolacha est\u00e1is acogidos a la ayuda\" \/>\n<meta name=\"robots\" content=\"index, follow, max-snippet:-1, max-image-preview:large, max-video-preview:-1\" \/>\n<link rel=\"canonical\" href=\"https:\/\/www.asajacyl.com\/leon\/buzon\/cir_remolacha_2\" \/>\n<meta property=\"og:locale\" content=\"es_ES\" \/>\n<meta property=\"og:type\" content=\"article\" \/>\n<meta property=\"og:title\" content=\"cir_remolacha_2 - ASAJA Le\u00f3n\" \/>\n<meta property=\"og:description\" content=\"AYUDA AGROAMBIENTAL DE LA REMOLACHA Y OTRAS CUESTIONES Le\u00f3n, 2 de abril de 2020. La mayor\u00eda de los cultivadores de remolacha est\u00e1is acogidos a la ayuda\" \/>\n<meta property=\"og:url\" content=\"https:\/\/www.asajacyl.com\/leon\/buzon\/cir_remolacha_2\" \/>\n<meta property=\"og:site_name\" content=\"ASAJA Le\u00f3n\" \/>\n<meta property=\"article:published_time\" content=\"2020-04-03T06:59:48+00:00\" \/>\n<meta property=\"article:modified_time\" content=\"2020-04-03T07:01:21+00:00\" \/>\n<meta property=\"og:image\" content=\"https:\/\/www.asajacyl.com\/leon\/wp-content\/uploads\/sites\/6\/2017\/11\/im_predefinida_1920x1080.jpg\" \/>\n\t<meta property=\"og:image:width\" content=\"1920\" \/>\n\t<meta property=\"og:image:height\" content=\"1080\" \/>\n\t<meta property=\"og:image:type\" content=\"image\/jpeg\" \/>\n<meta name=\"author\" content=\"Eduardo\" \/>\n<meta name=\"twitter:card\" content=\"summary_large_image\" \/>\n<meta name=\"twitter:label1\" content=\"Escrito por\" \/>\n\t<meta name=\"twitter:data1\" content=\"Eduardo\" \/>\n\t<meta name=\"twitter:label2\" content=\"Tiempo de lectura\" \/>\n\t<meta name=\"twitter:data2\" content=\"4 minutos\" \/>\n<script type=\"application\/ld+json\" class=\"yoast-schema-graph\">{\"@context\":\"https:\/\/schema.org\",\"@graph\":[{\"@type\":\"WebPage\",\"@id\":\"https:\/\/www.asajacyl.com\/leon\/buzon\/cir_remolacha_2\",\"url\":\"https:\/\/www.asajacyl.com\/leon\/buzon\/cir_remolacha_2\",\"name\":\"cir_remolacha_2 - ASAJA Le\u00f3n\",\"isPartOf\":{\"@id\":\"https:\/\/www.asajacyl.com\/leon\/#website\"},\"primaryImageOfPage\":{\"@id\":\"https:\/\/www.asajacyl.com\/leon\/buzon\/cir_remolacha_2#primaryimage\"},\"image\":{\"@id\":\"https:\/\/www.asajacyl.com\/leon\/buzon\/cir_remolacha_2#primaryimage\"},\"thumbnailUrl\":\"https:\/\/www.asajacyl.com\/leon\/wp-content\/uploads\/sites\/6\/2017\/11\/im_predefinida_1920x1080.jpg\",\"datePublished\":\"2020-04-03T06:59:48+00:00\",\"dateModified\":\"2020-04-03T07:01:21+00:00\",\"author\":{\"@id\":\"https:\/\/www.asajacyl.com\/leon\/#\/schema\/person\/a39ff3609fc182e4c789ab486e865d32\"},\"description\":\"AYUDA AGROAMBIENTAL DE LA REMOLACHA Y OTRAS CUESTIONES Le\u00f3n, 2 de abril de 2020. La mayor\u00eda de los cultivadores de remolacha est\u00e1is acogidos a la ayuda\",\"breadcrumb\":{\"@id\":\"https:\/\/www.asajacyl.com\/leon\/buzon\/cir_remolacha_2#breadcrumb\"},\"inLanguage\":\"es\",\"potentialAction\":[{\"@type\":\"ReadAction\",\"target\":[\"https:\/\/www.asajacyl.com\/leon\/buzon\/cir_remolacha_2\"]}]},{\"@type\":\"ImageObject\",\"inLanguage\":\"es\",\"@id\":\"https:\/\/www.asajacyl.com\/leon\/buzon\/cir_remolacha_2#primaryimage\",\"url\":\"https:\/\/www.asajacyl.com\/leon\/wp-content\/uploads\/sites\/6\/2017\/11\/im_predefinida_1920x1080.jpg\",\"contentUrl\":\"https:\/\/www.asajacyl.com\/leon\/wp-content\/uploads\/sites\/6\/2017\/11\/im_predefinida_1920x1080.jpg\",\"width\":1920,\"height\":1080,\"caption\":\"Logotipo ASAJA Le\u00f3n\"},{\"@type\":\"BreadcrumbList\",\"@id\":\"https:\/\/www.asajacyl.com\/leon\/buzon\/cir_remolacha_2#breadcrumb\",\"itemListElement\":[{\"@type\":\"ListItem\",\"position\":1,\"name\":\"Portada\",\"item\":\"https:\/\/www.asajacyl.com\/leon\/\"},{\"@type\":\"ListItem\",\"position\":2,\"name\":\"cir_remolacha_2\"}]},{\"@type\":\"WebSite\",\"@id\":\"https:\/\/www.asajacyl.com\/leon\/#website\",\"url\":\"https:\/\/www.asajacyl.com\/leon\/\",\"name\":\"ASAJA Le\u00f3n\",\"description\":\"Otro sitio m\u00e1s de Provincias ASAJA Castilla y Le\u00f3n\",\"potentialAction\":[{\"@type\":\"SearchAction\",\"target\":{\"@type\":\"EntryPoint\",\"urlTemplate\":\"https:\/\/www.asajacyl.com\/leon\/?s={search_term_string}\"},\"query-input\":{\"@type\":\"PropertyValueSpecification\",\"valueRequired\":true,\"valueName\":\"search_term_string\"}}],\"inLanguage\":\"es\"},{\"@type\":\"Person\",\"@id\":\"https:\/\/www.asajacyl.com\/leon\/#\/schema\/person\/a39ff3609fc182e4c789ab486e865d32\",\"name\":\"Eduardo\",\"image\":{\"@type\":\"ImageObject\",\"inLanguage\":\"es\",\"@id\":\"https:\/\/www.asajacyl.com\/leon\/#\/schema\/person\/image\/\",\"url\":\"https:\/\/secure.gravatar.com\/avatar\/9ebd6aba21d817dcf9595bc9ca505af5?s=96&d=mm&r=g\",\"contentUrl\":\"https:\/\/secure.gravatar.com\/avatar\/9ebd6aba21d817dcf9595bc9ca505af5?s=96&d=mm&r=g\",\"caption\":\"Eduardo\"},\"url\":\"https:\/\/www.asajacyl.com\/leon\/author\/eduardovv\"}]}<\/script>\n<!-- \/ Yoast SEO plugin. -->","yoast_head_json":{"title":"cir_remolacha_2 - ASAJA Le\u00f3n","description":"AYUDA AGROAMBIENTAL DE LA REMOLACHA Y OTRAS CUESTIONES Le\u00f3n, 2 de abril de 2020. La mayor\u00eda de los cultivadores de remolacha est\u00e1is acogidos a la ayuda","robots":{"index":"index","follow":"follow","max-snippet":"max-snippet:-1","max-image-preview":"max-image-preview:large","max-video-preview":"max-video-preview:-1"},"canonical":"https:\/\/www.asajacyl.com\/leon\/buzon\/cir_remolacha_2","og_locale":"es_ES","og_type":"article","og_title":"cir_remolacha_2 - ASAJA Le\u00f3n","og_description":"AYUDA AGROAMBIENTAL DE LA REMOLACHA Y OTRAS CUESTIONES Le\u00f3n, 2 de abril de 2020. La mayor\u00eda de los cultivadores de remolacha est\u00e1is acogidos a la ayuda","og_url":"https:\/\/www.asajacyl.com\/leon\/buzon\/cir_remolacha_2","og_site_name":"ASAJA Le\u00f3n","article_published_time":"2020-04-03T06:59:48+00:00","article_modified_time":"2020-04-03T07:01:21+00:00","og_image":[{"width":1920,"height":1080,"url":"https:\/\/www.asajacyl.com\/leon\/wp-content\/uploads\/sites\/6\/2017\/11\/im_predefinida_1920x1080.jpg","type":"image\/jpeg"}],"author":"Eduardo","twitter_card":"summary_large_image","twitter_misc":{"Escrito por":"Eduardo","Tiempo de lectura":"4 minutos"},"schema":{"@context":"https:\/\/schema.org","@graph":[{"@type":"WebPage","@id":"https:\/\/www.asajacyl.com\/leon\/buzon\/cir_remolacha_2","url":"https:\/\/www.asajacyl.com\/leon\/buzon\/cir_remolacha_2","name":"cir_remolacha_2 - ASAJA Le\u00f3n","isPartOf":{"@id":"https:\/\/www.asajacyl.com\/leon\/#website"},"primaryImageOfPage":{"@id":"https:\/\/www.asajacyl.com\/leon\/buzon\/cir_remolacha_2#primaryimage"},"image":{"@id":"https:\/\/www.asajacyl.com\/leon\/buzon\/cir_remolacha_2#primaryimage"},"thumbnailUrl":"https:\/\/www.asajacyl.com\/leon\/wp-content\/uploads\/sites\/6\/2017\/11\/im_predefinida_1920x1080.jpg","datePublished":"2020-04-03T06:59:48+00:00","dateModified":"2020-04-03T07:01:21+00:00","author":{"@id":"https:\/\/www.asajacyl.com\/leon\/#\/schema\/person\/a39ff3609fc182e4c789ab486e865d32"},"description":"AYUDA AGROAMBIENTAL DE LA REMOLACHA Y OTRAS CUESTIONES Le\u00f3n, 2 de abril de 2020. La mayor\u00eda de los cultivadores de remolacha est\u00e1is acogidos a la ayuda","breadcrumb":{"@id":"https:\/\/www.asajacyl.com\/leon\/buzon\/cir_remolacha_2#breadcrumb"},"inLanguage":"es","potentialAction":[{"@type":"ReadAction","target":["https:\/\/www.asajacyl.com\/leon\/buzon\/cir_remolacha_2"]}]},{"@type":"ImageObject","inLanguage":"es","@id":"https:\/\/www.asajacyl.com\/leon\/buzon\/cir_remolacha_2#primaryimage","url":"https:\/\/www.asajacyl.com\/leon\/wp-content\/uploads\/sites\/6\/2017\/11\/im_predefinida_1920x1080.jpg","contentUrl":"https:\/\/www.asajacyl.com\/leon\/wp-content\/uploads\/sites\/6\/2017\/11\/im_predefinida_1920x1080.jpg","width":1920,"height":1080,"caption":"Logotipo ASAJA Le\u00f3n"},{"@type":"BreadcrumbList","@id":"https:\/\/www.asajacyl.com\/leon\/buzon\/cir_remolacha_2#breadcrumb","itemListElement":[{"@type":"ListItem","position":1,"name":"Portada","item":"https:\/\/www.asajacyl.com\/leon\/"},{"@type":"ListItem","position":2,"name":"cir_remolacha_2"}]},{"@type":"WebSite","@id":"https:\/\/www.asajacyl.com\/leon\/#website","url":"https:\/\/www.asajacyl.com\/leon\/","name":"ASAJA Le\u00f3n","description":"Otro sitio m\u00e1s de Provincias ASAJA Castilla y Le\u00f3n","potentialAction":[{"@type":"SearchAction","target":{"@type":"EntryPoint","urlTemplate":"https:\/\/www.asajacyl.com\/leon\/?s={search_term_string}"},"query-input":{"@type":"PropertyValueSpecification","valueRequired":true,"valueName":"search_term_string"}}],"inLanguage":"es"},{"@type":"Person","@id":"https:\/\/www.asajacyl.com\/leon\/#\/schema\/person\/a39ff3609fc182e4c789ab486e865d32","name":"Eduardo","image":{"@type":"ImageObject","inLanguage":"es","@id":"https:\/\/www.asajacyl.com\/leon\/#\/schema\/person\/image\/","url":"https:\/\/secure.gravatar.com\/avatar\/9ebd6aba21d817dcf9595bc9ca505af5?s=96&d=mm&r=g","contentUrl":"https:\/\/secure.gravatar.com\/avatar\/9ebd6aba21d817dcf9595bc9ca505af5?s=96&d=mm&r=g","caption":"Eduardo"},"url":"https:\/\/www.asajacyl.com\/leon\/author\/eduardovv"}]}},"_links":{"self":[{"href":"https:\/\/www.asajacyl.com\/leon\/wp-json\/wp\/v2\/posts\/11214"}],"collection":[{"href":"https:\/\/www.asajacyl.com\/leon\/wp-json\/wp\/v2\/posts"}],"about":[{"href":"https:\/\/www.asajacyl.com\/leon\/wp-json\/wp\/v2\/types\/post"}],"author":[{"embeddable":true,"href":"https:\/\/www.asajacyl.com\/leon\/wp-json\/wp\/v2\/users\/8"}],"replies":[{"embeddable":true,"href":"https:\/\/www.asajacyl.com\/leon\/wp-json\/wp\/v2\/comments?post=11214"}],"version-history":[{"count":2,"href":"https:\/\/www.asajacyl.com\/leon\/wp-json\/wp\/v2\/posts\/11214\/revisions"}],"predecessor-version":[{"id":11216,"href":"https:\/\/www.asajacyl.com\/leon\/wp-json\/wp\/v2\/posts\/11214\/revisions\/11216"}],"wp:featuredmedia":[{"embeddable":true,"href":"https:\/\/www.asajacyl.com\/leon\/wp-json\/wp\/v2\/media\/8174"}],"wp:attachment":[{"href":"https:\/\/www.asajacyl.com\/leon\/wp-json\/wp\/v2\/media?parent=11214"}],"wp:term":[{"taxonomy":"category","embeddable":true,"href":"https:\/\/www.asajacyl.com\/leon\/wp-json\/wp\/v2\/categories?post=11214"},{"taxonomy":"post_tag","embeddable":true,"href":"https:\/\/www.asajacyl.com\/leon\/wp-json\/wp\/v2\/tags?post=11214"}],"curies":[{"name":"wp","href":"https:\/\/api.w.org\/{rel}","templated":true}]}}