{"id":11285,"date":"2020-04-21T13:08:21","date_gmt":"2020-04-21T11:08:21","guid":{"rendered":"https:\/\/www.asajacyl.com\/leon\/?p=11285"},"modified":"2020-04-21T13:35:22","modified_gmt":"2020-04-21T11:35:22","slug":"seg_vinedo_2","status":"publish","type":"post","link":"https:\/\/www.asajacyl.com\/leon\/buzon\/seg_vinedo_2","title":{"rendered":"seg_vinedo_2"},"content":{"rendered":"<h2><strong>SEGURO DE VI\u00d1EDO<\/strong><\/h2>\n<h6><strong>\u00a0<\/strong>Le\u00f3n, 21 de abril de 2020.<\/h6>\n<h6>ASAJA recuerda a los viticultores que no hicieron en su d\u00eda el seguro que cubre tambi\u00e9n da\u00f1os de heladas, que ahora hay plazo para suscribir el seguro de pedrisco en la vi\u00f1a. <strong>El plazo finaliza el 30 de abril<\/strong>.<\/h6>\n<h6>En ASAJA tendr\u00e1s el mejor servicio y el mejor precio tambi\u00e9n para este seguro. Y recuerda que haciendo los seguros agrarios en ASAJA, colaboras con esta organizaci\u00f3n que es tuya, que te defiende y te representa.<\/h6>\n<h6>Tambi\u00e9n aprovechamos para informarte que la Consejer\u00eda de Agricultura ha publicado la Orden de 12 de marzo de 2020 por la que se convocan, para el a\u00f1o 2020, las ayudas a la reestructuraci\u00f3n y reconversi\u00f3n del vi\u00f1edo. Las ayudas van destinadas a participar en los costes de reestructuraci\u00f3n y reconversi\u00f3n del vi\u00f1edo, as\u00ed como a compensar a los viticultores participantes en la solicitud de ayuda por la p\u00e9rdida de ingresos derivados de la aplicaci\u00f3n de la misma. Aunque el plazo de presentaci\u00f3n es hasta el 14 de mayo, es de suponer que se ampl\u00ede.<\/h6>\n<h6>Recibe un saludo.<\/h6>\n<h6 style=\"text-align: center\"><\/h6>\n<h6 style=\"text-align: center\">Jos\u00e9 Antonio Turrado<\/h6>\n<h6 style=\"text-align: center\">Secretario general<\/h6>\n","protected":false},"excerpt":{"rendered":"<p>SEGURO DE VI\u00d1EDO \u00a0Le\u00f3n, 21 de abril de 2020. ASAJA recuerda a los viticultores que no hicieron en su d\u00eda el seguro que cubre tambi\u00e9n da\u00f1os de heladas, que ahora hay plazo para suscribir el seguro de pedrisco en la vi\u00f1a. El plazo finaliza el 30 de abril. En ASAJA tendr\u00e1s el mejor servicio y [&hellip;]<\/p>\n","protected":false},"author":8,"featured_media":8595,"comment_status":"open","ping_status":"open","sticky":false,"template":"","format":"standard","meta":{"footnotes":""},"categories":[78],"tags":[],"yoast_head":"<!-- This site is optimized with the Yoast SEO plugin v24.5 - https:\/\/yoast.com\/wordpress\/plugins\/seo\/ -->\n<title>seg_vinedo_2 - ASAJA Le\u00f3n<\/title>\n<meta name=\"description\" content=\"SEGURO DE VI\u00d1EDO \u00a0Le\u00f3n, 21 de abril de 2020. ASAJA recuerda a los viticultores que no hicieron en su d\u00eda el seguro que cubre tambi\u00e9n da\u00f1os de heladas, que\" \/>\n<meta name=\"robots\" content=\"index, follow, max-snippet:-1, max-image-preview:large, max-video-preview:-1\" \/>\n<link rel=\"canonical\" href=\"https:\/\/www.asajacyl.com\/leon\/buzon\/seg_vinedo_2\" \/>\n<meta property=\"og:locale\" content=\"es_ES\" \/>\n<meta property=\"og:type\" content=\"article\" \/>\n<meta property=\"og:title\" content=\"seg_vinedo_2 - ASAJA Le\u00f3n\" \/>\n<meta property=\"og:description\" content=\"SEGURO DE VI\u00d1EDO \u00a0Le\u00f3n, 21 de abril de 2020. ASAJA recuerda a los viticultores que no hicieron en su d\u00eda el seguro que cubre tambi\u00e9n da\u00f1os de heladas, que\" \/>\n<meta property=\"og:url\" content=\"https:\/\/www.asajacyl.com\/leon\/buzon\/seg_vinedo_2\" \/>\n<meta property=\"og:site_name\" content=\"ASAJA Le\u00f3n\" \/>\n<meta property=\"article:published_time\" content=\"2020-04-21T11:08:21+00:00\" \/>\n<meta property=\"article:modified_time\" content=\"2020-04-21T11:35:22+00:00\" \/>\n<meta property=\"og:image\" content=\"https:\/\/www.asajacyl.com\/leon\/wp-content\/uploads\/sites\/6\/2018\/02\/vi\u00f1edo_oteros.jpg\" \/>\n\t<meta property=\"og:image:width\" content=\"2500\" \/>\n\t<meta property=\"og:image:height\" content=\"1875\" \/>\n\t<meta property=\"og:image:type\" content=\"image\/jpeg\" \/>\n<meta name=\"author\" content=\"Eduardo\" \/>\n<meta name=\"twitter:card\" content=\"summary_large_image\" \/>\n<meta name=\"twitter:label1\" content=\"Escrito por\" \/>\n\t<meta name=\"twitter:data1\" content=\"Eduardo\" \/>\n\t<meta name=\"twitter:label2\" content=\"Tiempo de lectura\" \/>\n\t<meta name=\"twitter:data2\" content=\"1 minuto\" \/>\n<script type=\"application\/ld+json\" class=\"yoast-schema-graph\">{\"@context\":\"https:\/\/schema.org\",\"@graph\":[{\"@type\":\"WebPage\",\"@id\":\"https:\/\/www.asajacyl.com\/leon\/buzon\/seg_vinedo_2\",\"url\":\"https:\/\/www.asajacyl.com\/leon\/buzon\/seg_vinedo_2\",\"name\":\"seg_vinedo_2 - ASAJA Le\u00f3n\",\"isPartOf\":{\"@id\":\"https:\/\/www.asajacyl.com\/leon\/#website\"},\"primaryImageOfPage\":{\"@id\":\"https:\/\/www.asajacyl.com\/leon\/buzon\/seg_vinedo_2#primaryimage\"},\"image\":{\"@id\":\"https:\/\/www.asajacyl.com\/leon\/buzon\/seg_vinedo_2#primaryimage\"},\"thumbnailUrl\":\"https:\/\/www.asajacyl.com\/leon\/wp-content\/uploads\/sites\/6\/2018\/02\/vi\u00f1edo_oteros.jpg\",\"datePublished\":\"2020-04-21T11:08:21+00:00\",\"dateModified\":\"2020-04-21T11:35:22+00:00\",\"author\":{\"@id\":\"https:\/\/www.asajacyl.com\/leon\/#\/schema\/person\/a39ff3609fc182e4c789ab486e865d32\"},\"description\":\"SEGURO DE VI\u00d1EDO \u00a0Le\u00f3n, 21 de abril de 2020. ASAJA recuerda a los viticultores que no hicieron en su d\u00eda el seguro que cubre tambi\u00e9n da\u00f1os de heladas, que\",\"breadcrumb\":{\"@id\":\"https:\/\/www.asajacyl.com\/leon\/buzon\/seg_vinedo_2#breadcrumb\"},\"inLanguage\":\"es\",\"potentialAction\":[{\"@type\":\"ReadAction\",\"target\":[\"https:\/\/www.asajacyl.com\/leon\/buzon\/seg_vinedo_2\"]}]},{\"@type\":\"ImageObject\",\"inLanguage\":\"es\",\"@id\":\"https:\/\/www.asajacyl.com\/leon\/buzon\/seg_vinedo_2#primaryimage\",\"url\":\"https:\/\/www.asajacyl.com\/leon\/wp-content\/uploads\/sites\/6\/2018\/02\/vi\u00f1edo_oteros.jpg\",\"contentUrl\":\"https:\/\/www.asajacyl.com\/leon\/wp-content\/uploads\/sites\/6\/2018\/02\/vi\u00f1edo_oteros.jpg\",\"width\":2500,\"height\":1875},{\"@type\":\"BreadcrumbList\",\"@id\":\"https:\/\/www.asajacyl.com\/leon\/buzon\/seg_vinedo_2#breadcrumb\",\"itemListElement\":[{\"@type\":\"ListItem\",\"position\":1,\"name\":\"Portada\",\"item\":\"https:\/\/www.asajacyl.com\/leon\/\"},{\"@type\":\"ListItem\",\"position\":2,\"name\":\"seg_vinedo_2\"}]},{\"@type\":\"WebSite\",\"@id\":\"https:\/\/www.asajacyl.com\/leon\/#website\",\"url\":\"https:\/\/www.asajacyl.com\/leon\/\",\"name\":\"ASAJA Le\u00f3n\",\"description\":\"Otro sitio m\u00e1s de Provincias ASAJA Castilla y Le\u00f3n\",\"potentialAction\":[{\"@type\":\"SearchAction\",\"target\":{\"@type\":\"EntryPoint\",\"urlTemplate\":\"https:\/\/www.asajacyl.com\/leon\/?s={search_term_string}\"},\"query-input\":{\"@type\":\"PropertyValueSpecification\",\"valueRequired\":true,\"valueName\":\"search_term_string\"}}],\"inLanguage\":\"es\"},{\"@type\":\"Person\",\"@id\":\"https:\/\/www.asajacyl.com\/leon\/#\/schema\/person\/a39ff3609fc182e4c789ab486e865d32\",\"name\":\"Eduardo\",\"image\":{\"@type\":\"ImageObject\",\"inLanguage\":\"es\",\"@id\":\"https:\/\/www.asajacyl.com\/leon\/#\/schema\/person\/image\/\",\"url\":\"https:\/\/secure.gravatar.com\/avatar\/9ebd6aba21d817dcf9595bc9ca505af5?s=96&d=mm&r=g\",\"contentUrl\":\"https:\/\/secure.gravatar.com\/avatar\/9ebd6aba21d817dcf9595bc9ca505af5?s=96&d=mm&r=g\",\"caption\":\"Eduardo\"},\"url\":\"https:\/\/www.asajacyl.com\/leon\/author\/eduardovv\"}]}<\/script>\n<!-- \/ Yoast SEO plugin. -->","yoast_head_json":{"title":"seg_vinedo_2 - ASAJA Le\u00f3n","description":"SEGURO DE VI\u00d1EDO \u00a0Le\u00f3n, 21 de abril de 2020. ASAJA recuerda a los viticultores que no hicieron en su d\u00eda el seguro que cubre tambi\u00e9n da\u00f1os de heladas, que","robots":{"index":"index","follow":"follow","max-snippet":"max-snippet:-1","max-image-preview":"max-image-preview:large","max-video-preview":"max-video-preview:-1"},"canonical":"https:\/\/www.asajacyl.com\/leon\/buzon\/seg_vinedo_2","og_locale":"es_ES","og_type":"article","og_title":"seg_vinedo_2 - ASAJA Le\u00f3n","og_description":"SEGURO DE VI\u00d1EDO \u00a0Le\u00f3n, 21 de abril de 2020. ASAJA recuerda a los viticultores que no hicieron en su d\u00eda el seguro que cubre tambi\u00e9n da\u00f1os de heladas, que","og_url":"https:\/\/www.asajacyl.com\/leon\/buzon\/seg_vinedo_2","og_site_name":"ASAJA Le\u00f3n","article_published_time":"2020-04-21T11:08:21+00:00","article_modified_time":"2020-04-21T11:35:22+00:00","og_image":[{"width":2500,"height":1875,"url":"https:\/\/www.asajacyl.com\/leon\/wp-content\/uploads\/sites\/6\/2018\/02\/vi\u00f1edo_oteros.jpg","type":"image\/jpeg"}],"author":"Eduardo","twitter_card":"summary_large_image","twitter_misc":{"Escrito por":"Eduardo","Tiempo de lectura":"1 minuto"},"schema":{"@context":"https:\/\/schema.org","@graph":[{"@type":"WebPage","@id":"https:\/\/www.asajacyl.com\/leon\/buzon\/seg_vinedo_2","url":"https:\/\/www.asajacyl.com\/leon\/buzon\/seg_vinedo_2","name":"seg_vinedo_2 - ASAJA Le\u00f3n","isPartOf":{"@id":"https:\/\/www.asajacyl.com\/leon\/#website"},"primaryImageOfPage":{"@id":"https:\/\/www.asajacyl.com\/leon\/buzon\/seg_vinedo_2#primaryimage"},"image":{"@id":"https:\/\/www.asajacyl.com\/leon\/buzon\/seg_vinedo_2#primaryimage"},"thumbnailUrl":"https:\/\/www.asajacyl.com\/leon\/wp-content\/uploads\/sites\/6\/2018\/02\/vi\u00f1edo_oteros.jpg","datePublished":"2020-04-21T11:08:21+00:00","dateModified":"2020-04-21T11:35:22+00:00","author":{"@id":"https:\/\/www.asajacyl.com\/leon\/#\/schema\/person\/a39ff3609fc182e4c789ab486e865d32"},"description":"SEGURO DE VI\u00d1EDO \u00a0Le\u00f3n, 21 de abril de 2020. ASAJA recuerda a los viticultores que no hicieron en su d\u00eda el seguro que cubre tambi\u00e9n da\u00f1os de heladas, que","breadcrumb":{"@id":"https:\/\/www.asajacyl.com\/leon\/buzon\/seg_vinedo_2#breadcrumb"},"inLanguage":"es","potentialAction":[{"@type":"ReadAction","target":["https:\/\/www.asajacyl.com\/leon\/buzon\/seg_vinedo_2"]}]},{"@type":"ImageObject","inLanguage":"es","@id":"https:\/\/www.asajacyl.com\/leon\/buzon\/seg_vinedo_2#primaryimage","url":"https:\/\/www.asajacyl.com\/leon\/wp-content\/uploads\/sites\/6\/2018\/02\/vi\u00f1edo_oteros.jpg","contentUrl":"https:\/\/www.asajacyl.com\/leon\/wp-content\/uploads\/sites\/6\/2018\/02\/vi\u00f1edo_oteros.jpg","width":2500,"height":1875},{"@type":"BreadcrumbList","@id":"https:\/\/www.asajacyl.com\/leon\/buzon\/seg_vinedo_2#breadcrumb","itemListElement":[{"@type":"ListItem","position":1,"name":"Portada","item":"https:\/\/www.asajacyl.com\/leon\/"},{"@type":"ListItem","position":2,"name":"seg_vinedo_2"}]},{"@type":"WebSite","@id":"https:\/\/www.asajacyl.com\/leon\/#website","url":"https:\/\/www.asajacyl.com\/leon\/","name":"ASAJA Le\u00f3n","description":"Otro sitio m\u00e1s de Provincias ASAJA Castilla y Le\u00f3n","potentialAction":[{"@type":"SearchAction","target":{"@type":"EntryPoint","urlTemplate":"https:\/\/www.asajacyl.com\/leon\/?s={search_term_string}"},"query-input":{"@type":"PropertyValueSpecification","valueRequired":true,"valueName":"search_term_string"}}],"inLanguage":"es"},{"@type":"Person","@id":"https:\/\/www.asajacyl.com\/leon\/#\/schema\/person\/a39ff3609fc182e4c789ab486e865d32","name":"Eduardo","image":{"@type":"ImageObject","inLanguage":"es","@id":"https:\/\/www.asajacyl.com\/leon\/#\/schema\/person\/image\/","url":"https:\/\/secure.gravatar.com\/avatar\/9ebd6aba21d817dcf9595bc9ca505af5?s=96&d=mm&r=g","contentUrl":"https:\/\/secure.gravatar.com\/avatar\/9ebd6aba21d817dcf9595bc9ca505af5?s=96&d=mm&r=g","caption":"Eduardo"},"url":"https:\/\/www.asajacyl.com\/leon\/author\/eduardovv"}]}},"_links":{"self":[{"href":"https:\/\/www.asajacyl.com\/leon\/wp-json\/wp\/v2\/posts\/11285"}],"collection":[{"href":"https:\/\/www.asajacyl.com\/leon\/wp-json\/wp\/v2\/posts"}],"about":[{"href":"https:\/\/www.asajacyl.com\/leon\/wp-json\/wp\/v2\/types\/post"}],"author":[{"embeddable":true,"href":"https:\/\/www.asajacyl.com\/leon\/wp-json\/wp\/v2\/users\/8"}],"replies":[{"embeddable":true,"href":"https:\/\/www.asajacyl.com\/leon\/wp-json\/wp\/v2\/comments?post=11285"}],"version-history":[{"count":1,"href":"https:\/\/www.asajacyl.com\/leon\/wp-json\/wp\/v2\/posts\/11285\/revisions"}],"predecessor-version":[{"id":11286,"href":"https:\/\/www.asajacyl.com\/leon\/wp-json\/wp\/v2\/posts\/11285\/revisions\/11286"}],"wp:featuredmedia":[{"embeddable":true,"href":"https:\/\/www.asajacyl.com\/leon\/wp-json\/wp\/v2\/media\/8595"}],"wp:attachment":[{"href":"https:\/\/www.asajacyl.com\/leon\/wp-json\/wp\/v2\/media?parent=11285"}],"wp:term":[{"taxonomy":"category","embeddable":true,"href":"https:\/\/www.asajacyl.com\/leon\/wp-json\/wp\/v2\/categories?post=11285"},{"taxonomy":"post_tag","embeddable":true,"href":"https:\/\/www.asajacyl.com\/leon\/wp-json\/wp\/v2\/tags?post=11285"}],"curies":[{"name":"wp","href":"https:\/\/api.w.org\/{rel}","templated":true}]}}