{"id":11366,"date":"2020-05-14T18:54:53","date_gmt":"2020-05-14T16:54:53","guid":{"rendered":"https:\/\/www.asajacyl.com\/leon\/?p=11366"},"modified":"2020-05-14T19:13:38","modified_gmt":"2020-05-14T17:13:38","slug":"c_san_isidro","status":"publish","type":"post","link":"https:\/\/www.asajacyl.com\/leon\/buzon\/c_san_isidro","title":{"rendered":"c_san_isidro"},"content":{"rendered":"<h2><strong>CIRCULAR CON MOTIVO DE LA FESTIVIDAD DE SAN ISIDRO<\/strong><\/h2>\n<h6>Le\u00f3n, 14 de mayo de 2020.<\/h6>\n<h6>Con motivo de la festividad de San Isidro Labrador queremos desearte un buen a\u00f1o agr\u00edcola, pero sobre todo salud y bienestar para ti y para toda tu familia. La climatolog\u00eda benigna nos permite a todos ver el a\u00f1o agr\u00edcola con un poco m\u00e1s de optimismo, pero a\u00fan as\u00ed somos conscientes de la dificultad para vender nuestros productos a un precio digno, y somos conscientes de lo dif\u00edcil que resulta que nuestros problemas sean escuchados y atendidos por las administraciones y por la clase pol\u00edtica.<\/h6>\n<h6>Como sabes, en ASAJA no hemos dado tregua en la defensa permanente de los intereses del sector, y queremos que se cuente con el campo como motor de la reactivaci\u00f3n econ\u00f3mica que este pa\u00eds necesita. Por otra parte, en nuestras oficinas nos esforzamos por seguir manteniendo, a\u00fan en situaciones complicadas, un servicio de calidad para atender al socio en todas sus necesidades, bien sea la PAC, los seguros, la renta, o la incorporaci\u00f3n de j\u00f3venes, por citar algunos ejemplos. Ma\u00f1ana, d\u00eda de San Isidro, tambi\u00e9n est\u00e1n abiertas nuestras oficinas.<\/h6>\n<h6>Por esta fecha se\u00f1alada, nuestro deseo siempre es el mismo: que haya buenas cosechas. Nuestra reivindicaci\u00f3n que haya precios justos, que la administraci\u00f3n invierta en mejorar las estructuras del sector, que la PAC compense las p\u00e9rdidas de renta, y que legislaci\u00f3n general nos favorezca en nuestro papel de producir alimentos, cuidar el medio ambiente, y mantener nuestros pueblos.<\/h6>\n<h6>Ante un d\u00eda, el de ma\u00f1ana, que tenemos que renunciar a nuestras tradiciones, <strong>hemos promovido, junto con La 8 de RTVCyL, la emisi\u00f3n en directo, a las 12:00 horas, de la Misa de San Isidro desde la Parroquia de San Isidro de Le\u00f3n, que oficiar\u00e1 el Se\u00f1or Obispo<\/strong>.<\/h6>\n<h6>Dese\u00e1ndote un feliz d\u00eda de San Isidro, recibe un afectuoso saludo.<\/h6>\n<h6><\/h6>\n<h6>Arsenio Garc\u00eda Vidal. Presidente<\/h6>\n<h6>Jos\u00e9 Antonio Turrado. Secretario general<\/h6>\n","protected":false},"excerpt":{"rendered":"<p>CIRCULAR CON MOTIVO DE LA FESTIVIDAD DE SAN ISIDRO Le\u00f3n, 14 de mayo de 2020. Con motivo de la festividad de San Isidro Labrador queremos desearte un buen a\u00f1o agr\u00edcola, pero sobre todo salud y bienestar para ti y para toda tu familia. La climatolog\u00eda benigna nos permite a todos ver el a\u00f1o agr\u00edcola con [&hellip;]<\/p>\n","protected":false},"author":8,"featured_media":8909,"comment_status":"open","ping_status":"open","sticky":false,"template":"","format":"standard","meta":{"footnotes":""},"categories":[78],"tags":[],"yoast_head":"<!-- This site is optimized with the Yoast SEO plugin v24.5 - https:\/\/yoast.com\/wordpress\/plugins\/seo\/ -->\n<title>c_san_isidro - ASAJA Le\u00f3n<\/title>\n<meta name=\"description\" content=\"CIRCULAR CON MOTIVO DE LA FESTIVIDAD DE SAN ISIDRO Le\u00f3n, 14 de mayo de 2020. Con motivo de la festividad de San Isidro Labrador queremos desearte un buen\" \/>\n<meta name=\"robots\" content=\"index, follow, max-snippet:-1, max-image-preview:large, max-video-preview:-1\" \/>\n<link rel=\"canonical\" href=\"https:\/\/www.asajacyl.com\/leon\/buzon\/c_san_isidro\" \/>\n<meta property=\"og:locale\" content=\"es_ES\" \/>\n<meta property=\"og:type\" content=\"article\" \/>\n<meta property=\"og:title\" content=\"c_san_isidro - ASAJA Le\u00f3n\" \/>\n<meta property=\"og:description\" content=\"CIRCULAR CON MOTIVO DE LA FESTIVIDAD DE SAN ISIDRO Le\u00f3n, 14 de mayo de 2020. Con motivo de la festividad de San Isidro Labrador queremos desearte un buen\" \/>\n<meta property=\"og:url\" content=\"https:\/\/www.asajacyl.com\/leon\/buzon\/c_san_isidro\" \/>\n<meta property=\"og:site_name\" content=\"ASAJA Le\u00f3n\" \/>\n<meta property=\"article:published_time\" content=\"2020-05-14T16:54:53+00:00\" \/>\n<meta property=\"article:modified_time\" content=\"2020-05-14T17:13:38+00:00\" \/>\n<meta property=\"og:image\" content=\"https:\/\/www.asajacyl.com\/leon\/wp-content\/uploads\/sites\/6\/2018\/05\/san-isidro-labrador.jpg\" \/>\n\t<meta property=\"og:image:width\" content=\"768\" \/>\n\t<meta property=\"og:image:height\" content=\"428\" \/>\n\t<meta property=\"og:image:type\" content=\"image\/jpeg\" \/>\n<meta name=\"author\" content=\"Eduardo\" \/>\n<meta name=\"twitter:card\" content=\"summary_large_image\" \/>\n<meta name=\"twitter:label1\" content=\"Escrito por\" \/>\n\t<meta name=\"twitter:data1\" content=\"Eduardo\" \/>\n\t<meta name=\"twitter:label2\" content=\"Tiempo de lectura\" \/>\n\t<meta name=\"twitter:data2\" content=\"2 minutos\" \/>\n<script type=\"application\/ld+json\" class=\"yoast-schema-graph\">{\"@context\":\"https:\/\/schema.org\",\"@graph\":[{\"@type\":\"WebPage\",\"@id\":\"https:\/\/www.asajacyl.com\/leon\/buzon\/c_san_isidro\",\"url\":\"https:\/\/www.asajacyl.com\/leon\/buzon\/c_san_isidro\",\"name\":\"c_san_isidro - ASAJA Le\u00f3n\",\"isPartOf\":{\"@id\":\"https:\/\/www.asajacyl.com\/leon\/#website\"},\"primaryImageOfPage\":{\"@id\":\"https:\/\/www.asajacyl.com\/leon\/buzon\/c_san_isidro#primaryimage\"},\"image\":{\"@id\":\"https:\/\/www.asajacyl.com\/leon\/buzon\/c_san_isidro#primaryimage\"},\"thumbnailUrl\":\"https:\/\/www.asajacyl.com\/leon\/wp-content\/uploads\/sites\/6\/2018\/05\/san-isidro-labrador.jpg\",\"datePublished\":\"2020-05-14T16:54:53+00:00\",\"dateModified\":\"2020-05-14T17:13:38+00:00\",\"author\":{\"@id\":\"https:\/\/www.asajacyl.com\/leon\/#\/schema\/person\/a39ff3609fc182e4c789ab486e865d32\"},\"description\":\"CIRCULAR CON MOTIVO DE LA FESTIVIDAD DE SAN ISIDRO Le\u00f3n, 14 de mayo de 2020. Con motivo de la festividad de San Isidro Labrador queremos desearte un buen\",\"breadcrumb\":{\"@id\":\"https:\/\/www.asajacyl.com\/leon\/buzon\/c_san_isidro#breadcrumb\"},\"inLanguage\":\"es\",\"potentialAction\":[{\"@type\":\"ReadAction\",\"target\":[\"https:\/\/www.asajacyl.com\/leon\/buzon\/c_san_isidro\"]}]},{\"@type\":\"ImageObject\",\"inLanguage\":\"es\",\"@id\":\"https:\/\/www.asajacyl.com\/leon\/buzon\/c_san_isidro#primaryimage\",\"url\":\"https:\/\/www.asajacyl.com\/leon\/wp-content\/uploads\/sites\/6\/2018\/05\/san-isidro-labrador.jpg\",\"contentUrl\":\"https:\/\/www.asajacyl.com\/leon\/wp-content\/uploads\/sites\/6\/2018\/05\/san-isidro-labrador.jpg\",\"width\":768,\"height\":428},{\"@type\":\"BreadcrumbList\",\"@id\":\"https:\/\/www.asajacyl.com\/leon\/buzon\/c_san_isidro#breadcrumb\",\"itemListElement\":[{\"@type\":\"ListItem\",\"position\":1,\"name\":\"Portada\",\"item\":\"https:\/\/www.asajacyl.com\/leon\/\"},{\"@type\":\"ListItem\",\"position\":2,\"name\":\"c_san_isidro\"}]},{\"@type\":\"WebSite\",\"@id\":\"https:\/\/www.asajacyl.com\/leon\/#website\",\"url\":\"https:\/\/www.asajacyl.com\/leon\/\",\"name\":\"ASAJA Le\u00f3n\",\"description\":\"Otro sitio m\u00e1s de Provincias ASAJA Castilla y Le\u00f3n\",\"potentialAction\":[{\"@type\":\"SearchAction\",\"target\":{\"@type\":\"EntryPoint\",\"urlTemplate\":\"https:\/\/www.asajacyl.com\/leon\/?s={search_term_string}\"},\"query-input\":{\"@type\":\"PropertyValueSpecification\",\"valueRequired\":true,\"valueName\":\"search_term_string\"}}],\"inLanguage\":\"es\"},{\"@type\":\"Person\",\"@id\":\"https:\/\/www.asajacyl.com\/leon\/#\/schema\/person\/a39ff3609fc182e4c789ab486e865d32\",\"name\":\"Eduardo\",\"image\":{\"@type\":\"ImageObject\",\"inLanguage\":\"es\",\"@id\":\"https:\/\/www.asajacyl.com\/leon\/#\/schema\/person\/image\/\",\"url\":\"https:\/\/secure.gravatar.com\/avatar\/9ebd6aba21d817dcf9595bc9ca505af5?s=96&d=mm&r=g\",\"contentUrl\":\"https:\/\/secure.gravatar.com\/avatar\/9ebd6aba21d817dcf9595bc9ca505af5?s=96&d=mm&r=g\",\"caption\":\"Eduardo\"},\"url\":\"https:\/\/www.asajacyl.com\/leon\/author\/eduardovv\"}]}<\/script>\n<!-- \/ Yoast SEO plugin. -->","yoast_head_json":{"title":"c_san_isidro - ASAJA Le\u00f3n","description":"CIRCULAR CON MOTIVO DE LA FESTIVIDAD DE SAN ISIDRO Le\u00f3n, 14 de mayo de 2020. Con motivo de la festividad de San Isidro Labrador queremos desearte un buen","robots":{"index":"index","follow":"follow","max-snippet":"max-snippet:-1","max-image-preview":"max-image-preview:large","max-video-preview":"max-video-preview:-1"},"canonical":"https:\/\/www.asajacyl.com\/leon\/buzon\/c_san_isidro","og_locale":"es_ES","og_type":"article","og_title":"c_san_isidro - ASAJA Le\u00f3n","og_description":"CIRCULAR CON MOTIVO DE LA FESTIVIDAD DE SAN ISIDRO Le\u00f3n, 14 de mayo de 2020. Con motivo de la festividad de San Isidro Labrador queremos desearte un buen","og_url":"https:\/\/www.asajacyl.com\/leon\/buzon\/c_san_isidro","og_site_name":"ASAJA Le\u00f3n","article_published_time":"2020-05-14T16:54:53+00:00","article_modified_time":"2020-05-14T17:13:38+00:00","og_image":[{"width":768,"height":428,"url":"https:\/\/www.asajacyl.com\/leon\/wp-content\/uploads\/sites\/6\/2018\/05\/san-isidro-labrador.jpg","type":"image\/jpeg"}],"author":"Eduardo","twitter_card":"summary_large_image","twitter_misc":{"Escrito por":"Eduardo","Tiempo de lectura":"2 minutos"},"schema":{"@context":"https:\/\/schema.org","@graph":[{"@type":"WebPage","@id":"https:\/\/www.asajacyl.com\/leon\/buzon\/c_san_isidro","url":"https:\/\/www.asajacyl.com\/leon\/buzon\/c_san_isidro","name":"c_san_isidro - ASAJA Le\u00f3n","isPartOf":{"@id":"https:\/\/www.asajacyl.com\/leon\/#website"},"primaryImageOfPage":{"@id":"https:\/\/www.asajacyl.com\/leon\/buzon\/c_san_isidro#primaryimage"},"image":{"@id":"https:\/\/www.asajacyl.com\/leon\/buzon\/c_san_isidro#primaryimage"},"thumbnailUrl":"https:\/\/www.asajacyl.com\/leon\/wp-content\/uploads\/sites\/6\/2018\/05\/san-isidro-labrador.jpg","datePublished":"2020-05-14T16:54:53+00:00","dateModified":"2020-05-14T17:13:38+00:00","author":{"@id":"https:\/\/www.asajacyl.com\/leon\/#\/schema\/person\/a39ff3609fc182e4c789ab486e865d32"},"description":"CIRCULAR CON MOTIVO DE LA FESTIVIDAD DE SAN ISIDRO Le\u00f3n, 14 de mayo de 2020. Con motivo de la festividad de San Isidro Labrador queremos desearte un buen","breadcrumb":{"@id":"https:\/\/www.asajacyl.com\/leon\/buzon\/c_san_isidro#breadcrumb"},"inLanguage":"es","potentialAction":[{"@type":"ReadAction","target":["https:\/\/www.asajacyl.com\/leon\/buzon\/c_san_isidro"]}]},{"@type":"ImageObject","inLanguage":"es","@id":"https:\/\/www.asajacyl.com\/leon\/buzon\/c_san_isidro#primaryimage","url":"https:\/\/www.asajacyl.com\/leon\/wp-content\/uploads\/sites\/6\/2018\/05\/san-isidro-labrador.jpg","contentUrl":"https:\/\/www.asajacyl.com\/leon\/wp-content\/uploads\/sites\/6\/2018\/05\/san-isidro-labrador.jpg","width":768,"height":428},{"@type":"BreadcrumbList","@id":"https:\/\/www.asajacyl.com\/leon\/buzon\/c_san_isidro#breadcrumb","itemListElement":[{"@type":"ListItem","position":1,"name":"Portada","item":"https:\/\/www.asajacyl.com\/leon\/"},{"@type":"ListItem","position":2,"name":"c_san_isidro"}]},{"@type":"WebSite","@id":"https:\/\/www.asajacyl.com\/leon\/#website","url":"https:\/\/www.asajacyl.com\/leon\/","name":"ASAJA Le\u00f3n","description":"Otro sitio m\u00e1s de Provincias ASAJA Castilla y Le\u00f3n","potentialAction":[{"@type":"SearchAction","target":{"@type":"EntryPoint","urlTemplate":"https:\/\/www.asajacyl.com\/leon\/?s={search_term_string}"},"query-input":{"@type":"PropertyValueSpecification","valueRequired":true,"valueName":"search_term_string"}}],"inLanguage":"es"},{"@type":"Person","@id":"https:\/\/www.asajacyl.com\/leon\/#\/schema\/person\/a39ff3609fc182e4c789ab486e865d32","name":"Eduardo","image":{"@type":"ImageObject","inLanguage":"es","@id":"https:\/\/www.asajacyl.com\/leon\/#\/schema\/person\/image\/","url":"https:\/\/secure.gravatar.com\/avatar\/9ebd6aba21d817dcf9595bc9ca505af5?s=96&d=mm&r=g","contentUrl":"https:\/\/secure.gravatar.com\/avatar\/9ebd6aba21d817dcf9595bc9ca505af5?s=96&d=mm&r=g","caption":"Eduardo"},"url":"https:\/\/www.asajacyl.com\/leon\/author\/eduardovv"}]}},"_links":{"self":[{"href":"https:\/\/www.asajacyl.com\/leon\/wp-json\/wp\/v2\/posts\/11366"}],"collection":[{"href":"https:\/\/www.asajacyl.com\/leon\/wp-json\/wp\/v2\/posts"}],"about":[{"href":"https:\/\/www.asajacyl.com\/leon\/wp-json\/wp\/v2\/types\/post"}],"author":[{"embeddable":true,"href":"https:\/\/www.asajacyl.com\/leon\/wp-json\/wp\/v2\/users\/8"}],"replies":[{"embeddable":true,"href":"https:\/\/www.asajacyl.com\/leon\/wp-json\/wp\/v2\/comments?post=11366"}],"version-history":[{"count":1,"href":"https:\/\/www.asajacyl.com\/leon\/wp-json\/wp\/v2\/posts\/11366\/revisions"}],"predecessor-version":[{"id":11367,"href":"https:\/\/www.asajacyl.com\/leon\/wp-json\/wp\/v2\/posts\/11366\/revisions\/11367"}],"wp:featuredmedia":[{"embeddable":true,"href":"https:\/\/www.asajacyl.com\/leon\/wp-json\/wp\/v2\/media\/8909"}],"wp:attachment":[{"href":"https:\/\/www.asajacyl.com\/leon\/wp-json\/wp\/v2\/media?parent=11366"}],"wp:term":[{"taxonomy":"category","embeddable":true,"href":"https:\/\/www.asajacyl.com\/leon\/wp-json\/wp\/v2\/categories?post=11366"},{"taxonomy":"post_tag","embeddable":true,"href":"https:\/\/www.asajacyl.com\/leon\/wp-json\/wp\/v2\/tags?post=11366"}],"curies":[{"name":"wp","href":"https:\/\/api.w.org\/{rel}","templated":true}]}}