{"id":11472,"date":"2020-06-30T14:15:44","date_gmt":"2020-06-30T12:15:44","guid":{"rendered":"https:\/\/www.asajacyl.com\/leon\/?p=11472"},"modified":"2020-06-30T14:16:41","modified_gmt":"2020-06-30T12:16:41","slug":"junio-2020","status":"publish","type":"post","link":"https:\/\/www.asajacyl.com\/leon\/servicios-socio\/mercadillo\/junio-2020","title":{"rendered":"Junio 2020"},"content":{"rendered":"<h6><strong>VENDO:<\/strong><\/h6>\n<h6>Tuber\u00eda de PVC negra.<\/h6>\n<h6>Tel\u00e9fono: 656 801551<\/h6>\n<h6><strong>\u00a0<\/strong><\/h6>\n<h6><strong>VENDO: <\/strong><\/h6>\n<h6>Un tanque frigor\u00edfico de 2100 litros marca ALFA LAVAL y lavado autom\u00e1tico; 2 filos met\u00e1licos para pienso, uno de 14Tn y otro de 7Tn.<\/h6>\n<h6>Tel\u00e9fono: 678 558882<\/h6>\n<h6><strong>\u00a0<\/strong><\/h6>\n<h6><strong>VENDO:<\/strong><\/h6>\n<h6>Ruedas 18-4-30 Firestone; aricador marca GUERRA de 6 surcos con caj\u00f3n; chisel de 11 brazos marca OVLAC y tuber\u00eda de 4\u201d de 3 y 6 metros.<\/h6>\n<h6>Tel\u00e9fono: 647 497316<\/h6>\n<h6><strong>\u00a0<\/strong><\/h6>\n<h6><strong>VENDO:<\/strong><\/h6>\n<h6>Tractor John Deere 2040S con pala, dos cazos y ruedas estrechas; cultivador y aporcador de regadera; carro para tubos y aspersores; arados de vertedera OVLAC con rueda; remolque agr\u00edcola doble eje de 4000Kg y un motor el\u00e9ctrico.<\/h6>\n<h6>Tel\u00e9fono: 695 550798<\/h6>\n<h6><\/h6>\n<h6><strong>VENDO: <\/strong><\/h6>\n<h6>Motor Campe\u00f3n 12CV en buen estado y carro de 4 ruedas.<\/h6>\n<h6>Tel\u00e9fono: 699 026579<\/h6>\n<h6><strong>\u00a0<\/strong><\/h6>\n<h6><strong>VENDO:<\/strong><\/h6>\n<h6>Tractor Fiat de 80CV; una abonadora marca VICON; un hilerador marca CORMA. Zona del Bierzo.<\/h6>\n<h6>Tel\u00e9fono: 699 553859<\/h6>\n<h6><\/h6>\n<h6><strong>VENDO:<\/strong><\/h6>\n<h6>Tractor John Deere 2650; grada de muelle de 13 brazos; sulfatador de 800 litros y maquina de sembrar de aire de 5 surcos.<\/h6>\n<h6>Tel\u00e9fono: 695 550798<\/h6>\n<h6><\/h6>\n<h6><strong>\u00a0<\/strong><\/h6>\n<h6><strong>VENDO:<\/strong><\/h6>\n<h6>Remolque esparcidos de 5Tn. Dispone de discos para abono mineral y perlita.<\/h6>\n<h6>Tel\u00e9fono: 648 404118<\/h6>\n<h6><strong>\u00a0<\/strong><\/h6>\n<h6><strong>VENDO: <\/strong><\/h6>\n<h6>Arado de dos cuerpos OVLAC con rasetas. Buen precio.<\/h6>\n<h6>Tel\u00e9fono: 629 858841<\/h6>\n<h6><strong>\u00a0<\/strong><\/h6>\n<h6><strong>VENDO: <\/strong><\/h6>\n<h6>Arada rotativa reforzada de 3 metros, rodillo aparte, marca MASIO; 200 aspersores, largos y cortos y tubos correspondientes; cultivador de precisi\u00f3n marca MARCHENA de 5 cuerpos.<\/h6>\n<h6>Tel\u00e9fono: 696 361422<\/h6>\n<h6><\/h6>\n<h6><strong>VENDO: <\/strong><\/h6>\n<h6>Konskilde de brazo de doble ballesta, 3m de ancha, marca Agromet.<\/h6>\n<h6>Tel\u00e9fono: 606 286749<\/h6>\n<h6><\/h6>\n<h6><strong>VENDO: <\/strong><\/h6>\n<h6>Arado cuatrisurco Ovlac fijo de ballesta con tajo variable.<\/h6>\n<h6>Tel\u00e9fono: 607 956630<\/h6>\n<h6><\/h6>\n<h6><strong>VENDO:<\/strong><\/h6>\n<h6>Motobomba de riego Caprari; tubos de riego de 4\u201d; sembradora Sol\u00e1 de 17 botas; sinf\u00edn hidr\u00e1ulico y un elevador hidr\u00e1ulico de pacas peque\u00f1as.<\/h6>\n<h6>Tel\u00e9fono: 639 403509<\/h6>\n<h6><\/h6>\n<h6><strong>VENDO: <\/strong><\/h6>\n<h6>Tractor Ebro 6100 (5500 euros); carro mezclador vertical Triolet (5000 euros);<\/h6>\n<h6>Tel\u00e9fono: 646 456267<\/h6>\n<h6><strong>\u00a0<\/strong><\/h6>\n<h6><strong>VENDO: <\/strong><\/h6>\n<h6>Arrancador y peladora de remolacha Guerra, tractor Massey Ferguson 135, aricador con abonadora, sulfatador 400l Hnos Benavides, abonadora 350 kg.<\/h6>\n<h6>Tel\u00e9fono: 679 211207<\/h6>\n<h6><\/h6>\n<h6><strong>\u00a0<\/strong><\/h6>\n<h6><strong>\u00a0<\/strong><\/h6>\n<h6><strong>\u00a0<\/strong><\/h6>\n<h6><strong>\u00a0<\/strong><\/h6>\n<h6><strong>VENDO: <\/strong><\/h6>\n<h6>New Holland 7050t con 6900h y 2 cosechadoras Deutz Fahr 5530 y New Holland TF 44, en buenas condiciones.<\/h6>\n<h6>Tel\u00e9fono: 670 501522<\/h6>\n<h6><\/h6>\n<h6><strong>VENDO: <\/strong><\/h6>\n<h6>Cosechadora Class modelo Lexion 540, motor Caterpillar 3126B picador y esparcidor 3D, compresor hidr\u00e1ulico, 7114h, corte 6,60m grupo de siega reforzado, revisada para la pr\u00f3xima campa\u00f1a.<\/h6>\n<h6>Tel\u00e9fono: 669 439480<\/h6>\n<h6><\/h6>\n<h6><strong>VENDO: <\/strong><\/h6>\n<h6>Una empacadora BATLLE modelo 262 trillo convertible con carro agrupa alpacas; una tuber\u00eda de riego de 3 pulgadas con trineos, aspersores y gomas.<\/h6>\n<h6>Tel\u00e9fono: 669 439480<\/h6>\n<h6><\/h6>\n<h6><strong>VENDO:<\/strong><\/h6>\n<h6>Sembradora Sol\u00e1 de 3m; Rastra de 3 m de ancho de 4 bandas de hierro con pinchos.<\/h6>\n<h6>Tel\u00e9fono: 620 316935<\/h6>\n<h6><strong>\u00a0<\/strong><\/h6>\n<h6><strong>VENDO: <\/strong><\/h6>\n<h6>Tractor Ebro 6125dt con cabina climatizada y pocas horas de trabajo; ba\u00f1era de 6 m eje t\u00e1ndem con ruedas 445, eje direccional y ballesta en lanza siminueva; Sulfatadora Hermanos Benavides 1200l hidr\u00e1ulico y seminuevo; carretillo sulfatador con motor de 100l; m\u00e1quina el\u00e9ctrica de lavar a presi\u00f3n de 150atm.<\/h6>\n<h6>Tel\u00e9fono: 635 451266<\/h6>\n<h6><\/h6>\n<h6><strong>\u00a0<\/strong><\/h6>\n<h6><strong>VENDO: <\/strong><\/h6>\n<h6>Remolque basculante 7Tn con itv pasada<\/h6>\n<h6>Tel\u00e9fono: 625 634169<\/h6>\n<h6><\/h6>\n<h6><strong>VENDO:<\/strong><\/h6>\n<h6>M\u00e1quina de recoger remolacha en buen estado.<\/h6>\n<h6>Tel\u00e9fono: 676 572103<\/h6>\n<h6><\/h6>\n<h6><strong>VENDO: <\/strong><\/h6>\n<h6>Por cese: Arado Kverneland Vd 85; sembradora Sil 3m, rastrillo Khun; rastrillo de 6 soles Mesolpa; agrilabor de 3m Agrator; bomba Westfalia 600l; abonadora Aguirre 1100kg; sulfatadora Aguirre 100l y un sinf\u00edn el\u00e9ctrico y molino<\/h6>\n<h6>Tel\u00e9fono: 629 856847<\/h6>\n<h6><\/h6>\n<h6><strong>VENDO:<\/strong><\/h6>\n<h6>M\u00e1quina de cosechar patatas GRIMME modelo SL800 con documentaci\u00f3n y pasada ITV.<\/h6>\n<h6>Cosechadora de remolacha marca MILAN con documentaci\u00f3n h\u00e1bil.<\/h6>\n<h6>Tel\u00e9fono: 654 517296<\/h6>\n<h6><\/h6>\n<h6><strong>VENDO:<\/strong><\/h6>\n<h6>Carro para tuber\u00eda de riego.<\/h6>\n<h6>Tel\u00e9fono: 659 459385<\/h6>\n<p><strong>VENDO:<\/strong><\/p>\n<p>Por jubilaci\u00f3n; Cepas para quemar; una m\u00e1quina de sembrar de 15; grada de 13, arados de vi\u00f1edo, cargador paquete peque\u00f1o; empacadora peque\u00f1a; arados Kverneland 3 vertederas; arado 4 cuerpos Paniagua; rodillo de 3 metros mediano, un ollador y remolque no basculante sin documentaci\u00f3n de 7000 kg (econ\u00f3mico). Se alquila nave de 1200m.<\/p>\n<p>Tel\u00e9fono: 639 919854<\/p>\n<p><strong>\u00a0<\/strong><\/p>\n<p><strong><u>\u00a0<\/u><\/strong><\/p>\n","protected":false},"excerpt":{"rendered":"<p>VENDO: Tuber\u00eda de PVC negra. Tel\u00e9fono: 656 801551 \u00a0 VENDO: Un tanque frigor\u00edfico de 2100 litros marca ALFA LAVAL y lavado autom\u00e1tico; 2 filos met\u00e1licos para pienso, uno de 14Tn y otro de 7Tn. Tel\u00e9fono: 678 558882 \u00a0 VENDO: Ruedas 18-4-30 Firestone; aricador marca GUERRA de 6 surcos con caj\u00f3n; chisel de 11 brazos marca [&hellip;]<\/p>\n","protected":false},"author":8,"featured_media":8174,"comment_status":"open","ping_status":"open","sticky":false,"template":"","format":"standard","meta":{"footnotes":""},"categories":[36,22,5],"tags":[],"yoast_head":"<!-- This site is optimized with the Yoast SEO plugin v24.5 - https:\/\/yoast.com\/wordpress\/plugins\/seo\/ -->\n<title>Junio 2020 - ASAJA Le\u00f3n<\/title>\n<meta name=\"description\" content=\"VENDO: Tuber\u00eda de PVC negra. Tel\u00e9fono: 656 801551 \u00a0 VENDO: Un tanque frigor\u00edfico de 2100 litros marca ALFA LAVAL y lavado autom\u00e1tico; 2 filos met\u00e1licos\" \/>\n<meta name=\"robots\" content=\"index, follow, max-snippet:-1, max-image-preview:large, max-video-preview:-1\" \/>\n<link rel=\"canonical\" href=\"https:\/\/www.asajacyl.com\/leon\/servicios-socio\/mercadillo\/junio-2020\" \/>\n<meta property=\"og:locale\" content=\"es_ES\" \/>\n<meta property=\"og:type\" content=\"article\" \/>\n<meta property=\"og:title\" content=\"Junio 2020 - ASAJA Le\u00f3n\" \/>\n<meta property=\"og:description\" content=\"VENDO: Tuber\u00eda de PVC negra. Tel\u00e9fono: 656 801551 \u00a0 VENDO: Un tanque frigor\u00edfico de 2100 litros marca ALFA LAVAL y lavado autom\u00e1tico; 2 filos met\u00e1licos\" \/>\n<meta property=\"og:url\" content=\"https:\/\/www.asajacyl.com\/leon\/servicios-socio\/mercadillo\/junio-2020\" \/>\n<meta property=\"og:site_name\" content=\"ASAJA Le\u00f3n\" \/>\n<meta property=\"article:published_time\" content=\"2020-06-30T12:15:44+00:00\" \/>\n<meta property=\"article:modified_time\" content=\"2020-06-30T12:16:41+00:00\" \/>\n<meta property=\"og:image\" content=\"https:\/\/www.asajacyl.com\/leon\/wp-content\/uploads\/sites\/6\/2017\/11\/im_predefinida_1920x1080.jpg\" \/>\n\t<meta property=\"og:image:width\" content=\"1920\" \/>\n\t<meta property=\"og:image:height\" content=\"1080\" \/>\n\t<meta property=\"og:image:type\" content=\"image\/jpeg\" \/>\n<meta name=\"author\" content=\"Eduardo\" \/>\n<meta name=\"twitter:card\" content=\"summary_large_image\" \/>\n<meta name=\"twitter:label1\" content=\"Escrito por\" \/>\n\t<meta name=\"twitter:data1\" content=\"Eduardo\" \/>\n\t<meta name=\"twitter:label2\" content=\"Tiempo de lectura\" \/>\n\t<meta name=\"twitter:data2\" content=\"3 minutos\" \/>\n<script type=\"application\/ld+json\" class=\"yoast-schema-graph\">{\"@context\":\"https:\/\/schema.org\",\"@graph\":[{\"@type\":\"WebPage\",\"@id\":\"https:\/\/www.asajacyl.com\/leon\/servicios-socio\/mercadillo\/junio-2020\",\"url\":\"https:\/\/www.asajacyl.com\/leon\/servicios-socio\/mercadillo\/junio-2020\",\"name\":\"Junio 2020 - ASAJA Le\u00f3n\",\"isPartOf\":{\"@id\":\"https:\/\/www.asajacyl.com\/leon\/#website\"},\"primaryImageOfPage\":{\"@id\":\"https:\/\/www.asajacyl.com\/leon\/servicios-socio\/mercadillo\/junio-2020#primaryimage\"},\"image\":{\"@id\":\"https:\/\/www.asajacyl.com\/leon\/servicios-socio\/mercadillo\/junio-2020#primaryimage\"},\"thumbnailUrl\":\"https:\/\/www.asajacyl.com\/leon\/wp-content\/uploads\/sites\/6\/2017\/11\/im_predefinida_1920x1080.jpg\",\"datePublished\":\"2020-06-30T12:15:44+00:00\",\"dateModified\":\"2020-06-30T12:16:41+00:00\",\"author\":{\"@id\":\"https:\/\/www.asajacyl.com\/leon\/#\/schema\/person\/a39ff3609fc182e4c789ab486e865d32\"},\"description\":\"VENDO: Tuber\u00eda de PVC negra. Tel\u00e9fono: 656 801551 \u00a0 VENDO: Un tanque frigor\u00edfico de 2100 litros marca ALFA LAVAL y lavado autom\u00e1tico; 2 filos met\u00e1licos\",\"breadcrumb\":{\"@id\":\"https:\/\/www.asajacyl.com\/leon\/servicios-socio\/mercadillo\/junio-2020#breadcrumb\"},\"inLanguage\":\"es\",\"potentialAction\":[{\"@type\":\"ReadAction\",\"target\":[\"https:\/\/www.asajacyl.com\/leon\/servicios-socio\/mercadillo\/junio-2020\"]}]},{\"@type\":\"ImageObject\",\"inLanguage\":\"es\",\"@id\":\"https:\/\/www.asajacyl.com\/leon\/servicios-socio\/mercadillo\/junio-2020#primaryimage\",\"url\":\"https:\/\/www.asajacyl.com\/leon\/wp-content\/uploads\/sites\/6\/2017\/11\/im_predefinida_1920x1080.jpg\",\"contentUrl\":\"https:\/\/www.asajacyl.com\/leon\/wp-content\/uploads\/sites\/6\/2017\/11\/im_predefinida_1920x1080.jpg\",\"width\":1920,\"height\":1080,\"caption\":\"Logotipo ASAJA Le\u00f3n\"},{\"@type\":\"BreadcrumbList\",\"@id\":\"https:\/\/www.asajacyl.com\/leon\/servicios-socio\/mercadillo\/junio-2020#breadcrumb\",\"itemListElement\":[{\"@type\":\"ListItem\",\"position\":1,\"name\":\"Portada\",\"item\":\"https:\/\/www.asajacyl.com\/leon\/\"},{\"@type\":\"ListItem\",\"position\":2,\"name\":\"Junio 2020\"}]},{\"@type\":\"WebSite\",\"@id\":\"https:\/\/www.asajacyl.com\/leon\/#website\",\"url\":\"https:\/\/www.asajacyl.com\/leon\/\",\"name\":\"ASAJA Le\u00f3n\",\"description\":\"Otro sitio m\u00e1s de Provincias ASAJA Castilla y Le\u00f3n\",\"potentialAction\":[{\"@type\":\"SearchAction\",\"target\":{\"@type\":\"EntryPoint\",\"urlTemplate\":\"https:\/\/www.asajacyl.com\/leon\/?s={search_term_string}\"},\"query-input\":{\"@type\":\"PropertyValueSpecification\",\"valueRequired\":true,\"valueName\":\"search_term_string\"}}],\"inLanguage\":\"es\"},{\"@type\":\"Person\",\"@id\":\"https:\/\/www.asajacyl.com\/leon\/#\/schema\/person\/a39ff3609fc182e4c789ab486e865d32\",\"name\":\"Eduardo\",\"image\":{\"@type\":\"ImageObject\",\"inLanguage\":\"es\",\"@id\":\"https:\/\/www.asajacyl.com\/leon\/#\/schema\/person\/image\/\",\"url\":\"https:\/\/secure.gravatar.com\/avatar\/9ebd6aba21d817dcf9595bc9ca505af5?s=96&d=mm&r=g\",\"contentUrl\":\"https:\/\/secure.gravatar.com\/avatar\/9ebd6aba21d817dcf9595bc9ca505af5?s=96&d=mm&r=g\",\"caption\":\"Eduardo\"},\"url\":\"https:\/\/www.asajacyl.com\/leon\/author\/eduardovv\"}]}<\/script>\n<!-- \/ Yoast SEO plugin. -->","yoast_head_json":{"title":"Junio 2020 - ASAJA Le\u00f3n","description":"VENDO: Tuber\u00eda de PVC negra. Tel\u00e9fono: 656 801551 \u00a0 VENDO: Un tanque frigor\u00edfico de 2100 litros marca ALFA LAVAL y lavado autom\u00e1tico; 2 filos met\u00e1licos","robots":{"index":"index","follow":"follow","max-snippet":"max-snippet:-1","max-image-preview":"max-image-preview:large","max-video-preview":"max-video-preview:-1"},"canonical":"https:\/\/www.asajacyl.com\/leon\/servicios-socio\/mercadillo\/junio-2020","og_locale":"es_ES","og_type":"article","og_title":"Junio 2020 - ASAJA Le\u00f3n","og_description":"VENDO: Tuber\u00eda de PVC negra. Tel\u00e9fono: 656 801551 \u00a0 VENDO: Un tanque frigor\u00edfico de 2100 litros marca ALFA LAVAL y lavado autom\u00e1tico; 2 filos met\u00e1licos","og_url":"https:\/\/www.asajacyl.com\/leon\/servicios-socio\/mercadillo\/junio-2020","og_site_name":"ASAJA Le\u00f3n","article_published_time":"2020-06-30T12:15:44+00:00","article_modified_time":"2020-06-30T12:16:41+00:00","og_image":[{"width":1920,"height":1080,"url":"https:\/\/www.asajacyl.com\/leon\/wp-content\/uploads\/sites\/6\/2017\/11\/im_predefinida_1920x1080.jpg","type":"image\/jpeg"}],"author":"Eduardo","twitter_card":"summary_large_image","twitter_misc":{"Escrito por":"Eduardo","Tiempo de lectura":"3 minutos"},"schema":{"@context":"https:\/\/schema.org","@graph":[{"@type":"WebPage","@id":"https:\/\/www.asajacyl.com\/leon\/servicios-socio\/mercadillo\/junio-2020","url":"https:\/\/www.asajacyl.com\/leon\/servicios-socio\/mercadillo\/junio-2020","name":"Junio 2020 - ASAJA Le\u00f3n","isPartOf":{"@id":"https:\/\/www.asajacyl.com\/leon\/#website"},"primaryImageOfPage":{"@id":"https:\/\/www.asajacyl.com\/leon\/servicios-socio\/mercadillo\/junio-2020#primaryimage"},"image":{"@id":"https:\/\/www.asajacyl.com\/leon\/servicios-socio\/mercadillo\/junio-2020#primaryimage"},"thumbnailUrl":"https:\/\/www.asajacyl.com\/leon\/wp-content\/uploads\/sites\/6\/2017\/11\/im_predefinida_1920x1080.jpg","datePublished":"2020-06-30T12:15:44+00:00","dateModified":"2020-06-30T12:16:41+00:00","author":{"@id":"https:\/\/www.asajacyl.com\/leon\/#\/schema\/person\/a39ff3609fc182e4c789ab486e865d32"},"description":"VENDO: Tuber\u00eda de PVC negra. Tel\u00e9fono: 656 801551 \u00a0 VENDO: Un tanque frigor\u00edfico de 2100 litros marca ALFA LAVAL y lavado autom\u00e1tico; 2 filos met\u00e1licos","breadcrumb":{"@id":"https:\/\/www.asajacyl.com\/leon\/servicios-socio\/mercadillo\/junio-2020#breadcrumb"},"inLanguage":"es","potentialAction":[{"@type":"ReadAction","target":["https:\/\/www.asajacyl.com\/leon\/servicios-socio\/mercadillo\/junio-2020"]}]},{"@type":"ImageObject","inLanguage":"es","@id":"https:\/\/www.asajacyl.com\/leon\/servicios-socio\/mercadillo\/junio-2020#primaryimage","url":"https:\/\/www.asajacyl.com\/leon\/wp-content\/uploads\/sites\/6\/2017\/11\/im_predefinida_1920x1080.jpg","contentUrl":"https:\/\/www.asajacyl.com\/leon\/wp-content\/uploads\/sites\/6\/2017\/11\/im_predefinida_1920x1080.jpg","width":1920,"height":1080,"caption":"Logotipo ASAJA Le\u00f3n"},{"@type":"BreadcrumbList","@id":"https:\/\/www.asajacyl.com\/leon\/servicios-socio\/mercadillo\/junio-2020#breadcrumb","itemListElement":[{"@type":"ListItem","position":1,"name":"Portada","item":"https:\/\/www.asajacyl.com\/leon\/"},{"@type":"ListItem","position":2,"name":"Junio 2020"}]},{"@type":"WebSite","@id":"https:\/\/www.asajacyl.com\/leon\/#website","url":"https:\/\/www.asajacyl.com\/leon\/","name":"ASAJA Le\u00f3n","description":"Otro sitio m\u00e1s de Provincias ASAJA Castilla y Le\u00f3n","potentialAction":[{"@type":"SearchAction","target":{"@type":"EntryPoint","urlTemplate":"https:\/\/www.asajacyl.com\/leon\/?s={search_term_string}"},"query-input":{"@type":"PropertyValueSpecification","valueRequired":true,"valueName":"search_term_string"}}],"inLanguage":"es"},{"@type":"Person","@id":"https:\/\/www.asajacyl.com\/leon\/#\/schema\/person\/a39ff3609fc182e4c789ab486e865d32","name":"Eduardo","image":{"@type":"ImageObject","inLanguage":"es","@id":"https:\/\/www.asajacyl.com\/leon\/#\/schema\/person\/image\/","url":"https:\/\/secure.gravatar.com\/avatar\/9ebd6aba21d817dcf9595bc9ca505af5?s=96&d=mm&r=g","contentUrl":"https:\/\/secure.gravatar.com\/avatar\/9ebd6aba21d817dcf9595bc9ca505af5?s=96&d=mm&r=g","caption":"Eduardo"},"url":"https:\/\/www.asajacyl.com\/leon\/author\/eduardovv"}]}},"_links":{"self":[{"href":"https:\/\/www.asajacyl.com\/leon\/wp-json\/wp\/v2\/posts\/11472"}],"collection":[{"href":"https:\/\/www.asajacyl.com\/leon\/wp-json\/wp\/v2\/posts"}],"about":[{"href":"https:\/\/www.asajacyl.com\/leon\/wp-json\/wp\/v2\/types\/post"}],"author":[{"embeddable":true,"href":"https:\/\/www.asajacyl.com\/leon\/wp-json\/wp\/v2\/users\/8"}],"replies":[{"embeddable":true,"href":"https:\/\/www.asajacyl.com\/leon\/wp-json\/wp\/v2\/comments?post=11472"}],"version-history":[{"count":2,"href":"https:\/\/www.asajacyl.com\/leon\/wp-json\/wp\/v2\/posts\/11472\/revisions"}],"predecessor-version":[{"id":11474,"href":"https:\/\/www.asajacyl.com\/leon\/wp-json\/wp\/v2\/posts\/11472\/revisions\/11474"}],"wp:featuredmedia":[{"embeddable":true,"href":"https:\/\/www.asajacyl.com\/leon\/wp-json\/wp\/v2\/media\/8174"}],"wp:attachment":[{"href":"https:\/\/www.asajacyl.com\/leon\/wp-json\/wp\/v2\/media?parent=11472"}],"wp:term":[{"taxonomy":"category","embeddable":true,"href":"https:\/\/www.asajacyl.com\/leon\/wp-json\/wp\/v2\/categories?post=11472"},{"taxonomy":"post_tag","embeddable":true,"href":"https:\/\/www.asajacyl.com\/leon\/wp-json\/wp\/v2\/tags?post=11472"}],"curies":[{"name":"wp","href":"https:\/\/api.w.org\/{rel}","templated":true}]}}