{"id":11552,"date":"2020-07-09T08:27:37","date_gmt":"2020-07-09T06:27:37","guid":{"rendered":"https:\/\/www.asajacyl.com\/leon\/?p=11552"},"modified":"2020-07-09T08:30:37","modified_gmt":"2020-07-09T06:30:37","slug":"c_ov_ca_2020","status":"publish","type":"post","link":"https:\/\/www.asajacyl.com\/leon\/buzon\/c_ov_ca_2020","title":{"rendered":"c_ov_ca_2020"},"content":{"rendered":"<h2><strong>CIRCULAR A LOS GANADEROS <\/strong><strong>DE OVINO Y CAPRINO<\/strong><\/h2>\n<h6>Con motivo de la crisis del sector ovino y caprino a ra\u00edz de la ca\u00edda del consumo de lechazos y cabritos por el COVID19, fruto de las gestiones de las organizaciones agrarias, se aprobaron unas ayudas del Estado, complementadas por la Junta, para compensar parte de las p\u00e9rdidas del sector.<\/h6>\n<h6>Estas ayudas son un complemento a la ayuda asociada que ya se cobra por la PAC. Como se publicaron una vez que ya se hab\u00eda tramitado la PAC, es necesario firmar un anexo a la misma que hay que tramitar en el mismo lugar en el que se tramit\u00f3 la PAC, en tu caso en ASAJA. Para este tr\u00e1mite tenemos de plazo <strong><u>hasta el 31 de agosto<\/u><\/strong>.<\/h6>\n<h6>Por ello, desde ahora hasta esa fecha te has de ocupar de pasar por nuestras oficinas para cumplir ese tr\u00e1mite, teniendo en cuenta que en el mes de agosto, por lo general, tenemos cerradas la mayor\u00eda de nuestras oficinas comarcales, por lo que la gesti\u00f3n tendr\u00eda que ser en la de Le\u00f3n o Ponferrada.<\/h6>\n<h6>Le\u00f3n, 9 de julio de 2020.<\/h6>\n","protected":false},"excerpt":{"rendered":"<p>CIRCULAR A LOS GANADEROS DE OVINO Y CAPRINO Con motivo de la crisis del sector ovino y caprino a ra\u00edz de la ca\u00edda del consumo de lechazos y cabritos por el COVID19, fruto de las gestiones de las organizaciones agrarias, se aprobaron unas ayudas del Estado, complementadas por la Junta, para compensar parte de las [&hellip;]<\/p>\n","protected":false},"author":8,"featured_media":5830,"comment_status":"open","ping_status":"open","sticky":false,"template":"","format":"standard","meta":{"footnotes":""},"categories":[78],"tags":[],"yoast_head":"<!-- This site is optimized with the Yoast SEO plugin v24.5 - https:\/\/yoast.com\/wordpress\/plugins\/seo\/ -->\n<title>c_ov_ca_2020 - ASAJA Le\u00f3n<\/title>\n<meta name=\"description\" content=\"CIRCULAR A LOS GANADEROS DE OVINO Y CAPRINO Con motivo de la crisis del sector ovino y caprino a ra\u00edz de la ca\u00edda del consumo de lechazos y cabritos por\" \/>\n<meta name=\"robots\" content=\"index, follow, max-snippet:-1, max-image-preview:large, max-video-preview:-1\" \/>\n<link rel=\"canonical\" href=\"https:\/\/www.asajacyl.com\/leon\/buzon\/c_ov_ca_2020\" \/>\n<meta property=\"og:locale\" content=\"es_ES\" \/>\n<meta property=\"og:type\" content=\"article\" \/>\n<meta property=\"og:title\" content=\"c_ov_ca_2020 - ASAJA Le\u00f3n\" \/>\n<meta property=\"og:description\" content=\"CIRCULAR A LOS GANADEROS DE OVINO Y CAPRINO Con motivo de la crisis del sector ovino y caprino a ra\u00edz de la ca\u00edda del consumo de lechazos y cabritos por\" \/>\n<meta property=\"og:url\" content=\"https:\/\/www.asajacyl.com\/leon\/buzon\/c_ov_ca_2020\" \/>\n<meta property=\"og:site_name\" content=\"ASAJA Le\u00f3n\" \/>\n<meta property=\"article:published_time\" content=\"2020-07-09T06:27:37+00:00\" \/>\n<meta property=\"article:modified_time\" content=\"2020-07-09T06:30:37+00:00\" \/>\n<meta property=\"og:image\" content=\"https:\/\/www.asajacyl.com\/leon\/wp-content\/uploads\/sites\/6\/2017\/11\/recurso-reba\u00f1o-ovejas-1.jpg\" \/>\n\t<meta property=\"og:image:width\" content=\"1920\" \/>\n\t<meta property=\"og:image:height\" content=\"1080\" \/>\n\t<meta property=\"og:image:type\" content=\"image\/jpeg\" \/>\n<meta name=\"author\" content=\"Eduardo\" \/>\n<meta name=\"twitter:card\" content=\"summary_large_image\" \/>\n<meta name=\"twitter:label1\" content=\"Escrito por\" \/>\n\t<meta name=\"twitter:data1\" content=\"Eduardo\" \/>\n\t<meta name=\"twitter:label2\" content=\"Tiempo de lectura\" \/>\n\t<meta name=\"twitter:data2\" content=\"1 minuto\" \/>\n<script type=\"application\/ld+json\" class=\"yoast-schema-graph\">{\"@context\":\"https:\/\/schema.org\",\"@graph\":[{\"@type\":\"WebPage\",\"@id\":\"https:\/\/www.asajacyl.com\/leon\/buzon\/c_ov_ca_2020\",\"url\":\"https:\/\/www.asajacyl.com\/leon\/buzon\/c_ov_ca_2020\",\"name\":\"c_ov_ca_2020 - ASAJA Le\u00f3n\",\"isPartOf\":{\"@id\":\"https:\/\/www.asajacyl.com\/leon\/#website\"},\"primaryImageOfPage\":{\"@id\":\"https:\/\/www.asajacyl.com\/leon\/buzon\/c_ov_ca_2020#primaryimage\"},\"image\":{\"@id\":\"https:\/\/www.asajacyl.com\/leon\/buzon\/c_ov_ca_2020#primaryimage\"},\"thumbnailUrl\":\"https:\/\/www.asajacyl.com\/leon\/wp-content\/uploads\/sites\/6\/2017\/11\/recurso-reba\u00f1o-ovejas-1.jpg\",\"datePublished\":\"2020-07-09T06:27:37+00:00\",\"dateModified\":\"2020-07-09T06:30:37+00:00\",\"author\":{\"@id\":\"https:\/\/www.asajacyl.com\/leon\/#\/schema\/person\/a39ff3609fc182e4c789ab486e865d32\"},\"description\":\"CIRCULAR A LOS GANADEROS DE OVINO Y CAPRINO Con motivo de la crisis del sector ovino y caprino a ra\u00edz de la ca\u00edda del consumo de lechazos y cabritos por\",\"breadcrumb\":{\"@id\":\"https:\/\/www.asajacyl.com\/leon\/buzon\/c_ov_ca_2020#breadcrumb\"},\"inLanguage\":\"es\",\"potentialAction\":[{\"@type\":\"ReadAction\",\"target\":[\"https:\/\/www.asajacyl.com\/leon\/buzon\/c_ov_ca_2020\"]}]},{\"@type\":\"ImageObject\",\"inLanguage\":\"es\",\"@id\":\"https:\/\/www.asajacyl.com\/leon\/buzon\/c_ov_ca_2020#primaryimage\",\"url\":\"https:\/\/www.asajacyl.com\/leon\/wp-content\/uploads\/sites\/6\/2017\/11\/recurso-reba\u00f1o-ovejas-1.jpg\",\"contentUrl\":\"https:\/\/www.asajacyl.com\/leon\/wp-content\/uploads\/sites\/6\/2017\/11\/recurso-reba\u00f1o-ovejas-1.jpg\",\"width\":1920,\"height\":1080,\"caption\":\"Reba\u00f1o ovejas\"},{\"@type\":\"BreadcrumbList\",\"@id\":\"https:\/\/www.asajacyl.com\/leon\/buzon\/c_ov_ca_2020#breadcrumb\",\"itemListElement\":[{\"@type\":\"ListItem\",\"position\":1,\"name\":\"Portada\",\"item\":\"https:\/\/www.asajacyl.com\/leon\/\"},{\"@type\":\"ListItem\",\"position\":2,\"name\":\"c_ov_ca_2020\"}]},{\"@type\":\"WebSite\",\"@id\":\"https:\/\/www.asajacyl.com\/leon\/#website\",\"url\":\"https:\/\/www.asajacyl.com\/leon\/\",\"name\":\"ASAJA Le\u00f3n\",\"description\":\"Otro sitio m\u00e1s de Provincias ASAJA Castilla y Le\u00f3n\",\"potentialAction\":[{\"@type\":\"SearchAction\",\"target\":{\"@type\":\"EntryPoint\",\"urlTemplate\":\"https:\/\/www.asajacyl.com\/leon\/?s={search_term_string}\"},\"query-input\":{\"@type\":\"PropertyValueSpecification\",\"valueRequired\":true,\"valueName\":\"search_term_string\"}}],\"inLanguage\":\"es\"},{\"@type\":\"Person\",\"@id\":\"https:\/\/www.asajacyl.com\/leon\/#\/schema\/person\/a39ff3609fc182e4c789ab486e865d32\",\"name\":\"Eduardo\",\"image\":{\"@type\":\"ImageObject\",\"inLanguage\":\"es\",\"@id\":\"https:\/\/www.asajacyl.com\/leon\/#\/schema\/person\/image\/\",\"url\":\"https:\/\/secure.gravatar.com\/avatar\/9ebd6aba21d817dcf9595bc9ca505af5?s=96&d=mm&r=g\",\"contentUrl\":\"https:\/\/secure.gravatar.com\/avatar\/9ebd6aba21d817dcf9595bc9ca505af5?s=96&d=mm&r=g\",\"caption\":\"Eduardo\"},\"url\":\"https:\/\/www.asajacyl.com\/leon\/author\/eduardovv\"}]}<\/script>\n<!-- \/ Yoast SEO plugin. -->","yoast_head_json":{"title":"c_ov_ca_2020 - ASAJA Le\u00f3n","description":"CIRCULAR A LOS GANADEROS DE OVINO Y CAPRINO Con motivo de la crisis del sector ovino y caprino a ra\u00edz de la ca\u00edda del consumo de lechazos y cabritos por","robots":{"index":"index","follow":"follow","max-snippet":"max-snippet:-1","max-image-preview":"max-image-preview:large","max-video-preview":"max-video-preview:-1"},"canonical":"https:\/\/www.asajacyl.com\/leon\/buzon\/c_ov_ca_2020","og_locale":"es_ES","og_type":"article","og_title":"c_ov_ca_2020 - ASAJA Le\u00f3n","og_description":"CIRCULAR A LOS GANADEROS DE OVINO Y CAPRINO Con motivo de la crisis del sector ovino y caprino a ra\u00edz de la ca\u00edda del consumo de lechazos y cabritos por","og_url":"https:\/\/www.asajacyl.com\/leon\/buzon\/c_ov_ca_2020","og_site_name":"ASAJA Le\u00f3n","article_published_time":"2020-07-09T06:27:37+00:00","article_modified_time":"2020-07-09T06:30:37+00:00","og_image":[{"width":1920,"height":1080,"url":"https:\/\/www.asajacyl.com\/leon\/wp-content\/uploads\/sites\/6\/2017\/11\/recurso-reba\u00f1o-ovejas-1.jpg","type":"image\/jpeg"}],"author":"Eduardo","twitter_card":"summary_large_image","twitter_misc":{"Escrito por":"Eduardo","Tiempo de lectura":"1 minuto"},"schema":{"@context":"https:\/\/schema.org","@graph":[{"@type":"WebPage","@id":"https:\/\/www.asajacyl.com\/leon\/buzon\/c_ov_ca_2020","url":"https:\/\/www.asajacyl.com\/leon\/buzon\/c_ov_ca_2020","name":"c_ov_ca_2020 - ASAJA Le\u00f3n","isPartOf":{"@id":"https:\/\/www.asajacyl.com\/leon\/#website"},"primaryImageOfPage":{"@id":"https:\/\/www.asajacyl.com\/leon\/buzon\/c_ov_ca_2020#primaryimage"},"image":{"@id":"https:\/\/www.asajacyl.com\/leon\/buzon\/c_ov_ca_2020#primaryimage"},"thumbnailUrl":"https:\/\/www.asajacyl.com\/leon\/wp-content\/uploads\/sites\/6\/2017\/11\/recurso-reba\u00f1o-ovejas-1.jpg","datePublished":"2020-07-09T06:27:37+00:00","dateModified":"2020-07-09T06:30:37+00:00","author":{"@id":"https:\/\/www.asajacyl.com\/leon\/#\/schema\/person\/a39ff3609fc182e4c789ab486e865d32"},"description":"CIRCULAR A LOS GANADEROS DE OVINO Y CAPRINO Con motivo de la crisis del sector ovino y caprino a ra\u00edz de la ca\u00edda del consumo de lechazos y cabritos por","breadcrumb":{"@id":"https:\/\/www.asajacyl.com\/leon\/buzon\/c_ov_ca_2020#breadcrumb"},"inLanguage":"es","potentialAction":[{"@type":"ReadAction","target":["https:\/\/www.asajacyl.com\/leon\/buzon\/c_ov_ca_2020"]}]},{"@type":"ImageObject","inLanguage":"es","@id":"https:\/\/www.asajacyl.com\/leon\/buzon\/c_ov_ca_2020#primaryimage","url":"https:\/\/www.asajacyl.com\/leon\/wp-content\/uploads\/sites\/6\/2017\/11\/recurso-reba\u00f1o-ovejas-1.jpg","contentUrl":"https:\/\/www.asajacyl.com\/leon\/wp-content\/uploads\/sites\/6\/2017\/11\/recurso-reba\u00f1o-ovejas-1.jpg","width":1920,"height":1080,"caption":"Reba\u00f1o ovejas"},{"@type":"BreadcrumbList","@id":"https:\/\/www.asajacyl.com\/leon\/buzon\/c_ov_ca_2020#breadcrumb","itemListElement":[{"@type":"ListItem","position":1,"name":"Portada","item":"https:\/\/www.asajacyl.com\/leon\/"},{"@type":"ListItem","position":2,"name":"c_ov_ca_2020"}]},{"@type":"WebSite","@id":"https:\/\/www.asajacyl.com\/leon\/#website","url":"https:\/\/www.asajacyl.com\/leon\/","name":"ASAJA Le\u00f3n","description":"Otro sitio m\u00e1s de Provincias ASAJA Castilla y Le\u00f3n","potentialAction":[{"@type":"SearchAction","target":{"@type":"EntryPoint","urlTemplate":"https:\/\/www.asajacyl.com\/leon\/?s={search_term_string}"},"query-input":{"@type":"PropertyValueSpecification","valueRequired":true,"valueName":"search_term_string"}}],"inLanguage":"es"},{"@type":"Person","@id":"https:\/\/www.asajacyl.com\/leon\/#\/schema\/person\/a39ff3609fc182e4c789ab486e865d32","name":"Eduardo","image":{"@type":"ImageObject","inLanguage":"es","@id":"https:\/\/www.asajacyl.com\/leon\/#\/schema\/person\/image\/","url":"https:\/\/secure.gravatar.com\/avatar\/9ebd6aba21d817dcf9595bc9ca505af5?s=96&d=mm&r=g","contentUrl":"https:\/\/secure.gravatar.com\/avatar\/9ebd6aba21d817dcf9595bc9ca505af5?s=96&d=mm&r=g","caption":"Eduardo"},"url":"https:\/\/www.asajacyl.com\/leon\/author\/eduardovv"}]}},"_links":{"self":[{"href":"https:\/\/www.asajacyl.com\/leon\/wp-json\/wp\/v2\/posts\/11552"}],"collection":[{"href":"https:\/\/www.asajacyl.com\/leon\/wp-json\/wp\/v2\/posts"}],"about":[{"href":"https:\/\/www.asajacyl.com\/leon\/wp-json\/wp\/v2\/types\/post"}],"author":[{"embeddable":true,"href":"https:\/\/www.asajacyl.com\/leon\/wp-json\/wp\/v2\/users\/8"}],"replies":[{"embeddable":true,"href":"https:\/\/www.asajacyl.com\/leon\/wp-json\/wp\/v2\/comments?post=11552"}],"version-history":[{"count":2,"href":"https:\/\/www.asajacyl.com\/leon\/wp-json\/wp\/v2\/posts\/11552\/revisions"}],"predecessor-version":[{"id":11554,"href":"https:\/\/www.asajacyl.com\/leon\/wp-json\/wp\/v2\/posts\/11552\/revisions\/11554"}],"wp:featuredmedia":[{"embeddable":true,"href":"https:\/\/www.asajacyl.com\/leon\/wp-json\/wp\/v2\/media\/5830"}],"wp:attachment":[{"href":"https:\/\/www.asajacyl.com\/leon\/wp-json\/wp\/v2\/media?parent=11552"}],"wp:term":[{"taxonomy":"category","embeddable":true,"href":"https:\/\/www.asajacyl.com\/leon\/wp-json\/wp\/v2\/categories?post=11552"},{"taxonomy":"post_tag","embeddable":true,"href":"https:\/\/www.asajacyl.com\/leon\/wp-json\/wp\/v2\/tags?post=11552"}],"curies":[{"name":"wp","href":"https:\/\/api.w.org\/{rel}","templated":true}]}}