{"id":11574,"date":"2020-07-16T11:51:52","date_gmt":"2020-07-16T09:51:52","guid":{"rendered":"https:\/\/www.asajacyl.com\/leon\/?p=11574"},"modified":"2020-07-21T15:14:01","modified_gmt":"2020-07-21T13:14:01","slug":"asaja-pide-un-plan-de-actuacion-en-las-zonas-de-montana-para-que-la-incorporacion-de-ganaderos-no-se-convierta-en-un-fracaso","status":"publish","type":"post","link":"https:\/\/www.asajacyl.com\/leon\/asaja-leon-informa\/noticias\/asaja-pide-un-plan-de-actuacion-en-las-zonas-de-montana-para-que-la-incorporacion-de-ganaderos-no-se-convierta-en-un-fracaso","title":{"rendered":"Asaja pide un plan de actuaci\u00f3n en las zonas de monta\u00f1a para que la incorporaci\u00f3n de ganaderos no se convierta en un fracaso"},"content":{"rendered":"<h6>Recientemente se ha cerrado la convocatoria de ayudas a la incorporaci\u00f3n de j\u00f3venes a la agricultura con la presentaci\u00f3n de 219 expedientes en la provincia, y de estos 111 en la rama ganadera, sobre todo en explotaciones de ganado extensivo en zonas de monta\u00f1a. Siendo positivo el dato del elevado n\u00famero de incorporaciones, y positivo el dato de que una gran parte se produzcan en las zonas m\u00e1s desfavorecidas de monta\u00f1a de toda la periferia norte y oeste de la provincia, ASAJA considera que la superficie de pastos disponible es escasa y por lo tanto puede poner en peligro la viabilidad de las explotaciones, siendo m\u00e1s vulnerables las de los j\u00f3venes que empiezan la actividad.<\/h6>\n<h6>ASAJA se ha dirigido al consejero de Fomento y Medio Ambiente, el leon\u00e9s Juan Carlos Su\u00e1rez Qui\u00f1ones, y al de Agricultura y Ganader\u00eda, Jes\u00fas Julio Carnero Garc\u00eda, para que act\u00faen en el territorio de la monta\u00f1a leonesa con medidas que mejoren tanto el fomento de m\u00e1s y mejores pastos, como la propia gesti\u00f3n de los mismos. Mejoras en los pastos que han de consistir en desbroces o quemas controladas para eliminar matorral de fincas que en su d\u00eda fueron de pasto o cultivo, as\u00ed como preservar estas zonas de plantaciones forestales que supondr\u00edan un cambio de uso. Otra actuaci\u00f3n que apunta ASAJA es aumentar la superficie de riego de prados de siega, que es lo contrario de lo que est\u00e1 ocurriendo en la actualidad, ya que las presiones de las confederaciones hidrogr\u00e1ficas y de la Junta sobre los propietarios est\u00e1n haciendo que cada a\u00f1o queden m\u00e1s prados sin regar.<\/h6>\n<h6>Por otra parte, ASAJA ha puesto de manifiesto las caracter\u00edsticas de la propiedad en la monta\u00f1a leonesa, donde la superficie m\u00e1s importante es de terrenos p\u00fablicos, muchos catalogados como Montes de Utilidad P\u00fablica, y donde la propiedad privada la conforman decenas de miles de peque\u00f1as parcelas en manos de peque\u00f1os propietarios. Esto \u00faltimo complica sobremanera la gesti\u00f3n de los pastos y de los reba\u00f1os.<\/h6>\n<h6>Por las razones expuestas de superficie de pastos y caracter\u00edsticas de los mismos, ASAJA considera que la monta\u00f1a leonesa no pueda dar sustento a muchas m\u00e1s cabezas de ganado de las que tiene en la actualidad, por lo que si se est\u00e1 aumentando la caba\u00f1a ganadera por la incorporaci\u00f3n de j\u00f3venes y por el necesario redimensionamiento de las explotaciones, es necesario actuar para aumentar la superficie de pastos y la productividad de los mismos.<\/h6>\n<h6>No es la primera vez que ASAJA incide en esta cuesti\u00f3n. En la campa\u00f1a electoral de las elecciones auton\u00f3micas de 2019 la organizaci\u00f3n agraria plante\u00f3 a los partidos pol\u00edticos, y en concreto al PP, la actuaci\u00f3n en 20.000 hect\u00e1reas de pastos en los montes de la provincia de Le\u00f3n a lo largo de la legislatura. Esta actuaci\u00f3n podr\u00eda ejecutarse en su totalidad con fondos europeos a trav\u00e9s del Programa de Desarrollo Rural, y podr\u00eda contar con la flexibilidad normativa aprobada por la UE con motivo del COVID19.<\/h6>\n<h6>Le\u00f3n, 16 de julio de 2020.<\/h6>\n","protected":false},"excerpt":{"rendered":"<p>Recientemente se ha cerrado la convocatoria de ayudas a la incorporaci\u00f3n de j\u00f3venes a la agricultura con la presentaci\u00f3n de 219 expedientes en la provincia, y de estos 111 en la rama ganadera, sobre todo en explotaciones de ganado extensivo en zonas de monta\u00f1a. Siendo positivo el dato del elevado n\u00famero de incorporaciones, y positivo [&hellip;]<\/p>\n","protected":false},"author":8,"featured_media":11222,"comment_status":"open","ping_status":"open","sticky":false,"template":"","format":"standard","meta":{"footnotes":""},"categories":[4,9],"tags":[],"yoast_head":"<!-- This site is optimized with the Yoast SEO plugin v24.5 - https:\/\/yoast.com\/wordpress\/plugins\/seo\/ -->\n<title>Asaja pide un plan de actuaci\u00f3n en las zonas de monta\u00f1a para que la incorporaci\u00f3n de ganaderos no se convierta en un fracaso - ASAJA Le\u00f3n<\/title>\n<meta name=\"description\" content=\"Recientemente se ha cerrado la convocatoria de ayudas a la incorporaci\u00f3n de j\u00f3venes a la agricultura con la presentaci\u00f3n de 219 expedientes en la\" \/>\n<meta name=\"robots\" content=\"index, follow, max-snippet:-1, max-image-preview:large, max-video-preview:-1\" \/>\n<link rel=\"canonical\" href=\"https:\/\/www.asajacyl.com\/leon\/asaja-leon-informa\/noticias\/asaja-pide-un-plan-de-actuacion-en-las-zonas-de-montana-para-que-la-incorporacion-de-ganaderos-no-se-convierta-en-un-fracaso\" \/>\n<meta property=\"og:locale\" content=\"es_ES\" \/>\n<meta property=\"og:type\" content=\"article\" \/>\n<meta property=\"og:title\" content=\"Asaja pide un plan de actuaci\u00f3n en las zonas de monta\u00f1a para que la incorporaci\u00f3n de ganaderos no se convierta en un fracaso - ASAJA Le\u00f3n\" \/>\n<meta property=\"og:description\" content=\"Recientemente se ha cerrado la convocatoria de ayudas a la incorporaci\u00f3n de j\u00f3venes a la agricultura con la presentaci\u00f3n de 219 expedientes en la\" \/>\n<meta property=\"og:url\" content=\"https:\/\/www.asajacyl.com\/leon\/asaja-leon-informa\/noticias\/asaja-pide-un-plan-de-actuacion-en-las-zonas-de-montana-para-que-la-incorporacion-de-ganaderos-no-se-convierta-en-un-fracaso\" \/>\n<meta property=\"og:site_name\" content=\"ASAJA Le\u00f3n\" \/>\n<meta property=\"article:published_time\" content=\"2020-07-16T09:51:52+00:00\" \/>\n<meta property=\"article:modified_time\" content=\"2020-07-21T13:14:01+00:00\" \/>\n<meta property=\"og:image\" content=\"https:\/\/www.asajacyl.com\/leon\/wp-content\/uploads\/sites\/6\/2020\/04\/vaca_nodriza.jpg\" \/>\n\t<meta property=\"og:image:width\" content=\"2048\" \/>\n\t<meta property=\"og:image:height\" content=\"1536\" \/>\n\t<meta property=\"og:image:type\" content=\"image\/jpeg\" \/>\n<meta name=\"author\" content=\"Eduardo\" \/>\n<meta name=\"twitter:card\" content=\"summary_large_image\" \/>\n<meta name=\"twitter:label1\" content=\"Escrito por\" \/>\n\t<meta name=\"twitter:data1\" content=\"Eduardo\" \/>\n\t<meta name=\"twitter:label2\" content=\"Tiempo de lectura\" \/>\n\t<meta name=\"twitter:data2\" content=\"3 minutos\" \/>\n<script type=\"application\/ld+json\" class=\"yoast-schema-graph\">{\"@context\":\"https:\/\/schema.org\",\"@graph\":[{\"@type\":\"WebPage\",\"@id\":\"https:\/\/www.asajacyl.com\/leon\/asaja-leon-informa\/noticias\/asaja-pide-un-plan-de-actuacion-en-las-zonas-de-montana-para-que-la-incorporacion-de-ganaderos-no-se-convierta-en-un-fracaso\",\"url\":\"https:\/\/www.asajacyl.com\/leon\/asaja-leon-informa\/noticias\/asaja-pide-un-plan-de-actuacion-en-las-zonas-de-montana-para-que-la-incorporacion-de-ganaderos-no-se-convierta-en-un-fracaso\",\"name\":\"Asaja pide un plan de actuaci\u00f3n en las zonas de monta\u00f1a para que la incorporaci\u00f3n de ganaderos no se convierta en un fracaso - ASAJA Le\u00f3n\",\"isPartOf\":{\"@id\":\"https:\/\/www.asajacyl.com\/leon\/#website\"},\"primaryImageOfPage\":{\"@id\":\"https:\/\/www.asajacyl.com\/leon\/asaja-leon-informa\/noticias\/asaja-pide-un-plan-de-actuacion-en-las-zonas-de-montana-para-que-la-incorporacion-de-ganaderos-no-se-convierta-en-un-fracaso#primaryimage\"},\"image\":{\"@id\":\"https:\/\/www.asajacyl.com\/leon\/asaja-leon-informa\/noticias\/asaja-pide-un-plan-de-actuacion-en-las-zonas-de-montana-para-que-la-incorporacion-de-ganaderos-no-se-convierta-en-un-fracaso#primaryimage\"},\"thumbnailUrl\":\"https:\/\/www.asajacyl.com\/leon\/wp-content\/uploads\/sites\/6\/2020\/04\/vaca_nodriza.jpg\",\"datePublished\":\"2020-07-16T09:51:52+00:00\",\"dateModified\":\"2020-07-21T13:14:01+00:00\",\"author\":{\"@id\":\"https:\/\/www.asajacyl.com\/leon\/#\/schema\/person\/a39ff3609fc182e4c789ab486e865d32\"},\"description\":\"Recientemente se ha cerrado la convocatoria de ayudas a la incorporaci\u00f3n de j\u00f3venes a la agricultura con la presentaci\u00f3n de 219 expedientes en la\",\"breadcrumb\":{\"@id\":\"https:\/\/www.asajacyl.com\/leon\/asaja-leon-informa\/noticias\/asaja-pide-un-plan-de-actuacion-en-las-zonas-de-montana-para-que-la-incorporacion-de-ganaderos-no-se-convierta-en-un-fracaso#breadcrumb\"},\"inLanguage\":\"es\",\"potentialAction\":[{\"@type\":\"ReadAction\",\"target\":[\"https:\/\/www.asajacyl.com\/leon\/asaja-leon-informa\/noticias\/asaja-pide-un-plan-de-actuacion-en-las-zonas-de-montana-para-que-la-incorporacion-de-ganaderos-no-se-convierta-en-un-fracaso\"]}]},{\"@type\":\"ImageObject\",\"inLanguage\":\"es\",\"@id\":\"https:\/\/www.asajacyl.com\/leon\/asaja-leon-informa\/noticias\/asaja-pide-un-plan-de-actuacion-en-las-zonas-de-montana-para-que-la-incorporacion-de-ganaderos-no-se-convierta-en-un-fracaso#primaryimage\",\"url\":\"https:\/\/www.asajacyl.com\/leon\/wp-content\/uploads\/sites\/6\/2020\/04\/vaca_nodriza.jpg\",\"contentUrl\":\"https:\/\/www.asajacyl.com\/leon\/wp-content\/uploads\/sites\/6\/2020\/04\/vaca_nodriza.jpg\",\"width\":2048,\"height\":1536},{\"@type\":\"BreadcrumbList\",\"@id\":\"https:\/\/www.asajacyl.com\/leon\/asaja-leon-informa\/noticias\/asaja-pide-un-plan-de-actuacion-en-las-zonas-de-montana-para-que-la-incorporacion-de-ganaderos-no-se-convierta-en-un-fracaso#breadcrumb\",\"itemListElement\":[{\"@type\":\"ListItem\",\"position\":1,\"name\":\"Portada\",\"item\":\"https:\/\/www.asajacyl.com\/leon\/\"},{\"@type\":\"ListItem\",\"position\":2,\"name\":\"Asaja pide un plan de actuaci\u00f3n en las zonas de monta\u00f1a para que la incorporaci\u00f3n de ganaderos no se convierta en un fracaso\"}]},{\"@type\":\"WebSite\",\"@id\":\"https:\/\/www.asajacyl.com\/leon\/#website\",\"url\":\"https:\/\/www.asajacyl.com\/leon\/\",\"name\":\"ASAJA Le\u00f3n\",\"description\":\"Otro sitio m\u00e1s de Provincias ASAJA Castilla y Le\u00f3n\",\"potentialAction\":[{\"@type\":\"SearchAction\",\"target\":{\"@type\":\"EntryPoint\",\"urlTemplate\":\"https:\/\/www.asajacyl.com\/leon\/?s={search_term_string}\"},\"query-input\":{\"@type\":\"PropertyValueSpecification\",\"valueRequired\":true,\"valueName\":\"search_term_string\"}}],\"inLanguage\":\"es\"},{\"@type\":\"Person\",\"@id\":\"https:\/\/www.asajacyl.com\/leon\/#\/schema\/person\/a39ff3609fc182e4c789ab486e865d32\",\"name\":\"Eduardo\",\"image\":{\"@type\":\"ImageObject\",\"inLanguage\":\"es\",\"@id\":\"https:\/\/www.asajacyl.com\/leon\/#\/schema\/person\/image\/\",\"url\":\"https:\/\/secure.gravatar.com\/avatar\/9ebd6aba21d817dcf9595bc9ca505af5?s=96&d=mm&r=g\",\"contentUrl\":\"https:\/\/secure.gravatar.com\/avatar\/9ebd6aba21d817dcf9595bc9ca505af5?s=96&d=mm&r=g\",\"caption\":\"Eduardo\"},\"url\":\"https:\/\/www.asajacyl.com\/leon\/author\/eduardovv\"}]}<\/script>\n<!-- \/ Yoast SEO plugin. -->","yoast_head_json":{"title":"Asaja pide un plan de actuaci\u00f3n en las zonas de monta\u00f1a para que la incorporaci\u00f3n de ganaderos no se convierta en un fracaso - ASAJA Le\u00f3n","description":"Recientemente se ha cerrado la convocatoria de ayudas a la incorporaci\u00f3n de j\u00f3venes a la agricultura con la presentaci\u00f3n de 219 expedientes en la","robots":{"index":"index","follow":"follow","max-snippet":"max-snippet:-1","max-image-preview":"max-image-preview:large","max-video-preview":"max-video-preview:-1"},"canonical":"https:\/\/www.asajacyl.com\/leon\/asaja-leon-informa\/noticias\/asaja-pide-un-plan-de-actuacion-en-las-zonas-de-montana-para-que-la-incorporacion-de-ganaderos-no-se-convierta-en-un-fracaso","og_locale":"es_ES","og_type":"article","og_title":"Asaja pide un plan de actuaci\u00f3n en las zonas de monta\u00f1a para que la incorporaci\u00f3n de ganaderos no se convierta en un fracaso - ASAJA Le\u00f3n","og_description":"Recientemente se ha cerrado la convocatoria de ayudas a la incorporaci\u00f3n de j\u00f3venes a la agricultura con la presentaci\u00f3n de 219 expedientes en la","og_url":"https:\/\/www.asajacyl.com\/leon\/asaja-leon-informa\/noticias\/asaja-pide-un-plan-de-actuacion-en-las-zonas-de-montana-para-que-la-incorporacion-de-ganaderos-no-se-convierta-en-un-fracaso","og_site_name":"ASAJA Le\u00f3n","article_published_time":"2020-07-16T09:51:52+00:00","article_modified_time":"2020-07-21T13:14:01+00:00","og_image":[{"width":2048,"height":1536,"url":"https:\/\/www.asajacyl.com\/leon\/wp-content\/uploads\/sites\/6\/2020\/04\/vaca_nodriza.jpg","type":"image\/jpeg"}],"author":"Eduardo","twitter_card":"summary_large_image","twitter_misc":{"Escrito por":"Eduardo","Tiempo de lectura":"3 minutos"},"schema":{"@context":"https:\/\/schema.org","@graph":[{"@type":"WebPage","@id":"https:\/\/www.asajacyl.com\/leon\/asaja-leon-informa\/noticias\/asaja-pide-un-plan-de-actuacion-en-las-zonas-de-montana-para-que-la-incorporacion-de-ganaderos-no-se-convierta-en-un-fracaso","url":"https:\/\/www.asajacyl.com\/leon\/asaja-leon-informa\/noticias\/asaja-pide-un-plan-de-actuacion-en-las-zonas-de-montana-para-que-la-incorporacion-de-ganaderos-no-se-convierta-en-un-fracaso","name":"Asaja pide un plan de actuaci\u00f3n en las zonas de monta\u00f1a para que la incorporaci\u00f3n de ganaderos no se convierta en un fracaso - ASAJA Le\u00f3n","isPartOf":{"@id":"https:\/\/www.asajacyl.com\/leon\/#website"},"primaryImageOfPage":{"@id":"https:\/\/www.asajacyl.com\/leon\/asaja-leon-informa\/noticias\/asaja-pide-un-plan-de-actuacion-en-las-zonas-de-montana-para-que-la-incorporacion-de-ganaderos-no-se-convierta-en-un-fracaso#primaryimage"},"image":{"@id":"https:\/\/www.asajacyl.com\/leon\/asaja-leon-informa\/noticias\/asaja-pide-un-plan-de-actuacion-en-las-zonas-de-montana-para-que-la-incorporacion-de-ganaderos-no-se-convierta-en-un-fracaso#primaryimage"},"thumbnailUrl":"https:\/\/www.asajacyl.com\/leon\/wp-content\/uploads\/sites\/6\/2020\/04\/vaca_nodriza.jpg","datePublished":"2020-07-16T09:51:52+00:00","dateModified":"2020-07-21T13:14:01+00:00","author":{"@id":"https:\/\/www.asajacyl.com\/leon\/#\/schema\/person\/a39ff3609fc182e4c789ab486e865d32"},"description":"Recientemente se ha cerrado la convocatoria de ayudas a la incorporaci\u00f3n de j\u00f3venes a la agricultura con la presentaci\u00f3n de 219 expedientes en la","breadcrumb":{"@id":"https:\/\/www.asajacyl.com\/leon\/asaja-leon-informa\/noticias\/asaja-pide-un-plan-de-actuacion-en-las-zonas-de-montana-para-que-la-incorporacion-de-ganaderos-no-se-convierta-en-un-fracaso#breadcrumb"},"inLanguage":"es","potentialAction":[{"@type":"ReadAction","target":["https:\/\/www.asajacyl.com\/leon\/asaja-leon-informa\/noticias\/asaja-pide-un-plan-de-actuacion-en-las-zonas-de-montana-para-que-la-incorporacion-de-ganaderos-no-se-convierta-en-un-fracaso"]}]},{"@type":"ImageObject","inLanguage":"es","@id":"https:\/\/www.asajacyl.com\/leon\/asaja-leon-informa\/noticias\/asaja-pide-un-plan-de-actuacion-en-las-zonas-de-montana-para-que-la-incorporacion-de-ganaderos-no-se-convierta-en-un-fracaso#primaryimage","url":"https:\/\/www.asajacyl.com\/leon\/wp-content\/uploads\/sites\/6\/2020\/04\/vaca_nodriza.jpg","contentUrl":"https:\/\/www.asajacyl.com\/leon\/wp-content\/uploads\/sites\/6\/2020\/04\/vaca_nodriza.jpg","width":2048,"height":1536},{"@type":"BreadcrumbList","@id":"https:\/\/www.asajacyl.com\/leon\/asaja-leon-informa\/noticias\/asaja-pide-un-plan-de-actuacion-en-las-zonas-de-montana-para-que-la-incorporacion-de-ganaderos-no-se-convierta-en-un-fracaso#breadcrumb","itemListElement":[{"@type":"ListItem","position":1,"name":"Portada","item":"https:\/\/www.asajacyl.com\/leon\/"},{"@type":"ListItem","position":2,"name":"Asaja pide un plan de actuaci\u00f3n en las zonas de monta\u00f1a para que la incorporaci\u00f3n de ganaderos no se convierta en un fracaso"}]},{"@type":"WebSite","@id":"https:\/\/www.asajacyl.com\/leon\/#website","url":"https:\/\/www.asajacyl.com\/leon\/","name":"ASAJA Le\u00f3n","description":"Otro sitio m\u00e1s de Provincias ASAJA Castilla y Le\u00f3n","potentialAction":[{"@type":"SearchAction","target":{"@type":"EntryPoint","urlTemplate":"https:\/\/www.asajacyl.com\/leon\/?s={search_term_string}"},"query-input":{"@type":"PropertyValueSpecification","valueRequired":true,"valueName":"search_term_string"}}],"inLanguage":"es"},{"@type":"Person","@id":"https:\/\/www.asajacyl.com\/leon\/#\/schema\/person\/a39ff3609fc182e4c789ab486e865d32","name":"Eduardo","image":{"@type":"ImageObject","inLanguage":"es","@id":"https:\/\/www.asajacyl.com\/leon\/#\/schema\/person\/image\/","url":"https:\/\/secure.gravatar.com\/avatar\/9ebd6aba21d817dcf9595bc9ca505af5?s=96&d=mm&r=g","contentUrl":"https:\/\/secure.gravatar.com\/avatar\/9ebd6aba21d817dcf9595bc9ca505af5?s=96&d=mm&r=g","caption":"Eduardo"},"url":"https:\/\/www.asajacyl.com\/leon\/author\/eduardovv"}]}},"_links":{"self":[{"href":"https:\/\/www.asajacyl.com\/leon\/wp-json\/wp\/v2\/posts\/11574"}],"collection":[{"href":"https:\/\/www.asajacyl.com\/leon\/wp-json\/wp\/v2\/posts"}],"about":[{"href":"https:\/\/www.asajacyl.com\/leon\/wp-json\/wp\/v2\/types\/post"}],"author":[{"embeddable":true,"href":"https:\/\/www.asajacyl.com\/leon\/wp-json\/wp\/v2\/users\/8"}],"replies":[{"embeddable":true,"href":"https:\/\/www.asajacyl.com\/leon\/wp-json\/wp\/v2\/comments?post=11574"}],"version-history":[{"count":1,"href":"https:\/\/www.asajacyl.com\/leon\/wp-json\/wp\/v2\/posts\/11574\/revisions"}],"predecessor-version":[{"id":11575,"href":"https:\/\/www.asajacyl.com\/leon\/wp-json\/wp\/v2\/posts\/11574\/revisions\/11575"}],"wp:featuredmedia":[{"embeddable":true,"href":"https:\/\/www.asajacyl.com\/leon\/wp-json\/wp\/v2\/media\/11222"}],"wp:attachment":[{"href":"https:\/\/www.asajacyl.com\/leon\/wp-json\/wp\/v2\/media?parent=11574"}],"wp:term":[{"taxonomy":"category","embeddable":true,"href":"https:\/\/www.asajacyl.com\/leon\/wp-json\/wp\/v2\/categories?post=11574"},{"taxonomy":"post_tag","embeddable":true,"href":"https:\/\/www.asajacyl.com\/leon\/wp-json\/wp\/v2\/tags?post=11574"}],"curies":[{"name":"wp","href":"https:\/\/api.w.org\/{rel}","templated":true}]}}