{"id":11863,"date":"2020-11-27T11:58:06","date_gmt":"2020-11-27T10:58:06","guid":{"rendered":"https:\/\/www.asajacyl.com\/leon\/?p=11863"},"modified":"2020-11-27T11:58:07","modified_gmt":"2020-11-27T10:58:07","slug":"comeremos-menos","status":"publish","type":"post","link":"https:\/\/www.asajacyl.com\/leon\/asaja-leon-informa\/opinion-asaja\/comeremos-menos","title":{"rendered":"Comeremos menos"},"content":{"rendered":"\n<h6>Las restricciones que ya se preparan de cara a las fiestas navide\u00f1as para luchar contra el COVID, en la l\u00ednea de no permitir reuniones de m\u00e1s de seis personas, van a tener un efecto desincentivador del consumo, lo que puede ser bueno a corto plazo en la econom\u00eda dom\u00e9stica y quiz\u00e1s tambi\u00e9n para la salud y para ciertos c\u00e1nones de belleza, pero sin duda ser\u00e1 nefasto para la econom\u00eda en general y en particular para la agricultura y las empresas agroalimentarias. La teor\u00eda es muy sencilla: en las comidas numerosas, de esas que se celebraban con amigos , con familiares o con compa\u00f1eros de trabajo, se come m\u00e1s y se desperdicia m\u00e1s, y consecuencia de ambos factores de gasta m\u00e1s. Es evidente que en una comida numerosa, en la que por lo general se est\u00e1 a gusto ya que suelen ser voluntarias y no forzosas, el tiempo en la mesa se alarga, se come muchas veces porque eso es parte de la fiesta, se come a veces por la insistencia del de al lado, o del anfitri\u00f3n, o por probar de todo, y se bebe m\u00e1s de lo que lo har\u00edamos en una comida en la intimidad del c\u00edrculo familiar m\u00e1s pr\u00f3ximo. En esas comidas de seis que tiene previsto el Gobierno pienso yo que con una botella de vino sobrar\u00e1, dicho claro est\u00e1 haciendo una media. En una comida m\u00e1s numerosa, se bebe m\u00e1s, y se abre una mayor variedad, pues lo normal es que a unos le guste el tinto, a otros el blanco, y a otros el rosado, por lo que al final, entre lo que se bebe y lo que se tira, se ventilan varias botellas de Albar\u00edn o Godello, de Menc\u00eda y de Prieto Picudo. No veo yo mucho inter\u00e9s en comprar un lechazo para seis, ni en encargar tartas como la rueda del carro de grandes, ni en quitarle el polvo a las botellas de licores que ya solo se consumen en los d\u00edas se\u00f1alados. Las comidas y las cenas de navidad, as\u00ed planteadas, ser\u00e1n un desastre, un fracaso, y siendo cierto que supondr\u00e1n un ahorro para la mayor\u00eda de las familias, no es menos cierto que la econom\u00eda se mueve cuando todos hacemos excesos, cuando nos gastamos lo que tenemos y lo que nos dejan endeudarnos, cuando tiramos la casa por la venta para agasajar a los nuestros. Pero que haya salud.<\/h6>\n<h6>*Art\u00edculo de opini\u00f3n de Jos\u00e9 Antonio Turrado publicado en La Nueva Cr\u00f3nica del viernes27 de noviembre de 2020.<\/h6>\n","protected":false},"excerpt":{"rendered":"<p>Las restricciones que ya se preparan de cara a las fiestas navide\u00f1as para luchar contra el COVID, en la l\u00ednea de no permitir reuniones de m\u00e1s de seis personas, van a tener un efecto desincentivador del consumo, lo que puede ser bueno a corto plazo en la econom\u00eda dom\u00e9stica y quiz\u00e1s tambi\u00e9n para la salud [&hellip;]<\/p>\n","protected":false},"author":8,"featured_media":11185,"comment_status":"open","ping_status":"open","sticky":false,"template":"","format":"standard","meta":{"footnotes":""},"categories":[4,11],"tags":[],"yoast_head":"<!-- This site is optimized with the Yoast SEO plugin v24.5 - https:\/\/yoast.com\/wordpress\/plugins\/seo\/ -->\n<title>Comeremos menos - ASAJA Le\u00f3n<\/title>\n<meta name=\"description\" content=\"Las restricciones que ya se preparan de cara a las fiestas navide\u00f1as para luchar contra el COVID, en la l\u00ednea de no permitir reuniones de m\u00e1s de seis\" \/>\n<meta name=\"robots\" content=\"index, follow, max-snippet:-1, max-image-preview:large, max-video-preview:-1\" \/>\n<link rel=\"canonical\" href=\"https:\/\/www.asajacyl.com\/leon\/asaja-leon-informa\/opinion-asaja\/comeremos-menos\" \/>\n<meta property=\"og:locale\" content=\"es_ES\" \/>\n<meta property=\"og:type\" content=\"article\" \/>\n<meta property=\"og:title\" content=\"Comeremos menos - ASAJA Le\u00f3n\" \/>\n<meta property=\"og:description\" content=\"Las restricciones que ya se preparan de cara a las fiestas navide\u00f1as para luchar contra el COVID, en la l\u00ednea de no permitir reuniones de m\u00e1s de seis\" \/>\n<meta property=\"og:url\" content=\"https:\/\/www.asajacyl.com\/leon\/asaja-leon-informa\/opinion-asaja\/comeremos-menos\" \/>\n<meta property=\"og:site_name\" content=\"ASAJA Le\u00f3n\" \/>\n<meta property=\"article:published_time\" content=\"2020-11-27T10:58:06+00:00\" \/>\n<meta property=\"article:modified_time\" content=\"2020-11-27T10:58:07+00:00\" \/>\n<meta property=\"og:image\" content=\"https:\/\/www.asajacyl.com\/leon\/wp-content\/uploads\/sites\/6\/2020\/03\/CORDERO_PARA_ASAR.jpg\" \/>\n\t<meta property=\"og:image:width\" content=\"1920\" \/>\n\t<meta property=\"og:image:height\" content=\"1198\" \/>\n\t<meta property=\"og:image:type\" content=\"image\/jpeg\" \/>\n<meta name=\"author\" content=\"Eduardo\" \/>\n<meta name=\"twitter:card\" content=\"summary_large_image\" \/>\n<meta name=\"twitter:label1\" content=\"Escrito por\" \/>\n\t<meta name=\"twitter:data1\" content=\"Eduardo\" \/>\n\t<meta name=\"twitter:label2\" content=\"Tiempo de lectura\" \/>\n\t<meta name=\"twitter:data2\" content=\"2 minutos\" \/>\n<script type=\"application\/ld+json\" class=\"yoast-schema-graph\">{\"@context\":\"https:\/\/schema.org\",\"@graph\":[{\"@type\":\"WebPage\",\"@id\":\"https:\/\/www.asajacyl.com\/leon\/asaja-leon-informa\/opinion-asaja\/comeremos-menos\",\"url\":\"https:\/\/www.asajacyl.com\/leon\/asaja-leon-informa\/opinion-asaja\/comeremos-menos\",\"name\":\"Comeremos menos - ASAJA Le\u00f3n\",\"isPartOf\":{\"@id\":\"https:\/\/www.asajacyl.com\/leon\/#website\"},\"primaryImageOfPage\":{\"@id\":\"https:\/\/www.asajacyl.com\/leon\/asaja-leon-informa\/opinion-asaja\/comeremos-menos#primaryimage\"},\"image\":{\"@id\":\"https:\/\/www.asajacyl.com\/leon\/asaja-leon-informa\/opinion-asaja\/comeremos-menos#primaryimage\"},\"thumbnailUrl\":\"https:\/\/www.asajacyl.com\/leon\/wp-content\/uploads\/sites\/6\/2020\/03\/CORDERO_PARA_ASAR.jpg\",\"datePublished\":\"2020-11-27T10:58:06+00:00\",\"dateModified\":\"2020-11-27T10:58:07+00:00\",\"author\":{\"@id\":\"https:\/\/www.asajacyl.com\/leon\/#\/schema\/person\/a39ff3609fc182e4c789ab486e865d32\"},\"description\":\"Las restricciones que ya se preparan de cara a las fiestas navide\u00f1as para luchar contra el COVID, en la l\u00ednea de no permitir reuniones de m\u00e1s de seis\",\"breadcrumb\":{\"@id\":\"https:\/\/www.asajacyl.com\/leon\/asaja-leon-informa\/opinion-asaja\/comeremos-menos#breadcrumb\"},\"inLanguage\":\"es\",\"potentialAction\":[{\"@type\":\"ReadAction\",\"target\":[\"https:\/\/www.asajacyl.com\/leon\/asaja-leon-informa\/opinion-asaja\/comeremos-menos\"]}]},{\"@type\":\"ImageObject\",\"inLanguage\":\"es\",\"@id\":\"https:\/\/www.asajacyl.com\/leon\/asaja-leon-informa\/opinion-asaja\/comeremos-menos#primaryimage\",\"url\":\"https:\/\/www.asajacyl.com\/leon\/wp-content\/uploads\/sites\/6\/2020\/03\/CORDERO_PARA_ASAR.jpg\",\"contentUrl\":\"https:\/\/www.asajacyl.com\/leon\/wp-content\/uploads\/sites\/6\/2020\/03\/CORDERO_PARA_ASAR.jpg\",\"width\":1920,\"height\":1198},{\"@type\":\"BreadcrumbList\",\"@id\":\"https:\/\/www.asajacyl.com\/leon\/asaja-leon-informa\/opinion-asaja\/comeremos-menos#breadcrumb\",\"itemListElement\":[{\"@type\":\"ListItem\",\"position\":1,\"name\":\"Portada\",\"item\":\"https:\/\/www.asajacyl.com\/leon\/\"},{\"@type\":\"ListItem\",\"position\":2,\"name\":\"Comeremos menos\"}]},{\"@type\":\"WebSite\",\"@id\":\"https:\/\/www.asajacyl.com\/leon\/#website\",\"url\":\"https:\/\/www.asajacyl.com\/leon\/\",\"name\":\"ASAJA Le\u00f3n\",\"description\":\"Otro sitio m\u00e1s de Provincias ASAJA Castilla y Le\u00f3n\",\"potentialAction\":[{\"@type\":\"SearchAction\",\"target\":{\"@type\":\"EntryPoint\",\"urlTemplate\":\"https:\/\/www.asajacyl.com\/leon\/?s={search_term_string}\"},\"query-input\":{\"@type\":\"PropertyValueSpecification\",\"valueRequired\":true,\"valueName\":\"search_term_string\"}}],\"inLanguage\":\"es\"},{\"@type\":\"Person\",\"@id\":\"https:\/\/www.asajacyl.com\/leon\/#\/schema\/person\/a39ff3609fc182e4c789ab486e865d32\",\"name\":\"Eduardo\",\"image\":{\"@type\":\"ImageObject\",\"inLanguage\":\"es\",\"@id\":\"https:\/\/www.asajacyl.com\/leon\/#\/schema\/person\/image\/\",\"url\":\"https:\/\/secure.gravatar.com\/avatar\/9ebd6aba21d817dcf9595bc9ca505af5?s=96&d=mm&r=g\",\"contentUrl\":\"https:\/\/secure.gravatar.com\/avatar\/9ebd6aba21d817dcf9595bc9ca505af5?s=96&d=mm&r=g\",\"caption\":\"Eduardo\"},\"url\":\"https:\/\/www.asajacyl.com\/leon\/author\/eduardovv\"}]}<\/script>\n<!-- \/ Yoast SEO plugin. -->","yoast_head_json":{"title":"Comeremos menos - ASAJA Le\u00f3n","description":"Las restricciones que ya se preparan de cara a las fiestas navide\u00f1as para luchar contra el COVID, en la l\u00ednea de no permitir reuniones de m\u00e1s de seis","robots":{"index":"index","follow":"follow","max-snippet":"max-snippet:-1","max-image-preview":"max-image-preview:large","max-video-preview":"max-video-preview:-1"},"canonical":"https:\/\/www.asajacyl.com\/leon\/asaja-leon-informa\/opinion-asaja\/comeremos-menos","og_locale":"es_ES","og_type":"article","og_title":"Comeremos menos - ASAJA Le\u00f3n","og_description":"Las restricciones que ya se preparan de cara a las fiestas navide\u00f1as para luchar contra el COVID, en la l\u00ednea de no permitir reuniones de m\u00e1s de seis","og_url":"https:\/\/www.asajacyl.com\/leon\/asaja-leon-informa\/opinion-asaja\/comeremos-menos","og_site_name":"ASAJA Le\u00f3n","article_published_time":"2020-11-27T10:58:06+00:00","article_modified_time":"2020-11-27T10:58:07+00:00","og_image":[{"width":1920,"height":1198,"url":"https:\/\/www.asajacyl.com\/leon\/wp-content\/uploads\/sites\/6\/2020\/03\/CORDERO_PARA_ASAR.jpg","type":"image\/jpeg"}],"author":"Eduardo","twitter_card":"summary_large_image","twitter_misc":{"Escrito por":"Eduardo","Tiempo de lectura":"2 minutos"},"schema":{"@context":"https:\/\/schema.org","@graph":[{"@type":"WebPage","@id":"https:\/\/www.asajacyl.com\/leon\/asaja-leon-informa\/opinion-asaja\/comeremos-menos","url":"https:\/\/www.asajacyl.com\/leon\/asaja-leon-informa\/opinion-asaja\/comeremos-menos","name":"Comeremos menos - ASAJA Le\u00f3n","isPartOf":{"@id":"https:\/\/www.asajacyl.com\/leon\/#website"},"primaryImageOfPage":{"@id":"https:\/\/www.asajacyl.com\/leon\/asaja-leon-informa\/opinion-asaja\/comeremos-menos#primaryimage"},"image":{"@id":"https:\/\/www.asajacyl.com\/leon\/asaja-leon-informa\/opinion-asaja\/comeremos-menos#primaryimage"},"thumbnailUrl":"https:\/\/www.asajacyl.com\/leon\/wp-content\/uploads\/sites\/6\/2020\/03\/CORDERO_PARA_ASAR.jpg","datePublished":"2020-11-27T10:58:06+00:00","dateModified":"2020-11-27T10:58:07+00:00","author":{"@id":"https:\/\/www.asajacyl.com\/leon\/#\/schema\/person\/a39ff3609fc182e4c789ab486e865d32"},"description":"Las restricciones que ya se preparan de cara a las fiestas navide\u00f1as para luchar contra el COVID, en la l\u00ednea de no permitir reuniones de m\u00e1s de seis","breadcrumb":{"@id":"https:\/\/www.asajacyl.com\/leon\/asaja-leon-informa\/opinion-asaja\/comeremos-menos#breadcrumb"},"inLanguage":"es","potentialAction":[{"@type":"ReadAction","target":["https:\/\/www.asajacyl.com\/leon\/asaja-leon-informa\/opinion-asaja\/comeremos-menos"]}]},{"@type":"ImageObject","inLanguage":"es","@id":"https:\/\/www.asajacyl.com\/leon\/asaja-leon-informa\/opinion-asaja\/comeremos-menos#primaryimage","url":"https:\/\/www.asajacyl.com\/leon\/wp-content\/uploads\/sites\/6\/2020\/03\/CORDERO_PARA_ASAR.jpg","contentUrl":"https:\/\/www.asajacyl.com\/leon\/wp-content\/uploads\/sites\/6\/2020\/03\/CORDERO_PARA_ASAR.jpg","width":1920,"height":1198},{"@type":"BreadcrumbList","@id":"https:\/\/www.asajacyl.com\/leon\/asaja-leon-informa\/opinion-asaja\/comeremos-menos#breadcrumb","itemListElement":[{"@type":"ListItem","position":1,"name":"Portada","item":"https:\/\/www.asajacyl.com\/leon\/"},{"@type":"ListItem","position":2,"name":"Comeremos menos"}]},{"@type":"WebSite","@id":"https:\/\/www.asajacyl.com\/leon\/#website","url":"https:\/\/www.asajacyl.com\/leon\/","name":"ASAJA Le\u00f3n","description":"Otro sitio m\u00e1s de Provincias ASAJA Castilla y Le\u00f3n","potentialAction":[{"@type":"SearchAction","target":{"@type":"EntryPoint","urlTemplate":"https:\/\/www.asajacyl.com\/leon\/?s={search_term_string}"},"query-input":{"@type":"PropertyValueSpecification","valueRequired":true,"valueName":"search_term_string"}}],"inLanguage":"es"},{"@type":"Person","@id":"https:\/\/www.asajacyl.com\/leon\/#\/schema\/person\/a39ff3609fc182e4c789ab486e865d32","name":"Eduardo","image":{"@type":"ImageObject","inLanguage":"es","@id":"https:\/\/www.asajacyl.com\/leon\/#\/schema\/person\/image\/","url":"https:\/\/secure.gravatar.com\/avatar\/9ebd6aba21d817dcf9595bc9ca505af5?s=96&d=mm&r=g","contentUrl":"https:\/\/secure.gravatar.com\/avatar\/9ebd6aba21d817dcf9595bc9ca505af5?s=96&d=mm&r=g","caption":"Eduardo"},"url":"https:\/\/www.asajacyl.com\/leon\/author\/eduardovv"}]}},"_links":{"self":[{"href":"https:\/\/www.asajacyl.com\/leon\/wp-json\/wp\/v2\/posts\/11863"}],"collection":[{"href":"https:\/\/www.asajacyl.com\/leon\/wp-json\/wp\/v2\/posts"}],"about":[{"href":"https:\/\/www.asajacyl.com\/leon\/wp-json\/wp\/v2\/types\/post"}],"author":[{"embeddable":true,"href":"https:\/\/www.asajacyl.com\/leon\/wp-json\/wp\/v2\/users\/8"}],"replies":[{"embeddable":true,"href":"https:\/\/www.asajacyl.com\/leon\/wp-json\/wp\/v2\/comments?post=11863"}],"version-history":[{"count":1,"href":"https:\/\/www.asajacyl.com\/leon\/wp-json\/wp\/v2\/posts\/11863\/revisions"}],"predecessor-version":[{"id":11864,"href":"https:\/\/www.asajacyl.com\/leon\/wp-json\/wp\/v2\/posts\/11863\/revisions\/11864"}],"wp:featuredmedia":[{"embeddable":true,"href":"https:\/\/www.asajacyl.com\/leon\/wp-json\/wp\/v2\/media\/11185"}],"wp:attachment":[{"href":"https:\/\/www.asajacyl.com\/leon\/wp-json\/wp\/v2\/media?parent=11863"}],"wp:term":[{"taxonomy":"category","embeddable":true,"href":"https:\/\/www.asajacyl.com\/leon\/wp-json\/wp\/v2\/categories?post=11863"},{"taxonomy":"post_tag","embeddable":true,"href":"https:\/\/www.asajacyl.com\/leon\/wp-json\/wp\/v2\/tags?post=11863"}],"curies":[{"name":"wp","href":"https:\/\/api.w.org\/{rel}","templated":true}]}}