{"id":12026,"date":"2021-01-29T09:14:56","date_gmt":"2021-01-29T08:14:56","guid":{"rendered":"https:\/\/www.asajacyl.com\/leon\/?p=12026"},"modified":"2021-01-29T09:17:25","modified_gmt":"2021-01-29T08:17:25","slug":"cir_1_2021","status":"publish","type":"post","link":"https:\/\/www.asajacyl.com\/leon\/buzon\/cir_1_2021","title":{"rendered":"cir_1_2021"},"content":{"rendered":"\n<h2 style=\"text-align: center\"><strong>CAMBIOS EN EL VALOR DE LOS <\/strong><strong>DERECHOS DE PAGO B\u00c1SICO<\/strong><\/h2>\n<h6>Le\u00f3n, 29 de enero de 2021.<\/h6>\n<h6>El pasado mi\u00e9rcoles d\u00eda 27 de enero se public\u00f3 en el BOE un Real Decreto por el que se regula la tramitaci\u00f3n de las PAC en los a\u00f1os de transici\u00f3n 2021 y 2022. El aspecto m\u00e1s importante es <strong><u>un cambio de valor de los derechos de pago b\u00e1sico aplicando el denominado mecanismo de convergencia<\/u><\/strong> entre agricultores de una misma regi\u00f3n productiva, de forma que los que tienen derechos de valor m\u00e1s alto de la media pierden parte de su importe y los que tienen derechos de valor m\u00e1s bajo de la media mejoran en su importe, y esto para este a\u00f1o 2021 y de nuevo se volver\u00e1 a calcular dentro de un a\u00f1o para aplicar en el 2022.\u00a0 Tambi\u00e9n influir\u00e1 en las ayudas de la PAC un <strong><u>recorte para todos los productores de pr\u00e1cticamente un 2% <\/u><\/strong>debido a porcentaje similar de reducci\u00f3n del presupuesto de ayudas. Para muchos agricultores y ganaderos la aplicaci\u00f3n de ambas medidas, sobre todo la de la convergencia, supone importes muy importantes.<\/h6>\n<h6>Los socios que pod\u00e1is estar m\u00e1s familiarizados con las nuevas tecnolog\u00edas pod\u00e9is consultar el valor de vuestros nuevos derechos en la p\u00e1gina web del FEGA, para lo que necesit\u00e1is el c\u00f3digo que se usa para hacer la PAC y la referencia de uno de vuestros derechos. <strong>No obstante, en nuestras oficinas estamos en condiciones de consultar esa informaci\u00f3n y proporcion\u00e1rosla, e incluso de entreg\u00e1rosla en formato papel.<\/strong><\/h6>\n<h6>Si nos mandas tu nombre y apellidos y n\u00famero DNI al Whatsapp 639944464 con <u>mensaje de texto<\/u>, te contestamos con esta informaci\u00f3n.<\/h6>\n<h6>Aprovecho para pedirte que vayas preparando la documentaci\u00f3n para la PAC de 2021 cuyos meses fuertes ser\u00e1n marzo y abril. No olvides que la situaci\u00f3n de pandemia complica el trabajo en las oficinas y la relaci\u00f3n con la administraci\u00f3n, por lo que nos conviene a todos adelantar el trabajo lo posible y quitar esta preocupaci\u00f3n del medio.<\/h6>\n<h6>Recibe un saludo.<\/h6>\n<h6>\u00a0<\/h6>\n<h6 style=\"text-align: center\">Fdo.: Jos\u00e9 Antonio Turrado<\/h6>\n<h6 style=\"text-align: center\">Secretario general<\/h6>\n","protected":false},"excerpt":{"rendered":"<p>CAMBIOS EN EL VALOR DE LOS DERECHOS DE PAGO B\u00c1SICO Le\u00f3n, 29 de enero de 2021. El pasado mi\u00e9rcoles d\u00eda 27 de enero se public\u00f3 en el BOE un Real Decreto por el que se regula la tramitaci\u00f3n de las PAC en los a\u00f1os de transici\u00f3n 2021 y 2022. El aspecto m\u00e1s importante es un [&hellip;]<\/p>\n","protected":false},"author":8,"featured_media":4153,"comment_status":"open","ping_status":"open","sticky":false,"template":"","format":"standard","meta":{"footnotes":""},"categories":[78],"tags":[],"yoast_head":"<!-- This site is optimized with the Yoast SEO plugin v24.5 - https:\/\/yoast.com\/wordpress\/plugins\/seo\/ -->\n<title>cir_1_2021 - ASAJA Le\u00f3n<\/title>\n<meta name=\"description\" content=\"CAMBIOS EN EL VALOR DE LOS DERECHOS DE PAGO B\u00c1SICO Le\u00f3n, 29 de enero de 2021. El pasado mi\u00e9rcoles d\u00eda 27 de enero se public\u00f3 en el BOE un Real Decreto por\" \/>\n<meta name=\"robots\" content=\"index, follow, max-snippet:-1, max-image-preview:large, max-video-preview:-1\" \/>\n<link rel=\"canonical\" href=\"https:\/\/www.asajacyl.com\/leon\/buzon\/cir_1_2021\" \/>\n<meta property=\"og:locale\" content=\"es_ES\" \/>\n<meta property=\"og:type\" content=\"article\" \/>\n<meta property=\"og:title\" content=\"cir_1_2021 - ASAJA Le\u00f3n\" \/>\n<meta property=\"og:description\" content=\"CAMBIOS EN EL VALOR DE LOS DERECHOS DE PAGO B\u00c1SICO Le\u00f3n, 29 de enero de 2021. El pasado mi\u00e9rcoles d\u00eda 27 de enero se public\u00f3 en el BOE un Real Decreto por\" \/>\n<meta property=\"og:url\" content=\"https:\/\/www.asajacyl.com\/leon\/buzon\/cir_1_2021\" \/>\n<meta property=\"og:site_name\" content=\"ASAJA Le\u00f3n\" \/>\n<meta property=\"article:published_time\" content=\"2021-01-29T08:14:56+00:00\" \/>\n<meta property=\"article:modified_time\" content=\"2021-01-29T08:17:25+00:00\" \/>\n<meta property=\"og:image\" content=\"https:\/\/www.asajacyl.com\/leon\/wp-content\/uploads\/sites\/6\/2017\/11\/leon-1024x683.jpg\" \/>\n\t<meta property=\"og:image:width\" content=\"1024\" \/>\n\t<meta property=\"og:image:height\" content=\"683\" \/>\n\t<meta property=\"og:image:type\" content=\"image\/jpeg\" \/>\n<meta name=\"author\" content=\"Eduardo\" \/>\n<meta name=\"twitter:card\" content=\"summary_large_image\" \/>\n<meta name=\"twitter:label1\" content=\"Escrito por\" \/>\n\t<meta name=\"twitter:data1\" content=\"Eduardo\" \/>\n\t<meta name=\"twitter:label2\" content=\"Tiempo de lectura\" \/>\n\t<meta name=\"twitter:data2\" content=\"2 minutos\" \/>\n<script type=\"application\/ld+json\" class=\"yoast-schema-graph\">{\"@context\":\"https:\/\/schema.org\",\"@graph\":[{\"@type\":\"WebPage\",\"@id\":\"https:\/\/www.asajacyl.com\/leon\/buzon\/cir_1_2021\",\"url\":\"https:\/\/www.asajacyl.com\/leon\/buzon\/cir_1_2021\",\"name\":\"cir_1_2021 - ASAJA Le\u00f3n\",\"isPartOf\":{\"@id\":\"https:\/\/www.asajacyl.com\/leon\/#website\"},\"primaryImageOfPage\":{\"@id\":\"https:\/\/www.asajacyl.com\/leon\/buzon\/cir_1_2021#primaryimage\"},\"image\":{\"@id\":\"https:\/\/www.asajacyl.com\/leon\/buzon\/cir_1_2021#primaryimage\"},\"thumbnailUrl\":\"https:\/\/www.asajacyl.com\/leon\/wp-content\/uploads\/sites\/6\/2017\/11\/leon.jpg\",\"datePublished\":\"2021-01-29T08:14:56+00:00\",\"dateModified\":\"2021-01-29T08:17:25+00:00\",\"author\":{\"@id\":\"https:\/\/www.asajacyl.com\/leon\/#\/schema\/person\/a39ff3609fc182e4c789ab486e865d32\"},\"description\":\"CAMBIOS EN EL VALOR DE LOS DERECHOS DE PAGO B\u00c1SICO Le\u00f3n, 29 de enero de 2021. El pasado mi\u00e9rcoles d\u00eda 27 de enero se public\u00f3 en el BOE un Real Decreto por\",\"breadcrumb\":{\"@id\":\"https:\/\/www.asajacyl.com\/leon\/buzon\/cir_1_2021#breadcrumb\"},\"inLanguage\":\"es\",\"potentialAction\":[{\"@type\":\"ReadAction\",\"target\":[\"https:\/\/www.asajacyl.com\/leon\/buzon\/cir_1_2021\"]}]},{\"@type\":\"ImageObject\",\"inLanguage\":\"es\",\"@id\":\"https:\/\/www.asajacyl.com\/leon\/buzon\/cir_1_2021#primaryimage\",\"url\":\"https:\/\/www.asajacyl.com\/leon\/wp-content\/uploads\/sites\/6\/2017\/11\/leon.jpg\",\"contentUrl\":\"https:\/\/www.asajacyl.com\/leon\/wp-content\/uploads\/sites\/6\/2017\/11\/leon.jpg\",\"width\":3888,\"height\":2592,\"caption\":\"Oficina de Le\u00f3n\"},{\"@type\":\"BreadcrumbList\",\"@id\":\"https:\/\/www.asajacyl.com\/leon\/buzon\/cir_1_2021#breadcrumb\",\"itemListElement\":[{\"@type\":\"ListItem\",\"position\":1,\"name\":\"Portada\",\"item\":\"https:\/\/www.asajacyl.com\/leon\/\"},{\"@type\":\"ListItem\",\"position\":2,\"name\":\"cir_1_2021\"}]},{\"@type\":\"WebSite\",\"@id\":\"https:\/\/www.asajacyl.com\/leon\/#website\",\"url\":\"https:\/\/www.asajacyl.com\/leon\/\",\"name\":\"ASAJA Le\u00f3n\",\"description\":\"Otro sitio m\u00e1s de Provincias ASAJA Castilla y Le\u00f3n\",\"potentialAction\":[{\"@type\":\"SearchAction\",\"target\":{\"@type\":\"EntryPoint\",\"urlTemplate\":\"https:\/\/www.asajacyl.com\/leon\/?s={search_term_string}\"},\"query-input\":{\"@type\":\"PropertyValueSpecification\",\"valueRequired\":true,\"valueName\":\"search_term_string\"}}],\"inLanguage\":\"es\"},{\"@type\":\"Person\",\"@id\":\"https:\/\/www.asajacyl.com\/leon\/#\/schema\/person\/a39ff3609fc182e4c789ab486e865d32\",\"name\":\"Eduardo\",\"image\":{\"@type\":\"ImageObject\",\"inLanguage\":\"es\",\"@id\":\"https:\/\/www.asajacyl.com\/leon\/#\/schema\/person\/image\/\",\"url\":\"https:\/\/secure.gravatar.com\/avatar\/9ebd6aba21d817dcf9595bc9ca505af5?s=96&d=mm&r=g\",\"contentUrl\":\"https:\/\/secure.gravatar.com\/avatar\/9ebd6aba21d817dcf9595bc9ca505af5?s=96&d=mm&r=g\",\"caption\":\"Eduardo\"},\"url\":\"https:\/\/www.asajacyl.com\/leon\/author\/eduardovv\"}]}<\/script>\n<!-- \/ Yoast SEO plugin. -->","yoast_head_json":{"title":"cir_1_2021 - ASAJA Le\u00f3n","description":"CAMBIOS EN EL VALOR DE LOS DERECHOS DE PAGO B\u00c1SICO Le\u00f3n, 29 de enero de 2021. El pasado mi\u00e9rcoles d\u00eda 27 de enero se public\u00f3 en el BOE un Real Decreto por","robots":{"index":"index","follow":"follow","max-snippet":"max-snippet:-1","max-image-preview":"max-image-preview:large","max-video-preview":"max-video-preview:-1"},"canonical":"https:\/\/www.asajacyl.com\/leon\/buzon\/cir_1_2021","og_locale":"es_ES","og_type":"article","og_title":"cir_1_2021 - ASAJA Le\u00f3n","og_description":"CAMBIOS EN EL VALOR DE LOS DERECHOS DE PAGO B\u00c1SICO Le\u00f3n, 29 de enero de 2021. El pasado mi\u00e9rcoles d\u00eda 27 de enero se public\u00f3 en el BOE un Real Decreto por","og_url":"https:\/\/www.asajacyl.com\/leon\/buzon\/cir_1_2021","og_site_name":"ASAJA Le\u00f3n","article_published_time":"2021-01-29T08:14:56+00:00","article_modified_time":"2021-01-29T08:17:25+00:00","og_image":[{"width":1024,"height":683,"url":"https:\/\/www.asajacyl.com\/leon\/wp-content\/uploads\/sites\/6\/2017\/11\/leon-1024x683.jpg","type":"image\/jpeg"}],"author":"Eduardo","twitter_card":"summary_large_image","twitter_misc":{"Escrito por":"Eduardo","Tiempo de lectura":"2 minutos"},"schema":{"@context":"https:\/\/schema.org","@graph":[{"@type":"WebPage","@id":"https:\/\/www.asajacyl.com\/leon\/buzon\/cir_1_2021","url":"https:\/\/www.asajacyl.com\/leon\/buzon\/cir_1_2021","name":"cir_1_2021 - ASAJA Le\u00f3n","isPartOf":{"@id":"https:\/\/www.asajacyl.com\/leon\/#website"},"primaryImageOfPage":{"@id":"https:\/\/www.asajacyl.com\/leon\/buzon\/cir_1_2021#primaryimage"},"image":{"@id":"https:\/\/www.asajacyl.com\/leon\/buzon\/cir_1_2021#primaryimage"},"thumbnailUrl":"https:\/\/www.asajacyl.com\/leon\/wp-content\/uploads\/sites\/6\/2017\/11\/leon.jpg","datePublished":"2021-01-29T08:14:56+00:00","dateModified":"2021-01-29T08:17:25+00:00","author":{"@id":"https:\/\/www.asajacyl.com\/leon\/#\/schema\/person\/a39ff3609fc182e4c789ab486e865d32"},"description":"CAMBIOS EN EL VALOR DE LOS DERECHOS DE PAGO B\u00c1SICO Le\u00f3n, 29 de enero de 2021. El pasado mi\u00e9rcoles d\u00eda 27 de enero se public\u00f3 en el BOE un Real Decreto por","breadcrumb":{"@id":"https:\/\/www.asajacyl.com\/leon\/buzon\/cir_1_2021#breadcrumb"},"inLanguage":"es","potentialAction":[{"@type":"ReadAction","target":["https:\/\/www.asajacyl.com\/leon\/buzon\/cir_1_2021"]}]},{"@type":"ImageObject","inLanguage":"es","@id":"https:\/\/www.asajacyl.com\/leon\/buzon\/cir_1_2021#primaryimage","url":"https:\/\/www.asajacyl.com\/leon\/wp-content\/uploads\/sites\/6\/2017\/11\/leon.jpg","contentUrl":"https:\/\/www.asajacyl.com\/leon\/wp-content\/uploads\/sites\/6\/2017\/11\/leon.jpg","width":3888,"height":2592,"caption":"Oficina de Le\u00f3n"},{"@type":"BreadcrumbList","@id":"https:\/\/www.asajacyl.com\/leon\/buzon\/cir_1_2021#breadcrumb","itemListElement":[{"@type":"ListItem","position":1,"name":"Portada","item":"https:\/\/www.asajacyl.com\/leon\/"},{"@type":"ListItem","position":2,"name":"cir_1_2021"}]},{"@type":"WebSite","@id":"https:\/\/www.asajacyl.com\/leon\/#website","url":"https:\/\/www.asajacyl.com\/leon\/","name":"ASAJA Le\u00f3n","description":"Otro sitio m\u00e1s de Provincias ASAJA Castilla y Le\u00f3n","potentialAction":[{"@type":"SearchAction","target":{"@type":"EntryPoint","urlTemplate":"https:\/\/www.asajacyl.com\/leon\/?s={search_term_string}"},"query-input":{"@type":"PropertyValueSpecification","valueRequired":true,"valueName":"search_term_string"}}],"inLanguage":"es"},{"@type":"Person","@id":"https:\/\/www.asajacyl.com\/leon\/#\/schema\/person\/a39ff3609fc182e4c789ab486e865d32","name":"Eduardo","image":{"@type":"ImageObject","inLanguage":"es","@id":"https:\/\/www.asajacyl.com\/leon\/#\/schema\/person\/image\/","url":"https:\/\/secure.gravatar.com\/avatar\/9ebd6aba21d817dcf9595bc9ca505af5?s=96&d=mm&r=g","contentUrl":"https:\/\/secure.gravatar.com\/avatar\/9ebd6aba21d817dcf9595bc9ca505af5?s=96&d=mm&r=g","caption":"Eduardo"},"url":"https:\/\/www.asajacyl.com\/leon\/author\/eduardovv"}]}},"_links":{"self":[{"href":"https:\/\/www.asajacyl.com\/leon\/wp-json\/wp\/v2\/posts\/12026"}],"collection":[{"href":"https:\/\/www.asajacyl.com\/leon\/wp-json\/wp\/v2\/posts"}],"about":[{"href":"https:\/\/www.asajacyl.com\/leon\/wp-json\/wp\/v2\/types\/post"}],"author":[{"embeddable":true,"href":"https:\/\/www.asajacyl.com\/leon\/wp-json\/wp\/v2\/users\/8"}],"replies":[{"embeddable":true,"href":"https:\/\/www.asajacyl.com\/leon\/wp-json\/wp\/v2\/comments?post=12026"}],"version-history":[{"count":1,"href":"https:\/\/www.asajacyl.com\/leon\/wp-json\/wp\/v2\/posts\/12026\/revisions"}],"predecessor-version":[{"id":12027,"href":"https:\/\/www.asajacyl.com\/leon\/wp-json\/wp\/v2\/posts\/12026\/revisions\/12027"}],"wp:featuredmedia":[{"embeddable":true,"href":"https:\/\/www.asajacyl.com\/leon\/wp-json\/wp\/v2\/media\/4153"}],"wp:attachment":[{"href":"https:\/\/www.asajacyl.com\/leon\/wp-json\/wp\/v2\/media?parent=12026"}],"wp:term":[{"taxonomy":"category","embeddable":true,"href":"https:\/\/www.asajacyl.com\/leon\/wp-json\/wp\/v2\/categories?post=12026"},{"taxonomy":"post_tag","embeddable":true,"href":"https:\/\/www.asajacyl.com\/leon\/wp-json\/wp\/v2\/tags?post=12026"}],"curies":[{"name":"wp","href":"https:\/\/api.w.org\/{rel}","templated":true}]}}