{"id":12083,"date":"2021-02-18T08:30:51","date_gmt":"2021-02-18T07:30:51","guid":{"rendered":"https:\/\/www.asajacyl.com\/leon\/?p=12083"},"modified":"2021-02-18T08:30:53","modified_gmt":"2021-02-18T07:30:53","slug":"cag_xxxv","status":"publish","type":"post","link":"https:\/\/www.asajacyl.com\/leon\/buzon\/cag_xxxv","title":{"rendered":"CAG_XXXV"},"content":{"rendered":"\n\n\n<h2><strong>CONVOCATORIA DE ASAMBLEA GENERAL ORDINARIA<\/strong><\/h2>\n<h6>Le\u00f3n, 15 de febrero de 2021.<\/h6>\n<h6>Por la presente se convoca reuni\u00f3n de la <strong>XXXV Asamblea General Ordinaria de ASAJA<\/strong>\u00a0 de Le\u00f3n, a celebrar por medios telem\u00e1ticos, debido a la situaci\u00f3n excepcional de estado de Alarma por el COVID19, \u00a0el <strong>viernes 26 de febrero de 2021, a las 5 de la tarde<\/strong>, para tratar sobre el siguiente,<\/h6>\n<h6><strong>ORDEN DEL DIA:<\/strong><\/h6>\n<ol>\n<li>\n<h6>Informe de actividades en el a\u00f1o 2020.<\/h6>\n<\/li>\n<li>\n<h6>Aprobaci\u00f3n del balance econ\u00f3mico de 2020 y presupuesto para 2021.<\/h6>\n<\/li>\n<li>\n<h6>Ratificar cuerdo de prorrogar, por motivo de la pandemia, el actual mandato de la Junta Directiva, del Comit\u00e9 Ejecutivo y de los cargos de presidente y secretario general, por el plazo m\u00e1ximo de 1 a\u00f1o desde su vencimiento.<\/h6>\n<\/li>\n<li>\n<h6>Ratificar acuerdo de modificaci\u00f3n del C\u00f3digo \u00c9tico de ASAJA determinando c\u00f3mo deben de ser las relaciones con organizaciones agrarias cuyos dirigentes ostenten cargos pol\u00edticos.<\/h6>\n<\/li>\n<li>\n<h6>Cambios en la PAC de 2021 y estado de la normativa PAC a partir de 2023.<\/h6>\n<\/li>\n<li>\n<h6>Situaci\u00f3n de sectores agroganaderos.<\/h6>\n<\/li>\n<li>\n<h6>Otros temas. Ruegos y preguntas.<\/h6>\n<\/li>\n<li>\n<h6>Clausura por el presidente regional Donaciano Dujo.<\/h6>\n<\/li>\n<\/ol>\n<h6>\u00a0<\/h6>\n<h6>Para participar en la ASAMBLEA <strong>se ha de comunicar antes del jueves 25 al \u00a0Whatsapp 639 944464 o al correo electr\u00f3nico asaja@asajaleon.com, y por el mismo procedimiento, ese jueves 25, se os enviar\u00e1 el enlace para la conexi\u00f3n a trav\u00e9s de la plataforma ZOOM<\/strong>. Hay que tener descargado ese programa en el dispositivo (tel\u00e9fono, tablet, port\u00e1til,..) desde el que os vais a conectar. La conexi\u00f3n a la plataforma de la reuni\u00f3n estar\u00e1 disponible a partir de las 16:45 del viernes 26, y el tiempo previsto del acto ser\u00e1 de unas dos horas.<\/h6>\n<h6>\u00a0<\/h6>\n<h6>Te agradecemos todo el esfuerzo que hagas para participar en este acto, a pesar de las dificultades para ello.<\/h6>\n<h6>\u00a0<\/h6>\n<h6>Fdo.: Arsenio Garc\u00eda Vidal\u00a0\u00a0\u00a0\u00a0\u00a0\u00a0\u00a0\u00a0\u00a0\u00a0\u00a0\u00a0 Fdo.: Jos\u00e9 Antonio Turrado<\/h6>\n<h6>\u00a0\u00a0\u00a0\u00a0\u00a0\u00a0\u00a0\u00a0\u00a0\u00a0\u00a0\u00a0\u00a0\u00a0\u00a0\u00a0\u00a0\u00a0\u00a0\u00a0\u00a0\u00a0\u00a0\u00a0\u00a0\u00a0 Presidente\u00a0\u00a0\u00a0\u00a0\u00a0\u00a0\u00a0\u00a0\u00a0\u00a0\u00a0\u00a0\u00a0\u00a0\u00a0\u00a0\u00a0\u00a0\u00a0\u00a0\u00a0\u00a0\u00a0\u00a0\u00a0\u00a0\u00a0\u00a0\u00a0\u00a0\u00a0\u00a0 Secretario general<\/h6>\n","protected":false},"excerpt":{"rendered":"<p>CONVOCATORIA DE ASAMBLEA GENERAL ORDINARIA Le\u00f3n, 15 de febrero de 2021. Por la presente se convoca reuni\u00f3n de la XXXV Asamblea General Ordinaria de ASAJA\u00a0 de Le\u00f3n, a celebrar por medios telem\u00e1ticos, debido a la situaci\u00f3n excepcional de estado de Alarma por el COVID19, \u00a0el viernes 26 de febrero de 2021, a las 5 de [&hellip;]<\/p>\n","protected":false},"author":8,"featured_media":11753,"comment_status":"open","ping_status":"open","sticky":false,"template":"","format":"standard","meta":{"footnotes":""},"categories":[78],"tags":[],"yoast_head":"<!-- This site is optimized with the Yoast SEO plugin v24.5 - https:\/\/yoast.com\/wordpress\/plugins\/seo\/ -->\n<title>CAG_XXXV - ASAJA Le\u00f3n<\/title>\n<meta name=\"description\" content=\"CONVOCATORIA DE ASAMBLEA GENERAL ORDINARIA Le\u00f3n, 15 de febrero de 2021. Por la presente se convoca reuni\u00f3n de la XXXV Asamblea General Ordinaria de ASAJA\u00a0\" \/>\n<meta name=\"robots\" content=\"index, follow, max-snippet:-1, max-image-preview:large, max-video-preview:-1\" \/>\n<link rel=\"canonical\" href=\"https:\/\/www.asajacyl.com\/leon\/buzon\/cag_xxxv\" \/>\n<meta property=\"og:locale\" content=\"es_ES\" \/>\n<meta property=\"og:type\" content=\"article\" \/>\n<meta property=\"og:title\" content=\"CAG_XXXV - ASAJA Le\u00f3n\" \/>\n<meta property=\"og:description\" content=\"CONVOCATORIA DE ASAMBLEA GENERAL ORDINARIA Le\u00f3n, 15 de febrero de 2021. Por la presente se convoca reuni\u00f3n de la XXXV Asamblea General Ordinaria de ASAJA\u00a0\" \/>\n<meta property=\"og:url\" content=\"https:\/\/www.asajacyl.com\/leon\/buzon\/cag_xxxv\" \/>\n<meta property=\"og:site_name\" content=\"ASAJA Le\u00f3n\" \/>\n<meta property=\"article:published_time\" content=\"2021-02-18T07:30:51+00:00\" \/>\n<meta property=\"article:modified_time\" content=\"2021-02-18T07:30:53+00:00\" \/>\n<meta property=\"og:image\" content=\"https:\/\/www.asajacyl.com\/leon\/wp-content\/uploads\/sites\/6\/2020\/10\/fachada-asaja-leon.jpg\" \/>\n\t<meta property=\"og:image:width\" content=\"2048\" \/>\n\t<meta property=\"og:image:height\" content=\"1536\" \/>\n\t<meta property=\"og:image:type\" content=\"image\/jpeg\" \/>\n<meta name=\"author\" content=\"Eduardo\" \/>\n<meta name=\"twitter:card\" content=\"summary_large_image\" \/>\n<meta name=\"twitter:label1\" content=\"Escrito por\" \/>\n\t<meta name=\"twitter:data1\" content=\"Eduardo\" \/>\n\t<meta name=\"twitter:label2\" content=\"Tiempo de lectura\" \/>\n\t<meta name=\"twitter:data2\" content=\"2 minutos\" \/>\n<script type=\"application\/ld+json\" class=\"yoast-schema-graph\">{\"@context\":\"https:\/\/schema.org\",\"@graph\":[{\"@type\":\"WebPage\",\"@id\":\"https:\/\/www.asajacyl.com\/leon\/buzon\/cag_xxxv\",\"url\":\"https:\/\/www.asajacyl.com\/leon\/buzon\/cag_xxxv\",\"name\":\"CAG_XXXV - ASAJA Le\u00f3n\",\"isPartOf\":{\"@id\":\"https:\/\/www.asajacyl.com\/leon\/#website\"},\"primaryImageOfPage\":{\"@id\":\"https:\/\/www.asajacyl.com\/leon\/buzon\/cag_xxxv#primaryimage\"},\"image\":{\"@id\":\"https:\/\/www.asajacyl.com\/leon\/buzon\/cag_xxxv#primaryimage\"},\"thumbnailUrl\":\"https:\/\/www.asajacyl.com\/leon\/wp-content\/uploads\/sites\/6\/2020\/10\/fachada-asaja-leon.jpg\",\"datePublished\":\"2021-02-18T07:30:51+00:00\",\"dateModified\":\"2021-02-18T07:30:53+00:00\",\"author\":{\"@id\":\"https:\/\/www.asajacyl.com\/leon\/#\/schema\/person\/a39ff3609fc182e4c789ab486e865d32\"},\"description\":\"CONVOCATORIA DE ASAMBLEA GENERAL ORDINARIA Le\u00f3n, 15 de febrero de 2021. Por la presente se convoca reuni\u00f3n de la XXXV Asamblea General Ordinaria de ASAJA\u00a0\",\"breadcrumb\":{\"@id\":\"https:\/\/www.asajacyl.com\/leon\/buzon\/cag_xxxv#breadcrumb\"},\"inLanguage\":\"es\",\"potentialAction\":[{\"@type\":\"ReadAction\",\"target\":[\"https:\/\/www.asajacyl.com\/leon\/buzon\/cag_xxxv\"]}]},{\"@type\":\"ImageObject\",\"inLanguage\":\"es\",\"@id\":\"https:\/\/www.asajacyl.com\/leon\/buzon\/cag_xxxv#primaryimage\",\"url\":\"https:\/\/www.asajacyl.com\/leon\/wp-content\/uploads\/sites\/6\/2020\/10\/fachada-asaja-leon.jpg\",\"contentUrl\":\"https:\/\/www.asajacyl.com\/leon\/wp-content\/uploads\/sites\/6\/2020\/10\/fachada-asaja-leon.jpg\",\"width\":2048,\"height\":1536},{\"@type\":\"BreadcrumbList\",\"@id\":\"https:\/\/www.asajacyl.com\/leon\/buzon\/cag_xxxv#breadcrumb\",\"itemListElement\":[{\"@type\":\"ListItem\",\"position\":1,\"name\":\"Portada\",\"item\":\"https:\/\/www.asajacyl.com\/leon\/\"},{\"@type\":\"ListItem\",\"position\":2,\"name\":\"CAG_XXXV\"}]},{\"@type\":\"WebSite\",\"@id\":\"https:\/\/www.asajacyl.com\/leon\/#website\",\"url\":\"https:\/\/www.asajacyl.com\/leon\/\",\"name\":\"ASAJA Le\u00f3n\",\"description\":\"Otro sitio m\u00e1s de Provincias ASAJA Castilla y Le\u00f3n\",\"potentialAction\":[{\"@type\":\"SearchAction\",\"target\":{\"@type\":\"EntryPoint\",\"urlTemplate\":\"https:\/\/www.asajacyl.com\/leon\/?s={search_term_string}\"},\"query-input\":{\"@type\":\"PropertyValueSpecification\",\"valueRequired\":true,\"valueName\":\"search_term_string\"}}],\"inLanguage\":\"es\"},{\"@type\":\"Person\",\"@id\":\"https:\/\/www.asajacyl.com\/leon\/#\/schema\/person\/a39ff3609fc182e4c789ab486e865d32\",\"name\":\"Eduardo\",\"image\":{\"@type\":\"ImageObject\",\"inLanguage\":\"es\",\"@id\":\"https:\/\/www.asajacyl.com\/leon\/#\/schema\/person\/image\/\",\"url\":\"https:\/\/secure.gravatar.com\/avatar\/9ebd6aba21d817dcf9595bc9ca505af5?s=96&d=mm&r=g\",\"contentUrl\":\"https:\/\/secure.gravatar.com\/avatar\/9ebd6aba21d817dcf9595bc9ca505af5?s=96&d=mm&r=g\",\"caption\":\"Eduardo\"},\"url\":\"https:\/\/www.asajacyl.com\/leon\/author\/eduardovv\"}]}<\/script>\n<!-- \/ Yoast SEO plugin. -->","yoast_head_json":{"title":"CAG_XXXV - ASAJA Le\u00f3n","description":"CONVOCATORIA DE ASAMBLEA GENERAL ORDINARIA Le\u00f3n, 15 de febrero de 2021. Por la presente se convoca reuni\u00f3n de la XXXV Asamblea General Ordinaria de ASAJA\u00a0","robots":{"index":"index","follow":"follow","max-snippet":"max-snippet:-1","max-image-preview":"max-image-preview:large","max-video-preview":"max-video-preview:-1"},"canonical":"https:\/\/www.asajacyl.com\/leon\/buzon\/cag_xxxv","og_locale":"es_ES","og_type":"article","og_title":"CAG_XXXV - ASAJA Le\u00f3n","og_description":"CONVOCATORIA DE ASAMBLEA GENERAL ORDINARIA Le\u00f3n, 15 de febrero de 2021. Por la presente se convoca reuni\u00f3n de la XXXV Asamblea General Ordinaria de ASAJA\u00a0","og_url":"https:\/\/www.asajacyl.com\/leon\/buzon\/cag_xxxv","og_site_name":"ASAJA Le\u00f3n","article_published_time":"2021-02-18T07:30:51+00:00","article_modified_time":"2021-02-18T07:30:53+00:00","og_image":[{"width":2048,"height":1536,"url":"https:\/\/www.asajacyl.com\/leon\/wp-content\/uploads\/sites\/6\/2020\/10\/fachada-asaja-leon.jpg","type":"image\/jpeg"}],"author":"Eduardo","twitter_card":"summary_large_image","twitter_misc":{"Escrito por":"Eduardo","Tiempo de lectura":"2 minutos"},"schema":{"@context":"https:\/\/schema.org","@graph":[{"@type":"WebPage","@id":"https:\/\/www.asajacyl.com\/leon\/buzon\/cag_xxxv","url":"https:\/\/www.asajacyl.com\/leon\/buzon\/cag_xxxv","name":"CAG_XXXV - ASAJA Le\u00f3n","isPartOf":{"@id":"https:\/\/www.asajacyl.com\/leon\/#website"},"primaryImageOfPage":{"@id":"https:\/\/www.asajacyl.com\/leon\/buzon\/cag_xxxv#primaryimage"},"image":{"@id":"https:\/\/www.asajacyl.com\/leon\/buzon\/cag_xxxv#primaryimage"},"thumbnailUrl":"https:\/\/www.asajacyl.com\/leon\/wp-content\/uploads\/sites\/6\/2020\/10\/fachada-asaja-leon.jpg","datePublished":"2021-02-18T07:30:51+00:00","dateModified":"2021-02-18T07:30:53+00:00","author":{"@id":"https:\/\/www.asajacyl.com\/leon\/#\/schema\/person\/a39ff3609fc182e4c789ab486e865d32"},"description":"CONVOCATORIA DE ASAMBLEA GENERAL ORDINARIA Le\u00f3n, 15 de febrero de 2021. Por la presente se convoca reuni\u00f3n de la XXXV Asamblea General Ordinaria de ASAJA\u00a0","breadcrumb":{"@id":"https:\/\/www.asajacyl.com\/leon\/buzon\/cag_xxxv#breadcrumb"},"inLanguage":"es","potentialAction":[{"@type":"ReadAction","target":["https:\/\/www.asajacyl.com\/leon\/buzon\/cag_xxxv"]}]},{"@type":"ImageObject","inLanguage":"es","@id":"https:\/\/www.asajacyl.com\/leon\/buzon\/cag_xxxv#primaryimage","url":"https:\/\/www.asajacyl.com\/leon\/wp-content\/uploads\/sites\/6\/2020\/10\/fachada-asaja-leon.jpg","contentUrl":"https:\/\/www.asajacyl.com\/leon\/wp-content\/uploads\/sites\/6\/2020\/10\/fachada-asaja-leon.jpg","width":2048,"height":1536},{"@type":"BreadcrumbList","@id":"https:\/\/www.asajacyl.com\/leon\/buzon\/cag_xxxv#breadcrumb","itemListElement":[{"@type":"ListItem","position":1,"name":"Portada","item":"https:\/\/www.asajacyl.com\/leon\/"},{"@type":"ListItem","position":2,"name":"CAG_XXXV"}]},{"@type":"WebSite","@id":"https:\/\/www.asajacyl.com\/leon\/#website","url":"https:\/\/www.asajacyl.com\/leon\/","name":"ASAJA Le\u00f3n","description":"Otro sitio m\u00e1s de Provincias ASAJA Castilla y Le\u00f3n","potentialAction":[{"@type":"SearchAction","target":{"@type":"EntryPoint","urlTemplate":"https:\/\/www.asajacyl.com\/leon\/?s={search_term_string}"},"query-input":{"@type":"PropertyValueSpecification","valueRequired":true,"valueName":"search_term_string"}}],"inLanguage":"es"},{"@type":"Person","@id":"https:\/\/www.asajacyl.com\/leon\/#\/schema\/person\/a39ff3609fc182e4c789ab486e865d32","name":"Eduardo","image":{"@type":"ImageObject","inLanguage":"es","@id":"https:\/\/www.asajacyl.com\/leon\/#\/schema\/person\/image\/","url":"https:\/\/secure.gravatar.com\/avatar\/9ebd6aba21d817dcf9595bc9ca505af5?s=96&d=mm&r=g","contentUrl":"https:\/\/secure.gravatar.com\/avatar\/9ebd6aba21d817dcf9595bc9ca505af5?s=96&d=mm&r=g","caption":"Eduardo"},"url":"https:\/\/www.asajacyl.com\/leon\/author\/eduardovv"}]}},"_links":{"self":[{"href":"https:\/\/www.asajacyl.com\/leon\/wp-json\/wp\/v2\/posts\/12083"}],"collection":[{"href":"https:\/\/www.asajacyl.com\/leon\/wp-json\/wp\/v2\/posts"}],"about":[{"href":"https:\/\/www.asajacyl.com\/leon\/wp-json\/wp\/v2\/types\/post"}],"author":[{"embeddable":true,"href":"https:\/\/www.asajacyl.com\/leon\/wp-json\/wp\/v2\/users\/8"}],"replies":[{"embeddable":true,"href":"https:\/\/www.asajacyl.com\/leon\/wp-json\/wp\/v2\/comments?post=12083"}],"version-history":[{"count":1,"href":"https:\/\/www.asajacyl.com\/leon\/wp-json\/wp\/v2\/posts\/12083\/revisions"}],"predecessor-version":[{"id":12084,"href":"https:\/\/www.asajacyl.com\/leon\/wp-json\/wp\/v2\/posts\/12083\/revisions\/12084"}],"wp:featuredmedia":[{"embeddable":true,"href":"https:\/\/www.asajacyl.com\/leon\/wp-json\/wp\/v2\/media\/11753"}],"wp:attachment":[{"href":"https:\/\/www.asajacyl.com\/leon\/wp-json\/wp\/v2\/media?parent=12083"}],"wp:term":[{"taxonomy":"category","embeddable":true,"href":"https:\/\/www.asajacyl.com\/leon\/wp-json\/wp\/v2\/categories?post=12083"},{"taxonomy":"post_tag","embeddable":true,"href":"https:\/\/www.asajacyl.com\/leon\/wp-json\/wp\/v2\/tags?post=12083"}],"curies":[{"name":"wp","href":"https:\/\/api.w.org\/{rel}","templated":true}]}}