{"id":12115,"date":"2021-02-25T10:21:02","date_gmt":"2021-02-25T09:21:02","guid":{"rendered":"https:\/\/www.asajacyl.com\/leon\/?p=12115"},"modified":"2021-02-25T10:48:52","modified_gmt":"2021-02-25T09:48:52","slug":"cir_25_02_2021","status":"publish","type":"post","link":"https:\/\/www.asajacyl.com\/leon\/buzon\/cir_25_02_2021","title":{"rendered":"cir_25_02_2021"},"content":{"rendered":"\n\n\n<h2><strong>CIRCULAR A LOS J\u00d3VENES DE ASAJA<\/strong><\/h2>\n<h6>Le\u00f3n, 24 de febrero de 2021.<\/h6>\n<h6>El pr\u00f3ximo viernes d\u00eda 26 de febrero celebramos nuestra <strong>XXXV Asamblea General Ordinaria<\/strong>, como ya conocer\u00e1s por la convocatoria que enviamos la pasada semana. Las circunstancias actuales obligan a celebrarla de forma no presencial utilizando la <strong>plataforma ZOOM<\/strong>.<\/h6>\n<h6>Siempre hemos hecho un esfuerzo por implicar a los m\u00e1s j\u00f3venes en la vida de nuestra organizaci\u00f3n, y en particular cuando convocamos movilizaciones, asambleas, actos formativos o informativos. Los problemas particulares de los j\u00f3venes agricultores y sus necesidades de servicios ocupan una gran parte de toda nuestra actividad a lo largo del a\u00f1o, y a ello destinamos cuantos medios son precisos.<\/h6>\n<h6>Mediante esta circular nos dirigimos a ti y al resto de socios de menos de 45 a\u00f1os, unos 500, pidi\u00e9ndoos que en esta ocasi\u00f3n, con m\u00e1s motivo que nunca, hag\u00e1is un esfuerzo para participara en esta asamblea telem\u00e1tica. Y lo hacemos porque ten\u00e9is m\u00e1s medios y conocimientos para adaptaros a esta nueva forma de trabajar, que esperemos sea solo temporal, y os lo pedimos tambi\u00e9n porque en estos momentos negociamos una nueva PAC para los pr\u00f3ximos a\u00f1os, que tiene que responder sobre todo a vuestras necesidades.<\/h6>\n<h6>Agradeci\u00e9ndote el esfuerzo que te pedimos, recibe un saludo.<\/h6>\n<h6>\u00a0<\/h6>\n<h6>\u00a0<\/h6>\n<h6 style=\"text-align: center\">Arsenio Garc\u00eda Vidal\u00a0\u00a0\u00a0 \u00a0\u00a0\u00a0\u00a0\u00a0\u00a0\u00a0\u00a0\u00a0\u00a0\u00a0\u00a0\u00a0\u00a0\u00a0\u00a0Jos\u00e9 Antonio Turrado Fdez.<\/h6>\n<h6 style=\"text-align: center\">\u00a0\u00a0\u00a0\u00a0\u00a0\u00a0\u00a0\u00a0\u00a0\u00a0\u00a0\u00a0\u00a0\u00a0\u00a0\u00a0\u00a0\u00a0\u00a0\u00a0\u00a0\u00a0\u00a0\u00a0\u00a0\u00a0\u00a0\u00a0\u00a0\u00a0\u00a0\u00a0\u00a0\u00a0 Presidente\u00a0\u00a0\u00a0\u00a0\u00a0\u00a0\u00a0 \u00a0\u00a0\u00a0\u00a0\u00a0\u00a0\u00a0\u00a0\u00a0\u00a0\u00a0\u00a0\u00a0\u00a0\u00a0\u00a0\u00a0\u00a0\u00a0\u00a0\u00a0 Secretario general<\/h6>\n<p>\u00a0<\/p>\n<p>\u00a0<\/p>\n<p><span style=\"background-color: #ccffcc\"><strong>ASAJA LE\u00d3N le est\u00e1 invitando a una reuni\u00f3n de Zoom programada.<\/strong><\/span><\/p>\n<p>\u00a0<\/p>\n<p>Tema: ASAMBLEA_ASAJA_LEON_2021<\/p>\n<p>Hora: 26 feb. 2021 17:00 a.\u00a0m. <strong>\u00a0<span style=\"background-color: #ffff99\">La sala estar\u00e1 abierta desde las 16:45<\/span><\/strong><\/p>\n<p>\u00a0<\/p>\n<p><span style=\"background-color: #ccffcc\"><strong>Unirse a la reuni\u00f3n Zoom pinchando en el siguiente enlace<\/strong><\/span><\/p>\n<p><span style=\"color: #0000ff\"><a style=\"color: #0000ff\" href=\"https:\/\/zoom.us\/j\/91845068513?pwd=UW5KNXhoUHZCWGxIcnc1eEZ0a0dvQT09\">https:\/\/zoom.us\/j\/91845068513?pwd=UW5KNXhoUHZCWGxIcnc1eEZ0a0dvQT09<\/a><\/span><\/p>\n<p>\u00a0<\/p>\n<p>ID de reuni\u00f3n: 918 4506 8513<\/p>\n<p>C\u00f3digo de acceso: 537588<\/p>\n","protected":false},"excerpt":{"rendered":"<p>CIRCULAR A LOS J\u00d3VENES DE ASAJA Le\u00f3n, 24 de febrero de 2021. El pr\u00f3ximo viernes d\u00eda 26 de febrero celebramos nuestra XXXV Asamblea General Ordinaria, como ya conocer\u00e1s por la convocatoria que enviamos la pasada semana. Las circunstancias actuales obligan a celebrarla de forma no presencial utilizando la plataforma ZOOM. Siempre hemos hecho un esfuerzo [&hellip;]<\/p>\n","protected":false},"author":8,"featured_media":11753,"comment_status":"open","ping_status":"open","sticky":false,"template":"","format":"standard","meta":{"footnotes":""},"categories":[78],"tags":[],"yoast_head":"<!-- This site is optimized with the Yoast SEO plugin v24.5 - https:\/\/yoast.com\/wordpress\/plugins\/seo\/ -->\n<title>cir_25_02_2021 - ASAJA Le\u00f3n<\/title>\n<meta name=\"description\" content=\"CIRCULAR A LOS J\u00d3VENES DE ASAJA Le\u00f3n, 24 de febrero de 2021. El pr\u00f3ximo viernes d\u00eda 26 de febrero celebramos nuestra XXXV Asamblea General Ordinaria, como\" \/>\n<meta name=\"robots\" content=\"index, follow, max-snippet:-1, max-image-preview:large, max-video-preview:-1\" \/>\n<link rel=\"canonical\" href=\"https:\/\/www.asajacyl.com\/leon\/buzon\/cir_25_02_2021\" \/>\n<meta property=\"og:locale\" content=\"es_ES\" \/>\n<meta property=\"og:type\" content=\"article\" \/>\n<meta property=\"og:title\" content=\"cir_25_02_2021 - ASAJA Le\u00f3n\" \/>\n<meta property=\"og:description\" content=\"CIRCULAR A LOS J\u00d3VENES DE ASAJA Le\u00f3n, 24 de febrero de 2021. El pr\u00f3ximo viernes d\u00eda 26 de febrero celebramos nuestra XXXV Asamblea General Ordinaria, como\" \/>\n<meta property=\"og:url\" content=\"https:\/\/www.asajacyl.com\/leon\/buzon\/cir_25_02_2021\" \/>\n<meta property=\"og:site_name\" content=\"ASAJA Le\u00f3n\" \/>\n<meta property=\"article:published_time\" content=\"2021-02-25T09:21:02+00:00\" \/>\n<meta property=\"article:modified_time\" content=\"2021-02-25T09:48:52+00:00\" \/>\n<meta property=\"og:image\" content=\"https:\/\/www.asajacyl.com\/leon\/wp-content\/uploads\/sites\/6\/2020\/10\/fachada-asaja-leon.jpg\" \/>\n\t<meta property=\"og:image:width\" content=\"2048\" \/>\n\t<meta property=\"og:image:height\" content=\"1536\" \/>\n\t<meta property=\"og:image:type\" content=\"image\/jpeg\" \/>\n<meta name=\"author\" content=\"Eduardo\" \/>\n<meta name=\"twitter:card\" content=\"summary_large_image\" \/>\n<meta name=\"twitter:label1\" content=\"Escrito por\" \/>\n\t<meta name=\"twitter:data1\" content=\"Eduardo\" \/>\n\t<meta name=\"twitter:label2\" content=\"Tiempo de lectura\" \/>\n\t<meta name=\"twitter:data2\" content=\"2 minutos\" \/>\n<script type=\"application\/ld+json\" class=\"yoast-schema-graph\">{\"@context\":\"https:\/\/schema.org\",\"@graph\":[{\"@type\":\"WebPage\",\"@id\":\"https:\/\/www.asajacyl.com\/leon\/buzon\/cir_25_02_2021\",\"url\":\"https:\/\/www.asajacyl.com\/leon\/buzon\/cir_25_02_2021\",\"name\":\"cir_25_02_2021 - ASAJA Le\u00f3n\",\"isPartOf\":{\"@id\":\"https:\/\/www.asajacyl.com\/leon\/#website\"},\"primaryImageOfPage\":{\"@id\":\"https:\/\/www.asajacyl.com\/leon\/buzon\/cir_25_02_2021#primaryimage\"},\"image\":{\"@id\":\"https:\/\/www.asajacyl.com\/leon\/buzon\/cir_25_02_2021#primaryimage\"},\"thumbnailUrl\":\"https:\/\/www.asajacyl.com\/leon\/wp-content\/uploads\/sites\/6\/2020\/10\/fachada-asaja-leon.jpg\",\"datePublished\":\"2021-02-25T09:21:02+00:00\",\"dateModified\":\"2021-02-25T09:48:52+00:00\",\"author\":{\"@id\":\"https:\/\/www.asajacyl.com\/leon\/#\/schema\/person\/a39ff3609fc182e4c789ab486e865d32\"},\"description\":\"CIRCULAR A LOS J\u00d3VENES DE ASAJA Le\u00f3n, 24 de febrero de 2021. El pr\u00f3ximo viernes d\u00eda 26 de febrero celebramos nuestra XXXV Asamblea General Ordinaria, como\",\"breadcrumb\":{\"@id\":\"https:\/\/www.asajacyl.com\/leon\/buzon\/cir_25_02_2021#breadcrumb\"},\"inLanguage\":\"es\",\"potentialAction\":[{\"@type\":\"ReadAction\",\"target\":[\"https:\/\/www.asajacyl.com\/leon\/buzon\/cir_25_02_2021\"]}]},{\"@type\":\"ImageObject\",\"inLanguage\":\"es\",\"@id\":\"https:\/\/www.asajacyl.com\/leon\/buzon\/cir_25_02_2021#primaryimage\",\"url\":\"https:\/\/www.asajacyl.com\/leon\/wp-content\/uploads\/sites\/6\/2020\/10\/fachada-asaja-leon.jpg\",\"contentUrl\":\"https:\/\/www.asajacyl.com\/leon\/wp-content\/uploads\/sites\/6\/2020\/10\/fachada-asaja-leon.jpg\",\"width\":2048,\"height\":1536},{\"@type\":\"BreadcrumbList\",\"@id\":\"https:\/\/www.asajacyl.com\/leon\/buzon\/cir_25_02_2021#breadcrumb\",\"itemListElement\":[{\"@type\":\"ListItem\",\"position\":1,\"name\":\"Portada\",\"item\":\"https:\/\/www.asajacyl.com\/leon\/\"},{\"@type\":\"ListItem\",\"position\":2,\"name\":\"cir_25_02_2021\"}]},{\"@type\":\"WebSite\",\"@id\":\"https:\/\/www.asajacyl.com\/leon\/#website\",\"url\":\"https:\/\/www.asajacyl.com\/leon\/\",\"name\":\"ASAJA Le\u00f3n\",\"description\":\"Otro sitio m\u00e1s de Provincias ASAJA Castilla y Le\u00f3n\",\"potentialAction\":[{\"@type\":\"SearchAction\",\"target\":{\"@type\":\"EntryPoint\",\"urlTemplate\":\"https:\/\/www.asajacyl.com\/leon\/?s={search_term_string}\"},\"query-input\":{\"@type\":\"PropertyValueSpecification\",\"valueRequired\":true,\"valueName\":\"search_term_string\"}}],\"inLanguage\":\"es\"},{\"@type\":\"Person\",\"@id\":\"https:\/\/www.asajacyl.com\/leon\/#\/schema\/person\/a39ff3609fc182e4c789ab486e865d32\",\"name\":\"Eduardo\",\"image\":{\"@type\":\"ImageObject\",\"inLanguage\":\"es\",\"@id\":\"https:\/\/www.asajacyl.com\/leon\/#\/schema\/person\/image\/\",\"url\":\"https:\/\/secure.gravatar.com\/avatar\/9ebd6aba21d817dcf9595bc9ca505af5?s=96&d=mm&r=g\",\"contentUrl\":\"https:\/\/secure.gravatar.com\/avatar\/9ebd6aba21d817dcf9595bc9ca505af5?s=96&d=mm&r=g\",\"caption\":\"Eduardo\"},\"url\":\"https:\/\/www.asajacyl.com\/leon\/author\/eduardovv\"}]}<\/script>\n<!-- \/ Yoast SEO plugin. -->","yoast_head_json":{"title":"cir_25_02_2021 - ASAJA Le\u00f3n","description":"CIRCULAR A LOS J\u00d3VENES DE ASAJA Le\u00f3n, 24 de febrero de 2021. El pr\u00f3ximo viernes d\u00eda 26 de febrero celebramos nuestra XXXV Asamblea General Ordinaria, como","robots":{"index":"index","follow":"follow","max-snippet":"max-snippet:-1","max-image-preview":"max-image-preview:large","max-video-preview":"max-video-preview:-1"},"canonical":"https:\/\/www.asajacyl.com\/leon\/buzon\/cir_25_02_2021","og_locale":"es_ES","og_type":"article","og_title":"cir_25_02_2021 - ASAJA Le\u00f3n","og_description":"CIRCULAR A LOS J\u00d3VENES DE ASAJA Le\u00f3n, 24 de febrero de 2021. El pr\u00f3ximo viernes d\u00eda 26 de febrero celebramos nuestra XXXV Asamblea General Ordinaria, como","og_url":"https:\/\/www.asajacyl.com\/leon\/buzon\/cir_25_02_2021","og_site_name":"ASAJA Le\u00f3n","article_published_time":"2021-02-25T09:21:02+00:00","article_modified_time":"2021-02-25T09:48:52+00:00","og_image":[{"width":2048,"height":1536,"url":"https:\/\/www.asajacyl.com\/leon\/wp-content\/uploads\/sites\/6\/2020\/10\/fachada-asaja-leon.jpg","type":"image\/jpeg"}],"author":"Eduardo","twitter_card":"summary_large_image","twitter_misc":{"Escrito por":"Eduardo","Tiempo de lectura":"2 minutos"},"schema":{"@context":"https:\/\/schema.org","@graph":[{"@type":"WebPage","@id":"https:\/\/www.asajacyl.com\/leon\/buzon\/cir_25_02_2021","url":"https:\/\/www.asajacyl.com\/leon\/buzon\/cir_25_02_2021","name":"cir_25_02_2021 - ASAJA Le\u00f3n","isPartOf":{"@id":"https:\/\/www.asajacyl.com\/leon\/#website"},"primaryImageOfPage":{"@id":"https:\/\/www.asajacyl.com\/leon\/buzon\/cir_25_02_2021#primaryimage"},"image":{"@id":"https:\/\/www.asajacyl.com\/leon\/buzon\/cir_25_02_2021#primaryimage"},"thumbnailUrl":"https:\/\/www.asajacyl.com\/leon\/wp-content\/uploads\/sites\/6\/2020\/10\/fachada-asaja-leon.jpg","datePublished":"2021-02-25T09:21:02+00:00","dateModified":"2021-02-25T09:48:52+00:00","author":{"@id":"https:\/\/www.asajacyl.com\/leon\/#\/schema\/person\/a39ff3609fc182e4c789ab486e865d32"},"description":"CIRCULAR A LOS J\u00d3VENES DE ASAJA Le\u00f3n, 24 de febrero de 2021. El pr\u00f3ximo viernes d\u00eda 26 de febrero celebramos nuestra XXXV Asamblea General Ordinaria, como","breadcrumb":{"@id":"https:\/\/www.asajacyl.com\/leon\/buzon\/cir_25_02_2021#breadcrumb"},"inLanguage":"es","potentialAction":[{"@type":"ReadAction","target":["https:\/\/www.asajacyl.com\/leon\/buzon\/cir_25_02_2021"]}]},{"@type":"ImageObject","inLanguage":"es","@id":"https:\/\/www.asajacyl.com\/leon\/buzon\/cir_25_02_2021#primaryimage","url":"https:\/\/www.asajacyl.com\/leon\/wp-content\/uploads\/sites\/6\/2020\/10\/fachada-asaja-leon.jpg","contentUrl":"https:\/\/www.asajacyl.com\/leon\/wp-content\/uploads\/sites\/6\/2020\/10\/fachada-asaja-leon.jpg","width":2048,"height":1536},{"@type":"BreadcrumbList","@id":"https:\/\/www.asajacyl.com\/leon\/buzon\/cir_25_02_2021#breadcrumb","itemListElement":[{"@type":"ListItem","position":1,"name":"Portada","item":"https:\/\/www.asajacyl.com\/leon\/"},{"@type":"ListItem","position":2,"name":"cir_25_02_2021"}]},{"@type":"WebSite","@id":"https:\/\/www.asajacyl.com\/leon\/#website","url":"https:\/\/www.asajacyl.com\/leon\/","name":"ASAJA Le\u00f3n","description":"Otro sitio m\u00e1s de Provincias ASAJA Castilla y Le\u00f3n","potentialAction":[{"@type":"SearchAction","target":{"@type":"EntryPoint","urlTemplate":"https:\/\/www.asajacyl.com\/leon\/?s={search_term_string}"},"query-input":{"@type":"PropertyValueSpecification","valueRequired":true,"valueName":"search_term_string"}}],"inLanguage":"es"},{"@type":"Person","@id":"https:\/\/www.asajacyl.com\/leon\/#\/schema\/person\/a39ff3609fc182e4c789ab486e865d32","name":"Eduardo","image":{"@type":"ImageObject","inLanguage":"es","@id":"https:\/\/www.asajacyl.com\/leon\/#\/schema\/person\/image\/","url":"https:\/\/secure.gravatar.com\/avatar\/9ebd6aba21d817dcf9595bc9ca505af5?s=96&d=mm&r=g","contentUrl":"https:\/\/secure.gravatar.com\/avatar\/9ebd6aba21d817dcf9595bc9ca505af5?s=96&d=mm&r=g","caption":"Eduardo"},"url":"https:\/\/www.asajacyl.com\/leon\/author\/eduardovv"}]}},"_links":{"self":[{"href":"https:\/\/www.asajacyl.com\/leon\/wp-json\/wp\/v2\/posts\/12115"}],"collection":[{"href":"https:\/\/www.asajacyl.com\/leon\/wp-json\/wp\/v2\/posts"}],"about":[{"href":"https:\/\/www.asajacyl.com\/leon\/wp-json\/wp\/v2\/types\/post"}],"author":[{"embeddable":true,"href":"https:\/\/www.asajacyl.com\/leon\/wp-json\/wp\/v2\/users\/8"}],"replies":[{"embeddable":true,"href":"https:\/\/www.asajacyl.com\/leon\/wp-json\/wp\/v2\/comments?post=12115"}],"version-history":[{"count":3,"href":"https:\/\/www.asajacyl.com\/leon\/wp-json\/wp\/v2\/posts\/12115\/revisions"}],"predecessor-version":[{"id":12119,"href":"https:\/\/www.asajacyl.com\/leon\/wp-json\/wp\/v2\/posts\/12115\/revisions\/12119"}],"wp:featuredmedia":[{"embeddable":true,"href":"https:\/\/www.asajacyl.com\/leon\/wp-json\/wp\/v2\/media\/11753"}],"wp:attachment":[{"href":"https:\/\/www.asajacyl.com\/leon\/wp-json\/wp\/v2\/media?parent=12115"}],"wp:term":[{"taxonomy":"category","embeddable":true,"href":"https:\/\/www.asajacyl.com\/leon\/wp-json\/wp\/v2\/categories?post=12115"},{"taxonomy":"post_tag","embeddable":true,"href":"https:\/\/www.asajacyl.com\/leon\/wp-json\/wp\/v2\/tags?post=12115"}],"curies":[{"name":"wp","href":"https:\/\/api.w.org\/{rel}","templated":true}]}}