{"id":12120,"date":"2021-02-25T10:52:57","date_gmt":"2021-02-25T09:52:57","guid":{"rendered":"https:\/\/www.asajacyl.com\/leon\/?p=12120"},"modified":"2021-02-25T11:04:59","modified_gmt":"2021-02-25T10:04:59","slug":"cir_25_02_2021_2","status":"publish","type":"post","link":"https:\/\/www.asajacyl.com\/leon\/buzon\/cir_25_02_2021_2","title":{"rendered":"cir_25_02_2021_2"},"content":{"rendered":"\n\n\n<h2><strong>ASAMBLEA GENERAL POR MEDIOS TELEM\u00c1TICOS<\/strong><\/h2>\n<h6>Te recordamos que, como te informamos la pasada semana, hemos convocado ASAMBLEA GENERAL para ma\u00f1ana viernes d\u00edas 26 de febrero, a las 5 de la tarde, por la plataforma ZOOM.<\/h6>\n<h6>En dicho acto informaremos de las novedades al respecto de la PAC de este a\u00f1o y del pr\u00f3ximo, as\u00ed como los cambios que se avecinan con la nueva PAC que entrar\u00e1 en vigor en 2023 en la que desaparecen los derechos, se imponen normas medioambientales a trav\u00e9s de los \u201cecoesquemas\u201d, y se aplicar\u00e1 una convergencia de las ayudas entre regiones, entre otras cuestiones.<\/h6>\n<p><span style=\"background-color: #99ccff\"><strong>ASAJA LE\u00d3N le est\u00e1 invitando a una reuni\u00f3n de Zoom programada.<\/strong><\/span><\/p>\n<p>\u00a0<\/p>\n<p><span style=\"background-color: #ccffff\">Tema: ASAMBLEA_ASAJA_LEON_2021<\/span><\/p>\n<p>Hora: 26 feb. 2021 17:00 a.\u00a0m. \u00a0La sala estar\u00e1 abierta desde las 16:45<\/p>\n<p>\u00a0<\/p>\n<p><span style=\"background-color: #ccffcc\">Unirse a la reuni\u00f3n Zoom pinchando en el siguiente enlace<\/span><\/p>\n<p><span style=\"background-color: #0000ff;color: #0000ff\"><a style=\"background-color: #0000ff;color: #0000ff\" href=\"https:\/\/zoom.us\/j\/91845068513?pwd=UW5KNXhoUHZCWGxIcnc1eEZ0a0dvQT09\"><span style=\"background-color: #ffffff\">https:\/\/zoom.us\/j\/91845068513?pwd=UW5KNXhoUHZCWGxIcnc1eEZ0a0dvQT09<\/span><\/a><\/span><\/p>\n<p>ID de reuni\u00f3n: 918 4506 8513<\/p>\n<p>C\u00f3digo de acceso: 537588<\/p>\n<p>\u00a0<\/p>\n","protected":false},"excerpt":{"rendered":"<p>ASAMBLEA GENERAL POR MEDIOS TELEM\u00c1TICOS Te recordamos que, como te informamos la pasada semana, hemos convocado ASAMBLEA GENERAL para ma\u00f1ana viernes d\u00edas 26 de febrero, a las 5 de la tarde, por la plataforma ZOOM. En dicho acto informaremos de las novedades al respecto de la PAC de este a\u00f1o y del pr\u00f3ximo, as\u00ed como [&hellip;]<\/p>\n","protected":false},"author":8,"featured_media":11753,"comment_status":"open","ping_status":"open","sticky":false,"template":"","format":"standard","meta":{"footnotes":""},"categories":[78],"tags":[],"yoast_head":"<!-- This site is optimized with the Yoast SEO plugin v24.5 - https:\/\/yoast.com\/wordpress\/plugins\/seo\/ -->\n<title>cir_25_02_2021_2 - ASAJA Le\u00f3n<\/title>\n<meta name=\"description\" content=\"ASAMBLEA GENERAL POR MEDIOS TELEM\u00c1TICOS Te recordamos que, como te informamos la pasada semana, hemos convocado ASAMBLEA GENERAL para ma\u00f1ana viernes d\u00edas\" \/>\n<meta name=\"robots\" content=\"index, follow, max-snippet:-1, max-image-preview:large, max-video-preview:-1\" \/>\n<link rel=\"canonical\" href=\"https:\/\/www.asajacyl.com\/leon\/buzon\/cir_25_02_2021_2\" \/>\n<meta property=\"og:locale\" content=\"es_ES\" \/>\n<meta property=\"og:type\" content=\"article\" \/>\n<meta property=\"og:title\" content=\"cir_25_02_2021_2 - ASAJA Le\u00f3n\" \/>\n<meta property=\"og:description\" content=\"ASAMBLEA GENERAL POR MEDIOS TELEM\u00c1TICOS Te recordamos que, como te informamos la pasada semana, hemos convocado ASAMBLEA GENERAL para ma\u00f1ana viernes d\u00edas\" \/>\n<meta property=\"og:url\" content=\"https:\/\/www.asajacyl.com\/leon\/buzon\/cir_25_02_2021_2\" \/>\n<meta property=\"og:site_name\" content=\"ASAJA Le\u00f3n\" \/>\n<meta property=\"article:published_time\" content=\"2021-02-25T09:52:57+00:00\" \/>\n<meta property=\"article:modified_time\" content=\"2021-02-25T10:04:59+00:00\" \/>\n<meta property=\"og:image\" content=\"https:\/\/www.asajacyl.com\/leon\/wp-content\/uploads\/sites\/6\/2020\/10\/fachada-asaja-leon.jpg\" \/>\n\t<meta property=\"og:image:width\" content=\"2048\" \/>\n\t<meta property=\"og:image:height\" content=\"1536\" \/>\n\t<meta property=\"og:image:type\" content=\"image\/jpeg\" \/>\n<meta name=\"author\" content=\"Eduardo\" \/>\n<meta name=\"twitter:card\" content=\"summary_large_image\" \/>\n<meta name=\"twitter:label1\" content=\"Escrito por\" \/>\n\t<meta name=\"twitter:data1\" content=\"Eduardo\" \/>\n\t<meta name=\"twitter:label2\" content=\"Tiempo de lectura\" \/>\n\t<meta name=\"twitter:data2\" content=\"1 minuto\" \/>\n<script type=\"application\/ld+json\" class=\"yoast-schema-graph\">{\"@context\":\"https:\/\/schema.org\",\"@graph\":[{\"@type\":\"WebPage\",\"@id\":\"https:\/\/www.asajacyl.com\/leon\/buzon\/cir_25_02_2021_2\",\"url\":\"https:\/\/www.asajacyl.com\/leon\/buzon\/cir_25_02_2021_2\",\"name\":\"cir_25_02_2021_2 - ASAJA Le\u00f3n\",\"isPartOf\":{\"@id\":\"https:\/\/www.asajacyl.com\/leon\/#website\"},\"primaryImageOfPage\":{\"@id\":\"https:\/\/www.asajacyl.com\/leon\/buzon\/cir_25_02_2021_2#primaryimage\"},\"image\":{\"@id\":\"https:\/\/www.asajacyl.com\/leon\/buzon\/cir_25_02_2021_2#primaryimage\"},\"thumbnailUrl\":\"https:\/\/www.asajacyl.com\/leon\/wp-content\/uploads\/sites\/6\/2020\/10\/fachada-asaja-leon.jpg\",\"datePublished\":\"2021-02-25T09:52:57+00:00\",\"dateModified\":\"2021-02-25T10:04:59+00:00\",\"author\":{\"@id\":\"https:\/\/www.asajacyl.com\/leon\/#\/schema\/person\/a39ff3609fc182e4c789ab486e865d32\"},\"description\":\"ASAMBLEA GENERAL POR MEDIOS TELEM\u00c1TICOS Te recordamos que, como te informamos la pasada semana, hemos convocado ASAMBLEA GENERAL para ma\u00f1ana viernes d\u00edas\",\"breadcrumb\":{\"@id\":\"https:\/\/www.asajacyl.com\/leon\/buzon\/cir_25_02_2021_2#breadcrumb\"},\"inLanguage\":\"es\",\"potentialAction\":[{\"@type\":\"ReadAction\",\"target\":[\"https:\/\/www.asajacyl.com\/leon\/buzon\/cir_25_02_2021_2\"]}]},{\"@type\":\"ImageObject\",\"inLanguage\":\"es\",\"@id\":\"https:\/\/www.asajacyl.com\/leon\/buzon\/cir_25_02_2021_2#primaryimage\",\"url\":\"https:\/\/www.asajacyl.com\/leon\/wp-content\/uploads\/sites\/6\/2020\/10\/fachada-asaja-leon.jpg\",\"contentUrl\":\"https:\/\/www.asajacyl.com\/leon\/wp-content\/uploads\/sites\/6\/2020\/10\/fachada-asaja-leon.jpg\",\"width\":2048,\"height\":1536},{\"@type\":\"BreadcrumbList\",\"@id\":\"https:\/\/www.asajacyl.com\/leon\/buzon\/cir_25_02_2021_2#breadcrumb\",\"itemListElement\":[{\"@type\":\"ListItem\",\"position\":1,\"name\":\"Portada\",\"item\":\"https:\/\/www.asajacyl.com\/leon\/\"},{\"@type\":\"ListItem\",\"position\":2,\"name\":\"cir_25_02_2021_2\"}]},{\"@type\":\"WebSite\",\"@id\":\"https:\/\/www.asajacyl.com\/leon\/#website\",\"url\":\"https:\/\/www.asajacyl.com\/leon\/\",\"name\":\"ASAJA Le\u00f3n\",\"description\":\"Otro sitio m\u00e1s de Provincias ASAJA Castilla y Le\u00f3n\",\"potentialAction\":[{\"@type\":\"SearchAction\",\"target\":{\"@type\":\"EntryPoint\",\"urlTemplate\":\"https:\/\/www.asajacyl.com\/leon\/?s={search_term_string}\"},\"query-input\":{\"@type\":\"PropertyValueSpecification\",\"valueRequired\":true,\"valueName\":\"search_term_string\"}}],\"inLanguage\":\"es\"},{\"@type\":\"Person\",\"@id\":\"https:\/\/www.asajacyl.com\/leon\/#\/schema\/person\/a39ff3609fc182e4c789ab486e865d32\",\"name\":\"Eduardo\",\"image\":{\"@type\":\"ImageObject\",\"inLanguage\":\"es\",\"@id\":\"https:\/\/www.asajacyl.com\/leon\/#\/schema\/person\/image\/\",\"url\":\"https:\/\/secure.gravatar.com\/avatar\/9ebd6aba21d817dcf9595bc9ca505af5?s=96&d=mm&r=g\",\"contentUrl\":\"https:\/\/secure.gravatar.com\/avatar\/9ebd6aba21d817dcf9595bc9ca505af5?s=96&d=mm&r=g\",\"caption\":\"Eduardo\"},\"url\":\"https:\/\/www.asajacyl.com\/leon\/author\/eduardovv\"}]}<\/script>\n<!-- \/ Yoast SEO plugin. -->","yoast_head_json":{"title":"cir_25_02_2021_2 - ASAJA Le\u00f3n","description":"ASAMBLEA GENERAL POR MEDIOS TELEM\u00c1TICOS Te recordamos que, como te informamos la pasada semana, hemos convocado ASAMBLEA GENERAL para ma\u00f1ana viernes d\u00edas","robots":{"index":"index","follow":"follow","max-snippet":"max-snippet:-1","max-image-preview":"max-image-preview:large","max-video-preview":"max-video-preview:-1"},"canonical":"https:\/\/www.asajacyl.com\/leon\/buzon\/cir_25_02_2021_2","og_locale":"es_ES","og_type":"article","og_title":"cir_25_02_2021_2 - ASAJA Le\u00f3n","og_description":"ASAMBLEA GENERAL POR MEDIOS TELEM\u00c1TICOS Te recordamos que, como te informamos la pasada semana, hemos convocado ASAMBLEA GENERAL para ma\u00f1ana viernes d\u00edas","og_url":"https:\/\/www.asajacyl.com\/leon\/buzon\/cir_25_02_2021_2","og_site_name":"ASAJA Le\u00f3n","article_published_time":"2021-02-25T09:52:57+00:00","article_modified_time":"2021-02-25T10:04:59+00:00","og_image":[{"width":2048,"height":1536,"url":"https:\/\/www.asajacyl.com\/leon\/wp-content\/uploads\/sites\/6\/2020\/10\/fachada-asaja-leon.jpg","type":"image\/jpeg"}],"author":"Eduardo","twitter_card":"summary_large_image","twitter_misc":{"Escrito por":"Eduardo","Tiempo de lectura":"1 minuto"},"schema":{"@context":"https:\/\/schema.org","@graph":[{"@type":"WebPage","@id":"https:\/\/www.asajacyl.com\/leon\/buzon\/cir_25_02_2021_2","url":"https:\/\/www.asajacyl.com\/leon\/buzon\/cir_25_02_2021_2","name":"cir_25_02_2021_2 - ASAJA Le\u00f3n","isPartOf":{"@id":"https:\/\/www.asajacyl.com\/leon\/#website"},"primaryImageOfPage":{"@id":"https:\/\/www.asajacyl.com\/leon\/buzon\/cir_25_02_2021_2#primaryimage"},"image":{"@id":"https:\/\/www.asajacyl.com\/leon\/buzon\/cir_25_02_2021_2#primaryimage"},"thumbnailUrl":"https:\/\/www.asajacyl.com\/leon\/wp-content\/uploads\/sites\/6\/2020\/10\/fachada-asaja-leon.jpg","datePublished":"2021-02-25T09:52:57+00:00","dateModified":"2021-02-25T10:04:59+00:00","author":{"@id":"https:\/\/www.asajacyl.com\/leon\/#\/schema\/person\/a39ff3609fc182e4c789ab486e865d32"},"description":"ASAMBLEA GENERAL POR MEDIOS TELEM\u00c1TICOS Te recordamos que, como te informamos la pasada semana, hemos convocado ASAMBLEA GENERAL para ma\u00f1ana viernes d\u00edas","breadcrumb":{"@id":"https:\/\/www.asajacyl.com\/leon\/buzon\/cir_25_02_2021_2#breadcrumb"},"inLanguage":"es","potentialAction":[{"@type":"ReadAction","target":["https:\/\/www.asajacyl.com\/leon\/buzon\/cir_25_02_2021_2"]}]},{"@type":"ImageObject","inLanguage":"es","@id":"https:\/\/www.asajacyl.com\/leon\/buzon\/cir_25_02_2021_2#primaryimage","url":"https:\/\/www.asajacyl.com\/leon\/wp-content\/uploads\/sites\/6\/2020\/10\/fachada-asaja-leon.jpg","contentUrl":"https:\/\/www.asajacyl.com\/leon\/wp-content\/uploads\/sites\/6\/2020\/10\/fachada-asaja-leon.jpg","width":2048,"height":1536},{"@type":"BreadcrumbList","@id":"https:\/\/www.asajacyl.com\/leon\/buzon\/cir_25_02_2021_2#breadcrumb","itemListElement":[{"@type":"ListItem","position":1,"name":"Portada","item":"https:\/\/www.asajacyl.com\/leon\/"},{"@type":"ListItem","position":2,"name":"cir_25_02_2021_2"}]},{"@type":"WebSite","@id":"https:\/\/www.asajacyl.com\/leon\/#website","url":"https:\/\/www.asajacyl.com\/leon\/","name":"ASAJA Le\u00f3n","description":"Otro sitio m\u00e1s de Provincias ASAJA Castilla y Le\u00f3n","potentialAction":[{"@type":"SearchAction","target":{"@type":"EntryPoint","urlTemplate":"https:\/\/www.asajacyl.com\/leon\/?s={search_term_string}"},"query-input":{"@type":"PropertyValueSpecification","valueRequired":true,"valueName":"search_term_string"}}],"inLanguage":"es"},{"@type":"Person","@id":"https:\/\/www.asajacyl.com\/leon\/#\/schema\/person\/a39ff3609fc182e4c789ab486e865d32","name":"Eduardo","image":{"@type":"ImageObject","inLanguage":"es","@id":"https:\/\/www.asajacyl.com\/leon\/#\/schema\/person\/image\/","url":"https:\/\/secure.gravatar.com\/avatar\/9ebd6aba21d817dcf9595bc9ca505af5?s=96&d=mm&r=g","contentUrl":"https:\/\/secure.gravatar.com\/avatar\/9ebd6aba21d817dcf9595bc9ca505af5?s=96&d=mm&r=g","caption":"Eduardo"},"url":"https:\/\/www.asajacyl.com\/leon\/author\/eduardovv"}]}},"_links":{"self":[{"href":"https:\/\/www.asajacyl.com\/leon\/wp-json\/wp\/v2\/posts\/12120"}],"collection":[{"href":"https:\/\/www.asajacyl.com\/leon\/wp-json\/wp\/v2\/posts"}],"about":[{"href":"https:\/\/www.asajacyl.com\/leon\/wp-json\/wp\/v2\/types\/post"}],"author":[{"embeddable":true,"href":"https:\/\/www.asajacyl.com\/leon\/wp-json\/wp\/v2\/users\/8"}],"replies":[{"embeddable":true,"href":"https:\/\/www.asajacyl.com\/leon\/wp-json\/wp\/v2\/comments?post=12120"}],"version-history":[{"count":3,"href":"https:\/\/www.asajacyl.com\/leon\/wp-json\/wp\/v2\/posts\/12120\/revisions"}],"predecessor-version":[{"id":12124,"href":"https:\/\/www.asajacyl.com\/leon\/wp-json\/wp\/v2\/posts\/12120\/revisions\/12124"}],"wp:featuredmedia":[{"embeddable":true,"href":"https:\/\/www.asajacyl.com\/leon\/wp-json\/wp\/v2\/media\/11753"}],"wp:attachment":[{"href":"https:\/\/www.asajacyl.com\/leon\/wp-json\/wp\/v2\/media?parent=12120"}],"wp:term":[{"taxonomy":"category","embeddable":true,"href":"https:\/\/www.asajacyl.com\/leon\/wp-json\/wp\/v2\/categories?post=12120"},{"taxonomy":"post_tag","embeddable":true,"href":"https:\/\/www.asajacyl.com\/leon\/wp-json\/wp\/v2\/tags?post=12120"}],"curies":[{"name":"wp","href":"https:\/\/api.w.org\/{rel}","templated":true}]}}