{"id":12147,"date":"2021-03-03T18:22:38","date_gmt":"2021-03-03T17:22:38","guid":{"rendered":"https:\/\/www.asajacyl.com\/leon\/?p=12147"},"modified":"2021-03-03T18:22:39","modified_gmt":"2021-03-03T17:22:39","slug":"seg_vinedo_2021","status":"publish","type":"post","link":"https:\/\/www.asajacyl.com\/leon\/buzon\/seg_vinedo_2021","title":{"rendered":"seg_vinedo_2021"},"content":{"rendered":"\n<h2><strong>SEGURO AGRARIO EN VI\u00d1EDO<\/strong><\/h2>\n<h6>Le\u00f3n, 02 de marzo de 2021.<\/h6>\n<h6>Recordamos a los viticultores\u00a0 que el plazo para suscribir el SEGURO DE VI\u00d1EDO que cubre tambi\u00e9n da\u00f1os de <strong><u>HELADAS<\/u><\/strong>, est\u00e1 abierto tan solo hasta el pr\u00f3ximo <strong>25 DE MARZO<\/strong>.<\/h6>\n<h6>En otra modalidad de seguro, que no cubre los da\u00f1os de heladas, pero cubre mayormente pedrisco, el plazo est\u00e1 abierto hasta el 30 de abril.<\/h6>\n<h6>En nuestras oficinas encontrar\u00e1s las mejores condiciones.\u00a0 Preg\u00fantanos tambi\u00e9n por otras necesidades que tengas en seguros agroganaderos o en la rama de seguros generales.<\/h6>\n<h6>Jos\u00e9 Antonio Turrado<\/h6>\n<h6>Secretario general<\/h6>\n","protected":false},"excerpt":{"rendered":"<p>SEGURO AGRARIO EN VI\u00d1EDO Le\u00f3n, 02 de marzo de 2021. Recordamos a los viticultores\u00a0 que el plazo para suscribir el SEGURO DE VI\u00d1EDO que cubre tambi\u00e9n da\u00f1os de HELADAS, est\u00e1 abierto tan solo hasta el pr\u00f3ximo 25 DE MARZO. En otra modalidad de seguro, que no cubre los da\u00f1os de heladas, pero cubre mayormente pedrisco, [&hellip;]<\/p>\n","protected":false},"author":8,"featured_media":9423,"comment_status":"open","ping_status":"open","sticky":false,"template":"","format":"standard","meta":{"footnotes":""},"categories":[78],"tags":[],"yoast_head":"<!-- This site is optimized with the Yoast SEO plugin v24.5 - https:\/\/yoast.com\/wordpress\/plugins\/seo\/ -->\n<title>seg_vinedo_2021 - ASAJA Le\u00f3n<\/title>\n<meta name=\"description\" content=\"SEGURO AGRARIO EN VI\u00d1EDO Le\u00f3n, 02 de marzo de 2021. Recordamos a los viticultores\u00a0 que el plazo para suscribir el SEGURO DE VI\u00d1EDO que cubre tambi\u00e9n da\u00f1os\" \/>\n<meta name=\"robots\" content=\"index, follow, max-snippet:-1, max-image-preview:large, max-video-preview:-1\" \/>\n<link rel=\"canonical\" href=\"https:\/\/www.asajacyl.com\/leon\/buzon\/seg_vinedo_2021\" \/>\n<meta property=\"og:locale\" content=\"es_ES\" \/>\n<meta property=\"og:type\" content=\"article\" \/>\n<meta property=\"og:title\" content=\"seg_vinedo_2021 - ASAJA Le\u00f3n\" \/>\n<meta property=\"og:description\" content=\"SEGURO AGRARIO EN VI\u00d1EDO Le\u00f3n, 02 de marzo de 2021. Recordamos a los viticultores\u00a0 que el plazo para suscribir el SEGURO DE VI\u00d1EDO que cubre tambi\u00e9n da\u00f1os\" \/>\n<meta property=\"og:url\" content=\"https:\/\/www.asajacyl.com\/leon\/buzon\/seg_vinedo_2021\" \/>\n<meta property=\"og:site_name\" content=\"ASAJA Le\u00f3n\" \/>\n<meta property=\"article:published_time\" content=\"2021-03-03T17:22:38+00:00\" \/>\n<meta property=\"article:modified_time\" content=\"2021-03-03T17:22:39+00:00\" \/>\n<meta property=\"og:image\" content=\"https:\/\/www.asajacyl.com\/leon\/wp-content\/uploads\/sites\/6\/2018\/10\/cajas_uva_remolque.jpg\" \/>\n\t<meta property=\"og:image:width\" content=\"1920\" \/>\n\t<meta property=\"og:image:height\" content=\"1440\" \/>\n\t<meta property=\"og:image:type\" content=\"image\/jpeg\" \/>\n<meta name=\"author\" content=\"Eduardo\" \/>\n<meta name=\"twitter:card\" content=\"summary_large_image\" \/>\n<meta name=\"twitter:label1\" content=\"Escrito por\" \/>\n\t<meta name=\"twitter:data1\" content=\"Eduardo\" \/>\n\t<meta name=\"twitter:label2\" content=\"Tiempo de lectura\" \/>\n\t<meta name=\"twitter:data2\" content=\"1 minuto\" \/>\n<script type=\"application\/ld+json\" class=\"yoast-schema-graph\">{\"@context\":\"https:\/\/schema.org\",\"@graph\":[{\"@type\":\"WebPage\",\"@id\":\"https:\/\/www.asajacyl.com\/leon\/buzon\/seg_vinedo_2021\",\"url\":\"https:\/\/www.asajacyl.com\/leon\/buzon\/seg_vinedo_2021\",\"name\":\"seg_vinedo_2021 - ASAJA Le\u00f3n\",\"isPartOf\":{\"@id\":\"https:\/\/www.asajacyl.com\/leon\/#website\"},\"primaryImageOfPage\":{\"@id\":\"https:\/\/www.asajacyl.com\/leon\/buzon\/seg_vinedo_2021#primaryimage\"},\"image\":{\"@id\":\"https:\/\/www.asajacyl.com\/leon\/buzon\/seg_vinedo_2021#primaryimage\"},\"thumbnailUrl\":\"https:\/\/www.asajacyl.com\/leon\/wp-content\/uploads\/sites\/6\/2018\/10\/cajas_uva_remolque.jpg\",\"datePublished\":\"2021-03-03T17:22:38+00:00\",\"dateModified\":\"2021-03-03T17:22:39+00:00\",\"author\":{\"@id\":\"https:\/\/www.asajacyl.com\/leon\/#\/schema\/person\/a39ff3609fc182e4c789ab486e865d32\"},\"description\":\"SEGURO AGRARIO EN VI\u00d1EDO Le\u00f3n, 02 de marzo de 2021. Recordamos a los viticultores\u00a0 que el plazo para suscribir el SEGURO DE VI\u00d1EDO que cubre tambi\u00e9n da\u00f1os\",\"breadcrumb\":{\"@id\":\"https:\/\/www.asajacyl.com\/leon\/buzon\/seg_vinedo_2021#breadcrumb\"},\"inLanguage\":\"es\",\"potentialAction\":[{\"@type\":\"ReadAction\",\"target\":[\"https:\/\/www.asajacyl.com\/leon\/buzon\/seg_vinedo_2021\"]}]},{\"@type\":\"ImageObject\",\"inLanguage\":\"es\",\"@id\":\"https:\/\/www.asajacyl.com\/leon\/buzon\/seg_vinedo_2021#primaryimage\",\"url\":\"https:\/\/www.asajacyl.com\/leon\/wp-content\/uploads\/sites\/6\/2018\/10\/cajas_uva_remolque.jpg\",\"contentUrl\":\"https:\/\/www.asajacyl.com\/leon\/wp-content\/uploads\/sites\/6\/2018\/10\/cajas_uva_remolque.jpg\",\"width\":1920,\"height\":1440},{\"@type\":\"BreadcrumbList\",\"@id\":\"https:\/\/www.asajacyl.com\/leon\/buzon\/seg_vinedo_2021#breadcrumb\",\"itemListElement\":[{\"@type\":\"ListItem\",\"position\":1,\"name\":\"Portada\",\"item\":\"https:\/\/www.asajacyl.com\/leon\/\"},{\"@type\":\"ListItem\",\"position\":2,\"name\":\"seg_vinedo_2021\"}]},{\"@type\":\"WebSite\",\"@id\":\"https:\/\/www.asajacyl.com\/leon\/#website\",\"url\":\"https:\/\/www.asajacyl.com\/leon\/\",\"name\":\"ASAJA Le\u00f3n\",\"description\":\"Otro sitio m\u00e1s de Provincias ASAJA Castilla y Le\u00f3n\",\"potentialAction\":[{\"@type\":\"SearchAction\",\"target\":{\"@type\":\"EntryPoint\",\"urlTemplate\":\"https:\/\/www.asajacyl.com\/leon\/?s={search_term_string}\"},\"query-input\":{\"@type\":\"PropertyValueSpecification\",\"valueRequired\":true,\"valueName\":\"search_term_string\"}}],\"inLanguage\":\"es\"},{\"@type\":\"Person\",\"@id\":\"https:\/\/www.asajacyl.com\/leon\/#\/schema\/person\/a39ff3609fc182e4c789ab486e865d32\",\"name\":\"Eduardo\",\"image\":{\"@type\":\"ImageObject\",\"inLanguage\":\"es\",\"@id\":\"https:\/\/www.asajacyl.com\/leon\/#\/schema\/person\/image\/\",\"url\":\"https:\/\/secure.gravatar.com\/avatar\/9ebd6aba21d817dcf9595bc9ca505af5?s=96&d=mm&r=g\",\"contentUrl\":\"https:\/\/secure.gravatar.com\/avatar\/9ebd6aba21d817dcf9595bc9ca505af5?s=96&d=mm&r=g\",\"caption\":\"Eduardo\"},\"url\":\"https:\/\/www.asajacyl.com\/leon\/author\/eduardovv\"}]}<\/script>\n<!-- \/ Yoast SEO plugin. -->","yoast_head_json":{"title":"seg_vinedo_2021 - ASAJA Le\u00f3n","description":"SEGURO AGRARIO EN VI\u00d1EDO Le\u00f3n, 02 de marzo de 2021. Recordamos a los viticultores\u00a0 que el plazo para suscribir el SEGURO DE VI\u00d1EDO que cubre tambi\u00e9n da\u00f1os","robots":{"index":"index","follow":"follow","max-snippet":"max-snippet:-1","max-image-preview":"max-image-preview:large","max-video-preview":"max-video-preview:-1"},"canonical":"https:\/\/www.asajacyl.com\/leon\/buzon\/seg_vinedo_2021","og_locale":"es_ES","og_type":"article","og_title":"seg_vinedo_2021 - ASAJA Le\u00f3n","og_description":"SEGURO AGRARIO EN VI\u00d1EDO Le\u00f3n, 02 de marzo de 2021. Recordamos a los viticultores\u00a0 que el plazo para suscribir el SEGURO DE VI\u00d1EDO que cubre tambi\u00e9n da\u00f1os","og_url":"https:\/\/www.asajacyl.com\/leon\/buzon\/seg_vinedo_2021","og_site_name":"ASAJA Le\u00f3n","article_published_time":"2021-03-03T17:22:38+00:00","article_modified_time":"2021-03-03T17:22:39+00:00","og_image":[{"width":1920,"height":1440,"url":"https:\/\/www.asajacyl.com\/leon\/wp-content\/uploads\/sites\/6\/2018\/10\/cajas_uva_remolque.jpg","type":"image\/jpeg"}],"author":"Eduardo","twitter_card":"summary_large_image","twitter_misc":{"Escrito por":"Eduardo","Tiempo de lectura":"1 minuto"},"schema":{"@context":"https:\/\/schema.org","@graph":[{"@type":"WebPage","@id":"https:\/\/www.asajacyl.com\/leon\/buzon\/seg_vinedo_2021","url":"https:\/\/www.asajacyl.com\/leon\/buzon\/seg_vinedo_2021","name":"seg_vinedo_2021 - ASAJA Le\u00f3n","isPartOf":{"@id":"https:\/\/www.asajacyl.com\/leon\/#website"},"primaryImageOfPage":{"@id":"https:\/\/www.asajacyl.com\/leon\/buzon\/seg_vinedo_2021#primaryimage"},"image":{"@id":"https:\/\/www.asajacyl.com\/leon\/buzon\/seg_vinedo_2021#primaryimage"},"thumbnailUrl":"https:\/\/www.asajacyl.com\/leon\/wp-content\/uploads\/sites\/6\/2018\/10\/cajas_uva_remolque.jpg","datePublished":"2021-03-03T17:22:38+00:00","dateModified":"2021-03-03T17:22:39+00:00","author":{"@id":"https:\/\/www.asajacyl.com\/leon\/#\/schema\/person\/a39ff3609fc182e4c789ab486e865d32"},"description":"SEGURO AGRARIO EN VI\u00d1EDO Le\u00f3n, 02 de marzo de 2021. Recordamos a los viticultores\u00a0 que el plazo para suscribir el SEGURO DE VI\u00d1EDO que cubre tambi\u00e9n da\u00f1os","breadcrumb":{"@id":"https:\/\/www.asajacyl.com\/leon\/buzon\/seg_vinedo_2021#breadcrumb"},"inLanguage":"es","potentialAction":[{"@type":"ReadAction","target":["https:\/\/www.asajacyl.com\/leon\/buzon\/seg_vinedo_2021"]}]},{"@type":"ImageObject","inLanguage":"es","@id":"https:\/\/www.asajacyl.com\/leon\/buzon\/seg_vinedo_2021#primaryimage","url":"https:\/\/www.asajacyl.com\/leon\/wp-content\/uploads\/sites\/6\/2018\/10\/cajas_uva_remolque.jpg","contentUrl":"https:\/\/www.asajacyl.com\/leon\/wp-content\/uploads\/sites\/6\/2018\/10\/cajas_uva_remolque.jpg","width":1920,"height":1440},{"@type":"BreadcrumbList","@id":"https:\/\/www.asajacyl.com\/leon\/buzon\/seg_vinedo_2021#breadcrumb","itemListElement":[{"@type":"ListItem","position":1,"name":"Portada","item":"https:\/\/www.asajacyl.com\/leon\/"},{"@type":"ListItem","position":2,"name":"seg_vinedo_2021"}]},{"@type":"WebSite","@id":"https:\/\/www.asajacyl.com\/leon\/#website","url":"https:\/\/www.asajacyl.com\/leon\/","name":"ASAJA Le\u00f3n","description":"Otro sitio m\u00e1s de Provincias ASAJA Castilla y Le\u00f3n","potentialAction":[{"@type":"SearchAction","target":{"@type":"EntryPoint","urlTemplate":"https:\/\/www.asajacyl.com\/leon\/?s={search_term_string}"},"query-input":{"@type":"PropertyValueSpecification","valueRequired":true,"valueName":"search_term_string"}}],"inLanguage":"es"},{"@type":"Person","@id":"https:\/\/www.asajacyl.com\/leon\/#\/schema\/person\/a39ff3609fc182e4c789ab486e865d32","name":"Eduardo","image":{"@type":"ImageObject","inLanguage":"es","@id":"https:\/\/www.asajacyl.com\/leon\/#\/schema\/person\/image\/","url":"https:\/\/secure.gravatar.com\/avatar\/9ebd6aba21d817dcf9595bc9ca505af5?s=96&d=mm&r=g","contentUrl":"https:\/\/secure.gravatar.com\/avatar\/9ebd6aba21d817dcf9595bc9ca505af5?s=96&d=mm&r=g","caption":"Eduardo"},"url":"https:\/\/www.asajacyl.com\/leon\/author\/eduardovv"}]}},"_links":{"self":[{"href":"https:\/\/www.asajacyl.com\/leon\/wp-json\/wp\/v2\/posts\/12147"}],"collection":[{"href":"https:\/\/www.asajacyl.com\/leon\/wp-json\/wp\/v2\/posts"}],"about":[{"href":"https:\/\/www.asajacyl.com\/leon\/wp-json\/wp\/v2\/types\/post"}],"author":[{"embeddable":true,"href":"https:\/\/www.asajacyl.com\/leon\/wp-json\/wp\/v2\/users\/8"}],"replies":[{"embeddable":true,"href":"https:\/\/www.asajacyl.com\/leon\/wp-json\/wp\/v2\/comments?post=12147"}],"version-history":[{"count":1,"href":"https:\/\/www.asajacyl.com\/leon\/wp-json\/wp\/v2\/posts\/12147\/revisions"}],"predecessor-version":[{"id":12148,"href":"https:\/\/www.asajacyl.com\/leon\/wp-json\/wp\/v2\/posts\/12147\/revisions\/12148"}],"wp:featuredmedia":[{"embeddable":true,"href":"https:\/\/www.asajacyl.com\/leon\/wp-json\/wp\/v2\/media\/9423"}],"wp:attachment":[{"href":"https:\/\/www.asajacyl.com\/leon\/wp-json\/wp\/v2\/media?parent=12147"}],"wp:term":[{"taxonomy":"category","embeddable":true,"href":"https:\/\/www.asajacyl.com\/leon\/wp-json\/wp\/v2\/categories?post=12147"},{"taxonomy":"post_tag","embeddable":true,"href":"https:\/\/www.asajacyl.com\/leon\/wp-json\/wp\/v2\/tags?post=12147"}],"curies":[{"name":"wp","href":"https:\/\/api.w.org\/{rel}","templated":true}]}}