{"id":12159,"date":"2021-03-08T18:55:46","date_gmt":"2021-03-08T17:55:46","guid":{"rendered":"https:\/\/www.asajacyl.com\/leon\/?p=12159"},"modified":"2021-03-08T18:55:49","modified_gmt":"2021-03-08T17:55:49","slug":"c1_ganaderos_2021","status":"publish","type":"post","link":"https:\/\/www.asajacyl.com\/leon\/buzon\/c1_ganaderos_2021","title":{"rendered":"c1_ganaderos_2021"},"content":{"rendered":"\n<h2><strong>CIRCULAR A GANADEROS DE <\/strong><strong>VACUNO, OVINO-CAPRINO Y EQUINO EN EXTENSIVO<\/strong><\/h2>\n<p>Le\u00f3n, 8 de marzo de 2021.<\/p>\n<p>Conoces por nuestros medios y por los medios de comunicaci\u00f3n general la fuerza que estamos haciendo para evitar que el Ministerio para la Transici\u00f3n Ecol\u00f3gica otorgue al lobo un estatus de mayor protecci\u00f3n que la actual, lo que supondr\u00eda, entre otras cuestiones, dejar de poder controlar los censos con la pr\u00e1ctica de la caza.<\/p>\n<p>El Ministerio defiende la presencia del lobo en todo el territorio bajo una protecci\u00f3n total, y compensar al ganadero con unos apoyos econ\u00f3micos, todav\u00eda sin definir en su cuant\u00eda, que provendr\u00edan de las ayudas PAC. Nuestra postura es que la PAC ya la cobramos por otros motivos, y que por lo tanto cuando haya una compensaci\u00f3n por los da\u00f1os del lobo ha de ser con presupuesto propio del Estado o la Junta.<\/p>\n<p>Desde ASAJA defendemos que se mantenga el estatus actual del lobo y por lo tanto que se pueda cazar, y que haya una compensaci\u00f3n justa por los da\u00f1os tanto en las zonas de reserva de caza como en el resto de zonas, y ello al margen de que el ganadero tenga o no un seguro que cubra este tipo de da\u00f1os.<\/p>\n<p>Para apoyar la defensa que estamos haciendo de esta cuesti\u00f3n, se est\u00e1n convocando movilizaciones\u00a0 de ganaderos en diferentes territorios.\u00a0 Siendo nuestra provincia una de las afectadas y siendo ASAJA organizaci\u00f3n mayoritaria, es nuestra responsabilidad colaborar en esta presi\u00f3n y convocar un acto de protesta en Le\u00f3n capital. <strong><u>Con el fin de programarlo seg\u00fan la fuerza que podamos demostrar, te pido que, en un plazo de dos o tres d\u00edas, nos confirmes t\u00fa disposici\u00f3n a participar en dicho acto, del cual, una vez se convoque, se dar\u00e1 cuenta del d\u00eda y lugar. <\/u><\/strong>La convocatoria ser\u00e1 previa autorizaci\u00f3n y respetando las medidas sanitarias.<\/p>\n<h6>Nos lo puedes confirmar en persona o por tel\u00e9fono en nuestras oficinas, por correo electr\u00f3nico (<a href=\"mailto:asaja@asajaleon.com\">asaja@asajaleon.com<\/a>) o en el siguiente n\u00famero de WhatsApp\u00a0\u00a0\u00a0\u00a0\u00a0 639 944464. Nos has de indicar nombre y apellidos, tel\u00e9fono y pueblo.<\/h6>\n<p>Agradeci\u00e9ndote la colaboraci\u00f3n que se te pide, recibe un saludo.<\/p>\n<p>\u00a0<\/p>\n<p>Fdo.: Jos\u00e9 Antonio Turrado<\/p>\n<p>Secretario general<\/p>\n\n\n\n<p><\/p>\n","protected":false},"excerpt":{"rendered":"<p>CIRCULAR A GANADEROS DE VACUNO, OVINO-CAPRINO Y EQUINO EN EXTENSIVO Le\u00f3n, 8 de marzo de 2021. Conoces por nuestros medios y por los medios de comunicaci\u00f3n general la fuerza que estamos haciendo para evitar que el Ministerio para la Transici\u00f3n Ecol\u00f3gica otorgue al lobo un estatus de mayor protecci\u00f3n que la actual, lo que supondr\u00eda, [&hellip;]<\/p>\n","protected":false},"author":8,"featured_media":10607,"comment_status":"open","ping_status":"open","sticky":false,"template":"","format":"standard","meta":{"footnotes":""},"categories":[78],"tags":[],"yoast_head":"<!-- This site is optimized with the Yoast SEO plugin v24.5 - https:\/\/yoast.com\/wordpress\/plugins\/seo\/ -->\n<title>c1_ganaderos_2021 - ASAJA Le\u00f3n<\/title>\n<meta name=\"description\" content=\"CIRCULAR A GANADEROS DE VACUNO, OVINO-CAPRINO Y EQUINO EN EXTENSIVO Le\u00f3n, 8 de marzo de 2021. Conoces por nuestros medios y por los medios de comunicaci\u00f3n\" \/>\n<meta name=\"robots\" content=\"index, follow, max-snippet:-1, max-image-preview:large, max-video-preview:-1\" \/>\n<link rel=\"canonical\" href=\"https:\/\/www.asajacyl.com\/leon\/buzon\/c1_ganaderos_2021\" \/>\n<meta property=\"og:locale\" content=\"es_ES\" \/>\n<meta property=\"og:type\" content=\"article\" \/>\n<meta property=\"og:title\" content=\"c1_ganaderos_2021 - ASAJA Le\u00f3n\" \/>\n<meta property=\"og:description\" content=\"CIRCULAR A GANADEROS DE VACUNO, OVINO-CAPRINO Y EQUINO EN EXTENSIVO Le\u00f3n, 8 de marzo de 2021. Conoces por nuestros medios y por los medios de comunicaci\u00f3n\" \/>\n<meta property=\"og:url\" content=\"https:\/\/www.asajacyl.com\/leon\/buzon\/c1_ganaderos_2021\" \/>\n<meta property=\"og:site_name\" content=\"ASAJA Le\u00f3n\" \/>\n<meta property=\"article:published_time\" content=\"2021-03-08T17:55:46+00:00\" \/>\n<meta property=\"article:modified_time\" content=\"2021-03-08T17:55:49+00:00\" \/>\n<meta property=\"og:image\" content=\"https:\/\/www.asajacyl.com\/leon\/wp-content\/uploads\/sites\/6\/2019\/10\/lobo_2.jpg\" \/>\n\t<meta property=\"og:image:width\" content=\"1920\" \/>\n\t<meta property=\"og:image:height\" content=\"1280\" \/>\n\t<meta property=\"og:image:type\" content=\"image\/jpeg\" \/>\n<meta name=\"author\" content=\"Eduardo\" \/>\n<meta name=\"twitter:card\" content=\"summary_large_image\" \/>\n<meta name=\"twitter:label1\" content=\"Escrito por\" \/>\n\t<meta name=\"twitter:data1\" content=\"Eduardo\" \/>\n\t<meta name=\"twitter:label2\" content=\"Tiempo de lectura\" \/>\n\t<meta name=\"twitter:data2\" content=\"2 minutos\" \/>\n<script type=\"application\/ld+json\" class=\"yoast-schema-graph\">{\"@context\":\"https:\/\/schema.org\",\"@graph\":[{\"@type\":\"WebPage\",\"@id\":\"https:\/\/www.asajacyl.com\/leon\/buzon\/c1_ganaderos_2021\",\"url\":\"https:\/\/www.asajacyl.com\/leon\/buzon\/c1_ganaderos_2021\",\"name\":\"c1_ganaderos_2021 - ASAJA Le\u00f3n\",\"isPartOf\":{\"@id\":\"https:\/\/www.asajacyl.com\/leon\/#website\"},\"primaryImageOfPage\":{\"@id\":\"https:\/\/www.asajacyl.com\/leon\/buzon\/c1_ganaderos_2021#primaryimage\"},\"image\":{\"@id\":\"https:\/\/www.asajacyl.com\/leon\/buzon\/c1_ganaderos_2021#primaryimage\"},\"thumbnailUrl\":\"https:\/\/www.asajacyl.com\/leon\/wp-content\/uploads\/sites\/6\/2019\/10\/lobo_2.jpg\",\"datePublished\":\"2021-03-08T17:55:46+00:00\",\"dateModified\":\"2021-03-08T17:55:49+00:00\",\"author\":{\"@id\":\"https:\/\/www.asajacyl.com\/leon\/#\/schema\/person\/a39ff3609fc182e4c789ab486e865d32\"},\"description\":\"CIRCULAR A GANADEROS DE VACUNO, OVINO-CAPRINO Y EQUINO EN EXTENSIVO Le\u00f3n, 8 de marzo de 2021. Conoces por nuestros medios y por los medios de comunicaci\u00f3n\",\"breadcrumb\":{\"@id\":\"https:\/\/www.asajacyl.com\/leon\/buzon\/c1_ganaderos_2021#breadcrumb\"},\"inLanguage\":\"es\",\"potentialAction\":[{\"@type\":\"ReadAction\",\"target\":[\"https:\/\/www.asajacyl.com\/leon\/buzon\/c1_ganaderos_2021\"]}]},{\"@type\":\"ImageObject\",\"inLanguage\":\"es\",\"@id\":\"https:\/\/www.asajacyl.com\/leon\/buzon\/c1_ganaderos_2021#primaryimage\",\"url\":\"https:\/\/www.asajacyl.com\/leon\/wp-content\/uploads\/sites\/6\/2019\/10\/lobo_2.jpg\",\"contentUrl\":\"https:\/\/www.asajacyl.com\/leon\/wp-content\/uploads\/sites\/6\/2019\/10\/lobo_2.jpg\",\"width\":1920,\"height\":1280},{\"@type\":\"BreadcrumbList\",\"@id\":\"https:\/\/www.asajacyl.com\/leon\/buzon\/c1_ganaderos_2021#breadcrumb\",\"itemListElement\":[{\"@type\":\"ListItem\",\"position\":1,\"name\":\"Portada\",\"item\":\"https:\/\/www.asajacyl.com\/leon\/\"},{\"@type\":\"ListItem\",\"position\":2,\"name\":\"c1_ganaderos_2021\"}]},{\"@type\":\"WebSite\",\"@id\":\"https:\/\/www.asajacyl.com\/leon\/#website\",\"url\":\"https:\/\/www.asajacyl.com\/leon\/\",\"name\":\"ASAJA Le\u00f3n\",\"description\":\"Otro sitio m\u00e1s de Provincias ASAJA Castilla y Le\u00f3n\",\"potentialAction\":[{\"@type\":\"SearchAction\",\"target\":{\"@type\":\"EntryPoint\",\"urlTemplate\":\"https:\/\/www.asajacyl.com\/leon\/?s={search_term_string}\"},\"query-input\":{\"@type\":\"PropertyValueSpecification\",\"valueRequired\":true,\"valueName\":\"search_term_string\"}}],\"inLanguage\":\"es\"},{\"@type\":\"Person\",\"@id\":\"https:\/\/www.asajacyl.com\/leon\/#\/schema\/person\/a39ff3609fc182e4c789ab486e865d32\",\"name\":\"Eduardo\",\"image\":{\"@type\":\"ImageObject\",\"inLanguage\":\"es\",\"@id\":\"https:\/\/www.asajacyl.com\/leon\/#\/schema\/person\/image\/\",\"url\":\"https:\/\/secure.gravatar.com\/avatar\/9ebd6aba21d817dcf9595bc9ca505af5?s=96&d=mm&r=g\",\"contentUrl\":\"https:\/\/secure.gravatar.com\/avatar\/9ebd6aba21d817dcf9595bc9ca505af5?s=96&d=mm&r=g\",\"caption\":\"Eduardo\"},\"url\":\"https:\/\/www.asajacyl.com\/leon\/author\/eduardovv\"}]}<\/script>\n<!-- \/ Yoast SEO plugin. -->","yoast_head_json":{"title":"c1_ganaderos_2021 - ASAJA Le\u00f3n","description":"CIRCULAR A GANADEROS DE VACUNO, OVINO-CAPRINO Y EQUINO EN EXTENSIVO Le\u00f3n, 8 de marzo de 2021. Conoces por nuestros medios y por los medios de comunicaci\u00f3n","robots":{"index":"index","follow":"follow","max-snippet":"max-snippet:-1","max-image-preview":"max-image-preview:large","max-video-preview":"max-video-preview:-1"},"canonical":"https:\/\/www.asajacyl.com\/leon\/buzon\/c1_ganaderos_2021","og_locale":"es_ES","og_type":"article","og_title":"c1_ganaderos_2021 - ASAJA Le\u00f3n","og_description":"CIRCULAR A GANADEROS DE VACUNO, OVINO-CAPRINO Y EQUINO EN EXTENSIVO Le\u00f3n, 8 de marzo de 2021. Conoces por nuestros medios y por los medios de comunicaci\u00f3n","og_url":"https:\/\/www.asajacyl.com\/leon\/buzon\/c1_ganaderos_2021","og_site_name":"ASAJA Le\u00f3n","article_published_time":"2021-03-08T17:55:46+00:00","article_modified_time":"2021-03-08T17:55:49+00:00","og_image":[{"width":1920,"height":1280,"url":"https:\/\/www.asajacyl.com\/leon\/wp-content\/uploads\/sites\/6\/2019\/10\/lobo_2.jpg","type":"image\/jpeg"}],"author":"Eduardo","twitter_card":"summary_large_image","twitter_misc":{"Escrito por":"Eduardo","Tiempo de lectura":"2 minutos"},"schema":{"@context":"https:\/\/schema.org","@graph":[{"@type":"WebPage","@id":"https:\/\/www.asajacyl.com\/leon\/buzon\/c1_ganaderos_2021","url":"https:\/\/www.asajacyl.com\/leon\/buzon\/c1_ganaderos_2021","name":"c1_ganaderos_2021 - ASAJA Le\u00f3n","isPartOf":{"@id":"https:\/\/www.asajacyl.com\/leon\/#website"},"primaryImageOfPage":{"@id":"https:\/\/www.asajacyl.com\/leon\/buzon\/c1_ganaderos_2021#primaryimage"},"image":{"@id":"https:\/\/www.asajacyl.com\/leon\/buzon\/c1_ganaderos_2021#primaryimage"},"thumbnailUrl":"https:\/\/www.asajacyl.com\/leon\/wp-content\/uploads\/sites\/6\/2019\/10\/lobo_2.jpg","datePublished":"2021-03-08T17:55:46+00:00","dateModified":"2021-03-08T17:55:49+00:00","author":{"@id":"https:\/\/www.asajacyl.com\/leon\/#\/schema\/person\/a39ff3609fc182e4c789ab486e865d32"},"description":"CIRCULAR A GANADEROS DE VACUNO, OVINO-CAPRINO Y EQUINO EN EXTENSIVO Le\u00f3n, 8 de marzo de 2021. Conoces por nuestros medios y por los medios de comunicaci\u00f3n","breadcrumb":{"@id":"https:\/\/www.asajacyl.com\/leon\/buzon\/c1_ganaderos_2021#breadcrumb"},"inLanguage":"es","potentialAction":[{"@type":"ReadAction","target":["https:\/\/www.asajacyl.com\/leon\/buzon\/c1_ganaderos_2021"]}]},{"@type":"ImageObject","inLanguage":"es","@id":"https:\/\/www.asajacyl.com\/leon\/buzon\/c1_ganaderos_2021#primaryimage","url":"https:\/\/www.asajacyl.com\/leon\/wp-content\/uploads\/sites\/6\/2019\/10\/lobo_2.jpg","contentUrl":"https:\/\/www.asajacyl.com\/leon\/wp-content\/uploads\/sites\/6\/2019\/10\/lobo_2.jpg","width":1920,"height":1280},{"@type":"BreadcrumbList","@id":"https:\/\/www.asajacyl.com\/leon\/buzon\/c1_ganaderos_2021#breadcrumb","itemListElement":[{"@type":"ListItem","position":1,"name":"Portada","item":"https:\/\/www.asajacyl.com\/leon\/"},{"@type":"ListItem","position":2,"name":"c1_ganaderos_2021"}]},{"@type":"WebSite","@id":"https:\/\/www.asajacyl.com\/leon\/#website","url":"https:\/\/www.asajacyl.com\/leon\/","name":"ASAJA Le\u00f3n","description":"Otro sitio m\u00e1s de Provincias ASAJA Castilla y Le\u00f3n","potentialAction":[{"@type":"SearchAction","target":{"@type":"EntryPoint","urlTemplate":"https:\/\/www.asajacyl.com\/leon\/?s={search_term_string}"},"query-input":{"@type":"PropertyValueSpecification","valueRequired":true,"valueName":"search_term_string"}}],"inLanguage":"es"},{"@type":"Person","@id":"https:\/\/www.asajacyl.com\/leon\/#\/schema\/person\/a39ff3609fc182e4c789ab486e865d32","name":"Eduardo","image":{"@type":"ImageObject","inLanguage":"es","@id":"https:\/\/www.asajacyl.com\/leon\/#\/schema\/person\/image\/","url":"https:\/\/secure.gravatar.com\/avatar\/9ebd6aba21d817dcf9595bc9ca505af5?s=96&d=mm&r=g","contentUrl":"https:\/\/secure.gravatar.com\/avatar\/9ebd6aba21d817dcf9595bc9ca505af5?s=96&d=mm&r=g","caption":"Eduardo"},"url":"https:\/\/www.asajacyl.com\/leon\/author\/eduardovv"}]}},"_links":{"self":[{"href":"https:\/\/www.asajacyl.com\/leon\/wp-json\/wp\/v2\/posts\/12159"}],"collection":[{"href":"https:\/\/www.asajacyl.com\/leon\/wp-json\/wp\/v2\/posts"}],"about":[{"href":"https:\/\/www.asajacyl.com\/leon\/wp-json\/wp\/v2\/types\/post"}],"author":[{"embeddable":true,"href":"https:\/\/www.asajacyl.com\/leon\/wp-json\/wp\/v2\/users\/8"}],"replies":[{"embeddable":true,"href":"https:\/\/www.asajacyl.com\/leon\/wp-json\/wp\/v2\/comments?post=12159"}],"version-history":[{"count":1,"href":"https:\/\/www.asajacyl.com\/leon\/wp-json\/wp\/v2\/posts\/12159\/revisions"}],"predecessor-version":[{"id":12160,"href":"https:\/\/www.asajacyl.com\/leon\/wp-json\/wp\/v2\/posts\/12159\/revisions\/12160"}],"wp:featuredmedia":[{"embeddable":true,"href":"https:\/\/www.asajacyl.com\/leon\/wp-json\/wp\/v2\/media\/10607"}],"wp:attachment":[{"href":"https:\/\/www.asajacyl.com\/leon\/wp-json\/wp\/v2\/media?parent=12159"}],"wp:term":[{"taxonomy":"category","embeddable":true,"href":"https:\/\/www.asajacyl.com\/leon\/wp-json\/wp\/v2\/categories?post=12159"},{"taxonomy":"post_tag","embeddable":true,"href":"https:\/\/www.asajacyl.com\/leon\/wp-json\/wp\/v2\/tags?post=12159"}],"curies":[{"name":"wp","href":"https:\/\/api.w.org\/{rel}","templated":true}]}}