{"id":12174,"date":"2021-03-12T16:10:17","date_gmt":"2021-03-12T15:10:17","guid":{"rendered":"https:\/\/www.asajacyl.com\/leon\/?p=12174"},"modified":"2021-03-12T16:10:19","modified_gmt":"2021-03-12T15:10:19","slug":"cir_remolacha_2019","status":"publish","type":"post","link":"https:\/\/www.asajacyl.com\/leon\/buzon\/cir_remolacha_2019","title":{"rendered":"Cir_remolacha_2019"},"content":{"rendered":"\n\n\n<h2><strong>El laudo beneficiar\u00e1 a todos los remolacheros de Espa\u00f1a que contrataron con la compa\u00f1\u00eda aquella campa\u00f1a<\/strong><strong>\u00a0<\/strong><\/h2>\n<h6>El \u00c1rbitro \u00danico de la Corte de Arbitraje de la C\u00e1mara Oficial de Comercio, Industria y Servicios de Madrid ha emitido laudo final respecto a la demanda de ASAJA a la compa\u00f1\u00eda AB Azucarera Iberia S.L. por modificar de forma unilateral el precio de la remolacha en la campa\u00f1a de siembras de 2019, \u00faltima en la que estaba vigente el Acuerdo Marco Interprofesional Remolachero 2015\/2020.<\/h6>\n<h6>El \u00c1rbitro que ha llevado el caso considera que <strong>Azucarera incumpli\u00f3 el Acuerdo Marco Interprofesional (AMI) al apartarse de la oferta de precios que figuraba para la campa\u00f1a de comercializaci\u00f3n 2019\/2020 y le\u00a0obliga a cumplir \u00edntegramente lo dispuesto en el mismo y en la Oferta de Precios<\/strong>, por lo que la empresa tendr\u00e1 que abonar un diferencial estimado de 4,2 euros por tonelada de remolacha tipo entregada en la campa\u00f1a 2019\/2020 a todos los remolacheros de Espa\u00f1a. En la resoluci\u00f3n se condena tambi\u00e9n a Azucarera a pagar las costas del procedimiento arbitral y dos terceras partes de las incurridas por ASAJA.<\/h6>\n<h6>Las partes se hab\u00edan sometido a este sistema arbitral al amparo de lo pactado en el propio AMI, renunciando a la v\u00eda judicial, por lo tanto, la decisi\u00f3n es firme sin que haya lugar a recurso. ASAJA exigir\u00e1 que la resoluci\u00f3n se haga efectiva en pr\u00f3ximas fechas, lo que supondr\u00e1 un desembolso para Azucarera de m\u00e1s de 4 millones de euros en la Zona Norte, donde Castilla y Le\u00f3n representa el 85%.<\/h6>\n<h6><strong>\u00a0<\/strong><\/h6>\n<h6><strong>*ASAJA convoca para el pr\u00f3ximo lunes d\u00eda 15 de marzo una rueda de prensa en la que se explicar\u00e1n todos los detalles de esta resoluci\u00f3n, con repercusiones positivas para los remolacheros.<\/strong><\/h6>\n<h6>\u00a0<\/h6>\n<h6><strong>Convocatoria rueda de prensa<\/strong><\/h6>\n<h6><strong>Hora: 11 de la ma\u00f1ana<\/strong><\/h6>\n<h6><strong>Lugar: Sercotel Valladolid. Calle de Puerto Rico, s\/n.<\/strong><\/h6>\n","protected":false},"excerpt":{"rendered":"<p>El laudo beneficiar\u00e1 a todos los remolacheros de Espa\u00f1a que contrataron con la compa\u00f1\u00eda aquella campa\u00f1a\u00a0 El \u00c1rbitro \u00danico de la Corte de Arbitraje de la C\u00e1mara Oficial de Comercio, Industria y Servicios de Madrid ha emitido laudo final respecto a la demanda de ASAJA a la compa\u00f1\u00eda AB Azucarera Iberia S.L. por modificar de [&hellip;]<\/p>\n","protected":false},"author":8,"featured_media":11796,"comment_status":"open","ping_status":"open","sticky":false,"template":"","format":"standard","meta":{"footnotes":""},"categories":[78],"tags":[],"yoast_head":"<!-- This site is optimized with the Yoast SEO plugin v24.5 - https:\/\/yoast.com\/wordpress\/plugins\/seo\/ -->\n<title>Cir_remolacha_2019 - ASAJA Le\u00f3n<\/title>\n<meta name=\"description\" content=\"El laudo beneficiar\u00e1 a todos los remolacheros de Espa\u00f1a que contrataron con la compa\u00f1\u00eda aquella campa\u00f1a\u00a0 El \u00c1rbitro \u00danico de la Corte de Arbitraje de la\" \/>\n<meta name=\"robots\" content=\"index, follow, max-snippet:-1, max-image-preview:large, max-video-preview:-1\" \/>\n<link rel=\"canonical\" href=\"https:\/\/www.asajacyl.com\/leon\/buzon\/cir_remolacha_2019\" \/>\n<meta property=\"og:locale\" content=\"es_ES\" \/>\n<meta property=\"og:type\" content=\"article\" \/>\n<meta property=\"og:title\" content=\"Cir_remolacha_2019 - ASAJA Le\u00f3n\" \/>\n<meta property=\"og:description\" content=\"El laudo beneficiar\u00e1 a todos los remolacheros de Espa\u00f1a que contrataron con la compa\u00f1\u00eda aquella campa\u00f1a\u00a0 El \u00c1rbitro \u00danico de la Corte de Arbitraje de la\" \/>\n<meta property=\"og:url\" content=\"https:\/\/www.asajacyl.com\/leon\/buzon\/cir_remolacha_2019\" \/>\n<meta property=\"og:site_name\" content=\"ASAJA Le\u00f3n\" \/>\n<meta property=\"article:published_time\" content=\"2021-03-12T15:10:17+00:00\" \/>\n<meta property=\"article:modified_time\" content=\"2021-03-12T15:10:19+00:00\" \/>\n<meta property=\"og:image\" content=\"https:\/\/www.asajacyl.com\/leon\/wp-content\/uploads\/sites\/6\/2020\/10\/camion_remolacha.jpg\" \/>\n\t<meta property=\"og:image:width\" content=\"2500\" \/>\n\t<meta property=\"og:image:height\" content=\"1875\" \/>\n\t<meta property=\"og:image:type\" content=\"image\/jpeg\" \/>\n<meta name=\"author\" content=\"Eduardo\" \/>\n<meta name=\"twitter:card\" content=\"summary_large_image\" \/>\n<meta name=\"twitter:label1\" content=\"Escrito por\" \/>\n\t<meta name=\"twitter:data1\" content=\"Eduardo\" \/>\n\t<meta name=\"twitter:label2\" content=\"Tiempo de lectura\" \/>\n\t<meta name=\"twitter:data2\" content=\"2 minutos\" \/>\n<script type=\"application\/ld+json\" class=\"yoast-schema-graph\">{\"@context\":\"https:\/\/schema.org\",\"@graph\":[{\"@type\":\"WebPage\",\"@id\":\"https:\/\/www.asajacyl.com\/leon\/buzon\/cir_remolacha_2019\",\"url\":\"https:\/\/www.asajacyl.com\/leon\/buzon\/cir_remolacha_2019\",\"name\":\"Cir_remolacha_2019 - ASAJA Le\u00f3n\",\"isPartOf\":{\"@id\":\"https:\/\/www.asajacyl.com\/leon\/#website\"},\"primaryImageOfPage\":{\"@id\":\"https:\/\/www.asajacyl.com\/leon\/buzon\/cir_remolacha_2019#primaryimage\"},\"image\":{\"@id\":\"https:\/\/www.asajacyl.com\/leon\/buzon\/cir_remolacha_2019#primaryimage\"},\"thumbnailUrl\":\"https:\/\/www.asajacyl.com\/leon\/wp-content\/uploads\/sites\/6\/2020\/10\/camion_remolacha.jpg\",\"datePublished\":\"2021-03-12T15:10:17+00:00\",\"dateModified\":\"2021-03-12T15:10:19+00:00\",\"author\":{\"@id\":\"https:\/\/www.asajacyl.com\/leon\/#\/schema\/person\/a39ff3609fc182e4c789ab486e865d32\"},\"description\":\"El laudo beneficiar\u00e1 a todos los remolacheros de Espa\u00f1a que contrataron con la compa\u00f1\u00eda aquella campa\u00f1a\u00a0 El \u00c1rbitro \u00danico de la Corte de Arbitraje de la\",\"breadcrumb\":{\"@id\":\"https:\/\/www.asajacyl.com\/leon\/buzon\/cir_remolacha_2019#breadcrumb\"},\"inLanguage\":\"es\",\"potentialAction\":[{\"@type\":\"ReadAction\",\"target\":[\"https:\/\/www.asajacyl.com\/leon\/buzon\/cir_remolacha_2019\"]}]},{\"@type\":\"ImageObject\",\"inLanguage\":\"es\",\"@id\":\"https:\/\/www.asajacyl.com\/leon\/buzon\/cir_remolacha_2019#primaryimage\",\"url\":\"https:\/\/www.asajacyl.com\/leon\/wp-content\/uploads\/sites\/6\/2020\/10\/camion_remolacha.jpg\",\"contentUrl\":\"https:\/\/www.asajacyl.com\/leon\/wp-content\/uploads\/sites\/6\/2020\/10\/camion_remolacha.jpg\",\"width\":2500,\"height\":1875},{\"@type\":\"BreadcrumbList\",\"@id\":\"https:\/\/www.asajacyl.com\/leon\/buzon\/cir_remolacha_2019#breadcrumb\",\"itemListElement\":[{\"@type\":\"ListItem\",\"position\":1,\"name\":\"Portada\",\"item\":\"https:\/\/www.asajacyl.com\/leon\/\"},{\"@type\":\"ListItem\",\"position\":2,\"name\":\"Cir_remolacha_2019\"}]},{\"@type\":\"WebSite\",\"@id\":\"https:\/\/www.asajacyl.com\/leon\/#website\",\"url\":\"https:\/\/www.asajacyl.com\/leon\/\",\"name\":\"ASAJA Le\u00f3n\",\"description\":\"Otro sitio m\u00e1s de Provincias ASAJA Castilla y Le\u00f3n\",\"potentialAction\":[{\"@type\":\"SearchAction\",\"target\":{\"@type\":\"EntryPoint\",\"urlTemplate\":\"https:\/\/www.asajacyl.com\/leon\/?s={search_term_string}\"},\"query-input\":{\"@type\":\"PropertyValueSpecification\",\"valueRequired\":true,\"valueName\":\"search_term_string\"}}],\"inLanguage\":\"es\"},{\"@type\":\"Person\",\"@id\":\"https:\/\/www.asajacyl.com\/leon\/#\/schema\/person\/a39ff3609fc182e4c789ab486e865d32\",\"name\":\"Eduardo\",\"image\":{\"@type\":\"ImageObject\",\"inLanguage\":\"es\",\"@id\":\"https:\/\/www.asajacyl.com\/leon\/#\/schema\/person\/image\/\",\"url\":\"https:\/\/secure.gravatar.com\/avatar\/9ebd6aba21d817dcf9595bc9ca505af5?s=96&d=mm&r=g\",\"contentUrl\":\"https:\/\/secure.gravatar.com\/avatar\/9ebd6aba21d817dcf9595bc9ca505af5?s=96&d=mm&r=g\",\"caption\":\"Eduardo\"},\"url\":\"https:\/\/www.asajacyl.com\/leon\/author\/eduardovv\"}]}<\/script>\n<!-- \/ Yoast SEO plugin. -->","yoast_head_json":{"title":"Cir_remolacha_2019 - ASAJA Le\u00f3n","description":"El laudo beneficiar\u00e1 a todos los remolacheros de Espa\u00f1a que contrataron con la compa\u00f1\u00eda aquella campa\u00f1a\u00a0 El \u00c1rbitro \u00danico de la Corte de Arbitraje de la","robots":{"index":"index","follow":"follow","max-snippet":"max-snippet:-1","max-image-preview":"max-image-preview:large","max-video-preview":"max-video-preview:-1"},"canonical":"https:\/\/www.asajacyl.com\/leon\/buzon\/cir_remolacha_2019","og_locale":"es_ES","og_type":"article","og_title":"Cir_remolacha_2019 - ASAJA Le\u00f3n","og_description":"El laudo beneficiar\u00e1 a todos los remolacheros de Espa\u00f1a que contrataron con la compa\u00f1\u00eda aquella campa\u00f1a\u00a0 El \u00c1rbitro \u00danico de la Corte de Arbitraje de la","og_url":"https:\/\/www.asajacyl.com\/leon\/buzon\/cir_remolacha_2019","og_site_name":"ASAJA Le\u00f3n","article_published_time":"2021-03-12T15:10:17+00:00","article_modified_time":"2021-03-12T15:10:19+00:00","og_image":[{"width":2500,"height":1875,"url":"https:\/\/www.asajacyl.com\/leon\/wp-content\/uploads\/sites\/6\/2020\/10\/camion_remolacha.jpg","type":"image\/jpeg"}],"author":"Eduardo","twitter_card":"summary_large_image","twitter_misc":{"Escrito por":"Eduardo","Tiempo de lectura":"2 minutos"},"schema":{"@context":"https:\/\/schema.org","@graph":[{"@type":"WebPage","@id":"https:\/\/www.asajacyl.com\/leon\/buzon\/cir_remolacha_2019","url":"https:\/\/www.asajacyl.com\/leon\/buzon\/cir_remolacha_2019","name":"Cir_remolacha_2019 - ASAJA Le\u00f3n","isPartOf":{"@id":"https:\/\/www.asajacyl.com\/leon\/#website"},"primaryImageOfPage":{"@id":"https:\/\/www.asajacyl.com\/leon\/buzon\/cir_remolacha_2019#primaryimage"},"image":{"@id":"https:\/\/www.asajacyl.com\/leon\/buzon\/cir_remolacha_2019#primaryimage"},"thumbnailUrl":"https:\/\/www.asajacyl.com\/leon\/wp-content\/uploads\/sites\/6\/2020\/10\/camion_remolacha.jpg","datePublished":"2021-03-12T15:10:17+00:00","dateModified":"2021-03-12T15:10:19+00:00","author":{"@id":"https:\/\/www.asajacyl.com\/leon\/#\/schema\/person\/a39ff3609fc182e4c789ab486e865d32"},"description":"El laudo beneficiar\u00e1 a todos los remolacheros de Espa\u00f1a que contrataron con la compa\u00f1\u00eda aquella campa\u00f1a\u00a0 El \u00c1rbitro \u00danico de la Corte de Arbitraje de la","breadcrumb":{"@id":"https:\/\/www.asajacyl.com\/leon\/buzon\/cir_remolacha_2019#breadcrumb"},"inLanguage":"es","potentialAction":[{"@type":"ReadAction","target":["https:\/\/www.asajacyl.com\/leon\/buzon\/cir_remolacha_2019"]}]},{"@type":"ImageObject","inLanguage":"es","@id":"https:\/\/www.asajacyl.com\/leon\/buzon\/cir_remolacha_2019#primaryimage","url":"https:\/\/www.asajacyl.com\/leon\/wp-content\/uploads\/sites\/6\/2020\/10\/camion_remolacha.jpg","contentUrl":"https:\/\/www.asajacyl.com\/leon\/wp-content\/uploads\/sites\/6\/2020\/10\/camion_remolacha.jpg","width":2500,"height":1875},{"@type":"BreadcrumbList","@id":"https:\/\/www.asajacyl.com\/leon\/buzon\/cir_remolacha_2019#breadcrumb","itemListElement":[{"@type":"ListItem","position":1,"name":"Portada","item":"https:\/\/www.asajacyl.com\/leon\/"},{"@type":"ListItem","position":2,"name":"Cir_remolacha_2019"}]},{"@type":"WebSite","@id":"https:\/\/www.asajacyl.com\/leon\/#website","url":"https:\/\/www.asajacyl.com\/leon\/","name":"ASAJA Le\u00f3n","description":"Otro sitio m\u00e1s de Provincias ASAJA Castilla y Le\u00f3n","potentialAction":[{"@type":"SearchAction","target":{"@type":"EntryPoint","urlTemplate":"https:\/\/www.asajacyl.com\/leon\/?s={search_term_string}"},"query-input":{"@type":"PropertyValueSpecification","valueRequired":true,"valueName":"search_term_string"}}],"inLanguage":"es"},{"@type":"Person","@id":"https:\/\/www.asajacyl.com\/leon\/#\/schema\/person\/a39ff3609fc182e4c789ab486e865d32","name":"Eduardo","image":{"@type":"ImageObject","inLanguage":"es","@id":"https:\/\/www.asajacyl.com\/leon\/#\/schema\/person\/image\/","url":"https:\/\/secure.gravatar.com\/avatar\/9ebd6aba21d817dcf9595bc9ca505af5?s=96&d=mm&r=g","contentUrl":"https:\/\/secure.gravatar.com\/avatar\/9ebd6aba21d817dcf9595bc9ca505af5?s=96&d=mm&r=g","caption":"Eduardo"},"url":"https:\/\/www.asajacyl.com\/leon\/author\/eduardovv"}]}},"_links":{"self":[{"href":"https:\/\/www.asajacyl.com\/leon\/wp-json\/wp\/v2\/posts\/12174"}],"collection":[{"href":"https:\/\/www.asajacyl.com\/leon\/wp-json\/wp\/v2\/posts"}],"about":[{"href":"https:\/\/www.asajacyl.com\/leon\/wp-json\/wp\/v2\/types\/post"}],"author":[{"embeddable":true,"href":"https:\/\/www.asajacyl.com\/leon\/wp-json\/wp\/v2\/users\/8"}],"replies":[{"embeddable":true,"href":"https:\/\/www.asajacyl.com\/leon\/wp-json\/wp\/v2\/comments?post=12174"}],"version-history":[{"count":1,"href":"https:\/\/www.asajacyl.com\/leon\/wp-json\/wp\/v2\/posts\/12174\/revisions"}],"predecessor-version":[{"id":12175,"href":"https:\/\/www.asajacyl.com\/leon\/wp-json\/wp\/v2\/posts\/12174\/revisions\/12175"}],"wp:featuredmedia":[{"embeddable":true,"href":"https:\/\/www.asajacyl.com\/leon\/wp-json\/wp\/v2\/media\/11796"}],"wp:attachment":[{"href":"https:\/\/www.asajacyl.com\/leon\/wp-json\/wp\/v2\/media?parent=12174"}],"wp:term":[{"taxonomy":"category","embeddable":true,"href":"https:\/\/www.asajacyl.com\/leon\/wp-json\/wp\/v2\/categories?post=12174"},{"taxonomy":"post_tag","embeddable":true,"href":"https:\/\/www.asajacyl.com\/leon\/wp-json\/wp\/v2\/tags?post=12174"}],"curies":[{"name":"wp","href":"https:\/\/api.w.org\/{rel}","templated":true}]}}