{"id":12194,"date":"2021-03-16T16:48:04","date_gmt":"2021-03-16T15:48:04","guid":{"rendered":"https:\/\/www.asajacyl.com\/leon\/?p=12194"},"modified":"2021-03-16T16:48:06","modified_gmt":"2021-03-16T15:48:06","slug":"m_lobo_2021","status":"publish","type":"post","link":"https:\/\/www.asajacyl.com\/leon\/buzon\/m_lobo_2021","title":{"rendered":"m_lobo_2021"},"content":{"rendered":"\n<h6><strong><u>Manifestaci\u00f3n por la problem\u00e1tica del lobo<\/u><\/strong><\/h6>\n<h2><em><u>VALLADOLID, 11:00 HORAS DEL VIERNES D\u00cdA 19 DE MARZO, SALIDA DEL CAMPO DE FUTBOL<\/u><\/em><\/h2>\n<h6>Le\u00f3n, 17 de marzo de 2021.<\/h6>\n<h6>Todas las organizaciones agrarias de Castilla y Le\u00f3n hemos convocado una manifestaci\u00f3n conjunta contra la propuesta del Gobierno de dar una mayor protecci\u00f3n al lobo\u00a0 en perjuicio de los intereses del sector ganadero. La manifestaci\u00f3n ser\u00e1 una caravana de coches que saldr\u00e1 a las 11 de la ma\u00f1ana del viernes 19 de las inmediaciones del ESTADIO DE FUTBOL DE VALLADOLID, para recorrer un trazado comunicado por los convocantes y finalizar ante la sede de la Delegaci\u00f3n del Gobierno. Este m\u00e9todo de protesta tiene mucho que ver con la situaci\u00f3n actual de pandemia que impide aglomeraciones de personas.<\/h6>\n<h6>Se nos va a medir por el n\u00famero de veh\u00edculos, no de personas, por eso es importante que acudan muchos veh\u00edculos y no tanto que en los veh\u00edculos vaya mucha gente. Los veh\u00edculos se podr\u00e1n identificar con banderolas que llevan el logotipo de todos los convocantes, y que se entregar\u00e1n en el lugar de concentraci\u00f3n. Tambi\u00e9n <strong><u>es importante que, dentro de lo posible, se acuda con el veh\u00edculo que se utiliza en las labores ganaderas (furgoneta, pickup,\u2026..), en definitiva, que se vea que somos ganaderos<\/u><\/strong>. Una vez se pase por delante de la Delegaci\u00f3n del Gobierno queda disuelta la manifestaci\u00f3n, ya que no se podr\u00e1 cerrar con una intervenci\u00f3n de los responsables de los convocantes como ser\u00eda habitual en otras circunstancias.<\/h6>\n<h6>Te recuerdo que defendemos que no se le otorgue una protecci\u00f3n mayor al lobo, que siga siendo especie cineg\u00e9tica para que se puedan controlar los censos, que se limiten los censos a niveles compatibles con la actividad ganadera, que no se promueva la presencia del lobo en territorios en los que nunca estuvo, que se indemnice a todos los ganaderos con todos los da\u00f1os que provoca tras una peritaci\u00f3n r\u00e1pida y justa, y que los apoyos econ\u00f3micos que reclamamos salgan de los prepuestos generales de las administraciones y no de la PAC.<\/h6>\n<h6>ASAJA te agradece el esfuerzo por acudir a este acto, que ser\u00e1 en beneficio tuyo y de todo el sector ganadero.<\/h6>\n<h6>Recibe un saludo.<\/h6>\n<h6>\u00a0<\/h6>\n<h6>\u00a0<\/h6>\n<h6>Fdo.: Jos\u00e9 Antonio Turrado<\/h6>\n<h6>Secretario general<\/h6>\n","protected":false},"excerpt":{"rendered":"<p>Manifestaci\u00f3n por la problem\u00e1tica del lobo VALLADOLID, 11:00 HORAS DEL VIERNES D\u00cdA 19 DE MARZO, SALIDA DEL CAMPO DE FUTBOL Le\u00f3n, 17 de marzo de 2021. Todas las organizaciones agrarias de Castilla y Le\u00f3n hemos convocado una manifestaci\u00f3n conjunta contra la propuesta del Gobierno de dar una mayor protecci\u00f3n al lobo\u00a0 en perjuicio de los [&hellip;]<\/p>\n","protected":false},"author":8,"featured_media":8426,"comment_status":"open","ping_status":"open","sticky":false,"template":"","format":"standard","meta":{"footnotes":""},"categories":[78],"tags":[],"yoast_head":"<!-- This site is optimized with the Yoast SEO plugin v24.5 - https:\/\/yoast.com\/wordpress\/plugins\/seo\/ -->\n<title>m_lobo_2021 - ASAJA Le\u00f3n<\/title>\n<meta name=\"description\" content=\"Manifestaci\u00f3n por la problem\u00e1tica del lobo VALLADOLID, 11:00 HORAS DEL VIERNES D\u00cdA 19 DE MARZO, SALIDA DEL CAMPO DE FUTBOL Le\u00f3n, 17 de marzo de 2021.\" \/>\n<meta name=\"robots\" content=\"index, follow, max-snippet:-1, max-image-preview:large, max-video-preview:-1\" \/>\n<link rel=\"canonical\" href=\"https:\/\/www.asajacyl.com\/leon\/buzon\/m_lobo_2021\" \/>\n<meta property=\"og:locale\" content=\"es_ES\" \/>\n<meta property=\"og:type\" content=\"article\" \/>\n<meta property=\"og:title\" content=\"m_lobo_2021 - ASAJA Le\u00f3n\" \/>\n<meta property=\"og:description\" content=\"Manifestaci\u00f3n por la problem\u00e1tica del lobo VALLADOLID, 11:00 HORAS DEL VIERNES D\u00cdA 19 DE MARZO, SALIDA DEL CAMPO DE FUTBOL Le\u00f3n, 17 de marzo de 2021.\" \/>\n<meta property=\"og:url\" content=\"https:\/\/www.asajacyl.com\/leon\/buzon\/m_lobo_2021\" \/>\n<meta property=\"og:site_name\" content=\"ASAJA Le\u00f3n\" \/>\n<meta property=\"article:published_time\" content=\"2021-03-16T15:48:04+00:00\" \/>\n<meta property=\"article:modified_time\" content=\"2021-03-16T15:48:06+00:00\" \/>\n<meta property=\"og:image\" content=\"https:\/\/www.asajacyl.com\/leon\/wp-content\/uploads\/sites\/6\/2018\/01\/lobos.jpg\" \/>\n\t<meta property=\"og:image:width\" content=\"852\" \/>\n\t<meta property=\"og:image:height\" content=\"404\" \/>\n\t<meta property=\"og:image:type\" content=\"image\/jpeg\" \/>\n<meta name=\"author\" content=\"Eduardo\" \/>\n<meta name=\"twitter:card\" content=\"summary_large_image\" \/>\n<meta name=\"twitter:label1\" content=\"Escrito por\" \/>\n\t<meta name=\"twitter:data1\" content=\"Eduardo\" \/>\n\t<meta name=\"twitter:label2\" content=\"Tiempo de lectura\" \/>\n\t<meta name=\"twitter:data2\" content=\"2 minutos\" \/>\n<script type=\"application\/ld+json\" class=\"yoast-schema-graph\">{\"@context\":\"https:\/\/schema.org\",\"@graph\":[{\"@type\":\"WebPage\",\"@id\":\"https:\/\/www.asajacyl.com\/leon\/buzon\/m_lobo_2021\",\"url\":\"https:\/\/www.asajacyl.com\/leon\/buzon\/m_lobo_2021\",\"name\":\"m_lobo_2021 - ASAJA Le\u00f3n\",\"isPartOf\":{\"@id\":\"https:\/\/www.asajacyl.com\/leon\/#website\"},\"primaryImageOfPage\":{\"@id\":\"https:\/\/www.asajacyl.com\/leon\/buzon\/m_lobo_2021#primaryimage\"},\"image\":{\"@id\":\"https:\/\/www.asajacyl.com\/leon\/buzon\/m_lobo_2021#primaryimage\"},\"thumbnailUrl\":\"https:\/\/www.asajacyl.com\/leon\/wp-content\/uploads\/sites\/6\/2018\/01\/lobos.jpg\",\"datePublished\":\"2021-03-16T15:48:04+00:00\",\"dateModified\":\"2021-03-16T15:48:06+00:00\",\"author\":{\"@id\":\"https:\/\/www.asajacyl.com\/leon\/#\/schema\/person\/a39ff3609fc182e4c789ab486e865d32\"},\"description\":\"Manifestaci\u00f3n por la problem\u00e1tica del lobo VALLADOLID, 11:00 HORAS DEL VIERNES D\u00cdA 19 DE MARZO, SALIDA DEL CAMPO DE FUTBOL Le\u00f3n, 17 de marzo de 2021.\",\"breadcrumb\":{\"@id\":\"https:\/\/www.asajacyl.com\/leon\/buzon\/m_lobo_2021#breadcrumb\"},\"inLanguage\":\"es\",\"potentialAction\":[{\"@type\":\"ReadAction\",\"target\":[\"https:\/\/www.asajacyl.com\/leon\/buzon\/m_lobo_2021\"]}]},{\"@type\":\"ImageObject\",\"inLanguage\":\"es\",\"@id\":\"https:\/\/www.asajacyl.com\/leon\/buzon\/m_lobo_2021#primaryimage\",\"url\":\"https:\/\/www.asajacyl.com\/leon\/wp-content\/uploads\/sites\/6\/2018\/01\/lobos.jpg\",\"contentUrl\":\"https:\/\/www.asajacyl.com\/leon\/wp-content\/uploads\/sites\/6\/2018\/01\/lobos.jpg\",\"width\":852,\"height\":404},{\"@type\":\"BreadcrumbList\",\"@id\":\"https:\/\/www.asajacyl.com\/leon\/buzon\/m_lobo_2021#breadcrumb\",\"itemListElement\":[{\"@type\":\"ListItem\",\"position\":1,\"name\":\"Portada\",\"item\":\"https:\/\/www.asajacyl.com\/leon\/\"},{\"@type\":\"ListItem\",\"position\":2,\"name\":\"m_lobo_2021\"}]},{\"@type\":\"WebSite\",\"@id\":\"https:\/\/www.asajacyl.com\/leon\/#website\",\"url\":\"https:\/\/www.asajacyl.com\/leon\/\",\"name\":\"ASAJA Le\u00f3n\",\"description\":\"Otro sitio m\u00e1s de Provincias ASAJA Castilla y Le\u00f3n\",\"potentialAction\":[{\"@type\":\"SearchAction\",\"target\":{\"@type\":\"EntryPoint\",\"urlTemplate\":\"https:\/\/www.asajacyl.com\/leon\/?s={search_term_string}\"},\"query-input\":{\"@type\":\"PropertyValueSpecification\",\"valueRequired\":true,\"valueName\":\"search_term_string\"}}],\"inLanguage\":\"es\"},{\"@type\":\"Person\",\"@id\":\"https:\/\/www.asajacyl.com\/leon\/#\/schema\/person\/a39ff3609fc182e4c789ab486e865d32\",\"name\":\"Eduardo\",\"image\":{\"@type\":\"ImageObject\",\"inLanguage\":\"es\",\"@id\":\"https:\/\/www.asajacyl.com\/leon\/#\/schema\/person\/image\/\",\"url\":\"https:\/\/secure.gravatar.com\/avatar\/9ebd6aba21d817dcf9595bc9ca505af5?s=96&d=mm&r=g\",\"contentUrl\":\"https:\/\/secure.gravatar.com\/avatar\/9ebd6aba21d817dcf9595bc9ca505af5?s=96&d=mm&r=g\",\"caption\":\"Eduardo\"},\"url\":\"https:\/\/www.asajacyl.com\/leon\/author\/eduardovv\"}]}<\/script>\n<!-- \/ Yoast SEO plugin. -->","yoast_head_json":{"title":"m_lobo_2021 - ASAJA Le\u00f3n","description":"Manifestaci\u00f3n por la problem\u00e1tica del lobo VALLADOLID, 11:00 HORAS DEL VIERNES D\u00cdA 19 DE MARZO, SALIDA DEL CAMPO DE FUTBOL Le\u00f3n, 17 de marzo de 2021.","robots":{"index":"index","follow":"follow","max-snippet":"max-snippet:-1","max-image-preview":"max-image-preview:large","max-video-preview":"max-video-preview:-1"},"canonical":"https:\/\/www.asajacyl.com\/leon\/buzon\/m_lobo_2021","og_locale":"es_ES","og_type":"article","og_title":"m_lobo_2021 - ASAJA Le\u00f3n","og_description":"Manifestaci\u00f3n por la problem\u00e1tica del lobo VALLADOLID, 11:00 HORAS DEL VIERNES D\u00cdA 19 DE MARZO, SALIDA DEL CAMPO DE FUTBOL Le\u00f3n, 17 de marzo de 2021.","og_url":"https:\/\/www.asajacyl.com\/leon\/buzon\/m_lobo_2021","og_site_name":"ASAJA Le\u00f3n","article_published_time":"2021-03-16T15:48:04+00:00","article_modified_time":"2021-03-16T15:48:06+00:00","og_image":[{"width":852,"height":404,"url":"https:\/\/www.asajacyl.com\/leon\/wp-content\/uploads\/sites\/6\/2018\/01\/lobos.jpg","type":"image\/jpeg"}],"author":"Eduardo","twitter_card":"summary_large_image","twitter_misc":{"Escrito por":"Eduardo","Tiempo de lectura":"2 minutos"},"schema":{"@context":"https:\/\/schema.org","@graph":[{"@type":"WebPage","@id":"https:\/\/www.asajacyl.com\/leon\/buzon\/m_lobo_2021","url":"https:\/\/www.asajacyl.com\/leon\/buzon\/m_lobo_2021","name":"m_lobo_2021 - ASAJA Le\u00f3n","isPartOf":{"@id":"https:\/\/www.asajacyl.com\/leon\/#website"},"primaryImageOfPage":{"@id":"https:\/\/www.asajacyl.com\/leon\/buzon\/m_lobo_2021#primaryimage"},"image":{"@id":"https:\/\/www.asajacyl.com\/leon\/buzon\/m_lobo_2021#primaryimage"},"thumbnailUrl":"https:\/\/www.asajacyl.com\/leon\/wp-content\/uploads\/sites\/6\/2018\/01\/lobos.jpg","datePublished":"2021-03-16T15:48:04+00:00","dateModified":"2021-03-16T15:48:06+00:00","author":{"@id":"https:\/\/www.asajacyl.com\/leon\/#\/schema\/person\/a39ff3609fc182e4c789ab486e865d32"},"description":"Manifestaci\u00f3n por la problem\u00e1tica del lobo VALLADOLID, 11:00 HORAS DEL VIERNES D\u00cdA 19 DE MARZO, SALIDA DEL CAMPO DE FUTBOL Le\u00f3n, 17 de marzo de 2021.","breadcrumb":{"@id":"https:\/\/www.asajacyl.com\/leon\/buzon\/m_lobo_2021#breadcrumb"},"inLanguage":"es","potentialAction":[{"@type":"ReadAction","target":["https:\/\/www.asajacyl.com\/leon\/buzon\/m_lobo_2021"]}]},{"@type":"ImageObject","inLanguage":"es","@id":"https:\/\/www.asajacyl.com\/leon\/buzon\/m_lobo_2021#primaryimage","url":"https:\/\/www.asajacyl.com\/leon\/wp-content\/uploads\/sites\/6\/2018\/01\/lobos.jpg","contentUrl":"https:\/\/www.asajacyl.com\/leon\/wp-content\/uploads\/sites\/6\/2018\/01\/lobos.jpg","width":852,"height":404},{"@type":"BreadcrumbList","@id":"https:\/\/www.asajacyl.com\/leon\/buzon\/m_lobo_2021#breadcrumb","itemListElement":[{"@type":"ListItem","position":1,"name":"Portada","item":"https:\/\/www.asajacyl.com\/leon\/"},{"@type":"ListItem","position":2,"name":"m_lobo_2021"}]},{"@type":"WebSite","@id":"https:\/\/www.asajacyl.com\/leon\/#website","url":"https:\/\/www.asajacyl.com\/leon\/","name":"ASAJA Le\u00f3n","description":"Otro sitio m\u00e1s de Provincias ASAJA Castilla y Le\u00f3n","potentialAction":[{"@type":"SearchAction","target":{"@type":"EntryPoint","urlTemplate":"https:\/\/www.asajacyl.com\/leon\/?s={search_term_string}"},"query-input":{"@type":"PropertyValueSpecification","valueRequired":true,"valueName":"search_term_string"}}],"inLanguage":"es"},{"@type":"Person","@id":"https:\/\/www.asajacyl.com\/leon\/#\/schema\/person\/a39ff3609fc182e4c789ab486e865d32","name":"Eduardo","image":{"@type":"ImageObject","inLanguage":"es","@id":"https:\/\/www.asajacyl.com\/leon\/#\/schema\/person\/image\/","url":"https:\/\/secure.gravatar.com\/avatar\/9ebd6aba21d817dcf9595bc9ca505af5?s=96&d=mm&r=g","contentUrl":"https:\/\/secure.gravatar.com\/avatar\/9ebd6aba21d817dcf9595bc9ca505af5?s=96&d=mm&r=g","caption":"Eduardo"},"url":"https:\/\/www.asajacyl.com\/leon\/author\/eduardovv"}]}},"_links":{"self":[{"href":"https:\/\/www.asajacyl.com\/leon\/wp-json\/wp\/v2\/posts\/12194"}],"collection":[{"href":"https:\/\/www.asajacyl.com\/leon\/wp-json\/wp\/v2\/posts"}],"about":[{"href":"https:\/\/www.asajacyl.com\/leon\/wp-json\/wp\/v2\/types\/post"}],"author":[{"embeddable":true,"href":"https:\/\/www.asajacyl.com\/leon\/wp-json\/wp\/v2\/users\/8"}],"replies":[{"embeddable":true,"href":"https:\/\/www.asajacyl.com\/leon\/wp-json\/wp\/v2\/comments?post=12194"}],"version-history":[{"count":1,"href":"https:\/\/www.asajacyl.com\/leon\/wp-json\/wp\/v2\/posts\/12194\/revisions"}],"predecessor-version":[{"id":12195,"href":"https:\/\/www.asajacyl.com\/leon\/wp-json\/wp\/v2\/posts\/12194\/revisions\/12195"}],"wp:featuredmedia":[{"embeddable":true,"href":"https:\/\/www.asajacyl.com\/leon\/wp-json\/wp\/v2\/media\/8426"}],"wp:attachment":[{"href":"https:\/\/www.asajacyl.com\/leon\/wp-json\/wp\/v2\/media?parent=12194"}],"wp:term":[{"taxonomy":"category","embeddable":true,"href":"https:\/\/www.asajacyl.com\/leon\/wp-json\/wp\/v2\/categories?post=12194"},{"taxonomy":"post_tag","embeddable":true,"href":"https:\/\/www.asajacyl.com\/leon\/wp-json\/wp\/v2\/tags?post=12194"}],"curies":[{"name":"wp","href":"https:\/\/api.w.org\/{rel}","templated":true}]}}