{"id":12211,"date":"2021-03-24T18:03:28","date_gmt":"2021-03-24T17:03:28","guid":{"rendered":"https:\/\/www.asajacyl.com\/leon\/?p=12211"},"modified":"2021-03-24T18:03:30","modified_gmt":"2021-03-24T17:03:30","slug":"s_remolacha_2021","status":"publish","type":"post","link":"https:\/\/www.asajacyl.com\/leon\/buzon\/s_remolacha_2021","title":{"rendered":"s_remolacha_2021"},"content":{"rendered":"\n<h2><strong><u>SEGURO DE REMOLACHA<\/u><\/strong><\/h2>\n<h6>Le\u00f3n, 25 de marzo de 2021.<\/h6>\n<h6>Te recordamos que el seguro de la remolacha que incluye los da\u00f1os de <strong><u>no nascencia y heladas<\/u><\/strong> tiene de plazo hasta el <strong><u>9 de abril viernes<\/u><\/strong>. La otra opci\u00f3n ser\u00eda asegurar antes del 30 de mayo contra los da\u00f1os de pedrisco y da\u00f1os excepcionales, seguro este \u00faltimo con menos coberturas y menos subvenciones.<\/h6>\n<h6><strong><u>Estamos en condiciones de ofrecer este seguro al mejor precio<\/u><\/strong>, por lo que te pedimos que, si piensas asegurar, nos consultes antes de hacerlo en otro sitio. Adem\u00e1s, asegurando en ASAJA tienes m\u00e1s ventajas a la hora de dar un parte de siniestro y defender tus intereses ante Agroseguro.<\/h6>\n<h6>Asegurar en ASAJA es <strong>colaborar con la organizaci\u00f3n\u00a0 que te defiende<\/strong>, la que ha conseguido mediante sentencia arbitral que Azucarera y Agroteo tengan que pagar, a todos los remolacheros de Le\u00f3n y del resto de Espa\u00f1a,\u00a0 4,2 euros (m\u00e1s IVA) por tonelada de remolacha tipo entregada en la campa\u00f1a 2019.<\/h6>\n<h6>Recibe un saludo.<\/h6>\n<h6>Jos\u00e9 Antonio Turrado<\/h6>\n<h6>Secretario general<\/h6>\n","protected":false},"excerpt":{"rendered":"<p>SEGURO DE REMOLACHA Le\u00f3n, 25 de marzo de 2021. Te recordamos que el seguro de la remolacha que incluye los da\u00f1os de no nascencia y heladas tiene de plazo hasta el 9 de abril viernes. La otra opci\u00f3n ser\u00eda asegurar antes del 30 de mayo contra los da\u00f1os de pedrisco y da\u00f1os excepcionales, seguro este [&hellip;]<\/p>\n","protected":false},"author":8,"featured_media":6819,"comment_status":"open","ping_status":"open","sticky":false,"template":"","format":"standard","meta":{"footnotes":""},"categories":[78],"tags":[],"yoast_head":"<!-- This site is optimized with the Yoast SEO plugin v24.5 - https:\/\/yoast.com\/wordpress\/plugins\/seo\/ -->\n<title>s_remolacha_2021 - ASAJA Le\u00f3n<\/title>\n<meta name=\"description\" content=\"SEGURO DE REMOLACHA Le\u00f3n, 25 de marzo de 2021. Te recordamos que el seguro de la remolacha que incluye los da\u00f1os de no nascencia y heladas tiene de plazo\" \/>\n<meta name=\"robots\" content=\"index, follow, max-snippet:-1, max-image-preview:large, max-video-preview:-1\" \/>\n<link rel=\"canonical\" href=\"https:\/\/www.asajacyl.com\/leon\/buzon\/s_remolacha_2021\" \/>\n<meta property=\"og:locale\" content=\"es_ES\" \/>\n<meta property=\"og:type\" content=\"article\" \/>\n<meta property=\"og:title\" content=\"s_remolacha_2021 - ASAJA Le\u00f3n\" \/>\n<meta property=\"og:description\" content=\"SEGURO DE REMOLACHA Le\u00f3n, 25 de marzo de 2021. Te recordamos que el seguro de la remolacha que incluye los da\u00f1os de no nascencia y heladas tiene de plazo\" \/>\n<meta property=\"og:url\" content=\"https:\/\/www.asajacyl.com\/leon\/buzon\/s_remolacha_2021\" \/>\n<meta property=\"og:site_name\" content=\"ASAJA Le\u00f3n\" \/>\n<meta property=\"article:published_time\" content=\"2021-03-24T17:03:28+00:00\" \/>\n<meta property=\"article:modified_time\" content=\"2021-03-24T17:03:30+00:00\" \/>\n<meta property=\"og:image\" content=\"https:\/\/www.asajacyl.com\/leon\/wp-content\/uploads\/sites\/6\/2017\/11\/JORNADA_AIMCRA_JUNIO_2013_VALLADOLID_056.jpg\" \/>\n\t<meta property=\"og:image:width\" content=\"640\" \/>\n\t<meta property=\"og:image:height\" content=\"480\" \/>\n\t<meta property=\"og:image:type\" content=\"image\/jpeg\" \/>\n<meta name=\"author\" content=\"Eduardo\" \/>\n<meta name=\"twitter:card\" content=\"summary_large_image\" \/>\n<meta name=\"twitter:label1\" content=\"Escrito por\" \/>\n\t<meta name=\"twitter:data1\" content=\"Eduardo\" \/>\n\t<meta name=\"twitter:label2\" content=\"Tiempo de lectura\" \/>\n\t<meta name=\"twitter:data2\" content=\"1 minuto\" \/>\n<script type=\"application\/ld+json\" class=\"yoast-schema-graph\">{\"@context\":\"https:\/\/schema.org\",\"@graph\":[{\"@type\":\"WebPage\",\"@id\":\"https:\/\/www.asajacyl.com\/leon\/buzon\/s_remolacha_2021\",\"url\":\"https:\/\/www.asajacyl.com\/leon\/buzon\/s_remolacha_2021\",\"name\":\"s_remolacha_2021 - ASAJA Le\u00f3n\",\"isPartOf\":{\"@id\":\"https:\/\/www.asajacyl.com\/leon\/#website\"},\"primaryImageOfPage\":{\"@id\":\"https:\/\/www.asajacyl.com\/leon\/buzon\/s_remolacha_2021#primaryimage\"},\"image\":{\"@id\":\"https:\/\/www.asajacyl.com\/leon\/buzon\/s_remolacha_2021#primaryimage\"},\"thumbnailUrl\":\"https:\/\/www.asajacyl.com\/leon\/wp-content\/uploads\/sites\/6\/2017\/11\/JORNADA_AIMCRA_JUNIO_2013_VALLADOLID_056.jpg\",\"datePublished\":\"2021-03-24T17:03:28+00:00\",\"dateModified\":\"2021-03-24T17:03:30+00:00\",\"author\":{\"@id\":\"https:\/\/www.asajacyl.com\/leon\/#\/schema\/person\/a39ff3609fc182e4c789ab486e865d32\"},\"description\":\"SEGURO DE REMOLACHA Le\u00f3n, 25 de marzo de 2021. Te recordamos que el seguro de la remolacha que incluye los da\u00f1os de no nascencia y heladas tiene de plazo\",\"breadcrumb\":{\"@id\":\"https:\/\/www.asajacyl.com\/leon\/buzon\/s_remolacha_2021#breadcrumb\"},\"inLanguage\":\"es\",\"potentialAction\":[{\"@type\":\"ReadAction\",\"target\":[\"https:\/\/www.asajacyl.com\/leon\/buzon\/s_remolacha_2021\"]}]},{\"@type\":\"ImageObject\",\"inLanguage\":\"es\",\"@id\":\"https:\/\/www.asajacyl.com\/leon\/buzon\/s_remolacha_2021#primaryimage\",\"url\":\"https:\/\/www.asajacyl.com\/leon\/wp-content\/uploads\/sites\/6\/2017\/11\/JORNADA_AIMCRA_JUNIO_2013_VALLADOLID_056.jpg\",\"contentUrl\":\"https:\/\/www.asajacyl.com\/leon\/wp-content\/uploads\/sites\/6\/2017\/11\/JORNADA_AIMCRA_JUNIO_2013_VALLADOLID_056.jpg\",\"width\":640,\"height\":480,\"caption\":\"Campo de remolacha\"},{\"@type\":\"BreadcrumbList\",\"@id\":\"https:\/\/www.asajacyl.com\/leon\/buzon\/s_remolacha_2021#breadcrumb\",\"itemListElement\":[{\"@type\":\"ListItem\",\"position\":1,\"name\":\"Portada\",\"item\":\"https:\/\/www.asajacyl.com\/leon\/\"},{\"@type\":\"ListItem\",\"position\":2,\"name\":\"s_remolacha_2021\"}]},{\"@type\":\"WebSite\",\"@id\":\"https:\/\/www.asajacyl.com\/leon\/#website\",\"url\":\"https:\/\/www.asajacyl.com\/leon\/\",\"name\":\"ASAJA Le\u00f3n\",\"description\":\"Otro sitio m\u00e1s de Provincias ASAJA Castilla y Le\u00f3n\",\"potentialAction\":[{\"@type\":\"SearchAction\",\"target\":{\"@type\":\"EntryPoint\",\"urlTemplate\":\"https:\/\/www.asajacyl.com\/leon\/?s={search_term_string}\"},\"query-input\":{\"@type\":\"PropertyValueSpecification\",\"valueRequired\":true,\"valueName\":\"search_term_string\"}}],\"inLanguage\":\"es\"},{\"@type\":\"Person\",\"@id\":\"https:\/\/www.asajacyl.com\/leon\/#\/schema\/person\/a39ff3609fc182e4c789ab486e865d32\",\"name\":\"Eduardo\",\"image\":{\"@type\":\"ImageObject\",\"inLanguage\":\"es\",\"@id\":\"https:\/\/www.asajacyl.com\/leon\/#\/schema\/person\/image\/\",\"url\":\"https:\/\/secure.gravatar.com\/avatar\/9ebd6aba21d817dcf9595bc9ca505af5?s=96&d=mm&r=g\",\"contentUrl\":\"https:\/\/secure.gravatar.com\/avatar\/9ebd6aba21d817dcf9595bc9ca505af5?s=96&d=mm&r=g\",\"caption\":\"Eduardo\"},\"url\":\"https:\/\/www.asajacyl.com\/leon\/author\/eduardovv\"}]}<\/script>\n<!-- \/ Yoast SEO plugin. -->","yoast_head_json":{"title":"s_remolacha_2021 - ASAJA Le\u00f3n","description":"SEGURO DE REMOLACHA Le\u00f3n, 25 de marzo de 2021. Te recordamos que el seguro de la remolacha que incluye los da\u00f1os de no nascencia y heladas tiene de plazo","robots":{"index":"index","follow":"follow","max-snippet":"max-snippet:-1","max-image-preview":"max-image-preview:large","max-video-preview":"max-video-preview:-1"},"canonical":"https:\/\/www.asajacyl.com\/leon\/buzon\/s_remolacha_2021","og_locale":"es_ES","og_type":"article","og_title":"s_remolacha_2021 - ASAJA Le\u00f3n","og_description":"SEGURO DE REMOLACHA Le\u00f3n, 25 de marzo de 2021. Te recordamos que el seguro de la remolacha que incluye los da\u00f1os de no nascencia y heladas tiene de plazo","og_url":"https:\/\/www.asajacyl.com\/leon\/buzon\/s_remolacha_2021","og_site_name":"ASAJA Le\u00f3n","article_published_time":"2021-03-24T17:03:28+00:00","article_modified_time":"2021-03-24T17:03:30+00:00","og_image":[{"width":640,"height":480,"url":"https:\/\/www.asajacyl.com\/leon\/wp-content\/uploads\/sites\/6\/2017\/11\/JORNADA_AIMCRA_JUNIO_2013_VALLADOLID_056.jpg","type":"image\/jpeg"}],"author":"Eduardo","twitter_card":"summary_large_image","twitter_misc":{"Escrito por":"Eduardo","Tiempo de lectura":"1 minuto"},"schema":{"@context":"https:\/\/schema.org","@graph":[{"@type":"WebPage","@id":"https:\/\/www.asajacyl.com\/leon\/buzon\/s_remolacha_2021","url":"https:\/\/www.asajacyl.com\/leon\/buzon\/s_remolacha_2021","name":"s_remolacha_2021 - ASAJA Le\u00f3n","isPartOf":{"@id":"https:\/\/www.asajacyl.com\/leon\/#website"},"primaryImageOfPage":{"@id":"https:\/\/www.asajacyl.com\/leon\/buzon\/s_remolacha_2021#primaryimage"},"image":{"@id":"https:\/\/www.asajacyl.com\/leon\/buzon\/s_remolacha_2021#primaryimage"},"thumbnailUrl":"https:\/\/www.asajacyl.com\/leon\/wp-content\/uploads\/sites\/6\/2017\/11\/JORNADA_AIMCRA_JUNIO_2013_VALLADOLID_056.jpg","datePublished":"2021-03-24T17:03:28+00:00","dateModified":"2021-03-24T17:03:30+00:00","author":{"@id":"https:\/\/www.asajacyl.com\/leon\/#\/schema\/person\/a39ff3609fc182e4c789ab486e865d32"},"description":"SEGURO DE REMOLACHA Le\u00f3n, 25 de marzo de 2021. Te recordamos que el seguro de la remolacha que incluye los da\u00f1os de no nascencia y heladas tiene de plazo","breadcrumb":{"@id":"https:\/\/www.asajacyl.com\/leon\/buzon\/s_remolacha_2021#breadcrumb"},"inLanguage":"es","potentialAction":[{"@type":"ReadAction","target":["https:\/\/www.asajacyl.com\/leon\/buzon\/s_remolacha_2021"]}]},{"@type":"ImageObject","inLanguage":"es","@id":"https:\/\/www.asajacyl.com\/leon\/buzon\/s_remolacha_2021#primaryimage","url":"https:\/\/www.asajacyl.com\/leon\/wp-content\/uploads\/sites\/6\/2017\/11\/JORNADA_AIMCRA_JUNIO_2013_VALLADOLID_056.jpg","contentUrl":"https:\/\/www.asajacyl.com\/leon\/wp-content\/uploads\/sites\/6\/2017\/11\/JORNADA_AIMCRA_JUNIO_2013_VALLADOLID_056.jpg","width":640,"height":480,"caption":"Campo de remolacha"},{"@type":"BreadcrumbList","@id":"https:\/\/www.asajacyl.com\/leon\/buzon\/s_remolacha_2021#breadcrumb","itemListElement":[{"@type":"ListItem","position":1,"name":"Portada","item":"https:\/\/www.asajacyl.com\/leon\/"},{"@type":"ListItem","position":2,"name":"s_remolacha_2021"}]},{"@type":"WebSite","@id":"https:\/\/www.asajacyl.com\/leon\/#website","url":"https:\/\/www.asajacyl.com\/leon\/","name":"ASAJA Le\u00f3n","description":"Otro sitio m\u00e1s de Provincias ASAJA Castilla y Le\u00f3n","potentialAction":[{"@type":"SearchAction","target":{"@type":"EntryPoint","urlTemplate":"https:\/\/www.asajacyl.com\/leon\/?s={search_term_string}"},"query-input":{"@type":"PropertyValueSpecification","valueRequired":true,"valueName":"search_term_string"}}],"inLanguage":"es"},{"@type":"Person","@id":"https:\/\/www.asajacyl.com\/leon\/#\/schema\/person\/a39ff3609fc182e4c789ab486e865d32","name":"Eduardo","image":{"@type":"ImageObject","inLanguage":"es","@id":"https:\/\/www.asajacyl.com\/leon\/#\/schema\/person\/image\/","url":"https:\/\/secure.gravatar.com\/avatar\/9ebd6aba21d817dcf9595bc9ca505af5?s=96&d=mm&r=g","contentUrl":"https:\/\/secure.gravatar.com\/avatar\/9ebd6aba21d817dcf9595bc9ca505af5?s=96&d=mm&r=g","caption":"Eduardo"},"url":"https:\/\/www.asajacyl.com\/leon\/author\/eduardovv"}]}},"_links":{"self":[{"href":"https:\/\/www.asajacyl.com\/leon\/wp-json\/wp\/v2\/posts\/12211"}],"collection":[{"href":"https:\/\/www.asajacyl.com\/leon\/wp-json\/wp\/v2\/posts"}],"about":[{"href":"https:\/\/www.asajacyl.com\/leon\/wp-json\/wp\/v2\/types\/post"}],"author":[{"embeddable":true,"href":"https:\/\/www.asajacyl.com\/leon\/wp-json\/wp\/v2\/users\/8"}],"replies":[{"embeddable":true,"href":"https:\/\/www.asajacyl.com\/leon\/wp-json\/wp\/v2\/comments?post=12211"}],"version-history":[{"count":1,"href":"https:\/\/www.asajacyl.com\/leon\/wp-json\/wp\/v2\/posts\/12211\/revisions"}],"predecessor-version":[{"id":12212,"href":"https:\/\/www.asajacyl.com\/leon\/wp-json\/wp\/v2\/posts\/12211\/revisions\/12212"}],"wp:featuredmedia":[{"embeddable":true,"href":"https:\/\/www.asajacyl.com\/leon\/wp-json\/wp\/v2\/media\/6819"}],"wp:attachment":[{"href":"https:\/\/www.asajacyl.com\/leon\/wp-json\/wp\/v2\/media?parent=12211"}],"wp:term":[{"taxonomy":"category","embeddable":true,"href":"https:\/\/www.asajacyl.com\/leon\/wp-json\/wp\/v2\/categories?post=12211"},{"taxonomy":"post_tag","embeddable":true,"href":"https:\/\/www.asajacyl.com\/leon\/wp-json\/wp\/v2\/tags?post=12211"}],"curies":[{"name":"wp","href":"https:\/\/api.w.org\/{rel}","templated":true}]}}