{"id":12348,"date":"2021-05-12T13:36:54","date_gmt":"2021-05-12T11:36:54","guid":{"rendered":"https:\/\/www.asajacyl.com\/leon\/?p=12348"},"modified":"2021-05-12T13:36:57","modified_gmt":"2021-05-12T11:36:57","slug":"cotizaciones-de-la-lonja-agropecuaria-de-leon-sesion-12-05-2021","status":"publish","type":"post","link":"https:\/\/www.asajacyl.com\/leon\/servicios-socio\/cotizaciones-de-la-lonja-agropecuaria-de-leon-sesion-12-05-2021","title":{"rendered":"Cotizaciones de la Lonja Agropecuaria de Le\u00f3n &#8211;  sesi\u00f3n 12\/05\/2021"},"content":{"rendered":"\n<p><strong>El ma\u00edz sigue siendo el motor de la subida de los cereales<\/strong><\/p>\n<h6>En la sesi\u00f3n de la lonja de Le\u00f3n celebrada hoy en Santa Mar\u00eda del P\u00e1ramo, nueva subida de los cereales aunque m\u00e1s moderada que en sesiones anteriores, siendo el ma\u00edz el que se encuentra m\u00e1s fuerte e impulsa al resto.<\/h6>\n<h6>Las condiciones de sequ\u00eda en Brasil unido a la fuerte demanda China y la reducci\u00f3n de stocks, son los motivos por los cuales los precios mundiales del ma\u00edz contin\u00faan al alza.<\/h6>\n<h6>Hoy mi\u00e9rcoles 12 de mayo se dar\u00e1 a conocer un nuevo informe USDA con estimaciones de oferta y demanda a nivel mundial, as\u00ed como existencias finales y proyecci\u00f3n de cosecha en EEUU, Argentina y Brasil.<\/h6>\n<h6>Los operadores estar\u00e1n atentos a estos n\u00fameros que pueden devenir el futuro de las cotizaciones.<\/h6>\n<h6>Subida de 1 euro en tonelada del trigo, triticale y centeno, 2 euros la tonelada en cebada y 4 euros incrementa su precio la tonelada de ma\u00edz.<\/h6>\n<p>\u00a0<\/p>\n<p>\u00a0<\/p>\n<p>\u00a0<\/p>\n<p>En Le\u00f3n a 12 de mayo de 2.021.<\/p>\n<p>\u00a0<\/p>\n<p>\u00a0<\/p>\n<p>Precios Orientativos Euros\/Tonelada\u00a0<u>en Almac\u00e9n<\/u><\/p>\n<p>(Condiciones de Calidad O.C.M. Cereales-F.E.G.A. Campa\u00f1a 2017\/2018)<\/p>\n<p>\u00a0<\/p>\n<table>\n<tbody>\n<tr>\n<td width=\"206\">\n<p><strong>CEREALES<\/strong><\/p>\n<\/td>\n<td width=\"123\">\n<p><strong>COTIZACION<\/strong><\/p>\n<p><strong>ANTERIOR<\/strong><\/p>\n<\/td>\n<td width=\"132\">\n<p><strong>COTIZACION<\/strong><\/p>\n<p><strong>ACTUAL<\/strong><\/p>\n<\/td>\n<td width=\"113\">\n<p><strong>DIF.<\/strong><\/p>\n<\/td>\n<\/tr>\n<tr>\n<td width=\"206\">\n<p>\u00a0<\/p>\n<\/td>\n<td width=\"123\">\n<p><strong>\u20ac\/t<\/strong><\/p>\n<\/td>\n<td width=\"132\">\n<p><strong>\u20ac\/t<\/strong><\/p>\n<\/td>\n<td width=\"113\">\n<p><strong>\u00a0<\/strong><\/p>\n<\/td>\n<\/tr>\n<tr>\n<td width=\"206\">\n<p>Trigo Pienso<\/p>\n<\/td>\n<td width=\"123\">\n<p>220,00<\/p>\n<\/td>\n<td width=\"132\">\n<p>221,00<\/p>\n<\/td>\n<td width=\"113\">\n<p>\u25b2<\/p>\n<\/td>\n<\/tr>\n<tr>\n<td width=\"206\">\n<p>Cebada<\/p>\n<\/td>\n<td width=\"123\">\n<p>199,00<\/p>\n<\/td>\n<td width=\"132\">\n<p>201,00<\/p>\n<\/td>\n<td width=\"113\">\n<p>\u25b2<\/p>\n<\/td>\n<\/tr>\n<tr>\n<td width=\"206\">\n<p>Triticale<\/p>\n<\/td>\n<td width=\"123\">\n<p>214,00<\/p>\n<\/td>\n<td width=\"132\">\n<p>215,00<\/p>\n<\/td>\n<td width=\"113\">\n<p>\u25b2<\/p>\n<\/td>\n<\/tr>\n<tr>\n<td width=\"206\">\n<p>Centeno<\/p>\n<\/td>\n<td width=\"123\">\n<p>182,00<\/p>\n<\/td>\n<td width=\"132\">\n<p>183,00<\/p>\n<\/td>\n<td width=\"113\">\n<p>\u25b2<\/p>\n<\/td>\n<\/tr>\n<tr>\n<td width=\"206\">\n<p>Avena<\/p>\n<\/td>\n<td width=\"123\">\n<p>176,00<\/p>\n<\/td>\n<td width=\"132\">\n<p>176,00<\/p>\n<\/td>\n<td width=\"113\">\n<p>=<\/p>\n<\/td>\n<\/tr>\n<tr>\n<td width=\"206\">\n<p>Ma\u00edz<\/p>\n<\/td>\n<td width=\"123\">\n<p>247,00<\/p>\n<\/td>\n<td width=\"132\">\n<p>251,00<\/p>\n<\/td>\n<td width=\"113\">\n<p>\u25b2<\/p>\n<\/td>\n<\/tr>\n<\/tbody>\n<\/table>\n<p>\u00a0<\/p>\n<p>\u00a0<\/p>\n<h6>*\u00a0 Ma\u00edz\u00a0 con menos del 15% de humedad<\/h6>\n","protected":false},"excerpt":{"rendered":"<p>El ma\u00edz sigue siendo el motor de la subida de los cereales En la sesi\u00f3n de la lonja de Le\u00f3n celebrada hoy en Santa Mar\u00eda del P\u00e1ramo, nueva subida de los cereales aunque m\u00e1s moderada que en sesiones anteriores, siendo el ma\u00edz el que se encuentra m\u00e1s fuerte e impulsa al resto. Las condiciones de [&hellip;]<\/p>\n","protected":false},"author":8,"featured_media":5817,"comment_status":"open","ping_status":"open","sticky":false,"template":"","format":"standard","meta":{"footnotes":""},"categories":[34,67,5],"tags":[],"yoast_head":"<!-- This site is optimized with the Yoast SEO plugin v24.5 - https:\/\/yoast.com\/wordpress\/plugins\/seo\/ -->\n<title>Cotizaciones de la Lonja Agropecuaria de Le\u00f3n - sesi\u00f3n 12\/05\/2021 - ASAJA Le\u00f3n<\/title>\n<meta name=\"description\" content=\"El ma\u00edz sigue siendo el motor de la subida de los cereales En la sesi\u00f3n de la lonja de Le\u00f3n celebrada hoy en Santa Mar\u00eda del P\u00e1ramo, nueva subida de los\" \/>\n<meta name=\"robots\" content=\"index, follow, max-snippet:-1, max-image-preview:large, max-video-preview:-1\" \/>\n<link rel=\"canonical\" href=\"https:\/\/www.asajacyl.com\/leon\/servicios-socio\/cotizaciones-de-la-lonja-agropecuaria-de-leon-sesion-12-05-2021\" \/>\n<meta property=\"og:locale\" content=\"es_ES\" \/>\n<meta property=\"og:type\" content=\"article\" \/>\n<meta property=\"og:title\" content=\"Cotizaciones de la Lonja Agropecuaria de Le\u00f3n - sesi\u00f3n 12\/05\/2021 - ASAJA Le\u00f3n\" \/>\n<meta property=\"og:description\" content=\"El ma\u00edz sigue siendo el motor de la subida de los cereales En la sesi\u00f3n de la lonja de Le\u00f3n celebrada hoy en Santa Mar\u00eda del P\u00e1ramo, nueva subida de los\" \/>\n<meta property=\"og:url\" content=\"https:\/\/www.asajacyl.com\/leon\/servicios-socio\/cotizaciones-de-la-lonja-agropecuaria-de-leon-sesion-12-05-2021\" \/>\n<meta property=\"og:site_name\" content=\"ASAJA Le\u00f3n\" \/>\n<meta property=\"article:published_time\" content=\"2021-05-12T11:36:54+00:00\" \/>\n<meta property=\"article:modified_time\" content=\"2021-05-12T11:36:57+00:00\" \/>\n<meta property=\"og:image\" content=\"https:\/\/www.asajacyl.com\/leon\/wp-content\/uploads\/sites\/6\/2017\/11\/recurso-cebada-espigando-01.jpg\" \/>\n\t<meta property=\"og:image:width\" content=\"1920\" \/>\n\t<meta property=\"og:image:height\" content=\"1080\" \/>\n\t<meta property=\"og:image:type\" content=\"image\/jpeg\" \/>\n<meta name=\"author\" content=\"Eduardo\" \/>\n<meta name=\"twitter:card\" content=\"summary_large_image\" \/>\n<meta name=\"twitter:label1\" content=\"Escrito por\" \/>\n\t<meta name=\"twitter:data1\" content=\"Eduardo\" \/>\n\t<meta name=\"twitter:label2\" content=\"Tiempo de lectura\" \/>\n\t<meta name=\"twitter:data2\" content=\"1 minuto\" \/>\n<script type=\"application\/ld+json\" class=\"yoast-schema-graph\">{\"@context\":\"https:\/\/schema.org\",\"@graph\":[{\"@type\":\"WebPage\",\"@id\":\"https:\/\/www.asajacyl.com\/leon\/servicios-socio\/cotizaciones-de-la-lonja-agropecuaria-de-leon-sesion-12-05-2021\",\"url\":\"https:\/\/www.asajacyl.com\/leon\/servicios-socio\/cotizaciones-de-la-lonja-agropecuaria-de-leon-sesion-12-05-2021\",\"name\":\"Cotizaciones de la Lonja Agropecuaria de Le\u00f3n - sesi\u00f3n 12\/05\/2021 - ASAJA Le\u00f3n\",\"isPartOf\":{\"@id\":\"https:\/\/www.asajacyl.com\/leon\/#website\"},\"primaryImageOfPage\":{\"@id\":\"https:\/\/www.asajacyl.com\/leon\/servicios-socio\/cotizaciones-de-la-lonja-agropecuaria-de-leon-sesion-12-05-2021#primaryimage\"},\"image\":{\"@id\":\"https:\/\/www.asajacyl.com\/leon\/servicios-socio\/cotizaciones-de-la-lonja-agropecuaria-de-leon-sesion-12-05-2021#primaryimage\"},\"thumbnailUrl\":\"https:\/\/www.asajacyl.com\/leon\/wp-content\/uploads\/sites\/6\/2017\/11\/recurso-cebada-espigando-01.jpg\",\"datePublished\":\"2021-05-12T11:36:54+00:00\",\"dateModified\":\"2021-05-12T11:36:57+00:00\",\"author\":{\"@id\":\"https:\/\/www.asajacyl.com\/leon\/#\/schema\/person\/a39ff3609fc182e4c789ab486e865d32\"},\"description\":\"El ma\u00edz sigue siendo el motor de la subida de los cereales En la sesi\u00f3n de la lonja de Le\u00f3n celebrada hoy en Santa Mar\u00eda del P\u00e1ramo, nueva subida de los\",\"breadcrumb\":{\"@id\":\"https:\/\/www.asajacyl.com\/leon\/servicios-socio\/cotizaciones-de-la-lonja-agropecuaria-de-leon-sesion-12-05-2021#breadcrumb\"},\"inLanguage\":\"es\",\"potentialAction\":[{\"@type\":\"ReadAction\",\"target\":[\"https:\/\/www.asajacyl.com\/leon\/servicios-socio\/cotizaciones-de-la-lonja-agropecuaria-de-leon-sesion-12-05-2021\"]}]},{\"@type\":\"ImageObject\",\"inLanguage\":\"es\",\"@id\":\"https:\/\/www.asajacyl.com\/leon\/servicios-socio\/cotizaciones-de-la-lonja-agropecuaria-de-leon-sesion-12-05-2021#primaryimage\",\"url\":\"https:\/\/www.asajacyl.com\/leon\/wp-content\/uploads\/sites\/6\/2017\/11\/recurso-cebada-espigando-01.jpg\",\"contentUrl\":\"https:\/\/www.asajacyl.com\/leon\/wp-content\/uploads\/sites\/6\/2017\/11\/recurso-cebada-espigando-01.jpg\",\"width\":1920,\"height\":1080,\"caption\":\"Cebada espigando\"},{\"@type\":\"BreadcrumbList\",\"@id\":\"https:\/\/www.asajacyl.com\/leon\/servicios-socio\/cotizaciones-de-la-lonja-agropecuaria-de-leon-sesion-12-05-2021#breadcrumb\",\"itemListElement\":[{\"@type\":\"ListItem\",\"position\":1,\"name\":\"Portada\",\"item\":\"https:\/\/www.asajacyl.com\/leon\/\"},{\"@type\":\"ListItem\",\"position\":2,\"name\":\"Cotizaciones de la Lonja Agropecuaria de Le\u00f3n &#8211; sesi\u00f3n 12\/05\/2021\"}]},{\"@type\":\"WebSite\",\"@id\":\"https:\/\/www.asajacyl.com\/leon\/#website\",\"url\":\"https:\/\/www.asajacyl.com\/leon\/\",\"name\":\"ASAJA Le\u00f3n\",\"description\":\"Otro sitio m\u00e1s de Provincias ASAJA Castilla y Le\u00f3n\",\"potentialAction\":[{\"@type\":\"SearchAction\",\"target\":{\"@type\":\"EntryPoint\",\"urlTemplate\":\"https:\/\/www.asajacyl.com\/leon\/?s={search_term_string}\"},\"query-input\":{\"@type\":\"PropertyValueSpecification\",\"valueRequired\":true,\"valueName\":\"search_term_string\"}}],\"inLanguage\":\"es\"},{\"@type\":\"Person\",\"@id\":\"https:\/\/www.asajacyl.com\/leon\/#\/schema\/person\/a39ff3609fc182e4c789ab486e865d32\",\"name\":\"Eduardo\",\"image\":{\"@type\":\"ImageObject\",\"inLanguage\":\"es\",\"@id\":\"https:\/\/www.asajacyl.com\/leon\/#\/schema\/person\/image\/\",\"url\":\"https:\/\/secure.gravatar.com\/avatar\/9ebd6aba21d817dcf9595bc9ca505af5?s=96&d=mm&r=g\",\"contentUrl\":\"https:\/\/secure.gravatar.com\/avatar\/9ebd6aba21d817dcf9595bc9ca505af5?s=96&d=mm&r=g\",\"caption\":\"Eduardo\"},\"url\":\"https:\/\/www.asajacyl.com\/leon\/author\/eduardovv\"}]}<\/script>\n<!-- \/ Yoast SEO plugin. -->","yoast_head_json":{"title":"Cotizaciones de la Lonja Agropecuaria de Le\u00f3n - sesi\u00f3n 12\/05\/2021 - ASAJA Le\u00f3n","description":"El ma\u00edz sigue siendo el motor de la subida de los cereales En la sesi\u00f3n de la lonja de Le\u00f3n celebrada hoy en Santa Mar\u00eda del P\u00e1ramo, nueva subida de los","robots":{"index":"index","follow":"follow","max-snippet":"max-snippet:-1","max-image-preview":"max-image-preview:large","max-video-preview":"max-video-preview:-1"},"canonical":"https:\/\/www.asajacyl.com\/leon\/servicios-socio\/cotizaciones-de-la-lonja-agropecuaria-de-leon-sesion-12-05-2021","og_locale":"es_ES","og_type":"article","og_title":"Cotizaciones de la Lonja Agropecuaria de Le\u00f3n - sesi\u00f3n 12\/05\/2021 - ASAJA Le\u00f3n","og_description":"El ma\u00edz sigue siendo el motor de la subida de los cereales En la sesi\u00f3n de la lonja de Le\u00f3n celebrada hoy en Santa Mar\u00eda del P\u00e1ramo, nueva subida de los","og_url":"https:\/\/www.asajacyl.com\/leon\/servicios-socio\/cotizaciones-de-la-lonja-agropecuaria-de-leon-sesion-12-05-2021","og_site_name":"ASAJA Le\u00f3n","article_published_time":"2021-05-12T11:36:54+00:00","article_modified_time":"2021-05-12T11:36:57+00:00","og_image":[{"width":1920,"height":1080,"url":"https:\/\/www.asajacyl.com\/leon\/wp-content\/uploads\/sites\/6\/2017\/11\/recurso-cebada-espigando-01.jpg","type":"image\/jpeg"}],"author":"Eduardo","twitter_card":"summary_large_image","twitter_misc":{"Escrito por":"Eduardo","Tiempo de lectura":"1 minuto"},"schema":{"@context":"https:\/\/schema.org","@graph":[{"@type":"WebPage","@id":"https:\/\/www.asajacyl.com\/leon\/servicios-socio\/cotizaciones-de-la-lonja-agropecuaria-de-leon-sesion-12-05-2021","url":"https:\/\/www.asajacyl.com\/leon\/servicios-socio\/cotizaciones-de-la-lonja-agropecuaria-de-leon-sesion-12-05-2021","name":"Cotizaciones de la Lonja Agropecuaria de Le\u00f3n - sesi\u00f3n 12\/05\/2021 - ASAJA Le\u00f3n","isPartOf":{"@id":"https:\/\/www.asajacyl.com\/leon\/#website"},"primaryImageOfPage":{"@id":"https:\/\/www.asajacyl.com\/leon\/servicios-socio\/cotizaciones-de-la-lonja-agropecuaria-de-leon-sesion-12-05-2021#primaryimage"},"image":{"@id":"https:\/\/www.asajacyl.com\/leon\/servicios-socio\/cotizaciones-de-la-lonja-agropecuaria-de-leon-sesion-12-05-2021#primaryimage"},"thumbnailUrl":"https:\/\/www.asajacyl.com\/leon\/wp-content\/uploads\/sites\/6\/2017\/11\/recurso-cebada-espigando-01.jpg","datePublished":"2021-05-12T11:36:54+00:00","dateModified":"2021-05-12T11:36:57+00:00","author":{"@id":"https:\/\/www.asajacyl.com\/leon\/#\/schema\/person\/a39ff3609fc182e4c789ab486e865d32"},"description":"El ma\u00edz sigue siendo el motor de la subida de los cereales En la sesi\u00f3n de la lonja de Le\u00f3n celebrada hoy en Santa Mar\u00eda del P\u00e1ramo, nueva subida de los","breadcrumb":{"@id":"https:\/\/www.asajacyl.com\/leon\/servicios-socio\/cotizaciones-de-la-lonja-agropecuaria-de-leon-sesion-12-05-2021#breadcrumb"},"inLanguage":"es","potentialAction":[{"@type":"ReadAction","target":["https:\/\/www.asajacyl.com\/leon\/servicios-socio\/cotizaciones-de-la-lonja-agropecuaria-de-leon-sesion-12-05-2021"]}]},{"@type":"ImageObject","inLanguage":"es","@id":"https:\/\/www.asajacyl.com\/leon\/servicios-socio\/cotizaciones-de-la-lonja-agropecuaria-de-leon-sesion-12-05-2021#primaryimage","url":"https:\/\/www.asajacyl.com\/leon\/wp-content\/uploads\/sites\/6\/2017\/11\/recurso-cebada-espigando-01.jpg","contentUrl":"https:\/\/www.asajacyl.com\/leon\/wp-content\/uploads\/sites\/6\/2017\/11\/recurso-cebada-espigando-01.jpg","width":1920,"height":1080,"caption":"Cebada espigando"},{"@type":"BreadcrumbList","@id":"https:\/\/www.asajacyl.com\/leon\/servicios-socio\/cotizaciones-de-la-lonja-agropecuaria-de-leon-sesion-12-05-2021#breadcrumb","itemListElement":[{"@type":"ListItem","position":1,"name":"Portada","item":"https:\/\/www.asajacyl.com\/leon\/"},{"@type":"ListItem","position":2,"name":"Cotizaciones de la Lonja Agropecuaria de Le\u00f3n &#8211; sesi\u00f3n 12\/05\/2021"}]},{"@type":"WebSite","@id":"https:\/\/www.asajacyl.com\/leon\/#website","url":"https:\/\/www.asajacyl.com\/leon\/","name":"ASAJA Le\u00f3n","description":"Otro sitio m\u00e1s de Provincias ASAJA Castilla y Le\u00f3n","potentialAction":[{"@type":"SearchAction","target":{"@type":"EntryPoint","urlTemplate":"https:\/\/www.asajacyl.com\/leon\/?s={search_term_string}"},"query-input":{"@type":"PropertyValueSpecification","valueRequired":true,"valueName":"search_term_string"}}],"inLanguage":"es"},{"@type":"Person","@id":"https:\/\/www.asajacyl.com\/leon\/#\/schema\/person\/a39ff3609fc182e4c789ab486e865d32","name":"Eduardo","image":{"@type":"ImageObject","inLanguage":"es","@id":"https:\/\/www.asajacyl.com\/leon\/#\/schema\/person\/image\/","url":"https:\/\/secure.gravatar.com\/avatar\/9ebd6aba21d817dcf9595bc9ca505af5?s=96&d=mm&r=g","contentUrl":"https:\/\/secure.gravatar.com\/avatar\/9ebd6aba21d817dcf9595bc9ca505af5?s=96&d=mm&r=g","caption":"Eduardo"},"url":"https:\/\/www.asajacyl.com\/leon\/author\/eduardovv"}]}},"_links":{"self":[{"href":"https:\/\/www.asajacyl.com\/leon\/wp-json\/wp\/v2\/posts\/12348"}],"collection":[{"href":"https:\/\/www.asajacyl.com\/leon\/wp-json\/wp\/v2\/posts"}],"about":[{"href":"https:\/\/www.asajacyl.com\/leon\/wp-json\/wp\/v2\/types\/post"}],"author":[{"embeddable":true,"href":"https:\/\/www.asajacyl.com\/leon\/wp-json\/wp\/v2\/users\/8"}],"replies":[{"embeddable":true,"href":"https:\/\/www.asajacyl.com\/leon\/wp-json\/wp\/v2\/comments?post=12348"}],"version-history":[{"count":1,"href":"https:\/\/www.asajacyl.com\/leon\/wp-json\/wp\/v2\/posts\/12348\/revisions"}],"predecessor-version":[{"id":12349,"href":"https:\/\/www.asajacyl.com\/leon\/wp-json\/wp\/v2\/posts\/12348\/revisions\/12349"}],"wp:featuredmedia":[{"embeddable":true,"href":"https:\/\/www.asajacyl.com\/leon\/wp-json\/wp\/v2\/media\/5817"}],"wp:attachment":[{"href":"https:\/\/www.asajacyl.com\/leon\/wp-json\/wp\/v2\/media?parent=12348"}],"wp:term":[{"taxonomy":"category","embeddable":true,"href":"https:\/\/www.asajacyl.com\/leon\/wp-json\/wp\/v2\/categories?post=12348"},{"taxonomy":"post_tag","embeddable":true,"href":"https:\/\/www.asajacyl.com\/leon\/wp-json\/wp\/v2\/tags?post=12348"}],"curies":[{"name":"wp","href":"https:\/\/api.w.org\/{rel}","templated":true}]}}