{"id":12358,"date":"2021-05-14T14:02:06","date_gmt":"2021-05-14T12:02:06","guid":{"rendered":"https:\/\/www.asajacyl.com\/leon\/?p=12358"},"modified":"2021-05-14T14:02:08","modified_gmt":"2021-05-14T12:02:08","slug":"cir_san_isidro","status":"publish","type":"post","link":"https:\/\/www.asajacyl.com\/leon\/buzon\/cir_san_isidro","title":{"rendered":"cir_san_isidro"},"content":{"rendered":"\n\n\n<h2><strong>FESTIVIDAD DE SAN ISIDRO LABRADOR<\/strong><\/h2>\n<h6>Le\u00f3n, 14 de mayo de 2021<\/h6>\n<h6>Con motivo de la celebraci\u00f3n ma\u00f1ana s\u00e1bado de la festividad de San Isidro Labrador queremos desearte salud para ti y los tuyos, y que la climatolog\u00eda nos deje tener una merecida buena cosecha. Por segundo a\u00f1o las celebraciones ser\u00e1n escasas, ajustadas a los protocoles que marcan las autoridades sanitaria, pero lo importante es estar bien y ver mejor\u00eda tanto en lo sanitario como en la econom\u00eda.<\/h6>\n<h6>La organizaci\u00f3n trabaja estos d\u00edas en una defensa de las ayudas de la PAC para los pr\u00f3ximos a\u00f1os, en sortear los cada vez m\u00e1s exigentes requisitos medioambientales, en defender nuestra ganader\u00eda de los ataques del lobo y otra fauna salvaje, en defender precios m\u00e1s justos sobre todo en el sector ganadero, y en impedir que las tierras agr\u00edcolas se destinen a otros fines, entre otras cuestiones.<\/h6>\n<h6>En nuestras oficinas estamos rematando los expedientes de la PAC, haciendo los seguros agrarios, tramitando las declaraciones de la renta (IRPF), gestionando las incorporaciones de j\u00f3venes agricultores, y todas las cuestiones propias del d\u00eda a d\u00eda, que son muchas como bien sabes.<\/h6>\n<h6>En representaci\u00f3n del sector estaremos ma\u00f1ana\u00a0 en la <strong>Misa que oficia el se\u00f1or Obispo de Le\u00f3n, en la Parroquia de San Isidro,\u00a0 a las 12 del mediod\u00eda, que retrasmitir\u00e1 en directo\u00a0 La 8 de RTVCYL gracias a la colaboraci\u00f3n nuestra y de tres empresas del sector que se han prestado a ello.<\/strong><\/h6>\n<h6>Aunque hemos tratado de atender a todos nuestros socios con la mayor normalidad posible en nuestras oficinas, algo que seguramente todos reconoc\u00e9is y agradec\u00e9is, esperamos que en pr\u00f3ximas fechas deje de haber limitaci\u00f3n e incluso miedo, y podamos celebrar asambleas y reuniones como hemos hecho habitualmente, y que tan necesarias son para una organizaci\u00f3n\u00a0 como la nuestra.<\/h6>\n<p>\u00a0<\/p>\n<h6>Recibe un afectuoso saludo.<\/h6>\n<h6>\u00a0<\/h6>\n<h6>Arsenio Garc\u00eda Vidal\u00a0\u00a0\u00a0\u00a0\u00a0\u00a0\u00a0\u00a0\u00a0\u00a0\u00a0\u00a0\u00a0\u00a0\u00a0 Jos\u00e9 Antonio Turrado Fdez.<\/h6>\n<h6>\u00a0\u00a0\u00a0\u00a0\u00a0\u00a0\u00a0\u00a0\u00a0\u00a0\u00a0\u00a0\u00a0\u00a0\u00a0\u00a0\u00a0\u00a0\u00a0 \u00a0\u00a0\u00a0\u00a0\u00a0\u00a0\u00a0\u00a0\u00a0\u00a0\u00a0\u00a0\u00a0\u00a0 Presidente\u00a0\u00a0\u00a0\u00a0\u00a0\u00a0\u00a0\u00a0\u00a0\u00a0\u00a0\u00a0\u00a0\u00a0\u00a0\u00a0\u00a0\u00a0\u00a0 \u00a0\u00a0\u00a0\u00a0\u00a0\u00a0\u00a0 Secretario general<\/h6>\n","protected":false},"excerpt":{"rendered":"<p>FESTIVIDAD DE SAN ISIDRO LABRADOR Le\u00f3n, 14 de mayo de 2021 Con motivo de la celebraci\u00f3n ma\u00f1ana s\u00e1bado de la festividad de San Isidro Labrador queremos desearte salud para ti y los tuyos, y que la climatolog\u00eda nos deje tener una merecida buena cosecha. Por segundo a\u00f1o las celebraciones ser\u00e1n escasas, ajustadas a los protocoles [&hellip;]<\/p>\n","protected":false},"author":8,"featured_media":8909,"comment_status":"open","ping_status":"open","sticky":false,"template":"","format":"standard","meta":{"footnotes":""},"categories":[4,78],"tags":[],"yoast_head":"<!-- This site is optimized with the Yoast SEO plugin v24.5 - https:\/\/yoast.com\/wordpress\/plugins\/seo\/ -->\n<title>cir_san_isidro - ASAJA Le\u00f3n<\/title>\n<meta name=\"description\" content=\"FESTIVIDAD DE SAN ISIDRO LABRADOR Le\u00f3n, 14 de mayo de 2021 Con motivo de la celebraci\u00f3n ma\u00f1ana s\u00e1bado de la festividad de San Isidro Labrador queremos\" \/>\n<meta name=\"robots\" content=\"index, follow, max-snippet:-1, max-image-preview:large, max-video-preview:-1\" \/>\n<link rel=\"canonical\" href=\"https:\/\/www.asajacyl.com\/leon\/buzon\/cir_san_isidro\" \/>\n<meta property=\"og:locale\" content=\"es_ES\" \/>\n<meta property=\"og:type\" content=\"article\" \/>\n<meta property=\"og:title\" content=\"cir_san_isidro - ASAJA Le\u00f3n\" \/>\n<meta property=\"og:description\" content=\"FESTIVIDAD DE SAN ISIDRO LABRADOR Le\u00f3n, 14 de mayo de 2021 Con motivo de la celebraci\u00f3n ma\u00f1ana s\u00e1bado de la festividad de San Isidro Labrador queremos\" \/>\n<meta property=\"og:url\" content=\"https:\/\/www.asajacyl.com\/leon\/buzon\/cir_san_isidro\" \/>\n<meta property=\"og:site_name\" content=\"ASAJA Le\u00f3n\" \/>\n<meta property=\"article:published_time\" content=\"2021-05-14T12:02:06+00:00\" \/>\n<meta property=\"article:modified_time\" content=\"2021-05-14T12:02:08+00:00\" \/>\n<meta property=\"og:image\" content=\"https:\/\/www.asajacyl.com\/leon\/wp-content\/uploads\/sites\/6\/2018\/05\/san-isidro-labrador.jpg\" \/>\n\t<meta property=\"og:image:width\" content=\"768\" \/>\n\t<meta property=\"og:image:height\" content=\"428\" \/>\n\t<meta property=\"og:image:type\" content=\"image\/jpeg\" \/>\n<meta name=\"author\" content=\"Eduardo\" \/>\n<meta name=\"twitter:card\" content=\"summary_large_image\" \/>\n<meta name=\"twitter:label1\" content=\"Escrito por\" \/>\n\t<meta name=\"twitter:data1\" content=\"Eduardo\" \/>\n\t<meta name=\"twitter:label2\" content=\"Tiempo de lectura\" \/>\n\t<meta name=\"twitter:data2\" content=\"2 minutos\" \/>\n<script type=\"application\/ld+json\" class=\"yoast-schema-graph\">{\"@context\":\"https:\/\/schema.org\",\"@graph\":[{\"@type\":\"WebPage\",\"@id\":\"https:\/\/www.asajacyl.com\/leon\/buzon\/cir_san_isidro\",\"url\":\"https:\/\/www.asajacyl.com\/leon\/buzon\/cir_san_isidro\",\"name\":\"cir_san_isidro - ASAJA Le\u00f3n\",\"isPartOf\":{\"@id\":\"https:\/\/www.asajacyl.com\/leon\/#website\"},\"primaryImageOfPage\":{\"@id\":\"https:\/\/www.asajacyl.com\/leon\/buzon\/cir_san_isidro#primaryimage\"},\"image\":{\"@id\":\"https:\/\/www.asajacyl.com\/leon\/buzon\/cir_san_isidro#primaryimage\"},\"thumbnailUrl\":\"https:\/\/www.asajacyl.com\/leon\/wp-content\/uploads\/sites\/6\/2018\/05\/san-isidro-labrador.jpg\",\"datePublished\":\"2021-05-14T12:02:06+00:00\",\"dateModified\":\"2021-05-14T12:02:08+00:00\",\"author\":{\"@id\":\"https:\/\/www.asajacyl.com\/leon\/#\/schema\/person\/a39ff3609fc182e4c789ab486e865d32\"},\"description\":\"FESTIVIDAD DE SAN ISIDRO LABRADOR Le\u00f3n, 14 de mayo de 2021 Con motivo de la celebraci\u00f3n ma\u00f1ana s\u00e1bado de la festividad de San Isidro Labrador queremos\",\"breadcrumb\":{\"@id\":\"https:\/\/www.asajacyl.com\/leon\/buzon\/cir_san_isidro#breadcrumb\"},\"inLanguage\":\"es\",\"potentialAction\":[{\"@type\":\"ReadAction\",\"target\":[\"https:\/\/www.asajacyl.com\/leon\/buzon\/cir_san_isidro\"]}]},{\"@type\":\"ImageObject\",\"inLanguage\":\"es\",\"@id\":\"https:\/\/www.asajacyl.com\/leon\/buzon\/cir_san_isidro#primaryimage\",\"url\":\"https:\/\/www.asajacyl.com\/leon\/wp-content\/uploads\/sites\/6\/2018\/05\/san-isidro-labrador.jpg\",\"contentUrl\":\"https:\/\/www.asajacyl.com\/leon\/wp-content\/uploads\/sites\/6\/2018\/05\/san-isidro-labrador.jpg\",\"width\":768,\"height\":428},{\"@type\":\"BreadcrumbList\",\"@id\":\"https:\/\/www.asajacyl.com\/leon\/buzon\/cir_san_isidro#breadcrumb\",\"itemListElement\":[{\"@type\":\"ListItem\",\"position\":1,\"name\":\"Portada\",\"item\":\"https:\/\/www.asajacyl.com\/leon\/\"},{\"@type\":\"ListItem\",\"position\":2,\"name\":\"cir_san_isidro\"}]},{\"@type\":\"WebSite\",\"@id\":\"https:\/\/www.asajacyl.com\/leon\/#website\",\"url\":\"https:\/\/www.asajacyl.com\/leon\/\",\"name\":\"ASAJA Le\u00f3n\",\"description\":\"Otro sitio m\u00e1s de Provincias ASAJA Castilla y Le\u00f3n\",\"potentialAction\":[{\"@type\":\"SearchAction\",\"target\":{\"@type\":\"EntryPoint\",\"urlTemplate\":\"https:\/\/www.asajacyl.com\/leon\/?s={search_term_string}\"},\"query-input\":{\"@type\":\"PropertyValueSpecification\",\"valueRequired\":true,\"valueName\":\"search_term_string\"}}],\"inLanguage\":\"es\"},{\"@type\":\"Person\",\"@id\":\"https:\/\/www.asajacyl.com\/leon\/#\/schema\/person\/a39ff3609fc182e4c789ab486e865d32\",\"name\":\"Eduardo\",\"image\":{\"@type\":\"ImageObject\",\"inLanguage\":\"es\",\"@id\":\"https:\/\/www.asajacyl.com\/leon\/#\/schema\/person\/image\/\",\"url\":\"https:\/\/secure.gravatar.com\/avatar\/9ebd6aba21d817dcf9595bc9ca505af5?s=96&d=mm&r=g\",\"contentUrl\":\"https:\/\/secure.gravatar.com\/avatar\/9ebd6aba21d817dcf9595bc9ca505af5?s=96&d=mm&r=g\",\"caption\":\"Eduardo\"},\"url\":\"https:\/\/www.asajacyl.com\/leon\/author\/eduardovv\"}]}<\/script>\n<!-- \/ Yoast SEO plugin. -->","yoast_head_json":{"title":"cir_san_isidro - ASAJA Le\u00f3n","description":"FESTIVIDAD DE SAN ISIDRO LABRADOR Le\u00f3n, 14 de mayo de 2021 Con motivo de la celebraci\u00f3n ma\u00f1ana s\u00e1bado de la festividad de San Isidro Labrador queremos","robots":{"index":"index","follow":"follow","max-snippet":"max-snippet:-1","max-image-preview":"max-image-preview:large","max-video-preview":"max-video-preview:-1"},"canonical":"https:\/\/www.asajacyl.com\/leon\/buzon\/cir_san_isidro","og_locale":"es_ES","og_type":"article","og_title":"cir_san_isidro - ASAJA Le\u00f3n","og_description":"FESTIVIDAD DE SAN ISIDRO LABRADOR Le\u00f3n, 14 de mayo de 2021 Con motivo de la celebraci\u00f3n ma\u00f1ana s\u00e1bado de la festividad de San Isidro Labrador queremos","og_url":"https:\/\/www.asajacyl.com\/leon\/buzon\/cir_san_isidro","og_site_name":"ASAJA Le\u00f3n","article_published_time":"2021-05-14T12:02:06+00:00","article_modified_time":"2021-05-14T12:02:08+00:00","og_image":[{"width":768,"height":428,"url":"https:\/\/www.asajacyl.com\/leon\/wp-content\/uploads\/sites\/6\/2018\/05\/san-isidro-labrador.jpg","type":"image\/jpeg"}],"author":"Eduardo","twitter_card":"summary_large_image","twitter_misc":{"Escrito por":"Eduardo","Tiempo de lectura":"2 minutos"},"schema":{"@context":"https:\/\/schema.org","@graph":[{"@type":"WebPage","@id":"https:\/\/www.asajacyl.com\/leon\/buzon\/cir_san_isidro","url":"https:\/\/www.asajacyl.com\/leon\/buzon\/cir_san_isidro","name":"cir_san_isidro - ASAJA Le\u00f3n","isPartOf":{"@id":"https:\/\/www.asajacyl.com\/leon\/#website"},"primaryImageOfPage":{"@id":"https:\/\/www.asajacyl.com\/leon\/buzon\/cir_san_isidro#primaryimage"},"image":{"@id":"https:\/\/www.asajacyl.com\/leon\/buzon\/cir_san_isidro#primaryimage"},"thumbnailUrl":"https:\/\/www.asajacyl.com\/leon\/wp-content\/uploads\/sites\/6\/2018\/05\/san-isidro-labrador.jpg","datePublished":"2021-05-14T12:02:06+00:00","dateModified":"2021-05-14T12:02:08+00:00","author":{"@id":"https:\/\/www.asajacyl.com\/leon\/#\/schema\/person\/a39ff3609fc182e4c789ab486e865d32"},"description":"FESTIVIDAD DE SAN ISIDRO LABRADOR Le\u00f3n, 14 de mayo de 2021 Con motivo de la celebraci\u00f3n ma\u00f1ana s\u00e1bado de la festividad de San Isidro Labrador queremos","breadcrumb":{"@id":"https:\/\/www.asajacyl.com\/leon\/buzon\/cir_san_isidro#breadcrumb"},"inLanguage":"es","potentialAction":[{"@type":"ReadAction","target":["https:\/\/www.asajacyl.com\/leon\/buzon\/cir_san_isidro"]}]},{"@type":"ImageObject","inLanguage":"es","@id":"https:\/\/www.asajacyl.com\/leon\/buzon\/cir_san_isidro#primaryimage","url":"https:\/\/www.asajacyl.com\/leon\/wp-content\/uploads\/sites\/6\/2018\/05\/san-isidro-labrador.jpg","contentUrl":"https:\/\/www.asajacyl.com\/leon\/wp-content\/uploads\/sites\/6\/2018\/05\/san-isidro-labrador.jpg","width":768,"height":428},{"@type":"BreadcrumbList","@id":"https:\/\/www.asajacyl.com\/leon\/buzon\/cir_san_isidro#breadcrumb","itemListElement":[{"@type":"ListItem","position":1,"name":"Portada","item":"https:\/\/www.asajacyl.com\/leon\/"},{"@type":"ListItem","position":2,"name":"cir_san_isidro"}]},{"@type":"WebSite","@id":"https:\/\/www.asajacyl.com\/leon\/#website","url":"https:\/\/www.asajacyl.com\/leon\/","name":"ASAJA Le\u00f3n","description":"Otro sitio m\u00e1s de Provincias ASAJA Castilla y Le\u00f3n","potentialAction":[{"@type":"SearchAction","target":{"@type":"EntryPoint","urlTemplate":"https:\/\/www.asajacyl.com\/leon\/?s={search_term_string}"},"query-input":{"@type":"PropertyValueSpecification","valueRequired":true,"valueName":"search_term_string"}}],"inLanguage":"es"},{"@type":"Person","@id":"https:\/\/www.asajacyl.com\/leon\/#\/schema\/person\/a39ff3609fc182e4c789ab486e865d32","name":"Eduardo","image":{"@type":"ImageObject","inLanguage":"es","@id":"https:\/\/www.asajacyl.com\/leon\/#\/schema\/person\/image\/","url":"https:\/\/secure.gravatar.com\/avatar\/9ebd6aba21d817dcf9595bc9ca505af5?s=96&d=mm&r=g","contentUrl":"https:\/\/secure.gravatar.com\/avatar\/9ebd6aba21d817dcf9595bc9ca505af5?s=96&d=mm&r=g","caption":"Eduardo"},"url":"https:\/\/www.asajacyl.com\/leon\/author\/eduardovv"}]}},"_links":{"self":[{"href":"https:\/\/www.asajacyl.com\/leon\/wp-json\/wp\/v2\/posts\/12358"}],"collection":[{"href":"https:\/\/www.asajacyl.com\/leon\/wp-json\/wp\/v2\/posts"}],"about":[{"href":"https:\/\/www.asajacyl.com\/leon\/wp-json\/wp\/v2\/types\/post"}],"author":[{"embeddable":true,"href":"https:\/\/www.asajacyl.com\/leon\/wp-json\/wp\/v2\/users\/8"}],"replies":[{"embeddable":true,"href":"https:\/\/www.asajacyl.com\/leon\/wp-json\/wp\/v2\/comments?post=12358"}],"version-history":[{"count":1,"href":"https:\/\/www.asajacyl.com\/leon\/wp-json\/wp\/v2\/posts\/12358\/revisions"}],"predecessor-version":[{"id":12359,"href":"https:\/\/www.asajacyl.com\/leon\/wp-json\/wp\/v2\/posts\/12358\/revisions\/12359"}],"wp:featuredmedia":[{"embeddable":true,"href":"https:\/\/www.asajacyl.com\/leon\/wp-json\/wp\/v2\/media\/8909"}],"wp:attachment":[{"href":"https:\/\/www.asajacyl.com\/leon\/wp-json\/wp\/v2\/media?parent=12358"}],"wp:term":[{"taxonomy":"category","embeddable":true,"href":"https:\/\/www.asajacyl.com\/leon\/wp-json\/wp\/v2\/categories?post=12358"},{"taxonomy":"post_tag","embeddable":true,"href":"https:\/\/www.asajacyl.com\/leon\/wp-json\/wp\/v2\/tags?post=12358"}],"curies":[{"name":"wp","href":"https:\/\/api.w.org\/{rel}","templated":true}]}}