{"id":12390,"date":"2021-06-02T14:23:24","date_gmt":"2021-06-02T12:23:24","guid":{"rendered":"https:\/\/www.asajacyl.com\/leon\/?p=12390"},"modified":"2021-06-02T14:23:25","modified_gmt":"2021-06-02T12:23:25","slug":"cotizaciones-de-la-lonja-agropecuaria-de-leon-02-06-2020","status":"publish","type":"post","link":"https:\/\/www.asajacyl.com\/leon\/servicios-socio\/cotizaciones-de-la-lonja-agropecuaria-de-leon-02-06-2020","title":{"rendered":"Cotizaciones de la Lonja Agropecuaria de Le\u00f3n &#8211; 02\/06\/2020"},"content":{"rendered":"\n<header><strong>Se recuperan los mercados internacionales de cereales<\/strong><\/header>\n<h6 class=\"kp-group clearfix\">Los mercados internaciones han vuelto a recuperarse tras las bajadas de la pasada semana, con la entrada de nuevo de los fondos de inversi\u00f3n apoyados\u00a0 por una fuerte demanda compradora y el estado comprometido del cultivo del ma\u00edz debido a la sequ\u00eda en buena parte de EEUU.<\/h6>\n<div class=\"kopa-post-content\">\n<h6>En clave nacional, esta mejor\u00eda a\u00fan no se ha trasladado y la presi\u00f3n de la proximidad de la cosecha de cereales de invierno junto con la poca demanda compradora presiona los precios. El mes de junio suele ser un mes en el cual solemos ver notas, contranotas y previsiones de cosecha de una parte y de otra, cada una con sus propios intereses, y por tanto es muy dif\u00edcil discernir cu\u00e1l va a ser la realidad y como ejemplo podemos poner lo que ocurri\u00f3 la pasada campa\u00f1a record en producci\u00f3n, que en el mes de junio todos los expertos preve\u00edan unos precios muy bajos y sin embargo el mercado fue el m\u00e1s pujante de los \u00faltimos 10 a\u00f1os.<\/h6>\n<h6>En el sector de los forrajes y debido al miedo a las tormentas acaecidas esta semana en la provincia, los agricultores han intensificado el empacado de todo lo que ten\u00edan segado a la vez que han retrasado nuevas siegas a la espera de que se calme el tiempo.<\/h6>\n<h6>Hoy han empezado a cotizar forrajes y vezas a 100 \u20ac\/t y 130 \u20ac\/ t respectivamente.<\/h6>\n<h6>Se puede consultar informaci\u00f3n m\u00e1s detallada de los precios a trav\u00e9s de la p\u00e1gina web\u00a0\u00a0<a href=\"http:\/\/www.\/\">www.<\/a>lonjadeleon.es.<\/h6>\n<p>\u00a0<\/p>\n<p>Le\u00f3n,\u00a002 de junio de 2.021.<strong>\u00a0<\/strong><\/p>\n<p><strong>LONJA AGROPECUARIA DE LEON<\/strong><\/p>\n<p>\u00a0<\/p>\n<p><strong>COTIZACIONES DE LAS MESAS AGRICOLA Y GANADERA 02-06-2.021<\/strong><\/p>\n<p>\u00a0<\/p>\n<p><strong>Precios Orientativos Euros\/Tonelada en Almac\u00e9n<\/strong><\/p>\n<p><strong>(Condiciones de Calidad O.C.M. Cereales-F.E.G.A. Campa\u00f1a 2016\/2017)<\/strong><\/p>\n<table>\n<tbody>\n<tr>\n<td width=\"196\"><strong>CEREALES<\/strong><\/td>\n<td width=\"132\"><strong>COTIZACION<\/strong>\n<p>\u00a0<\/p>\n<p><strong>ANTERIOR<\/strong><\/p>\n<\/td>\n<td width=\"123\"><strong>COTIZACION<\/strong>\n<p>\u00a0<\/p>\n<p><strong>ACTUAL<\/strong><\/p>\n<\/td>\n<td width=\"85\"><strong>DIF.<\/strong><\/td>\n<\/tr>\n<tr>\n<td width=\"196\">\u00a0<\/td>\n<td width=\"132\"><strong>\u20ac\/t<\/strong><\/td>\n<td width=\"123\"><strong>\u20ac\/t<\/strong><\/td>\n<td width=\"85\">\u00a0<\/td>\n<\/tr>\n<tr>\n<td width=\"196\">Trigo Pienso<\/td>\n<td width=\"132\">218,00<\/td>\n<td width=\"123\">217,00<\/td>\n<td width=\"85\">\u25bc<\/td>\n<\/tr>\n<tr>\n<td width=\"196\">Cebada<\/td>\n<td width=\"132\">199,00<\/td>\n<td width=\"123\">199,00<\/td>\n<td width=\"85\">=<\/td>\n<\/tr>\n<tr>\n<td width=\"196\">Triticale<\/td>\n<td width=\"132\">212,00<\/td>\n<td width=\"123\">211,00<\/td>\n<td width=\"85\">\u25bc<\/td>\n<\/tr>\n<tr>\n<td width=\"196\">Centeno<\/td>\n<td width=\"132\">182,00<\/td>\n<td width=\"123\">182,00<\/td>\n<td width=\"85\">=<\/td>\n<\/tr>\n<tr>\n<td width=\"196\">Avena<\/td>\n<td width=\"132\">175,00<\/td>\n<td width=\"123\">175,00<\/td>\n<td width=\"85\">=<\/td>\n<\/tr>\n<tr>\n<td width=\"196\">Ma\u00edz<\/td>\n<td width=\"132\">250,00<\/td>\n<td width=\"123\">251,00<\/td>\n<td width=\"85\">\u25b2<\/td>\n<\/tr>\n<\/tbody>\n<\/table>\n<p>\u00a0<\/p>\n<p>*Ma\u00edz\u00a0 con menos del 15% de humedad<\/p>\n<p>\u00a0<\/p>\n<table>\n<tbody>\n<tr>\n<td width=\"206\"><strong>FORRAJES<\/strong><\/td>\n<td width=\"123\"><strong>COTIZACION<\/strong>\n<p>\u00a0<\/p>\n<p><strong>ANTERIOR<\/strong><\/p>\n<\/td>\n<td width=\"132\"><strong>COTIZACION<\/strong>\n<p>\u00a0<\/p>\n<p><strong>ACTUAL<\/strong><\/p>\n<\/td>\n<td width=\"76\"><strong>DIF.<\/strong><\/td>\n<\/tr>\n<tr>\n<td width=\"206\">\u00a0<\/td>\n<td width=\"123\"><strong>\u20ac\/t<\/strong><\/td>\n<td width=\"132\"><strong>\u20ac\/t<\/strong><\/td>\n<td width=\"76\">\u00a0<\/td>\n<\/tr>\n<tr>\n<td width=\"206\">Alfalfa paquete rama<\/td>\n<td width=\"123\">180,00<\/td>\n<td width=\"132\">180,00<\/td>\n<td width=\"76\">=<\/td>\n<\/tr>\n<tr>\n<td width=\"206\">Alfalfa paquete deshidratado<\/td>\n<td width=\"123\">245,00<\/td>\n<td width=\"132\">245,00<\/td>\n<td width=\"76\">=<\/td>\n<\/tr>\n<tr>\n<td width=\"206\">Paja 1\u00aa (Cebada)<\/td>\n<td width=\"123\">35,00<\/td>\n<td width=\"132\">35,00<\/td>\n<td width=\"76\">=<\/td>\n<\/tr>\n<tr>\n<td width=\"206\">Veza forraje de 1\u00aa<\/td>\n<td width=\"123\">S\/C<\/td>\n<td width=\"132\">130,00<\/td>\n<td width=\"76\">\u00a0<\/td>\n<\/tr>\n<tr>\n<td width=\"206\">Forraje<\/td>\n<td width=\"123\">S\/C<\/td>\n<td width=\"132\">100,00<\/td>\n<td width=\"76\">\u00a0<\/td>\n<\/tr>\n<\/tbody>\n<\/table>\n<p>\u00a0<\/p>\n<table>\n<tbody>\n<tr>\n<td width=\"206\"><strong>LECHE DE VACA<\/strong><\/td>\n<td width=\"123\"><strong>COTIZACION<\/strong>\n<p>\u00a0<\/p>\n<p><strong>ANTERIOR<\/strong><\/p>\n<\/td>\n<td width=\"132\"><strong>COTIZACION<\/strong>\n<p>\u00a0<\/p>\n<p><strong>ACTUAL<\/strong><\/p>\n<\/td>\n<td width=\"76\"><strong>DIF.<\/strong><\/td>\n<\/tr>\n<tr>\n<td width=\"206\">\u00a0<\/td>\n<td width=\"123\"><strong>\u20ac\/Litro<\/strong><\/td>\n<td width=\"132\"><strong>\u20ac\/Litro<\/strong><\/td>\n<td width=\"76\">\u00a0<\/td>\n<\/tr>\n<tr>\n<td width=\"206\">Hasta 15.000 Litros\/Mes<\/td>\n<td width=\"123\">0,310<\/td>\n<td width=\"132\">0,310<\/td>\n<td width=\"76\">=<\/td>\n<\/tr>\n<\/tbody>\n<\/table>\n<p>*Prima de 3 \u20ac\/t\u00a0 por cada incremento de 15.000 litros\/Mes * Precio leche entregada\u00a0\u00a0 abril-mayo-junio<\/p>\n<p>3,7\u00a0\u00a0\u00a0 Materia Grasa<\/p>\n<p>3,10\u00a0 Prote\u00edna<\/p>\n<p>\u00a0<\/p>\n<table>\n<tbody>\n<tr>\n<td width=\"206\"><strong>LECHE DE OVEJA\u00a0<\/strong>\n<p>\u00a0<\/p>\n<p><strong>Y DE CABRA<\/strong><\/p>\n<\/td>\n<td width=\"123\"><strong>COTIZACION<\/strong>\n<p>\u00a0<\/p>\n<p><strong>ANTERIOR<\/strong><\/p>\n<\/td>\n<td width=\"132\"><strong>COTIZACION<\/strong>\n<p>\u00a0<\/p>\n<p><strong>ACTUAL<\/strong><\/p>\n<\/td>\n<td width=\"76\"><strong>DIF.<\/strong><\/td>\n<\/tr>\n<tr>\n<td width=\"206\">\u00a0<\/td>\n<td width=\"123\"><strong>Euros\/E.Q.<\/strong><\/td>\n<td width=\"132\"><strong>Euros\/E.Q.<\/strong><\/td>\n<td width=\"76\">\u00a0<\/td>\n<\/tr>\n<tr>\n<td width=\"206\">Leche de oveja<\/td>\n<td width=\"123\">0,0745<\/td>\n<td width=\"132\">0,0745<\/td>\n<td width=\"76\">=<\/td>\n<\/tr>\n<tr>\n<td width=\"206\">Leche de cabra<\/td>\n<td width=\"123\">0,0841<\/td>\n<td width=\"132\">0,0841<\/td>\n<td width=\"76\">=<\/td>\n<\/tr>\n<\/tbody>\n<\/table>\n<p>E.Q.\u00a0 Extracto quesero\u00a0 en litro\/ * Precio leche mes abril.<\/p>\n<p><u>Media provincia Le\u00f3n E.Q. mes \u00a0abril\u00a0 leche oveja 11,05\u00a0 y leche cabra 8,45 (Datos Laboratorio Interprofesional L\u00e1cteo CyL).<\/u><\/p>\n<p>\u00a0<\/p>\n<table>\n<tbody>\n<tr>\n<td width=\"206\"><strong>OVINO<\/strong><\/td>\n<td width=\"123\"><strong>COTIZACION<\/strong>\n<p>\u00a0<\/p>\n<p><strong>ANTERIOR<\/strong><\/p>\n<\/td>\n<td width=\"132\"><strong>COTIZACION<\/strong>\n<p>\u00a0<\/p>\n<p><strong>ACTUAL<\/strong><\/p>\n<\/td>\n<td width=\"76\"><strong>DIF.<\/strong><\/td>\n<\/tr>\n<tr>\n<td width=\"206\">\u00a0<\/td>\n<td width=\"123\"><strong>\u20ac\/kg Vivo<\/strong><\/td>\n<td width=\"132\"><strong>\u20ac\/kg Vivo<\/strong><\/td>\n<td width=\"76\">\u00a0<\/td>\n<\/tr>\n<tr>\n<td width=\"206\">Lechazos hasta 12 kg.<\/td>\n<td width=\"123\">4,00<\/td>\n<td width=\"132\">4,25<\/td>\n<td width=\"76\">\u25b2<\/td>\n<\/tr>\n<tr>\n<td width=\"206\">Cabritos hasta 11 kg<\/td>\n<td width=\"123\">4,00<\/td>\n<td width=\"132\">4,25<\/td>\n<td width=\"76\">\u25b2<\/td>\n<\/tr>\n<tr>\n<td width=\"206\">\u00a0<\/td>\n<td width=\"123\"><strong>\u20ac\/Unidad<\/strong><\/td>\n<td width=\"132\"><strong>\u20ac\/Unidad<\/strong><\/td>\n<td width=\"76\">\u00a0<\/td>\n<\/tr>\n<tr>\n<td width=\"206\">Corderos 12,1-15 kg<\/td>\n<td width=\"123\">48,00<\/td>\n<td width=\"132\">51,00<\/td>\n<td width=\"76\">\u25b2<\/td>\n<\/tr>\n<tr>\n<td width=\"206\">Corderos 15,1-18 kg<\/td>\n<td width=\"123\">55,00<\/td>\n<td width=\"132\">55,00<\/td>\n<td width=\"76\">=<\/td>\n<\/tr>\n<tr>\n<td width=\"206\">Corderos 18,1-23 kg<\/td>\n<td width=\"123\">65,00<\/td>\n<td width=\"132\">65,00<\/td>\n<td width=\"76\">=<\/td>\n<\/tr>\n<tr>\n<td width=\"206\">Corderos 23,1-27 kg<\/td>\n<td width=\"123\">77,00<\/td>\n<td width=\"132\">77,00<\/td>\n<td width=\"76\">=<\/td>\n<\/tr>\n<tr>\n<td width=\"206\">Corderos 27,1-35 kg<\/td>\n<td width=\"123\">85,00<\/td>\n<td width=\"132\">85,00<\/td>\n<td width=\"76\">=<\/td>\n<\/tr>\n<tr>\n<td width=\"206\">Ovejas vida merino<\/td>\n<td width=\"123\">90,00<\/td>\n<td width=\"132\">90,00<\/td>\n<td width=\"76\">=<\/td>\n<\/tr>\n<tr>\n<td width=\"206\">Ovejas vida leche<\/td>\n<td width=\"123\">90,00<\/td>\n<td width=\"132\">90,00<\/td>\n<td width=\"76\">=<\/td>\n<\/tr>\n<tr>\n<td width=\"206\">Ovejas vida Assaf *<\/td>\n<td width=\"123\">100,00<\/td>\n<td width=\"132\">100,00<\/td>\n<td width=\"76\">=<\/td>\n<\/tr>\n<tr>\n<td width=\"206\">Ovejas sacrificio 1\u00aa<\/td>\n<td width=\"123\">55,00<\/td>\n<td width=\"132\">55,00<\/td>\n<td width=\"76\">=<\/td>\n<\/tr>\n<tr>\n<td width=\"206\">Ovejas sacrificio 2\u00aa<\/td>\n<td width=\"123\">20,00<\/td>\n<td width=\"132\">20,00<\/td>\n<td width=\"76\">=<\/td>\n<\/tr>\n<\/tbody>\n<\/table>\n<p>* Sin carta<\/p>\n<p>\u00a0<\/p>\n<p>\u00a0<\/p>\n<table>\n<tbody>\n<tr>\n<td width=\"206\"><strong>VACUNO<\/strong><\/td>\n<td width=\"126\"><strong>COTIZACION<\/strong>\n<p>\u00a0<\/p>\n<p><strong>ANTERIOR<\/strong><\/p>\n<\/td>\n<td width=\"129\"><strong>COTIZACION<\/strong>\n<p>\u00a0<\/p>\n<p><strong>ACTUAL<\/strong><\/p>\n<\/td>\n<td width=\"76\"><strong>DIF.<\/strong><\/td>\n<\/tr>\n<tr>\n<td width=\"206\"><strong>GANADO VIDA<\/strong><\/td>\n<td width=\"126\"><strong>\u20ac\/Unidad<\/strong><\/td>\n<td width=\"129\"><strong>\u20ac\/Unidad<\/strong><\/td>\n<td width=\"76\"><strong>\u00a0<\/strong><\/td>\n<\/tr>\n<tr>\n<td width=\"206\">Frisones<\/td>\n<td width=\"126\">\u00a060,00<\/td>\n<td width=\"129\">\u00a050,00<\/td>\n<td width=\"76\">\u25bc<\/td>\n<\/tr>\n<tr>\n<td width=\"206\">Pasteros macho\u00a0 ( 200 kg)<\/td>\n<td width=\"126\">620,00<\/td>\n<td width=\"129\">570,00<\/td>\n<td width=\"76\">\u25bc<\/td>\n<\/tr>\n<tr>\n<td width=\"206\">Pasteros hembra ( 200 kg)<\/td>\n<td width=\"126\">490,00<\/td>\n<td width=\"129\">460,00<\/td>\n<td width=\"76\">\u25bc<\/td>\n<\/tr>\n<tr>\n<td width=\"206\"><strong>BOVINO CARNE<\/strong><\/td>\n<td width=\"126\"><strong>\u20ac\/Kg. Canal<\/strong><\/td>\n<td width=\"129\"><strong>\u20ac\/Kg. Canal<\/strong><\/td>\n<td width=\"76\">\u00a0<\/td>\n<\/tr>\n<tr>\n<td width=\"206\">Hembras 180-200 kg.<\/td>\n<td width=\"126\">\u00a0<\/td>\n<td width=\"129\">\u00a0<\/td>\n<td width=\"76\">\u00a0<\/td>\n<\/tr>\n<tr>\n<td width=\"206\">U<\/td>\n<td width=\"126\">3,85<\/td>\n<td width=\"129\">3,85<\/td>\n<td width=\"76\">=<\/td>\n<\/tr>\n<tr>\n<td width=\"206\">R<\/td>\n<td width=\"126\">3,75<\/td>\n<td width=\"129\">3,75<\/td>\n<td width=\"76\">=<\/td>\n<\/tr>\n<tr>\n<td width=\"206\">O<\/td>\n<td width=\"126\">3,30<\/td>\n<td width=\"129\">3,05<\/td>\n<td width=\"76\">\u25bc<\/td>\n<\/tr>\n<tr>\n<td width=\"206\">Hembras 201-250 kg.<\/td>\n<td width=\"126\">\u00a0<\/td>\n<td width=\"129\">\u00a0<\/td>\n<td width=\"76\">\u00a0<\/td>\n<\/tr>\n<tr>\n<td width=\"206\">U<\/td>\n<td width=\"126\">3,85<\/td>\n<td width=\"129\">3,85<\/td>\n<td width=\"76\">=<\/td>\n<\/tr>\n<tr>\n<td width=\"206\">R<\/td>\n<td width=\"126\">3,75<\/td>\n<td width=\"129\">3,75<\/td>\n<td width=\"76\">=<\/td>\n<\/tr>\n<tr>\n<td width=\"206\">O<\/td>\n<td width=\"126\">3,30<\/td>\n<td width=\"129\">3,05<\/td>\n<td width=\"76\">\u25bc<\/td>\n<\/tr>\n<tr>\n<td width=\"206\">Hembras m\u00e1s 250 kg.<\/td>\n<td width=\"126\">\u00a0<\/td>\n<td width=\"129\">\u00a0<\/td>\n<td width=\"76\">\u00a0<\/td>\n<\/tr>\n<tr>\n<td width=\"206\">U<\/td>\n<td width=\"126\">3,85<\/td>\n<td width=\"129\">3,85<\/td>\n<td width=\"76\">=<\/td>\n<\/tr>\n<tr>\n<td width=\"206\">R<\/td>\n<td width=\"126\">3,75<\/td>\n<td width=\"129\">3,75<\/td>\n<td width=\"76\">=<\/td>\n<\/tr>\n<tr>\n<td width=\"206\">O<\/td>\n<td width=\"126\">3,30<\/td>\n<td width=\"129\">3,05<\/td>\n<td width=\"76\">\u25bc<\/td>\n<\/tr>\n<tr>\n<td width=\"206\">Machos 200-250 kg.<\/td>\n<td width=\"126\">\u00a0<\/td>\n<td width=\"129\">\u00a0<\/td>\n<td width=\"76\">\u00a0<\/td>\n<\/tr>\n<tr>\n<td width=\"206\">U<\/td>\n<td width=\"126\">3,85<\/td>\n<td width=\"129\">3,75<\/td>\n<td width=\"76\">\u25bc<\/td>\n<\/tr>\n<tr>\n<td width=\"206\">R<\/td>\n<td width=\"126\">3,75<\/td>\n<td width=\"129\">3,65<\/td>\n<td width=\"76\">\u25bc<\/td>\n<\/tr>\n<tr>\n<td width=\"206\">O<\/td>\n<td width=\"126\">3,30<\/td>\n<td width=\"129\">3,05<\/td>\n<td width=\"76\">\u25bc<\/td>\n<\/tr>\n<tr>\n<td width=\"206\">Machos 251-300 kg.<\/td>\n<td width=\"126\">\u00a0<\/td>\n<td width=\"129\">\u00a0<\/td>\n<td width=\"76\">\u00a0<\/td>\n<\/tr>\n<tr>\n<td width=\"206\">U<\/td>\n<td width=\"126\">3,85<\/td>\n<td width=\"129\">3,75<\/td>\n<td width=\"76\">\u25bc<\/td>\n<\/tr>\n<tr>\n<td width=\"206\">R<\/td>\n<td width=\"126\">3,75<\/td>\n<td width=\"129\">3,65<\/td>\n<td width=\"76\">\u25bc<\/td>\n<\/tr>\n<tr>\n<td width=\"206\">O<\/td>\n<td width=\"126\">3,30<\/td>\n<td width=\"129\">3,05<\/td>\n<td width=\"76\">\u25bc<\/td>\n<\/tr>\n<tr>\n<td width=\"206\">Machos m\u00e1s de 300 kg.<\/td>\n<td width=\"126\">\u00a0<\/td>\n<td width=\"129\">\u00a0<\/td>\n<td width=\"76\">\u00a0<\/td>\n<\/tr>\n<tr>\n<td width=\"206\">U<\/td>\n<td width=\"126\">3,85<\/td>\n<td width=\"129\">3,75<\/td>\n<td width=\"76\">\u25bc<\/td>\n<\/tr>\n<tr>\n<td width=\"206\">R<\/td>\n<td width=\"126\">3,75<\/td>\n<td width=\"129\">3,65<\/td>\n<td width=\"76\">\u25bc<\/td>\n<\/tr>\n<tr>\n<td width=\"206\">O<\/td>\n<td width=\"126\">3,30<\/td>\n<td width=\"129\">3,05<\/td>\n<td width=\"76\">\u25bc<\/td>\n<\/tr>\n<tr>\n<td width=\"206\"><strong>VACAS SACRIFICIO<\/strong><\/td>\n<td width=\"126\"><strong>\u20ac\/Kg. Canal<\/strong><\/td>\n<td width=\"129\"><strong>\u20ac\/Kg. Canal<\/strong><\/td>\n<td width=\"76\">\u00a0<\/td>\n<\/tr>\n<tr>\n<td width=\"206\">F\u00e1brica y Segunda<\/td>\n<td width=\"126\">1,80\/2,50<\/td>\n<td width=\"129\">1,80\/2,50<\/td>\n<td width=\"76\">=<\/td>\n<\/tr>\n<tr>\n<td width=\"206\">Primera y Extra (Engrasada)<\/td>\n<td width=\"126\">2,90\/3,30<\/td>\n<td width=\"129\">2,90\/3,30<\/td>\n<td width=\"76\">=<\/td>\n<\/tr>\n<\/tbody>\n<\/table>\n<\/div>\n\n\n\n<p><\/p>\n","protected":false},"excerpt":{"rendered":"<p>Se recuperan los mercados internacionales de cereales Los mercados internaciones han vuelto a recuperarse tras las bajadas de la pasada semana, con la entrada de nuevo de los fondos de inversi\u00f3n apoyados\u00a0 por una fuerte demanda compradora y el estado comprometido del cultivo del ma\u00edz debido a la sequ\u00eda en buena parte de EEUU. En [&hellip;]<\/p>\n","protected":false},"author":8,"featured_media":11362,"comment_status":"open","ping_status":"open","sticky":false,"template":"","format":"standard","meta":{"footnotes":""},"categories":[34,67,5],"tags":[],"yoast_head":"<!-- This site is optimized with the Yoast SEO plugin v24.5 - https:\/\/yoast.com\/wordpress\/plugins\/seo\/ -->\n<title>Cotizaciones de la Lonja Agropecuaria de Le\u00f3n - 02\/06\/2020 - ASAJA Le\u00f3n<\/title>\n<meta name=\"description\" content=\"Se recuperan los mercados internacionales de cereales Los mercados internaciones han vuelto a recuperarse tras las bajadas de la pasada semana, con la\" \/>\n<meta name=\"robots\" content=\"index, follow, max-snippet:-1, max-image-preview:large, max-video-preview:-1\" \/>\n<link rel=\"canonical\" href=\"https:\/\/www.asajacyl.com\/leon\/servicios-socio\/cotizaciones-de-la-lonja-agropecuaria-de-leon-02-06-2020\" \/>\n<meta property=\"og:locale\" content=\"es_ES\" \/>\n<meta property=\"og:type\" content=\"article\" \/>\n<meta property=\"og:title\" content=\"Cotizaciones de la Lonja Agropecuaria de Le\u00f3n - 02\/06\/2020 - ASAJA Le\u00f3n\" \/>\n<meta property=\"og:description\" content=\"Se recuperan los mercados internacionales de cereales Los mercados internaciones han vuelto a recuperarse tras las bajadas de la pasada semana, con la\" \/>\n<meta property=\"og:url\" content=\"https:\/\/www.asajacyl.com\/leon\/servicios-socio\/cotizaciones-de-la-lonja-agropecuaria-de-leon-02-06-2020\" \/>\n<meta property=\"og:site_name\" content=\"ASAJA Le\u00f3n\" \/>\n<meta property=\"article:published_time\" content=\"2021-06-02T12:23:24+00:00\" \/>\n<meta property=\"article:modified_time\" content=\"2021-06-02T12:23:25+00:00\" \/>\n<meta property=\"og:image\" content=\"https:\/\/www.asajacyl.com\/leon\/wp-content\/uploads\/sites\/6\/2020\/05\/cebada-01-05-2020-2.jpg\" \/>\n\t<meta property=\"og:image:width\" content=\"2500\" \/>\n\t<meta property=\"og:image:height\" content=\"1875\" \/>\n\t<meta property=\"og:image:type\" content=\"image\/jpeg\" \/>\n<meta name=\"author\" content=\"Eduardo\" \/>\n<meta name=\"twitter:card\" content=\"summary_large_image\" \/>\n<meta name=\"twitter:label1\" content=\"Escrito por\" \/>\n\t<meta name=\"twitter:data1\" content=\"Eduardo\" \/>\n\t<meta name=\"twitter:label2\" content=\"Tiempo de lectura\" \/>\n\t<meta name=\"twitter:data2\" content=\"3 minutos\" \/>\n<script type=\"application\/ld+json\" class=\"yoast-schema-graph\">{\"@context\":\"https:\/\/schema.org\",\"@graph\":[{\"@type\":\"WebPage\",\"@id\":\"https:\/\/www.asajacyl.com\/leon\/servicios-socio\/cotizaciones-de-la-lonja-agropecuaria-de-leon-02-06-2020\",\"url\":\"https:\/\/www.asajacyl.com\/leon\/servicios-socio\/cotizaciones-de-la-lonja-agropecuaria-de-leon-02-06-2020\",\"name\":\"Cotizaciones de la Lonja Agropecuaria de Le\u00f3n - 02\/06\/2020 - ASAJA Le\u00f3n\",\"isPartOf\":{\"@id\":\"https:\/\/www.asajacyl.com\/leon\/#website\"},\"primaryImageOfPage\":{\"@id\":\"https:\/\/www.asajacyl.com\/leon\/servicios-socio\/cotizaciones-de-la-lonja-agropecuaria-de-leon-02-06-2020#primaryimage\"},\"image\":{\"@id\":\"https:\/\/www.asajacyl.com\/leon\/servicios-socio\/cotizaciones-de-la-lonja-agropecuaria-de-leon-02-06-2020#primaryimage\"},\"thumbnailUrl\":\"https:\/\/www.asajacyl.com\/leon\/wp-content\/uploads\/sites\/6\/2020\/05\/cebada-01-05-2020-2.jpg\",\"datePublished\":\"2021-06-02T12:23:24+00:00\",\"dateModified\":\"2021-06-02T12:23:25+00:00\",\"author\":{\"@id\":\"https:\/\/www.asajacyl.com\/leon\/#\/schema\/person\/a39ff3609fc182e4c789ab486e865d32\"},\"description\":\"Se recuperan los mercados internacionales de cereales Los mercados internaciones han vuelto a recuperarse tras las bajadas de la pasada semana, con la\",\"breadcrumb\":{\"@id\":\"https:\/\/www.asajacyl.com\/leon\/servicios-socio\/cotizaciones-de-la-lonja-agropecuaria-de-leon-02-06-2020#breadcrumb\"},\"inLanguage\":\"es\",\"potentialAction\":[{\"@type\":\"ReadAction\",\"target\":[\"https:\/\/www.asajacyl.com\/leon\/servicios-socio\/cotizaciones-de-la-lonja-agropecuaria-de-leon-02-06-2020\"]}]},{\"@type\":\"ImageObject\",\"inLanguage\":\"es\",\"@id\":\"https:\/\/www.asajacyl.com\/leon\/servicios-socio\/cotizaciones-de-la-lonja-agropecuaria-de-leon-02-06-2020#primaryimage\",\"url\":\"https:\/\/www.asajacyl.com\/leon\/wp-content\/uploads\/sites\/6\/2020\/05\/cebada-01-05-2020-2.jpg\",\"contentUrl\":\"https:\/\/www.asajacyl.com\/leon\/wp-content\/uploads\/sites\/6\/2020\/05\/cebada-01-05-2020-2.jpg\",\"width\":2500,\"height\":1875},{\"@type\":\"BreadcrumbList\",\"@id\":\"https:\/\/www.asajacyl.com\/leon\/servicios-socio\/cotizaciones-de-la-lonja-agropecuaria-de-leon-02-06-2020#breadcrumb\",\"itemListElement\":[{\"@type\":\"ListItem\",\"position\":1,\"name\":\"Portada\",\"item\":\"https:\/\/www.asajacyl.com\/leon\/\"},{\"@type\":\"ListItem\",\"position\":2,\"name\":\"Cotizaciones de la Lonja Agropecuaria de Le\u00f3n &#8211; 02\/06\/2020\"}]},{\"@type\":\"WebSite\",\"@id\":\"https:\/\/www.asajacyl.com\/leon\/#website\",\"url\":\"https:\/\/www.asajacyl.com\/leon\/\",\"name\":\"ASAJA Le\u00f3n\",\"description\":\"Otro sitio m\u00e1s de Provincias ASAJA Castilla y Le\u00f3n\",\"potentialAction\":[{\"@type\":\"SearchAction\",\"target\":{\"@type\":\"EntryPoint\",\"urlTemplate\":\"https:\/\/www.asajacyl.com\/leon\/?s={search_term_string}\"},\"query-input\":{\"@type\":\"PropertyValueSpecification\",\"valueRequired\":true,\"valueName\":\"search_term_string\"}}],\"inLanguage\":\"es\"},{\"@type\":\"Person\",\"@id\":\"https:\/\/www.asajacyl.com\/leon\/#\/schema\/person\/a39ff3609fc182e4c789ab486e865d32\",\"name\":\"Eduardo\",\"image\":{\"@type\":\"ImageObject\",\"inLanguage\":\"es\",\"@id\":\"https:\/\/www.asajacyl.com\/leon\/#\/schema\/person\/image\/\",\"url\":\"https:\/\/secure.gravatar.com\/avatar\/9ebd6aba21d817dcf9595bc9ca505af5?s=96&d=mm&r=g\",\"contentUrl\":\"https:\/\/secure.gravatar.com\/avatar\/9ebd6aba21d817dcf9595bc9ca505af5?s=96&d=mm&r=g\",\"caption\":\"Eduardo\"},\"url\":\"https:\/\/www.asajacyl.com\/leon\/author\/eduardovv\"}]}<\/script>\n<!-- \/ Yoast SEO plugin. -->","yoast_head_json":{"title":"Cotizaciones de la Lonja Agropecuaria de Le\u00f3n - 02\/06\/2020 - ASAJA Le\u00f3n","description":"Se recuperan los mercados internacionales de cereales Los mercados internaciones han vuelto a recuperarse tras las bajadas de la pasada semana, con la","robots":{"index":"index","follow":"follow","max-snippet":"max-snippet:-1","max-image-preview":"max-image-preview:large","max-video-preview":"max-video-preview:-1"},"canonical":"https:\/\/www.asajacyl.com\/leon\/servicios-socio\/cotizaciones-de-la-lonja-agropecuaria-de-leon-02-06-2020","og_locale":"es_ES","og_type":"article","og_title":"Cotizaciones de la Lonja Agropecuaria de Le\u00f3n - 02\/06\/2020 - ASAJA Le\u00f3n","og_description":"Se recuperan los mercados internacionales de cereales Los mercados internaciones han vuelto a recuperarse tras las bajadas de la pasada semana, con la","og_url":"https:\/\/www.asajacyl.com\/leon\/servicios-socio\/cotizaciones-de-la-lonja-agropecuaria-de-leon-02-06-2020","og_site_name":"ASAJA Le\u00f3n","article_published_time":"2021-06-02T12:23:24+00:00","article_modified_time":"2021-06-02T12:23:25+00:00","og_image":[{"width":2500,"height":1875,"url":"https:\/\/www.asajacyl.com\/leon\/wp-content\/uploads\/sites\/6\/2020\/05\/cebada-01-05-2020-2.jpg","type":"image\/jpeg"}],"author":"Eduardo","twitter_card":"summary_large_image","twitter_misc":{"Escrito por":"Eduardo","Tiempo de lectura":"3 minutos"},"schema":{"@context":"https:\/\/schema.org","@graph":[{"@type":"WebPage","@id":"https:\/\/www.asajacyl.com\/leon\/servicios-socio\/cotizaciones-de-la-lonja-agropecuaria-de-leon-02-06-2020","url":"https:\/\/www.asajacyl.com\/leon\/servicios-socio\/cotizaciones-de-la-lonja-agropecuaria-de-leon-02-06-2020","name":"Cotizaciones de la Lonja Agropecuaria de Le\u00f3n - 02\/06\/2020 - ASAJA Le\u00f3n","isPartOf":{"@id":"https:\/\/www.asajacyl.com\/leon\/#website"},"primaryImageOfPage":{"@id":"https:\/\/www.asajacyl.com\/leon\/servicios-socio\/cotizaciones-de-la-lonja-agropecuaria-de-leon-02-06-2020#primaryimage"},"image":{"@id":"https:\/\/www.asajacyl.com\/leon\/servicios-socio\/cotizaciones-de-la-lonja-agropecuaria-de-leon-02-06-2020#primaryimage"},"thumbnailUrl":"https:\/\/www.asajacyl.com\/leon\/wp-content\/uploads\/sites\/6\/2020\/05\/cebada-01-05-2020-2.jpg","datePublished":"2021-06-02T12:23:24+00:00","dateModified":"2021-06-02T12:23:25+00:00","author":{"@id":"https:\/\/www.asajacyl.com\/leon\/#\/schema\/person\/a39ff3609fc182e4c789ab486e865d32"},"description":"Se recuperan los mercados internacionales de cereales Los mercados internaciones han vuelto a recuperarse tras las bajadas de la pasada semana, con la","breadcrumb":{"@id":"https:\/\/www.asajacyl.com\/leon\/servicios-socio\/cotizaciones-de-la-lonja-agropecuaria-de-leon-02-06-2020#breadcrumb"},"inLanguage":"es","potentialAction":[{"@type":"ReadAction","target":["https:\/\/www.asajacyl.com\/leon\/servicios-socio\/cotizaciones-de-la-lonja-agropecuaria-de-leon-02-06-2020"]}]},{"@type":"ImageObject","inLanguage":"es","@id":"https:\/\/www.asajacyl.com\/leon\/servicios-socio\/cotizaciones-de-la-lonja-agropecuaria-de-leon-02-06-2020#primaryimage","url":"https:\/\/www.asajacyl.com\/leon\/wp-content\/uploads\/sites\/6\/2020\/05\/cebada-01-05-2020-2.jpg","contentUrl":"https:\/\/www.asajacyl.com\/leon\/wp-content\/uploads\/sites\/6\/2020\/05\/cebada-01-05-2020-2.jpg","width":2500,"height":1875},{"@type":"BreadcrumbList","@id":"https:\/\/www.asajacyl.com\/leon\/servicios-socio\/cotizaciones-de-la-lonja-agropecuaria-de-leon-02-06-2020#breadcrumb","itemListElement":[{"@type":"ListItem","position":1,"name":"Portada","item":"https:\/\/www.asajacyl.com\/leon\/"},{"@type":"ListItem","position":2,"name":"Cotizaciones de la Lonja Agropecuaria de Le\u00f3n &#8211; 02\/06\/2020"}]},{"@type":"WebSite","@id":"https:\/\/www.asajacyl.com\/leon\/#website","url":"https:\/\/www.asajacyl.com\/leon\/","name":"ASAJA Le\u00f3n","description":"Otro sitio m\u00e1s de Provincias ASAJA Castilla y Le\u00f3n","potentialAction":[{"@type":"SearchAction","target":{"@type":"EntryPoint","urlTemplate":"https:\/\/www.asajacyl.com\/leon\/?s={search_term_string}"},"query-input":{"@type":"PropertyValueSpecification","valueRequired":true,"valueName":"search_term_string"}}],"inLanguage":"es"},{"@type":"Person","@id":"https:\/\/www.asajacyl.com\/leon\/#\/schema\/person\/a39ff3609fc182e4c789ab486e865d32","name":"Eduardo","image":{"@type":"ImageObject","inLanguage":"es","@id":"https:\/\/www.asajacyl.com\/leon\/#\/schema\/person\/image\/","url":"https:\/\/secure.gravatar.com\/avatar\/9ebd6aba21d817dcf9595bc9ca505af5?s=96&d=mm&r=g","contentUrl":"https:\/\/secure.gravatar.com\/avatar\/9ebd6aba21d817dcf9595bc9ca505af5?s=96&d=mm&r=g","caption":"Eduardo"},"url":"https:\/\/www.asajacyl.com\/leon\/author\/eduardovv"}]}},"_links":{"self":[{"href":"https:\/\/www.asajacyl.com\/leon\/wp-json\/wp\/v2\/posts\/12390"}],"collection":[{"href":"https:\/\/www.asajacyl.com\/leon\/wp-json\/wp\/v2\/posts"}],"about":[{"href":"https:\/\/www.asajacyl.com\/leon\/wp-json\/wp\/v2\/types\/post"}],"author":[{"embeddable":true,"href":"https:\/\/www.asajacyl.com\/leon\/wp-json\/wp\/v2\/users\/8"}],"replies":[{"embeddable":true,"href":"https:\/\/www.asajacyl.com\/leon\/wp-json\/wp\/v2\/comments?post=12390"}],"version-history":[{"count":1,"href":"https:\/\/www.asajacyl.com\/leon\/wp-json\/wp\/v2\/posts\/12390\/revisions"}],"predecessor-version":[{"id":12391,"href":"https:\/\/www.asajacyl.com\/leon\/wp-json\/wp\/v2\/posts\/12390\/revisions\/12391"}],"wp:featuredmedia":[{"embeddable":true,"href":"https:\/\/www.asajacyl.com\/leon\/wp-json\/wp\/v2\/media\/11362"}],"wp:attachment":[{"href":"https:\/\/www.asajacyl.com\/leon\/wp-json\/wp\/v2\/media?parent=12390"}],"wp:term":[{"taxonomy":"category","embeddable":true,"href":"https:\/\/www.asajacyl.com\/leon\/wp-json\/wp\/v2\/categories?post=12390"},{"taxonomy":"post_tag","embeddable":true,"href":"https:\/\/www.asajacyl.com\/leon\/wp-json\/wp\/v2\/tags?post=12390"}],"curies":[{"name":"wp","href":"https:\/\/api.w.org\/{rel}","templated":true}]}}