{"id":12478,"date":"2021-07-15T08:19:25","date_gmt":"2021-07-15T06:19:25","guid":{"rendered":"https:\/\/www.asajacyl.com\/leon\/?p=12478"},"modified":"2021-07-15T08:27:01","modified_gmt":"2021-07-15T06:27:01","slug":"cotizaciones-de-la-lonja-agropecuaria-de-leon-sesion-14-07-2021","status":"publish","type":"post","link":"https:\/\/www.asajacyl.com\/leon\/servicios-socio\/cotizaciones-de-la-lonja-agropecuaria-de-leon-sesion-14-07-2021","title":{"rendered":"Cotizaciones de la Lonja Agropecuaria de Le\u00f3n -sesi\u00f3n 14\/07\/2021"},"content":{"rendered":"\n<h2><strong>Comienza a cotizar el trigo y la avena en la lonja de Le\u00f3n<\/strong><\/h2>\n<p>En la sesi\u00f3n de la lonja de Le\u00f3n celebrada hoy ha comenzado a cotizar el trigo y la avena a 205 \u20ac\/t y 174 \u20ac\/t respectivamente.<\/p>\n<h6>En la provincia de Le\u00f3n en la presente campa\u00f1a hab\u00eda sembradas 33.352 ha de trigo de secano y 18.003 ha de trigo de regad\u00edo con una producci\u00f3n estimada de 217.076 toneladas que representa un descenso del 11% respecto de la campa\u00f1a 2020 que fue de 243.963 toneladas. En cuanto a la avena la superficie total fue de 12.202 ha con una producci\u00f3n estimada de 31.431 toneladas, que supone un descenso de casi el 25% respecto de la campa\u00f1a de 2020 que fue de 41.619 toneladas.<\/h6>\n<h6>Descenso de cotizaci\u00f3n en el sector del forraje, de la alfalfa y de la paja, el exceso de oferta es el que est\u00e1 impulsando este declive en las cotizaciones.<\/h6>\n<h6>Estabilidad en cuanto a precios en el sector del ovino de carne, repitiendo todas las categor\u00edas incluidas las de mayor peso, que siempre sol\u00edan repuntar de cara a la fiesta del cordero, que celebrar\u00e1 la comunidad musulmana en nuestro pa\u00eds en pr\u00f3ximas fechas.<\/h6>\n<p>Le\u00f3n,\u00a014 de julio de 2.021.<strong>\u00a0<\/strong><\/p>\n<p><strong>LONJA AGROPECUARIA DE LEON<\/strong><\/p>\n<p><strong>COTIZACIONES DE LAS MESAS AGRICOLA Y GANADERA 14-07-2.021<\/strong><\/p>\n<p>\u00a0<\/p>\n<p><strong>Precios Orientativos Euros\/Tonelada en Almac\u00e9n<\/strong><\/p>\n<p><strong>(Condiciones de Calidad O.C.M. Cereales-F.E.G.A. Campa\u00f1a 2016\/2017)<\/strong><\/p>\n<table>\n<tbody>\n<tr>\n<td width=\"196\">\n<p><strong>CEREALES<\/strong><\/p>\n<\/td>\n<td width=\"132\">\n<p><strong>COTIZACION<\/strong><\/p>\n<p><strong>ANTERIOR<\/strong><\/p>\n<\/td>\n<td width=\"123\">\n<p><strong>COTIZACION<\/strong><\/p>\n<p><strong>ACTUAL<\/strong><\/p>\n<\/td>\n<td width=\"85\">\n<p><strong>DIF.<\/strong><\/p>\n<\/td>\n<\/tr>\n<tr>\n<td width=\"196\">\n<p>\u00a0<\/p>\n<\/td>\n<td width=\"132\">\n<p><strong>\u20ac\/t<\/strong><\/p>\n<\/td>\n<td width=\"123\">\n<p><strong>\u20ac\/t<\/strong><\/p>\n<\/td>\n<td width=\"85\">\n<p>\u00a0<\/p>\n<\/td>\n<\/tr>\n<tr>\n<td width=\"196\">\n<p>Trigo Pienso<\/p>\n<\/td>\n<td width=\"132\">\n<p>S\/C<\/p>\n<\/td>\n<td width=\"123\">\n<p>205,00<\/p>\n<\/td>\n<td width=\"85\">\n<p>\u00a0<\/p>\n<\/td>\n<\/tr>\n<tr>\n<td width=\"196\">\n<p>Cebada<\/p>\n<\/td>\n<td width=\"132\">\n<p>192,00<\/p>\n<\/td>\n<td width=\"123\">\n<p>191,00<\/p>\n<\/td>\n<td width=\"85\">\n<p>\u25bc<\/p>\n<\/td>\n<\/tr>\n<tr>\n<td width=\"196\">\n<p>Triticale<\/p>\n<\/td>\n<td width=\"132\">\n<p>S\/C<\/p>\n<\/td>\n<td width=\"123\">\n<p>199,00<\/p>\n<\/td>\n<td width=\"85\">\n<p>\u00a0<\/p>\n<\/td>\n<\/tr>\n<tr>\n<td width=\"196\">\n<p>Centeno<\/p>\n<\/td>\n<td width=\"132\">\n<p>S\/C<\/p>\n<\/td>\n<td width=\"123\">\n<p>S\/C<\/p>\n<\/td>\n<td width=\"85\">\n<p>\u00a0<\/p>\n<\/td>\n<\/tr>\n<tr>\n<td width=\"196\">\n<p>Avena<\/p>\n<\/td>\n<td width=\"132\">\n<p>S\/C<\/p>\n<\/td>\n<td width=\"123\">\n<p>174,00<\/p>\n<\/td>\n<td width=\"85\">\n<p>\u00a0<\/p>\n<\/td>\n<\/tr>\n<tr>\n<td width=\"196\">\n<p>Ma\u00edz<\/p>\n<\/td>\n<td width=\"132\">\n<p>251,00<\/p>\n<\/td>\n<td width=\"123\">\n<p>250,00<\/p>\n<\/td>\n<td width=\"85\">\n<p>\u25bc<\/p>\n<\/td>\n<\/tr>\n<\/tbody>\n<\/table>\n<p>\u00a0<\/p>\n<p>*Ma\u00edz\u00a0 con menos del 15% de humedad<\/p>\n<p>\u00a0<\/p>\n<table>\n<tbody>\n<tr>\n<td width=\"206\">\n<p><strong>COLZA<\/strong><\/p>\n<\/td>\n<td width=\"123\">\n<p><strong>COTIZACION<\/strong><\/p>\n<p><strong>ANTERIOR<\/strong><\/p>\n<\/td>\n<td width=\"123\">\n<p><strong>COTIZACION<\/strong><\/p>\n<p><strong>ACTUAL<\/strong><\/p>\n<\/td>\n<td width=\"76\">\n<p><strong>DIF.<\/strong><\/p>\n<\/td>\n<\/tr>\n<tr>\n<td width=\"206\">\n<p>\u00a0<\/p>\n<\/td>\n<td width=\"123\">\n<p><strong>\u20ac\/t<\/strong><\/p>\n<\/td>\n<td width=\"123\">\n<p><strong>\u20ac\/t<\/strong><\/p>\n<\/td>\n<td width=\"76\">\n<p>\u00a0<\/p>\n<\/td>\n<\/tr>\n<tr>\n<td width=\"206\">\n<p>Colza sostenible<\/p>\n<\/td>\n<td width=\"123\">\n<p>495,00<\/p>\n<\/td>\n<td width=\"123\">\n<p>505,00<\/p>\n<\/td>\n<td width=\"76\">\n<p>\u25b2<\/p>\n<\/td>\n<\/tr>\n<\/tbody>\n<\/table>\n<p>\u00a0<\/p>\n<p>Calidad tipo 9-2-42<\/p>\n<table>\n<tbody>\n<tr>\n<td width=\"206\">\n<p><strong>FORRAJES<\/strong><\/p>\n<\/td>\n<td width=\"123\">\n<p><strong>COTIZACION<\/strong><\/p>\n<p><strong>ANTERIOR<\/strong><\/p>\n<\/td>\n<td width=\"132\">\n<p><strong>COTIZACION<\/strong><\/p>\n<p><strong>ACTUAL<\/strong><\/p>\n<\/td>\n<td width=\"76\">\n<p><strong>DIF.<\/strong><\/p>\n<\/td>\n<\/tr>\n<tr>\n<td width=\"206\">\n<p>\u00a0<\/p>\n<\/td>\n<td width=\"123\">\n<p><strong>\u20ac\/t<\/strong><\/p>\n<\/td>\n<td width=\"132\">\n<p><strong>\u20ac\/t<\/strong><\/p>\n<\/td>\n<td width=\"76\">\n<p>\u00a0<\/p>\n<\/td>\n<\/tr>\n<tr>\n<td width=\"206\">\n<p>Alfalfa paquete rama<\/p>\n<\/td>\n<td width=\"123\">\n<p>168,00<\/p>\n<\/td>\n<td width=\"132\">\n<p>162,00<\/p>\n<\/td>\n<td width=\"76\">\n<p>\u25bc<\/p>\n<\/td>\n<\/tr>\n<tr>\n<td width=\"206\">\n<p>Alfalfa paquete deshidratado<\/p>\n<\/td>\n<td width=\"123\">\n<p>245,00<\/p>\n<\/td>\n<td width=\"132\">\n<p>245,00<\/p>\n<\/td>\n<td width=\"76\">\n<p>=<\/p>\n<\/td>\n<\/tr>\n<tr>\n<td width=\"206\">\n<p>Paja 1\u00aa (Cebada)<\/p>\n<\/td>\n<td width=\"123\">\n<p>35,00<\/p>\n<\/td>\n<td width=\"132\">\n<p>30,00<\/p>\n<\/td>\n<td width=\"76\">\n<p>\u25bc<\/p>\n<\/td>\n<\/tr>\n<tr>\n<td width=\"206\">\n<p>Veza forraje de 1\u00aa<\/p>\n<\/td>\n<td width=\"123\">\n<p>130,00<\/p>\n<\/td>\n<td width=\"132\">\n<p>130,00<\/p>\n<\/td>\n<td width=\"76\">\n<p>=<\/p>\n<\/td>\n<\/tr>\n<tr>\n<td width=\"206\">\n<p>Forraje<\/p>\n<\/td>\n<td width=\"123\">\n<p>100,00<\/p>\n<\/td>\n<td width=\"132\">\n<p>100,00<\/p>\n<\/td>\n<td width=\"76\">\n<p>=<\/p>\n<\/td>\n<\/tr>\n<\/tbody>\n<\/table>\n<p>\u00a0<\/p>\n<table>\n<tbody>\n<tr>\n<td width=\"206\">\n<p><strong>LECHE DE VACA<\/strong><\/p>\n<\/td>\n<td width=\"123\">\n<p><strong>COTIZACION<\/strong><\/p>\n<p><strong>ANTERIOR<\/strong><\/p>\n<\/td>\n<td width=\"132\">\n<p><strong>COTIZACION<\/strong><\/p>\n<p><strong>ACTUAL<\/strong><\/p>\n<\/td>\n<td width=\"76\">\n<p><strong>DIF.<\/strong><\/p>\n<\/td>\n<\/tr>\n<tr>\n<td width=\"206\">\n<p>\u00a0<\/p>\n<\/td>\n<td width=\"123\">\n<p><strong>\u20ac\/Litro<\/strong><\/p>\n<\/td>\n<td width=\"132\">\n<p><strong>\u20ac\/Litro<\/strong><\/p>\n<\/td>\n<td width=\"76\">\n<p>\u00a0<\/p>\n<\/td>\n<\/tr>\n<tr>\n<td width=\"206\">\n<p>Hasta 15.000 Litros\/Mes<\/p>\n<\/td>\n<td width=\"123\">\n<p>0,310<\/p>\n<\/td>\n<td width=\"132\">\n<p>0,310<\/p>\n<\/td>\n<td width=\"76\">\n<p>=<\/p>\n<\/td>\n<\/tr>\n<\/tbody>\n<\/table>\n<p>*Prima de 3 \u20ac\/t\u00a0 por cada incremento de 15.000 litros\/Mes * Precio leche entregada\u00a0\u00a0 abril-mayo-junio<\/p>\n<p>3,7\u00a0\u00a0\u00a0 Materia Grasa<\/p>\n<p>3,10\u00a0 Prote\u00edna<\/p>\n<table>\n<tbody>\n<tr>\n<td width=\"206\">\n<p><strong>LECHE DE OVEJA\u00a0<\/strong><\/p>\n<p><strong>Y DE CABRA<\/strong><\/p>\n<\/td>\n<td width=\"123\">\n<p><strong>COTIZACION<\/strong><\/p>\n<p><strong>ANTERIOR<\/strong><\/p>\n<\/td>\n<td width=\"132\">\n<p><strong>COTIZACION<\/strong><\/p>\n<p><strong>ACTUAL<\/strong><\/p>\n<\/td>\n<td width=\"76\">\n<p><strong>DIF.<\/strong><\/p>\n<\/td>\n<\/tr>\n<tr>\n<td width=\"206\">\n<p>\u00a0<\/p>\n<\/td>\n<td width=\"123\">\n<p><strong>Euros\/E.Q.<\/strong><\/p>\n<\/td>\n<td width=\"132\">\n<p><strong>Euros\/E.Q.<\/strong><\/p>\n<\/td>\n<td width=\"76\">\n<p>\u00a0<\/p>\n<\/td>\n<\/tr>\n<tr>\n<td width=\"206\">\n<p>Leche de oveja<\/p>\n<\/td>\n<td width=\"123\">\n<p>0,0745<\/p>\n<\/td>\n<td width=\"132\">\n<p>0,0745*<\/p>\n<\/td>\n<td width=\"76\">\n<p>=<\/p>\n<\/td>\n<\/tr>\n<tr>\n<td width=\"206\">\n<p>Leche de cabra<\/p>\n<\/td>\n<td width=\"123\">\n<p>0,0841<\/p>\n<\/td>\n<td width=\"132\">\n<p>0,0841*<\/p>\n<\/td>\n<td width=\"76\">\n<p>=<\/p>\n<\/td>\n<\/tr>\n<\/tbody>\n<\/table>\n<p>E.Q.\u00a0 Extracto quesero\u00a0 en litro\/ * Precio leche mes junio<\/p>\n<p><u>Media provincia Le\u00f3n E.Q. mes \u00a0junio\u00a0 leche oveja 11,24\u00a0 y leche cabra 7,94 (Datos Laboratorio Interprofesional L\u00e1cteo CyL).<\/u><\/p>\n<p>\u00a0<\/p>\n<table>\n<tbody>\n<tr>\n<td width=\"206\">\n<p><strong>OVINO<\/strong><\/p>\n<\/td>\n<td width=\"123\">\n<p><strong>COTIZACION<\/strong><\/p>\n<p><strong>ANTERIOR<\/strong><\/p>\n<\/td>\n<td width=\"132\">\n<p><strong>COTIZACION<\/strong><\/p>\n<p><strong>ACTUAL<\/strong><\/p>\n<\/td>\n<td width=\"76\">\n<p><strong>DIF.<\/strong><\/p>\n<\/td>\n<\/tr>\n<tr>\n<td width=\"206\">\n<p>\u00a0<\/p>\n<\/td>\n<td width=\"123\">\n<p><strong>\u20ac\/kg Vivo<\/strong><\/p>\n<\/td>\n<td width=\"132\">\n<p><strong>\u20ac\/kg Vivo<\/strong><\/p>\n<\/td>\n<td width=\"76\">\n<p>\u00a0<\/p>\n<\/td>\n<\/tr>\n<tr>\n<td width=\"206\">\n<p>Lechazos hasta 12 kg.<\/p>\n<\/td>\n<td width=\"123\">\n<p>5,00<\/p>\n<\/td>\n<td width=\"132\">\n<p>5,00<\/p>\n<\/td>\n<td width=\"76\">\n<p>=<\/p>\n<\/td>\n<\/tr>\n<tr>\n<td width=\"206\">\n<p>Cabritos hasta 11 kg<\/p>\n<\/td>\n<td width=\"123\">\n<p>5,00<\/p>\n<\/td>\n<td width=\"132\">\n<p>5,00<\/p>\n<\/td>\n<td width=\"76\">\n<p>=<\/p>\n<\/td>\n<\/tr>\n<tr>\n<td width=\"206\">\n<p>\u00a0<\/p>\n<\/td>\n<td width=\"123\">\n<p><strong>\u20ac\/Unidad<\/strong><\/p>\n<\/td>\n<td width=\"132\">\n<p><strong>\u20ac\/Unidad<\/strong><\/p>\n<\/td>\n<td width=\"76\">\n<p>\u00a0<\/p>\n<\/td>\n<\/tr>\n<tr>\n<td width=\"206\">\n<p>Corderos 12,1-15 kg<\/p>\n<\/td>\n<td width=\"123\">\n<p>60,00<\/p>\n<\/td>\n<td width=\"132\">\n<p>60,00<\/p>\n<\/td>\n<td width=\"76\">\n<p>=<\/p>\n<\/td>\n<\/tr>\n<tr>\n<td width=\"206\">\n<p>Corderos 15,1-18 kg<\/p>\n<\/td>\n<td width=\"123\">\n<p>63,00<\/p>\n<\/td>\n<td width=\"132\">\n<p>63,00<\/p>\n<\/td>\n<td width=\"76\">\n<p>=<\/p>\n<\/td>\n<\/tr>\n<tr>\n<td width=\"206\">\n<p>Corderos 18,1-23 kg<\/p>\n<\/td>\n<td width=\"123\">\n<p>65,00<\/p>\n<\/td>\n<td width=\"132\">\n<p>65,00<\/p>\n<\/td>\n<td width=\"76\">\n<p>=<\/p>\n<\/td>\n<\/tr>\n<tr>\n<td width=\"206\">\n<p>Corderos 23,1-27 kg<\/p>\n<\/td>\n<td width=\"123\">\n<p>77,00<\/p>\n<\/td>\n<td width=\"132\">\n<p>77,00<\/p>\n<\/td>\n<td width=\"76\">\n<p>=<\/p>\n<\/td>\n<\/tr>\n<tr>\n<td width=\"206\">\n<p>Corderos 27,1-35 kg<\/p>\n<\/td>\n<td width=\"123\">\n<p>85,00<\/p>\n<\/td>\n<td width=\"132\">\n<p>85,00<\/p>\n<\/td>\n<td width=\"76\">\n<p>=<\/p>\n<\/td>\n<\/tr>\n<tr>\n<td width=\"206\">\n<p>Ovejas vida merino<\/p>\n<\/td>\n<td width=\"123\">\n<p>90,00<\/p>\n<\/td>\n<td width=\"132\">\n<p>90,00<\/p>\n<\/td>\n<td width=\"76\">\n<p>=<\/p>\n<\/td>\n<\/tr>\n<tr>\n<td width=\"206\">\n<p>Ovejas vida leche<\/p>\n<\/td>\n<td width=\"123\">\n<p>90,00<\/p>\n<\/td>\n<td width=\"132\">\n<p>90,00<\/p>\n<\/td>\n<td width=\"76\">\n<p>=<\/p>\n<\/td>\n<\/tr>\n<tr>\n<td width=\"206\">\n<p>Ovejas vida Assaf *<\/p>\n<\/td>\n<td width=\"123\">\n<p>100,00<\/p>\n<\/td>\n<td width=\"132\">\n<p>100,00<\/p>\n<\/td>\n<td width=\"76\">\n<p>=<\/p>\n<\/td>\n<\/tr>\n<tr>\n<td width=\"206\">\n<p>Ovejas sacrificio 1\u00aa<\/p>\n<\/td>\n<td width=\"123\">\n<p>55,00<\/p>\n<\/td>\n<td width=\"132\">\n<p>55,00<\/p>\n<\/td>\n<td width=\"76\">\n<p>=<\/p>\n<\/td>\n<\/tr>\n<tr>\n<td width=\"206\">\n<p>Ovejas sacrificio 2\u00aa<\/p>\n<\/td>\n<td width=\"123\">\n<p>20,00<\/p>\n<\/td>\n<td width=\"132\">\n<p>20,00<\/p>\n<\/td>\n<td width=\"76\">\n<p>=<\/p>\n<\/td>\n<\/tr>\n<\/tbody>\n<\/table>\n<p>* Sin carta<\/p>\n<p>\u00a0<\/p>\n<table>\n<tbody>\n<tr>\n<td width=\"206\">\n<p><strong>VACUNO<\/strong><\/p>\n<\/td>\n<td width=\"126\">\n<p><strong>COTIZACION<\/strong><\/p>\n<p><strong>ANTERIOR<\/strong><\/p>\n<\/td>\n<td width=\"129\">\n<p><strong>COTIZACION<\/strong><\/p>\n<p><strong>ACTUAL<\/strong><\/p>\n<\/td>\n<td width=\"76\">\n<p><strong>DIF.<\/strong><\/p>\n<\/td>\n<\/tr>\n<tr>\n<td width=\"206\">\n<p><strong>GANADO VIDA<\/strong><\/p>\n<\/td>\n<td width=\"126\">\n<p><strong>\u20ac\/Unidad<\/strong><\/p>\n<\/td>\n<td width=\"129\">\n<p><strong>\u20ac\/Unidad<\/strong><\/p>\n<\/td>\n<td width=\"76\">\n<p><strong>\u00a0<\/strong><\/p>\n<\/td>\n<\/tr>\n<tr>\n<td width=\"206\">\n<p>Frisones<\/p>\n<\/td>\n<td width=\"126\">\n<p>\u00a050,00<\/p>\n<\/td>\n<td width=\"129\">\n<p>\u00a050,00<\/p>\n<\/td>\n<td width=\"76\">\n<p>=<\/p>\n<\/td>\n<\/tr>\n<tr>\n<td width=\"206\">\n<p>Pasteros macho\u00a0 ( 200 kg)<\/p>\n<\/td>\n<td width=\"126\">\n<p>550,00<\/p>\n<\/td>\n<td width=\"129\">\n<p>550,00<\/p>\n<\/td>\n<td width=\"76\">\n<p>=<\/p>\n<\/td>\n<\/tr>\n<tr>\n<td width=\"206\">\n<p>Pasteros hembra ( 200 kg)<\/p>\n<\/td>\n<td width=\"126\">\n<p>460,00<\/p>\n<\/td>\n<td width=\"129\">\n<p>450,00<\/p>\n<\/td>\n<td width=\"76\">\n<p>\u25bc<\/p>\n<\/td>\n<\/tr>\n<tr>\n<td width=\"206\">\n<p><strong>BOVINO CARNE<\/strong><\/p>\n<\/td>\n<td width=\"126\">\n<p><strong>\u20ac\/Kg. Canal<\/strong><\/p>\n<\/td>\n<td width=\"129\">\n<p><strong>\u20ac\/Kg. Canal<\/strong><\/p>\n<\/td>\n<td width=\"76\">\n<p>\u00a0<\/p>\n<\/td>\n<\/tr>\n<tr>\n<td width=\"206\">\n<p>Hembras 180-200 kg.<\/p>\n<\/td>\n<td width=\"126\">\n<p>\u00a0<\/p>\n<\/td>\n<td width=\"129\">\n<p>\u00a0<\/p>\n<\/td>\n<td width=\"76\">\n<p>\u00a0<\/p>\n<\/td>\n<\/tr>\n<tr>\n<td width=\"206\">\n<p>U<\/p>\n<\/td>\n<td width=\"126\">\n<p>3,85<\/p>\n<\/td>\n<td width=\"129\">\n<p>3,85<\/p>\n<\/td>\n<td width=\"76\">\n<p>=<\/p>\n<\/td>\n<\/tr>\n<tr>\n<td width=\"206\">\n<p>R<\/p>\n<\/td>\n<td width=\"126\">\n<p>3,75<\/p>\n<\/td>\n<td width=\"129\">\n<p>3,75<\/p>\n<\/td>\n<td width=\"76\">\n<p>=<\/p>\n<\/td>\n<\/tr>\n<tr>\n<td width=\"206\">\n<p>O<\/p>\n<\/td>\n<td width=\"126\">\n<p>2,90<\/p>\n<\/td>\n<td width=\"129\">\n<p>2,90<\/p>\n<\/td>\n<td width=\"76\">\n<p>=<\/p>\n<\/td>\n<\/tr>\n<tr>\n<td width=\"206\">\n<p>Hembras 201-250 kg.<\/p>\n<\/td>\n<td width=\"126\">\n<p>\u00a0<\/p>\n<\/td>\n<td width=\"129\">\n<p>\u00a0<\/p>\n<\/td>\n<td width=\"76\">\n<p>\u00a0<\/p>\n<\/td>\n<\/tr>\n<tr>\n<td width=\"206\">\n<p>U<\/p>\n<\/td>\n<td width=\"126\">\n<p>3,85<\/p>\n<\/td>\n<td width=\"129\">\n<p>3,85<\/p>\n<\/td>\n<td width=\"76\">\n<p>=<\/p>\n<\/td>\n<\/tr>\n<tr>\n<td width=\"206\">\n<p>R<\/p>\n<\/td>\n<td width=\"126\">\n<p>3,75<\/p>\n<\/td>\n<td width=\"129\">\n<p>3,75<\/p>\n<\/td>\n<td width=\"76\">\n<p>=<\/p>\n<\/td>\n<\/tr>\n<tr>\n<td width=\"206\">\n<p>O<\/p>\n<\/td>\n<td width=\"126\">\n<p>2,90<\/p>\n<\/td>\n<td width=\"129\">\n<p>2,90<\/p>\n<\/td>\n<td width=\"76\">\n<p>=<\/p>\n<\/td>\n<\/tr>\n<tr>\n<td width=\"206\">\n<p>Hembras m\u00e1s 250 kg.<\/p>\n<\/td>\n<td width=\"126\">\n<p>\u00a0<\/p>\n<\/td>\n<td width=\"129\">\n<p>\u00a0<\/p>\n<\/td>\n<td width=\"76\">\n<p>\u00a0<\/p>\n<\/td>\n<\/tr>\n<tr>\n<td width=\"206\">\n<p>U<\/p>\n<\/td>\n<td width=\"126\">\n<p>3,85<\/p>\n<\/td>\n<td width=\"129\">\n<p>3,85<\/p>\n<\/td>\n<td width=\"76\">\n<p>=<\/p>\n<\/td>\n<\/tr>\n<tr>\n<td width=\"206\">\n<p>R<\/p>\n<\/td>\n<td width=\"126\">\n<p>3,75<\/p>\n<\/td>\n<td width=\"129\">\n<p>3,75<\/p>\n<\/td>\n<td width=\"76\">\n<p>=<\/p>\n<\/td>\n<\/tr>\n<tr>\n<td width=\"206\">\n<p>O<\/p>\n<\/td>\n<td width=\"126\">\n<p>2,90<\/p>\n<\/td>\n<td width=\"129\">\n<p>2,90<\/p>\n<\/td>\n<td width=\"76\">\n<p>=<\/p>\n<\/td>\n<\/tr>\n<tr>\n<td width=\"206\">\n<p>Machos 200-250 kg.<\/p>\n<\/td>\n<td width=\"126\">\n<p>\u00a0<\/p>\n<\/td>\n<td width=\"129\">\n<p>\u00a0<\/p>\n<\/td>\n<td width=\"76\">\n<p>\u00a0<\/p>\n<\/td>\n<\/tr>\n<tr>\n<td width=\"206\">\n<p>U<\/p>\n<\/td>\n<td width=\"126\">\n<p>3,70<\/p>\n<\/td>\n<td width=\"129\">\n<p>3,70<\/p>\n<\/td>\n<td width=\"76\">\n<p>=<\/p>\n<\/td>\n<\/tr>\n<tr>\n<td width=\"206\">\n<p>R<\/p>\n<\/td>\n<td width=\"126\">\n<p>3,60<\/p>\n<\/td>\n<td width=\"129\">\n<p>3,60<\/p>\n<\/td>\n<td width=\"76\">\n<p>=<\/p>\n<\/td>\n<\/tr>\n<tr>\n<td width=\"206\">\n<p>O<\/p>\n<\/td>\n<td width=\"126\">\n<p>2,90<\/p>\n<\/td>\n<td width=\"129\">\n<p>2,90<\/p>\n<\/td>\n<td width=\"76\">\n<p>=<\/p>\n<\/td>\n<\/tr>\n<tr>\n<td width=\"206\">\n<p>Machos 251-300 kg.<\/p>\n<\/td>\n<td width=\"126\">\n<p>\u00a0<\/p>\n<\/td>\n<td width=\"129\">\n<p>\u00a0<\/p>\n<\/td>\n<td width=\"76\">\n<p>\u00a0<\/p>\n<\/td>\n<\/tr>\n<tr>\n<td width=\"206\">\n<p>U<\/p>\n<\/td>\n<td width=\"126\">\n<p>3,70<\/p>\n<\/td>\n<td width=\"129\">\n<p>3,70<\/p>\n<\/td>\n<td width=\"76\">\n<p>=<\/p>\n<\/td>\n<\/tr>\n<tr>\n<td width=\"206\">\n<p>R<\/p>\n<\/td>\n<td width=\"126\">\n<p>3,60<\/p>\n<\/td>\n<td width=\"129\">\n<p>3,60<\/p>\n<\/td>\n<td width=\"76\">\n<p>=<\/p>\n<\/td>\n<\/tr>\n<tr>\n<td width=\"206\">\n<p>O<\/p>\n<\/td>\n<td width=\"126\">\n<p>2,90<\/p>\n<\/td>\n<td width=\"129\">\n<p>2,90<\/p>\n<\/td>\n<td width=\"76\">\n<p>=<\/p>\n<\/td>\n<\/tr>\n<tr>\n<td width=\"206\">\n<p>Machos m\u00e1s de 300 kg.<\/p>\n<\/td>\n<td width=\"126\">\n<p>\u00a0<\/p>\n<\/td>\n<td width=\"129\">\n<p>\u00a0<\/p>\n<\/td>\n<td width=\"76\">\n<p>\u00a0<\/p>\n<\/td>\n<\/tr>\n<tr>\n<td width=\"206\">\n<p>U<\/p>\n<\/td>\n<td width=\"126\">\n<p>3,70<\/p>\n<\/td>\n<td width=\"129\">\n<p>3,70<\/p>\n<\/td>\n<td width=\"76\">\n<p>=<\/p>\n<\/td>\n<\/tr>\n<tr>\n<td width=\"206\">\n<p>R<\/p>\n<\/td>\n<td width=\"126\">\n<p>3,60<\/p>\n<\/td>\n<td width=\"129\">\n<p>3,60<\/p>\n<\/td>\n<td width=\"76\">\n<p>=<\/p>\n<\/td>\n<\/tr>\n<tr>\n<td width=\"206\">\n<p>O<\/p>\n<\/td>\n<td width=\"126\">\n<p>2,90<\/p>\n<\/td>\n<td width=\"129\">\n<p>2,90<\/p>\n<\/td>\n<td width=\"76\">\n<p>=<\/p>\n<\/td>\n<\/tr>\n<tr>\n<td width=\"206\">\n<p><strong>VACAS SACRIFICIO<\/strong><\/p>\n<\/td>\n<td width=\"126\">\n<p><strong>\u20ac\/Kg. Canal<\/strong><\/p>\n<\/td>\n<td width=\"129\">\n<p><strong>\u20ac\/Kg. Canal<\/strong><\/p>\n<\/td>\n<td width=\"76\">\n<p>\u00a0<\/p>\n<\/td>\n<\/tr>\n<tr>\n<td width=\"206\">\n<p>F\u00e1brica y Segunda<\/p>\n<\/td>\n<td width=\"126\">\n<p>1,90\/2,60<\/p>\n<\/td>\n<td width=\"129\">\n<p>1,60\/2,60<\/p>\n<\/td>\n<td width=\"76\">\n<p>\u25bc<\/p>\n<\/td>\n<\/tr>\n<tr>\n<td width=\"206\">\n<p>Primera y Extra (Engrasada)<\/p>\n<\/td>\n<td width=\"126\">\n<p>3,00\/3,40<\/p>\n<\/td>\n<td width=\"129\">\n<p>3,00\/3,40<\/p>\n<\/td>\n<td width=\"76\">\n<p>=<\/p>\n<\/td>\n<\/tr>\n<\/tbody>\n<\/table>\n<p>\u00a0<\/p>\n\n\n\n<p><\/p>\n","protected":false},"excerpt":{"rendered":"<p>Comienza a cotizar el trigo y la avena en la lonja de Le\u00f3n En la sesi\u00f3n de la lonja de Le\u00f3n celebrada hoy ha comenzado a cotizar el trigo y la avena a 205 \u20ac\/t y 174 \u20ac\/t respectivamente. En la provincia de Le\u00f3n en la presente campa\u00f1a hab\u00eda sembradas 33.352 ha de trigo de [&hellip;]<\/p>\n","protected":false},"author":8,"featured_media":9156,"comment_status":"open","ping_status":"open","sticky":false,"template":"","format":"standard","meta":{"footnotes":""},"categories":[34,67,5],"tags":[],"yoast_head":"<!-- This site is optimized with the Yoast SEO plugin v24.5 - https:\/\/yoast.com\/wordpress\/plugins\/seo\/ -->\n<title>Cotizaciones de la Lonja Agropecuaria de Le\u00f3n -sesi\u00f3n 14\/07\/2021 - ASAJA Le\u00f3n<\/title>\n<meta name=\"description\" content=\"Comienza a cotizar el trigo y la avena en la lonja de Le\u00f3n En la sesi\u00f3n de la lonja de Le\u00f3n celebrada hoy ha comenzado a cotizar el trigo y la avena a 205\" \/>\n<meta name=\"robots\" content=\"index, follow, max-snippet:-1, max-image-preview:large, max-video-preview:-1\" \/>\n<link rel=\"canonical\" href=\"https:\/\/www.asajacyl.com\/leon\/servicios-socio\/cotizaciones-de-la-lonja-agropecuaria-de-leon-sesion-14-07-2021\" \/>\n<meta property=\"og:locale\" content=\"es_ES\" \/>\n<meta property=\"og:type\" content=\"article\" \/>\n<meta property=\"og:title\" content=\"Cotizaciones de la Lonja Agropecuaria de Le\u00f3n -sesi\u00f3n 14\/07\/2021 - ASAJA Le\u00f3n\" \/>\n<meta property=\"og:description\" content=\"Comienza a cotizar el trigo y la avena en la lonja de Le\u00f3n En la sesi\u00f3n de la lonja de Le\u00f3n celebrada hoy ha comenzado a cotizar el trigo y la avena a 205\" \/>\n<meta property=\"og:url\" content=\"https:\/\/www.asajacyl.com\/leon\/servicios-socio\/cotizaciones-de-la-lonja-agropecuaria-de-leon-sesion-14-07-2021\" \/>\n<meta property=\"og:site_name\" content=\"ASAJA Le\u00f3n\" \/>\n<meta property=\"article:published_time\" content=\"2021-07-15T06:19:25+00:00\" \/>\n<meta property=\"article:modified_time\" content=\"2021-07-15T06:27:01+00:00\" \/>\n<meta property=\"og:image\" content=\"https:\/\/www.asajacyl.com\/leon\/wp-content\/uploads\/sites\/6\/2018\/07\/descargando_grano_en_camion.jpg\" \/>\n\t<meta property=\"og:image:width\" content=\"2500\" \/>\n\t<meta property=\"og:image:height\" content=\"1406\" \/>\n\t<meta property=\"og:image:type\" content=\"image\/jpeg\" \/>\n<meta name=\"author\" content=\"Eduardo\" \/>\n<meta name=\"twitter:card\" content=\"summary_large_image\" \/>\n<meta name=\"twitter:label1\" content=\"Escrito por\" \/>\n\t<meta name=\"twitter:data1\" content=\"Eduardo\" \/>\n\t<meta name=\"twitter:label2\" content=\"Tiempo de lectura\" \/>\n\t<meta name=\"twitter:data2\" content=\"3 minutos\" \/>\n<script type=\"application\/ld+json\" class=\"yoast-schema-graph\">{\"@context\":\"https:\/\/schema.org\",\"@graph\":[{\"@type\":\"WebPage\",\"@id\":\"https:\/\/www.asajacyl.com\/leon\/servicios-socio\/cotizaciones-de-la-lonja-agropecuaria-de-leon-sesion-14-07-2021\",\"url\":\"https:\/\/www.asajacyl.com\/leon\/servicios-socio\/cotizaciones-de-la-lonja-agropecuaria-de-leon-sesion-14-07-2021\",\"name\":\"Cotizaciones de la Lonja Agropecuaria de Le\u00f3n -sesi\u00f3n 14\/07\/2021 - ASAJA Le\u00f3n\",\"isPartOf\":{\"@id\":\"https:\/\/www.asajacyl.com\/leon\/#website\"},\"primaryImageOfPage\":{\"@id\":\"https:\/\/www.asajacyl.com\/leon\/servicios-socio\/cotizaciones-de-la-lonja-agropecuaria-de-leon-sesion-14-07-2021#primaryimage\"},\"image\":{\"@id\":\"https:\/\/www.asajacyl.com\/leon\/servicios-socio\/cotizaciones-de-la-lonja-agropecuaria-de-leon-sesion-14-07-2021#primaryimage\"},\"thumbnailUrl\":\"https:\/\/www.asajacyl.com\/leon\/wp-content\/uploads\/sites\/6\/2018\/07\/descargando_grano_en_camion.jpg\",\"datePublished\":\"2021-07-15T06:19:25+00:00\",\"dateModified\":\"2021-07-15T06:27:01+00:00\",\"author\":{\"@id\":\"https:\/\/www.asajacyl.com\/leon\/#\/schema\/person\/a39ff3609fc182e4c789ab486e865d32\"},\"description\":\"Comienza a cotizar el trigo y la avena en la lonja de Le\u00f3n En la sesi\u00f3n de la lonja de Le\u00f3n celebrada hoy ha comenzado a cotizar el trigo y la avena a 205\",\"breadcrumb\":{\"@id\":\"https:\/\/www.asajacyl.com\/leon\/servicios-socio\/cotizaciones-de-la-lonja-agropecuaria-de-leon-sesion-14-07-2021#breadcrumb\"},\"inLanguage\":\"es\",\"potentialAction\":[{\"@type\":\"ReadAction\",\"target\":[\"https:\/\/www.asajacyl.com\/leon\/servicios-socio\/cotizaciones-de-la-lonja-agropecuaria-de-leon-sesion-14-07-2021\"]}]},{\"@type\":\"ImageObject\",\"inLanguage\":\"es\",\"@id\":\"https:\/\/www.asajacyl.com\/leon\/servicios-socio\/cotizaciones-de-la-lonja-agropecuaria-de-leon-sesion-14-07-2021#primaryimage\",\"url\":\"https:\/\/www.asajacyl.com\/leon\/wp-content\/uploads\/sites\/6\/2018\/07\/descargando_grano_en_camion.jpg\",\"contentUrl\":\"https:\/\/www.asajacyl.com\/leon\/wp-content\/uploads\/sites\/6\/2018\/07\/descargando_grano_en_camion.jpg\",\"width\":2500,\"height\":1406},{\"@type\":\"BreadcrumbList\",\"@id\":\"https:\/\/www.asajacyl.com\/leon\/servicios-socio\/cotizaciones-de-la-lonja-agropecuaria-de-leon-sesion-14-07-2021#breadcrumb\",\"itemListElement\":[{\"@type\":\"ListItem\",\"position\":1,\"name\":\"Portada\",\"item\":\"https:\/\/www.asajacyl.com\/leon\/\"},{\"@type\":\"ListItem\",\"position\":2,\"name\":\"Cotizaciones de la Lonja Agropecuaria de Le\u00f3n -sesi\u00f3n 14\/07\/2021\"}]},{\"@type\":\"WebSite\",\"@id\":\"https:\/\/www.asajacyl.com\/leon\/#website\",\"url\":\"https:\/\/www.asajacyl.com\/leon\/\",\"name\":\"ASAJA Le\u00f3n\",\"description\":\"Otro sitio m\u00e1s de Provincias ASAJA Castilla y Le\u00f3n\",\"potentialAction\":[{\"@type\":\"SearchAction\",\"target\":{\"@type\":\"EntryPoint\",\"urlTemplate\":\"https:\/\/www.asajacyl.com\/leon\/?s={search_term_string}\"},\"query-input\":{\"@type\":\"PropertyValueSpecification\",\"valueRequired\":true,\"valueName\":\"search_term_string\"}}],\"inLanguage\":\"es\"},{\"@type\":\"Person\",\"@id\":\"https:\/\/www.asajacyl.com\/leon\/#\/schema\/person\/a39ff3609fc182e4c789ab486e865d32\",\"name\":\"Eduardo\",\"image\":{\"@type\":\"ImageObject\",\"inLanguage\":\"es\",\"@id\":\"https:\/\/www.asajacyl.com\/leon\/#\/schema\/person\/image\/\",\"url\":\"https:\/\/secure.gravatar.com\/avatar\/9ebd6aba21d817dcf9595bc9ca505af5?s=96&d=mm&r=g\",\"contentUrl\":\"https:\/\/secure.gravatar.com\/avatar\/9ebd6aba21d817dcf9595bc9ca505af5?s=96&d=mm&r=g\",\"caption\":\"Eduardo\"},\"url\":\"https:\/\/www.asajacyl.com\/leon\/author\/eduardovv\"}]}<\/script>\n<!-- \/ Yoast SEO plugin. -->","yoast_head_json":{"title":"Cotizaciones de la Lonja Agropecuaria de Le\u00f3n -sesi\u00f3n 14\/07\/2021 - ASAJA Le\u00f3n","description":"Comienza a cotizar el trigo y la avena en la lonja de Le\u00f3n En la sesi\u00f3n de la lonja de Le\u00f3n celebrada hoy ha comenzado a cotizar el trigo y la avena a 205","robots":{"index":"index","follow":"follow","max-snippet":"max-snippet:-1","max-image-preview":"max-image-preview:large","max-video-preview":"max-video-preview:-1"},"canonical":"https:\/\/www.asajacyl.com\/leon\/servicios-socio\/cotizaciones-de-la-lonja-agropecuaria-de-leon-sesion-14-07-2021","og_locale":"es_ES","og_type":"article","og_title":"Cotizaciones de la Lonja Agropecuaria de Le\u00f3n -sesi\u00f3n 14\/07\/2021 - ASAJA Le\u00f3n","og_description":"Comienza a cotizar el trigo y la avena en la lonja de Le\u00f3n En la sesi\u00f3n de la lonja de Le\u00f3n celebrada hoy ha comenzado a cotizar el trigo y la avena a 205","og_url":"https:\/\/www.asajacyl.com\/leon\/servicios-socio\/cotizaciones-de-la-lonja-agropecuaria-de-leon-sesion-14-07-2021","og_site_name":"ASAJA Le\u00f3n","article_published_time":"2021-07-15T06:19:25+00:00","article_modified_time":"2021-07-15T06:27:01+00:00","og_image":[{"width":2500,"height":1406,"url":"https:\/\/www.asajacyl.com\/leon\/wp-content\/uploads\/sites\/6\/2018\/07\/descargando_grano_en_camion.jpg","type":"image\/jpeg"}],"author":"Eduardo","twitter_card":"summary_large_image","twitter_misc":{"Escrito por":"Eduardo","Tiempo de lectura":"3 minutos"},"schema":{"@context":"https:\/\/schema.org","@graph":[{"@type":"WebPage","@id":"https:\/\/www.asajacyl.com\/leon\/servicios-socio\/cotizaciones-de-la-lonja-agropecuaria-de-leon-sesion-14-07-2021","url":"https:\/\/www.asajacyl.com\/leon\/servicios-socio\/cotizaciones-de-la-lonja-agropecuaria-de-leon-sesion-14-07-2021","name":"Cotizaciones de la Lonja Agropecuaria de Le\u00f3n -sesi\u00f3n 14\/07\/2021 - ASAJA Le\u00f3n","isPartOf":{"@id":"https:\/\/www.asajacyl.com\/leon\/#website"},"primaryImageOfPage":{"@id":"https:\/\/www.asajacyl.com\/leon\/servicios-socio\/cotizaciones-de-la-lonja-agropecuaria-de-leon-sesion-14-07-2021#primaryimage"},"image":{"@id":"https:\/\/www.asajacyl.com\/leon\/servicios-socio\/cotizaciones-de-la-lonja-agropecuaria-de-leon-sesion-14-07-2021#primaryimage"},"thumbnailUrl":"https:\/\/www.asajacyl.com\/leon\/wp-content\/uploads\/sites\/6\/2018\/07\/descargando_grano_en_camion.jpg","datePublished":"2021-07-15T06:19:25+00:00","dateModified":"2021-07-15T06:27:01+00:00","author":{"@id":"https:\/\/www.asajacyl.com\/leon\/#\/schema\/person\/a39ff3609fc182e4c789ab486e865d32"},"description":"Comienza a cotizar el trigo y la avena en la lonja de Le\u00f3n En la sesi\u00f3n de la lonja de Le\u00f3n celebrada hoy ha comenzado a cotizar el trigo y la avena a 205","breadcrumb":{"@id":"https:\/\/www.asajacyl.com\/leon\/servicios-socio\/cotizaciones-de-la-lonja-agropecuaria-de-leon-sesion-14-07-2021#breadcrumb"},"inLanguage":"es","potentialAction":[{"@type":"ReadAction","target":["https:\/\/www.asajacyl.com\/leon\/servicios-socio\/cotizaciones-de-la-lonja-agropecuaria-de-leon-sesion-14-07-2021"]}]},{"@type":"ImageObject","inLanguage":"es","@id":"https:\/\/www.asajacyl.com\/leon\/servicios-socio\/cotizaciones-de-la-lonja-agropecuaria-de-leon-sesion-14-07-2021#primaryimage","url":"https:\/\/www.asajacyl.com\/leon\/wp-content\/uploads\/sites\/6\/2018\/07\/descargando_grano_en_camion.jpg","contentUrl":"https:\/\/www.asajacyl.com\/leon\/wp-content\/uploads\/sites\/6\/2018\/07\/descargando_grano_en_camion.jpg","width":2500,"height":1406},{"@type":"BreadcrumbList","@id":"https:\/\/www.asajacyl.com\/leon\/servicios-socio\/cotizaciones-de-la-lonja-agropecuaria-de-leon-sesion-14-07-2021#breadcrumb","itemListElement":[{"@type":"ListItem","position":1,"name":"Portada","item":"https:\/\/www.asajacyl.com\/leon\/"},{"@type":"ListItem","position":2,"name":"Cotizaciones de la Lonja Agropecuaria de Le\u00f3n -sesi\u00f3n 14\/07\/2021"}]},{"@type":"WebSite","@id":"https:\/\/www.asajacyl.com\/leon\/#website","url":"https:\/\/www.asajacyl.com\/leon\/","name":"ASAJA Le\u00f3n","description":"Otro sitio m\u00e1s de Provincias ASAJA Castilla y Le\u00f3n","potentialAction":[{"@type":"SearchAction","target":{"@type":"EntryPoint","urlTemplate":"https:\/\/www.asajacyl.com\/leon\/?s={search_term_string}"},"query-input":{"@type":"PropertyValueSpecification","valueRequired":true,"valueName":"search_term_string"}}],"inLanguage":"es"},{"@type":"Person","@id":"https:\/\/www.asajacyl.com\/leon\/#\/schema\/person\/a39ff3609fc182e4c789ab486e865d32","name":"Eduardo","image":{"@type":"ImageObject","inLanguage":"es","@id":"https:\/\/www.asajacyl.com\/leon\/#\/schema\/person\/image\/","url":"https:\/\/secure.gravatar.com\/avatar\/9ebd6aba21d817dcf9595bc9ca505af5?s=96&d=mm&r=g","contentUrl":"https:\/\/secure.gravatar.com\/avatar\/9ebd6aba21d817dcf9595bc9ca505af5?s=96&d=mm&r=g","caption":"Eduardo"},"url":"https:\/\/www.asajacyl.com\/leon\/author\/eduardovv"}]}},"_links":{"self":[{"href":"https:\/\/www.asajacyl.com\/leon\/wp-json\/wp\/v2\/posts\/12478"}],"collection":[{"href":"https:\/\/www.asajacyl.com\/leon\/wp-json\/wp\/v2\/posts"}],"about":[{"href":"https:\/\/www.asajacyl.com\/leon\/wp-json\/wp\/v2\/types\/post"}],"author":[{"embeddable":true,"href":"https:\/\/www.asajacyl.com\/leon\/wp-json\/wp\/v2\/users\/8"}],"replies":[{"embeddable":true,"href":"https:\/\/www.asajacyl.com\/leon\/wp-json\/wp\/v2\/comments?post=12478"}],"version-history":[{"count":1,"href":"https:\/\/www.asajacyl.com\/leon\/wp-json\/wp\/v2\/posts\/12478\/revisions"}],"predecessor-version":[{"id":12479,"href":"https:\/\/www.asajacyl.com\/leon\/wp-json\/wp\/v2\/posts\/12478\/revisions\/12479"}],"wp:featuredmedia":[{"embeddable":true,"href":"https:\/\/www.asajacyl.com\/leon\/wp-json\/wp\/v2\/media\/9156"}],"wp:attachment":[{"href":"https:\/\/www.asajacyl.com\/leon\/wp-json\/wp\/v2\/media?parent=12478"}],"wp:term":[{"taxonomy":"category","embeddable":true,"href":"https:\/\/www.asajacyl.com\/leon\/wp-json\/wp\/v2\/categories?post=12478"},{"taxonomy":"post_tag","embeddable":true,"href":"https:\/\/www.asajacyl.com\/leon\/wp-json\/wp\/v2\/tags?post=12478"}],"curies":[{"name":"wp","href":"https:\/\/api.w.org\/{rel}","templated":true}]}}