{"id":12619,"date":"2021-09-21T10:21:38","date_gmt":"2021-09-21T08:21:38","guid":{"rendered":"https:\/\/www.asajacyl.com\/leon\/?p=12619"},"modified":"2021-09-21T10:21:40","modified_gmt":"2021-09-21T08:21:40","slug":"cir_seg_colza_2021","status":"publish","type":"post","link":"https:\/\/www.asajacyl.com\/leon\/buzon\/cir_seg_colza_2021","title":{"rendered":"cir_seg_colza_2021"},"content":{"rendered":"\n<h2><strong><u>SEGURO DE LA COLZA<\/u><\/strong><\/h2>\n<h6>Ya ha comenzado en ASAJA la suscripci\u00f3n del <strong>seguro agrario<\/strong> para los cultivos herb\u00e1ceos de secano de la campa\u00f1a 2021\/2022 en la denominada L\u00ednea 309. En estos momentos el cultivo que ya se est\u00e1 asegurando es la <strong><u>colza y la camelina<\/u><\/strong>, y aunque el plazo finaliza el 31 de octubre, los agricultores que aseguren antes del 30 de septiembre tienen un descuento adicional del 5 por ciento. Este seguro es independiente del resto de cultivos herb\u00e1ceos por ello ASAJA aconseja <strong>asegurar antes del 30 de septiembre<\/strong>.<\/h6>\n<h6>Como todo los a\u00f1os, de cara al seguro de cereales y leguminosas, que se har\u00e1 en pr\u00f3ximas fechas y en todo caso antes del 20 de diciembre, enviaremos por correo ordinario el LISTADO DE\u00a0 PARCELAS DE LA PAC para que sobre ese listado hagas el plan de cultivo del a\u00f1o 2021\/2022 que te sirva tanto para el seguro agrario como posteriormente para la PAC.<\/h6>\n<h6>ASAJA. Septiembre 2021<\/h6>\n","protected":false},"excerpt":{"rendered":"<p>SEGURO DE LA COLZA Ya ha comenzado en ASAJA la suscripci\u00f3n del seguro agrario para los cultivos herb\u00e1ceos de secano de la campa\u00f1a 2021\/2022 en la denominada L\u00ednea 309. En estos momentos el cultivo que ya se est\u00e1 asegurando es la colza y la camelina, y aunque el plazo finaliza el 31 de octubre, los [&hellip;]<\/p>\n","protected":false},"author":8,"featured_media":9103,"comment_status":"open","ping_status":"open","sticky":false,"template":"","format":"standard","meta":{"footnotes":""},"categories":[78],"tags":[],"yoast_head":"<!-- This site is optimized with the Yoast SEO plugin v24.5 - https:\/\/yoast.com\/wordpress\/plugins\/seo\/ -->\n<title>cir_seg_colza_2021 - ASAJA Le\u00f3n<\/title>\n<meta name=\"description\" content=\"SEGURO DE LA COLZA Ya ha comenzado en ASAJA la suscripci\u00f3n del seguro agrario para los cultivos herb\u00e1ceos de secano de la campa\u00f1a 2021\/2022 en la\" \/>\n<meta name=\"robots\" content=\"index, follow, max-snippet:-1, max-image-preview:large, max-video-preview:-1\" \/>\n<link rel=\"canonical\" href=\"https:\/\/www.asajacyl.com\/leon\/buzon\/cir_seg_colza_2021\" \/>\n<meta property=\"og:locale\" content=\"es_ES\" \/>\n<meta property=\"og:type\" content=\"article\" \/>\n<meta property=\"og:title\" content=\"cir_seg_colza_2021 - ASAJA Le\u00f3n\" \/>\n<meta property=\"og:description\" content=\"SEGURO DE LA COLZA Ya ha comenzado en ASAJA la suscripci\u00f3n del seguro agrario para los cultivos herb\u00e1ceos de secano de la campa\u00f1a 2021\/2022 en la\" \/>\n<meta property=\"og:url\" content=\"https:\/\/www.asajacyl.com\/leon\/buzon\/cir_seg_colza_2021\" \/>\n<meta property=\"og:site_name\" content=\"ASAJA Le\u00f3n\" \/>\n<meta property=\"article:published_time\" content=\"2021-09-21T08:21:38+00:00\" \/>\n<meta property=\"article:modified_time\" content=\"2021-09-21T08:21:40+00:00\" \/>\n<meta property=\"og:image\" content=\"https:\/\/www.asajacyl.com\/leon\/wp-content\/uploads\/sites\/6\/2018\/07\/campo_colza_seco.jpg\" \/>\n\t<meta property=\"og:image:width\" content=\"1920\" \/>\n\t<meta property=\"og:image:height\" content=\"1280\" \/>\n\t<meta property=\"og:image:type\" content=\"image\/jpeg\" \/>\n<meta name=\"author\" content=\"Eduardo\" \/>\n<meta name=\"twitter:card\" content=\"summary_large_image\" \/>\n<meta name=\"twitter:label1\" content=\"Escrito por\" \/>\n\t<meta name=\"twitter:data1\" content=\"Eduardo\" \/>\n\t<meta name=\"twitter:label2\" content=\"Tiempo de lectura\" \/>\n\t<meta name=\"twitter:data2\" content=\"1 minuto\" \/>\n<script type=\"application\/ld+json\" class=\"yoast-schema-graph\">{\"@context\":\"https:\/\/schema.org\",\"@graph\":[{\"@type\":\"WebPage\",\"@id\":\"https:\/\/www.asajacyl.com\/leon\/buzon\/cir_seg_colza_2021\",\"url\":\"https:\/\/www.asajacyl.com\/leon\/buzon\/cir_seg_colza_2021\",\"name\":\"cir_seg_colza_2021 - ASAJA Le\u00f3n\",\"isPartOf\":{\"@id\":\"https:\/\/www.asajacyl.com\/leon\/#website\"},\"primaryImageOfPage\":{\"@id\":\"https:\/\/www.asajacyl.com\/leon\/buzon\/cir_seg_colza_2021#primaryimage\"},\"image\":{\"@id\":\"https:\/\/www.asajacyl.com\/leon\/buzon\/cir_seg_colza_2021#primaryimage\"},\"thumbnailUrl\":\"https:\/\/www.asajacyl.com\/leon\/wp-content\/uploads\/sites\/6\/2018\/07\/campo_colza_seco.jpg\",\"datePublished\":\"2021-09-21T08:21:38+00:00\",\"dateModified\":\"2021-09-21T08:21:40+00:00\",\"author\":{\"@id\":\"https:\/\/www.asajacyl.com\/leon\/#\/schema\/person\/a39ff3609fc182e4c789ab486e865d32\"},\"description\":\"SEGURO DE LA COLZA Ya ha comenzado en ASAJA la suscripci\u00f3n del seguro agrario para los cultivos herb\u00e1ceos de secano de la campa\u00f1a 2021\/2022 en la\",\"breadcrumb\":{\"@id\":\"https:\/\/www.asajacyl.com\/leon\/buzon\/cir_seg_colza_2021#breadcrumb\"},\"inLanguage\":\"es\",\"potentialAction\":[{\"@type\":\"ReadAction\",\"target\":[\"https:\/\/www.asajacyl.com\/leon\/buzon\/cir_seg_colza_2021\"]}]},{\"@type\":\"ImageObject\",\"inLanguage\":\"es\",\"@id\":\"https:\/\/www.asajacyl.com\/leon\/buzon\/cir_seg_colza_2021#primaryimage\",\"url\":\"https:\/\/www.asajacyl.com\/leon\/wp-content\/uploads\/sites\/6\/2018\/07\/campo_colza_seco.jpg\",\"contentUrl\":\"https:\/\/www.asajacyl.com\/leon\/wp-content\/uploads\/sites\/6\/2018\/07\/campo_colza_seco.jpg\",\"width\":1920,\"height\":1280},{\"@type\":\"BreadcrumbList\",\"@id\":\"https:\/\/www.asajacyl.com\/leon\/buzon\/cir_seg_colza_2021#breadcrumb\",\"itemListElement\":[{\"@type\":\"ListItem\",\"position\":1,\"name\":\"Portada\",\"item\":\"https:\/\/www.asajacyl.com\/leon\/\"},{\"@type\":\"ListItem\",\"position\":2,\"name\":\"cir_seg_colza_2021\"}]},{\"@type\":\"WebSite\",\"@id\":\"https:\/\/www.asajacyl.com\/leon\/#website\",\"url\":\"https:\/\/www.asajacyl.com\/leon\/\",\"name\":\"ASAJA Le\u00f3n\",\"description\":\"Otro sitio m\u00e1s de Provincias ASAJA Castilla y Le\u00f3n\",\"potentialAction\":[{\"@type\":\"SearchAction\",\"target\":{\"@type\":\"EntryPoint\",\"urlTemplate\":\"https:\/\/www.asajacyl.com\/leon\/?s={search_term_string}\"},\"query-input\":{\"@type\":\"PropertyValueSpecification\",\"valueRequired\":true,\"valueName\":\"search_term_string\"}}],\"inLanguage\":\"es\"},{\"@type\":\"Person\",\"@id\":\"https:\/\/www.asajacyl.com\/leon\/#\/schema\/person\/a39ff3609fc182e4c789ab486e865d32\",\"name\":\"Eduardo\",\"image\":{\"@type\":\"ImageObject\",\"inLanguage\":\"es\",\"@id\":\"https:\/\/www.asajacyl.com\/leon\/#\/schema\/person\/image\/\",\"url\":\"https:\/\/secure.gravatar.com\/avatar\/9ebd6aba21d817dcf9595bc9ca505af5?s=96&d=mm&r=g\",\"contentUrl\":\"https:\/\/secure.gravatar.com\/avatar\/9ebd6aba21d817dcf9595bc9ca505af5?s=96&d=mm&r=g\",\"caption\":\"Eduardo\"},\"url\":\"https:\/\/www.asajacyl.com\/leon\/author\/eduardovv\"}]}<\/script>\n<!-- \/ Yoast SEO plugin. -->","yoast_head_json":{"title":"cir_seg_colza_2021 - ASAJA Le\u00f3n","description":"SEGURO DE LA COLZA Ya ha comenzado en ASAJA la suscripci\u00f3n del seguro agrario para los cultivos herb\u00e1ceos de secano de la campa\u00f1a 2021\/2022 en la","robots":{"index":"index","follow":"follow","max-snippet":"max-snippet:-1","max-image-preview":"max-image-preview:large","max-video-preview":"max-video-preview:-1"},"canonical":"https:\/\/www.asajacyl.com\/leon\/buzon\/cir_seg_colza_2021","og_locale":"es_ES","og_type":"article","og_title":"cir_seg_colza_2021 - ASAJA Le\u00f3n","og_description":"SEGURO DE LA COLZA Ya ha comenzado en ASAJA la suscripci\u00f3n del seguro agrario para los cultivos herb\u00e1ceos de secano de la campa\u00f1a 2021\/2022 en la","og_url":"https:\/\/www.asajacyl.com\/leon\/buzon\/cir_seg_colza_2021","og_site_name":"ASAJA Le\u00f3n","article_published_time":"2021-09-21T08:21:38+00:00","article_modified_time":"2021-09-21T08:21:40+00:00","og_image":[{"width":1920,"height":1280,"url":"https:\/\/www.asajacyl.com\/leon\/wp-content\/uploads\/sites\/6\/2018\/07\/campo_colza_seco.jpg","type":"image\/jpeg"}],"author":"Eduardo","twitter_card":"summary_large_image","twitter_misc":{"Escrito por":"Eduardo","Tiempo de lectura":"1 minuto"},"schema":{"@context":"https:\/\/schema.org","@graph":[{"@type":"WebPage","@id":"https:\/\/www.asajacyl.com\/leon\/buzon\/cir_seg_colza_2021","url":"https:\/\/www.asajacyl.com\/leon\/buzon\/cir_seg_colza_2021","name":"cir_seg_colza_2021 - ASAJA Le\u00f3n","isPartOf":{"@id":"https:\/\/www.asajacyl.com\/leon\/#website"},"primaryImageOfPage":{"@id":"https:\/\/www.asajacyl.com\/leon\/buzon\/cir_seg_colza_2021#primaryimage"},"image":{"@id":"https:\/\/www.asajacyl.com\/leon\/buzon\/cir_seg_colza_2021#primaryimage"},"thumbnailUrl":"https:\/\/www.asajacyl.com\/leon\/wp-content\/uploads\/sites\/6\/2018\/07\/campo_colza_seco.jpg","datePublished":"2021-09-21T08:21:38+00:00","dateModified":"2021-09-21T08:21:40+00:00","author":{"@id":"https:\/\/www.asajacyl.com\/leon\/#\/schema\/person\/a39ff3609fc182e4c789ab486e865d32"},"description":"SEGURO DE LA COLZA Ya ha comenzado en ASAJA la suscripci\u00f3n del seguro agrario para los cultivos herb\u00e1ceos de secano de la campa\u00f1a 2021\/2022 en la","breadcrumb":{"@id":"https:\/\/www.asajacyl.com\/leon\/buzon\/cir_seg_colza_2021#breadcrumb"},"inLanguage":"es","potentialAction":[{"@type":"ReadAction","target":["https:\/\/www.asajacyl.com\/leon\/buzon\/cir_seg_colza_2021"]}]},{"@type":"ImageObject","inLanguage":"es","@id":"https:\/\/www.asajacyl.com\/leon\/buzon\/cir_seg_colza_2021#primaryimage","url":"https:\/\/www.asajacyl.com\/leon\/wp-content\/uploads\/sites\/6\/2018\/07\/campo_colza_seco.jpg","contentUrl":"https:\/\/www.asajacyl.com\/leon\/wp-content\/uploads\/sites\/6\/2018\/07\/campo_colza_seco.jpg","width":1920,"height":1280},{"@type":"BreadcrumbList","@id":"https:\/\/www.asajacyl.com\/leon\/buzon\/cir_seg_colza_2021#breadcrumb","itemListElement":[{"@type":"ListItem","position":1,"name":"Portada","item":"https:\/\/www.asajacyl.com\/leon\/"},{"@type":"ListItem","position":2,"name":"cir_seg_colza_2021"}]},{"@type":"WebSite","@id":"https:\/\/www.asajacyl.com\/leon\/#website","url":"https:\/\/www.asajacyl.com\/leon\/","name":"ASAJA Le\u00f3n","description":"Otro sitio m\u00e1s de Provincias ASAJA Castilla y Le\u00f3n","potentialAction":[{"@type":"SearchAction","target":{"@type":"EntryPoint","urlTemplate":"https:\/\/www.asajacyl.com\/leon\/?s={search_term_string}"},"query-input":{"@type":"PropertyValueSpecification","valueRequired":true,"valueName":"search_term_string"}}],"inLanguage":"es"},{"@type":"Person","@id":"https:\/\/www.asajacyl.com\/leon\/#\/schema\/person\/a39ff3609fc182e4c789ab486e865d32","name":"Eduardo","image":{"@type":"ImageObject","inLanguage":"es","@id":"https:\/\/www.asajacyl.com\/leon\/#\/schema\/person\/image\/","url":"https:\/\/secure.gravatar.com\/avatar\/9ebd6aba21d817dcf9595bc9ca505af5?s=96&d=mm&r=g","contentUrl":"https:\/\/secure.gravatar.com\/avatar\/9ebd6aba21d817dcf9595bc9ca505af5?s=96&d=mm&r=g","caption":"Eduardo"},"url":"https:\/\/www.asajacyl.com\/leon\/author\/eduardovv"}]}},"_links":{"self":[{"href":"https:\/\/www.asajacyl.com\/leon\/wp-json\/wp\/v2\/posts\/12619"}],"collection":[{"href":"https:\/\/www.asajacyl.com\/leon\/wp-json\/wp\/v2\/posts"}],"about":[{"href":"https:\/\/www.asajacyl.com\/leon\/wp-json\/wp\/v2\/types\/post"}],"author":[{"embeddable":true,"href":"https:\/\/www.asajacyl.com\/leon\/wp-json\/wp\/v2\/users\/8"}],"replies":[{"embeddable":true,"href":"https:\/\/www.asajacyl.com\/leon\/wp-json\/wp\/v2\/comments?post=12619"}],"version-history":[{"count":1,"href":"https:\/\/www.asajacyl.com\/leon\/wp-json\/wp\/v2\/posts\/12619\/revisions"}],"predecessor-version":[{"id":12620,"href":"https:\/\/www.asajacyl.com\/leon\/wp-json\/wp\/v2\/posts\/12619\/revisions\/12620"}],"wp:featuredmedia":[{"embeddable":true,"href":"https:\/\/www.asajacyl.com\/leon\/wp-json\/wp\/v2\/media\/9103"}],"wp:attachment":[{"href":"https:\/\/www.asajacyl.com\/leon\/wp-json\/wp\/v2\/media?parent=12619"}],"wp:term":[{"taxonomy":"category","embeddable":true,"href":"https:\/\/www.asajacyl.com\/leon\/wp-json\/wp\/v2\/categories?post=12619"},{"taxonomy":"post_tag","embeddable":true,"href":"https:\/\/www.asajacyl.com\/leon\/wp-json\/wp\/v2\/tags?post=12619"}],"curies":[{"name":"wp","href":"https:\/\/api.w.org\/{rel}","templated":true}]}}