{"id":12660,"date":"2021-09-29T09:15:20","date_gmt":"2021-09-29T07:15:20","guid":{"rendered":"https:\/\/www.asajacyl.com\/leon\/?p=12660"},"modified":"2021-09-29T09:15:21","modified_gmt":"2021-09-29T07:15:21","slug":"cir_ma_maiz_2021","status":"publish","type":"post","link":"https:\/\/www.asajacyl.com\/leon\/buzon\/cir_ma_maiz_2021","title":{"rendered":"Cir_ma_maiz_2021"},"content":{"rendered":"\n<h2><strong>APUNTATE YA A LA MANIFESTACI\u00d3N DE ASAJA PARA DEFENDER EL CULTIVO DEL MA\u00cdZ<\/strong><strong>\u00a0<\/strong><\/h2>\n<h6>La reforma de la PAC perjudica al agricultor profesional y perjudica sobre todo al cultivador de ma\u00edz. Al obligar cada a\u00f1o a cambiar de cultivo en todas las parcelas de la explotaci\u00f3n, los agricultores tendr\u00e1n que derivar muchas hect\u00e1reas de ma\u00edz hacia cultivos m\u00e1s trabajosos, m\u00e1s inseguros y menos rentables. NOS CONDUCEN A UNA RU\u00cdNA.<\/h6>\n<h6>El viernes 15 de octubre vamos a Madrid a defender, ante el Ministerio de Agricultura, a la agricultura profesional y a la producci\u00f3n de ma\u00edz. Nos oponemos a cualquier tipo de limitaci\u00f3n en las siembras de ma\u00edz.<\/h6>\n<h6>Ahora, cuando el Ministro y los consejeros de Agricultura apuran la negociaci\u00f3n de la nueva PAC, es el momento de moverse y hacer valer nuestros intereses. ASAJA TE NECESITA PARA DEFENDER LO TUYO Y LO DE TODOS.<\/h6>\n<h6>Ap\u00fantate ya en las oficinas de ASAJA. Autobuses gratuitos con salida de Le\u00f3n, Villama\u00f1\u00e1n y Villaquejida.<\/h6>\n<h6>Asaja, 29 de septiembre de 2021.<\/h6>\n","protected":false},"excerpt":{"rendered":"<p>APUNTATE YA A LA MANIFESTACI\u00d3N DE ASAJA PARA DEFENDER EL CULTIVO DEL MA\u00cdZ\u00a0 La reforma de la PAC perjudica al agricultor profesional y perjudica sobre todo al cultivador de ma\u00edz. Al obligar cada a\u00f1o a cambiar de cultivo en todas las parcelas de la explotaci\u00f3n, los agricultores tendr\u00e1n que derivar muchas hect\u00e1reas de ma\u00edz hacia [&hellip;]<\/p>\n","protected":false},"author":8,"featured_media":8592,"comment_status":"open","ping_status":"open","sticky":false,"template":"","format":"standard","meta":{"footnotes":""},"categories":[78],"tags":[],"yoast_head":"<!-- This site is optimized with the Yoast SEO plugin v24.5 - https:\/\/yoast.com\/wordpress\/plugins\/seo\/ -->\n<title>Cir_ma_maiz_2021 - ASAJA Le\u00f3n<\/title>\n<meta name=\"description\" content=\"APUNTATE YA A LA MANIFESTACI\u00d3N DE ASAJA PARA DEFENDER EL CULTIVO DEL MA\u00cdZ\u00a0 La reforma de la PAC perjudica al agricultor profesional y perjudica sobre todo\" \/>\n<meta name=\"robots\" content=\"index, follow, max-snippet:-1, max-image-preview:large, max-video-preview:-1\" \/>\n<link rel=\"canonical\" href=\"https:\/\/www.asajacyl.com\/leon\/buzon\/cir_ma_maiz_2021\" \/>\n<meta property=\"og:locale\" content=\"es_ES\" \/>\n<meta property=\"og:type\" content=\"article\" \/>\n<meta property=\"og:title\" content=\"Cir_ma_maiz_2021 - ASAJA Le\u00f3n\" \/>\n<meta property=\"og:description\" content=\"APUNTATE YA A LA MANIFESTACI\u00d3N DE ASAJA PARA DEFENDER EL CULTIVO DEL MA\u00cdZ\u00a0 La reforma de la PAC perjudica al agricultor profesional y perjudica sobre todo\" \/>\n<meta property=\"og:url\" content=\"https:\/\/www.asajacyl.com\/leon\/buzon\/cir_ma_maiz_2021\" \/>\n<meta property=\"og:site_name\" content=\"ASAJA Le\u00f3n\" \/>\n<meta property=\"article:published_time\" content=\"2021-09-29T07:15:20+00:00\" \/>\n<meta property=\"article:modified_time\" content=\"2021-09-29T07:15:21+00:00\" \/>\n<meta property=\"og:image\" content=\"https:\/\/www.asajacyl.com\/leon\/wp-content\/uploads\/sites\/6\/2018\/02\/MAIZ_SECA.jpg\" \/>\n\t<meta property=\"og:image:width\" content=\"2500\" \/>\n\t<meta property=\"og:image:height\" content=\"1667\" \/>\n\t<meta property=\"og:image:type\" content=\"image\/jpeg\" \/>\n<meta name=\"author\" content=\"Eduardo\" \/>\n<meta name=\"twitter:card\" content=\"summary_large_image\" \/>\n<meta name=\"twitter:label1\" content=\"Escrito por\" \/>\n\t<meta name=\"twitter:data1\" content=\"Eduardo\" \/>\n\t<meta name=\"twitter:label2\" content=\"Tiempo de lectura\" \/>\n\t<meta name=\"twitter:data2\" content=\"1 minuto\" \/>\n<script type=\"application\/ld+json\" class=\"yoast-schema-graph\">{\"@context\":\"https:\/\/schema.org\",\"@graph\":[{\"@type\":\"WebPage\",\"@id\":\"https:\/\/www.asajacyl.com\/leon\/buzon\/cir_ma_maiz_2021\",\"url\":\"https:\/\/www.asajacyl.com\/leon\/buzon\/cir_ma_maiz_2021\",\"name\":\"Cir_ma_maiz_2021 - ASAJA Le\u00f3n\",\"isPartOf\":{\"@id\":\"https:\/\/www.asajacyl.com\/leon\/#website\"},\"primaryImageOfPage\":{\"@id\":\"https:\/\/www.asajacyl.com\/leon\/buzon\/cir_ma_maiz_2021#primaryimage\"},\"image\":{\"@id\":\"https:\/\/www.asajacyl.com\/leon\/buzon\/cir_ma_maiz_2021#primaryimage\"},\"thumbnailUrl\":\"https:\/\/www.asajacyl.com\/leon\/wp-content\/uploads\/sites\/6\/2018\/02\/MAIZ_SECA.jpg\",\"datePublished\":\"2021-09-29T07:15:20+00:00\",\"dateModified\":\"2021-09-29T07:15:21+00:00\",\"author\":{\"@id\":\"https:\/\/www.asajacyl.com\/leon\/#\/schema\/person\/a39ff3609fc182e4c789ab486e865d32\"},\"description\":\"APUNTATE YA A LA MANIFESTACI\u00d3N DE ASAJA PARA DEFENDER EL CULTIVO DEL MA\u00cdZ\u00a0 La reforma de la PAC perjudica al agricultor profesional y perjudica sobre todo\",\"breadcrumb\":{\"@id\":\"https:\/\/www.asajacyl.com\/leon\/buzon\/cir_ma_maiz_2021#breadcrumb\"},\"inLanguage\":\"es\",\"potentialAction\":[{\"@type\":\"ReadAction\",\"target\":[\"https:\/\/www.asajacyl.com\/leon\/buzon\/cir_ma_maiz_2021\"]}]},{\"@type\":\"ImageObject\",\"inLanguage\":\"es\",\"@id\":\"https:\/\/www.asajacyl.com\/leon\/buzon\/cir_ma_maiz_2021#primaryimage\",\"url\":\"https:\/\/www.asajacyl.com\/leon\/wp-content\/uploads\/sites\/6\/2018\/02\/MAIZ_SECA.jpg\",\"contentUrl\":\"https:\/\/www.asajacyl.com\/leon\/wp-content\/uploads\/sites\/6\/2018\/02\/MAIZ_SECA.jpg\",\"width\":2500,\"height\":1667},{\"@type\":\"BreadcrumbList\",\"@id\":\"https:\/\/www.asajacyl.com\/leon\/buzon\/cir_ma_maiz_2021#breadcrumb\",\"itemListElement\":[{\"@type\":\"ListItem\",\"position\":1,\"name\":\"Portada\",\"item\":\"https:\/\/www.asajacyl.com\/leon\/\"},{\"@type\":\"ListItem\",\"position\":2,\"name\":\"Cir_ma_maiz_2021\"}]},{\"@type\":\"WebSite\",\"@id\":\"https:\/\/www.asajacyl.com\/leon\/#website\",\"url\":\"https:\/\/www.asajacyl.com\/leon\/\",\"name\":\"ASAJA Le\u00f3n\",\"description\":\"Otro sitio m\u00e1s de Provincias ASAJA Castilla y Le\u00f3n\",\"potentialAction\":[{\"@type\":\"SearchAction\",\"target\":{\"@type\":\"EntryPoint\",\"urlTemplate\":\"https:\/\/www.asajacyl.com\/leon\/?s={search_term_string}\"},\"query-input\":{\"@type\":\"PropertyValueSpecification\",\"valueRequired\":true,\"valueName\":\"search_term_string\"}}],\"inLanguage\":\"es\"},{\"@type\":\"Person\",\"@id\":\"https:\/\/www.asajacyl.com\/leon\/#\/schema\/person\/a39ff3609fc182e4c789ab486e865d32\",\"name\":\"Eduardo\",\"image\":{\"@type\":\"ImageObject\",\"inLanguage\":\"es\",\"@id\":\"https:\/\/www.asajacyl.com\/leon\/#\/schema\/person\/image\/\",\"url\":\"https:\/\/secure.gravatar.com\/avatar\/9ebd6aba21d817dcf9595bc9ca505af5?s=96&d=mm&r=g\",\"contentUrl\":\"https:\/\/secure.gravatar.com\/avatar\/9ebd6aba21d817dcf9595bc9ca505af5?s=96&d=mm&r=g\",\"caption\":\"Eduardo\"},\"url\":\"https:\/\/www.asajacyl.com\/leon\/author\/eduardovv\"}]}<\/script>\n<!-- \/ Yoast SEO plugin. -->","yoast_head_json":{"title":"Cir_ma_maiz_2021 - ASAJA Le\u00f3n","description":"APUNTATE YA A LA MANIFESTACI\u00d3N DE ASAJA PARA DEFENDER EL CULTIVO DEL MA\u00cdZ\u00a0 La reforma de la PAC perjudica al agricultor profesional y perjudica sobre todo","robots":{"index":"index","follow":"follow","max-snippet":"max-snippet:-1","max-image-preview":"max-image-preview:large","max-video-preview":"max-video-preview:-1"},"canonical":"https:\/\/www.asajacyl.com\/leon\/buzon\/cir_ma_maiz_2021","og_locale":"es_ES","og_type":"article","og_title":"Cir_ma_maiz_2021 - ASAJA Le\u00f3n","og_description":"APUNTATE YA A LA MANIFESTACI\u00d3N DE ASAJA PARA DEFENDER EL CULTIVO DEL MA\u00cdZ\u00a0 La reforma de la PAC perjudica al agricultor profesional y perjudica sobre todo","og_url":"https:\/\/www.asajacyl.com\/leon\/buzon\/cir_ma_maiz_2021","og_site_name":"ASAJA Le\u00f3n","article_published_time":"2021-09-29T07:15:20+00:00","article_modified_time":"2021-09-29T07:15:21+00:00","og_image":[{"width":2500,"height":1667,"url":"https:\/\/www.asajacyl.com\/leon\/wp-content\/uploads\/sites\/6\/2018\/02\/MAIZ_SECA.jpg","type":"image\/jpeg"}],"author":"Eduardo","twitter_card":"summary_large_image","twitter_misc":{"Escrito por":"Eduardo","Tiempo de lectura":"1 minuto"},"schema":{"@context":"https:\/\/schema.org","@graph":[{"@type":"WebPage","@id":"https:\/\/www.asajacyl.com\/leon\/buzon\/cir_ma_maiz_2021","url":"https:\/\/www.asajacyl.com\/leon\/buzon\/cir_ma_maiz_2021","name":"Cir_ma_maiz_2021 - ASAJA Le\u00f3n","isPartOf":{"@id":"https:\/\/www.asajacyl.com\/leon\/#website"},"primaryImageOfPage":{"@id":"https:\/\/www.asajacyl.com\/leon\/buzon\/cir_ma_maiz_2021#primaryimage"},"image":{"@id":"https:\/\/www.asajacyl.com\/leon\/buzon\/cir_ma_maiz_2021#primaryimage"},"thumbnailUrl":"https:\/\/www.asajacyl.com\/leon\/wp-content\/uploads\/sites\/6\/2018\/02\/MAIZ_SECA.jpg","datePublished":"2021-09-29T07:15:20+00:00","dateModified":"2021-09-29T07:15:21+00:00","author":{"@id":"https:\/\/www.asajacyl.com\/leon\/#\/schema\/person\/a39ff3609fc182e4c789ab486e865d32"},"description":"APUNTATE YA A LA MANIFESTACI\u00d3N DE ASAJA PARA DEFENDER EL CULTIVO DEL MA\u00cdZ\u00a0 La reforma de la PAC perjudica al agricultor profesional y perjudica sobre todo","breadcrumb":{"@id":"https:\/\/www.asajacyl.com\/leon\/buzon\/cir_ma_maiz_2021#breadcrumb"},"inLanguage":"es","potentialAction":[{"@type":"ReadAction","target":["https:\/\/www.asajacyl.com\/leon\/buzon\/cir_ma_maiz_2021"]}]},{"@type":"ImageObject","inLanguage":"es","@id":"https:\/\/www.asajacyl.com\/leon\/buzon\/cir_ma_maiz_2021#primaryimage","url":"https:\/\/www.asajacyl.com\/leon\/wp-content\/uploads\/sites\/6\/2018\/02\/MAIZ_SECA.jpg","contentUrl":"https:\/\/www.asajacyl.com\/leon\/wp-content\/uploads\/sites\/6\/2018\/02\/MAIZ_SECA.jpg","width":2500,"height":1667},{"@type":"BreadcrumbList","@id":"https:\/\/www.asajacyl.com\/leon\/buzon\/cir_ma_maiz_2021#breadcrumb","itemListElement":[{"@type":"ListItem","position":1,"name":"Portada","item":"https:\/\/www.asajacyl.com\/leon\/"},{"@type":"ListItem","position":2,"name":"Cir_ma_maiz_2021"}]},{"@type":"WebSite","@id":"https:\/\/www.asajacyl.com\/leon\/#website","url":"https:\/\/www.asajacyl.com\/leon\/","name":"ASAJA Le\u00f3n","description":"Otro sitio m\u00e1s de Provincias ASAJA Castilla y Le\u00f3n","potentialAction":[{"@type":"SearchAction","target":{"@type":"EntryPoint","urlTemplate":"https:\/\/www.asajacyl.com\/leon\/?s={search_term_string}"},"query-input":{"@type":"PropertyValueSpecification","valueRequired":true,"valueName":"search_term_string"}}],"inLanguage":"es"},{"@type":"Person","@id":"https:\/\/www.asajacyl.com\/leon\/#\/schema\/person\/a39ff3609fc182e4c789ab486e865d32","name":"Eduardo","image":{"@type":"ImageObject","inLanguage":"es","@id":"https:\/\/www.asajacyl.com\/leon\/#\/schema\/person\/image\/","url":"https:\/\/secure.gravatar.com\/avatar\/9ebd6aba21d817dcf9595bc9ca505af5?s=96&d=mm&r=g","contentUrl":"https:\/\/secure.gravatar.com\/avatar\/9ebd6aba21d817dcf9595bc9ca505af5?s=96&d=mm&r=g","caption":"Eduardo"},"url":"https:\/\/www.asajacyl.com\/leon\/author\/eduardovv"}]}},"_links":{"self":[{"href":"https:\/\/www.asajacyl.com\/leon\/wp-json\/wp\/v2\/posts\/12660"}],"collection":[{"href":"https:\/\/www.asajacyl.com\/leon\/wp-json\/wp\/v2\/posts"}],"about":[{"href":"https:\/\/www.asajacyl.com\/leon\/wp-json\/wp\/v2\/types\/post"}],"author":[{"embeddable":true,"href":"https:\/\/www.asajacyl.com\/leon\/wp-json\/wp\/v2\/users\/8"}],"replies":[{"embeddable":true,"href":"https:\/\/www.asajacyl.com\/leon\/wp-json\/wp\/v2\/comments?post=12660"}],"version-history":[{"count":1,"href":"https:\/\/www.asajacyl.com\/leon\/wp-json\/wp\/v2\/posts\/12660\/revisions"}],"predecessor-version":[{"id":12661,"href":"https:\/\/www.asajacyl.com\/leon\/wp-json\/wp\/v2\/posts\/12660\/revisions\/12661"}],"wp:featuredmedia":[{"embeddable":true,"href":"https:\/\/www.asajacyl.com\/leon\/wp-json\/wp\/v2\/media\/8592"}],"wp:attachment":[{"href":"https:\/\/www.asajacyl.com\/leon\/wp-json\/wp\/v2\/media?parent=12660"}],"wp:term":[{"taxonomy":"category","embeddable":true,"href":"https:\/\/www.asajacyl.com\/leon\/wp-json\/wp\/v2\/categories?post=12660"},{"taxonomy":"post_tag","embeddable":true,"href":"https:\/\/www.asajacyl.com\/leon\/wp-json\/wp\/v2\/tags?post=12660"}],"curies":[{"name":"wp","href":"https:\/\/api.w.org\/{rel}","templated":true}]}}