{"id":12686,"date":"2021-10-14T08:38:29","date_gmt":"2021-10-14T06:38:29","guid":{"rendered":"https:\/\/www.asajacyl.com\/leon\/?p=12686"},"modified":"2021-10-14T08:38:31","modified_gmt":"2021-10-14T06:38:31","slug":"or_251021","status":"publish","type":"post","link":"https:\/\/www.asajacyl.com\/leon\/buzon\/or_251021","title":{"rendered":"or_251021"},"content":{"rendered":"\n<h2><strong>ORGANIZACI\u00d3N DE LA MANIFESTACI\u00d3N DEL VIERNES 25<\/strong><\/h2>\n<h6>En primer lugar agradecerte el compromiso con el sector al ir ma\u00f1ana a Madrid, convocado por ASAJA,\u00a0 a defender los intereses de todos los productores de ma\u00edz. Seguro que el esfuerzo merece la pena. Recuerda que es una plaza reservada, y que si surge un imprevisto y no puedes ir, debes comunicarlo cuanto antes.<\/h6>\n<h6>Te recuerdo lo importante de tener puntualidad absoluta para llegar a la hora prevista y que el acto salga lucido. Las hora de salida es las <strong>7:30<\/strong> para quienes salen del Palacio de Deportes de Le\u00f3n, las <strong>8:00<\/strong> para los que salen del \u00c1rea de servicio de Villama\u00f1\u00e1n, y las <strong>8:15<\/strong> para los que salen del \u00c1rea de servicio Palazuelo en Villaquejida. No se parar\u00e1 por el camino salvo, si es el caso, para ir al ba\u00f1o,\u00a0 no para tomar caf\u00e9 o desayunar. El objetivo es estar en Madrid a las 12:00 y comenzar entre esa hora y las 12:30 del mediod\u00eda la manifestaci\u00f3n en Atocha a las puertas del Ministerio. Desde una furgoneta repartiremos el material propio de las manifestaciones: pancarta, banderines, gorras, chiflatos,\u2026. La manifestaci\u00f3n est\u00e1 <strong>AUTORIZADA<\/strong> y se nos ha recordado la obligaci\u00f3n de usar <u>mascarilla<\/u> si, como ser\u00e1 el caso, no se guarda distancia de seguridad.<\/h6>\n<h6>Finalizado el acto con la intervenci\u00f3n de nuestro presidente nacional Pedro Barato, y la entrevista en el Ministerio si es que se produce, se comer\u00e1 por las inmediaciones cada uno por su cuenta. Los autobuses saldr\u00e1n, del lugar que se determine, a las <strong><u>5 de la tarde<\/u><\/strong>, con puntualidad absoluta y con los que est\u00e9n presentes.<\/h6>\n<h6>Para cualquier incidencia, el tel\u00e9fono y WhatsApp de contacto es el <strong>639 944464<\/strong><\/h6>\n<h6>Le\u00f3n, 14 de octubre de 2021.<\/h6>\n<h6>Fdo.: Jos\u00e9 Antonio Turrado.<\/h6>\n","protected":false},"excerpt":{"rendered":"<p>ORGANIZACI\u00d3N DE LA MANIFESTACI\u00d3N DEL VIERNES 25 En primer lugar agradecerte el compromiso con el sector al ir ma\u00f1ana a Madrid, convocado por ASAJA,\u00a0 a defender los intereses de todos los productores de ma\u00edz. Seguro que el esfuerzo merece la pena. Recuerda que es una plaza reservada, y que si surge un imprevisto y no [&hellip;]<\/p>\n","protected":false},"author":8,"featured_media":8592,"comment_status":"open","ping_status":"open","sticky":false,"template":"","format":"standard","meta":{"footnotes":""},"categories":[78],"tags":[],"yoast_head":"<!-- This site is optimized with the Yoast SEO plugin v24.5 - https:\/\/yoast.com\/wordpress\/plugins\/seo\/ -->\n<title>or_251021 - ASAJA Le\u00f3n<\/title>\n<meta name=\"description\" content=\"ORGANIZACI\u00d3N DE LA MANIFESTACI\u00d3N DEL VIERNES 25 En primer lugar agradecerte el compromiso con el sector al ir ma\u00f1ana a Madrid, convocado por ASAJA,\u00a0 a\" \/>\n<meta name=\"robots\" content=\"index, follow, max-snippet:-1, max-image-preview:large, max-video-preview:-1\" \/>\n<link rel=\"canonical\" href=\"https:\/\/www.asajacyl.com\/leon\/buzon\/or_251021\" \/>\n<meta property=\"og:locale\" content=\"es_ES\" \/>\n<meta property=\"og:type\" content=\"article\" \/>\n<meta property=\"og:title\" content=\"or_251021 - ASAJA Le\u00f3n\" \/>\n<meta property=\"og:description\" content=\"ORGANIZACI\u00d3N DE LA MANIFESTACI\u00d3N DEL VIERNES 25 En primer lugar agradecerte el compromiso con el sector al ir ma\u00f1ana a Madrid, convocado por ASAJA,\u00a0 a\" \/>\n<meta property=\"og:url\" content=\"https:\/\/www.asajacyl.com\/leon\/buzon\/or_251021\" \/>\n<meta property=\"og:site_name\" content=\"ASAJA Le\u00f3n\" \/>\n<meta property=\"article:published_time\" content=\"2021-10-14T06:38:29+00:00\" \/>\n<meta property=\"article:modified_time\" content=\"2021-10-14T06:38:31+00:00\" \/>\n<meta property=\"og:image\" content=\"https:\/\/www.asajacyl.com\/leon\/wp-content\/uploads\/sites\/6\/2018\/02\/MAIZ_SECA.jpg\" \/>\n\t<meta property=\"og:image:width\" content=\"2500\" \/>\n\t<meta property=\"og:image:height\" content=\"1667\" \/>\n\t<meta property=\"og:image:type\" content=\"image\/jpeg\" \/>\n<meta name=\"author\" content=\"Eduardo\" \/>\n<meta name=\"twitter:card\" content=\"summary_large_image\" \/>\n<meta name=\"twitter:label1\" content=\"Escrito por\" \/>\n\t<meta name=\"twitter:data1\" content=\"Eduardo\" \/>\n\t<meta name=\"twitter:label2\" content=\"Tiempo de lectura\" \/>\n\t<meta name=\"twitter:data2\" content=\"2 minutos\" \/>\n<script type=\"application\/ld+json\" class=\"yoast-schema-graph\">{\"@context\":\"https:\/\/schema.org\",\"@graph\":[{\"@type\":\"WebPage\",\"@id\":\"https:\/\/www.asajacyl.com\/leon\/buzon\/or_251021\",\"url\":\"https:\/\/www.asajacyl.com\/leon\/buzon\/or_251021\",\"name\":\"or_251021 - ASAJA Le\u00f3n\",\"isPartOf\":{\"@id\":\"https:\/\/www.asajacyl.com\/leon\/#website\"},\"primaryImageOfPage\":{\"@id\":\"https:\/\/www.asajacyl.com\/leon\/buzon\/or_251021#primaryimage\"},\"image\":{\"@id\":\"https:\/\/www.asajacyl.com\/leon\/buzon\/or_251021#primaryimage\"},\"thumbnailUrl\":\"https:\/\/www.asajacyl.com\/leon\/wp-content\/uploads\/sites\/6\/2018\/02\/MAIZ_SECA.jpg\",\"datePublished\":\"2021-10-14T06:38:29+00:00\",\"dateModified\":\"2021-10-14T06:38:31+00:00\",\"author\":{\"@id\":\"https:\/\/www.asajacyl.com\/leon\/#\/schema\/person\/a39ff3609fc182e4c789ab486e865d32\"},\"description\":\"ORGANIZACI\u00d3N DE LA MANIFESTACI\u00d3N DEL VIERNES 25 En primer lugar agradecerte el compromiso con el sector al ir ma\u00f1ana a Madrid, convocado por ASAJA,\u00a0 a\",\"breadcrumb\":{\"@id\":\"https:\/\/www.asajacyl.com\/leon\/buzon\/or_251021#breadcrumb\"},\"inLanguage\":\"es\",\"potentialAction\":[{\"@type\":\"ReadAction\",\"target\":[\"https:\/\/www.asajacyl.com\/leon\/buzon\/or_251021\"]}]},{\"@type\":\"ImageObject\",\"inLanguage\":\"es\",\"@id\":\"https:\/\/www.asajacyl.com\/leon\/buzon\/or_251021#primaryimage\",\"url\":\"https:\/\/www.asajacyl.com\/leon\/wp-content\/uploads\/sites\/6\/2018\/02\/MAIZ_SECA.jpg\",\"contentUrl\":\"https:\/\/www.asajacyl.com\/leon\/wp-content\/uploads\/sites\/6\/2018\/02\/MAIZ_SECA.jpg\",\"width\":2500,\"height\":1667},{\"@type\":\"BreadcrumbList\",\"@id\":\"https:\/\/www.asajacyl.com\/leon\/buzon\/or_251021#breadcrumb\",\"itemListElement\":[{\"@type\":\"ListItem\",\"position\":1,\"name\":\"Portada\",\"item\":\"https:\/\/www.asajacyl.com\/leon\/\"},{\"@type\":\"ListItem\",\"position\":2,\"name\":\"or_251021\"}]},{\"@type\":\"WebSite\",\"@id\":\"https:\/\/www.asajacyl.com\/leon\/#website\",\"url\":\"https:\/\/www.asajacyl.com\/leon\/\",\"name\":\"ASAJA Le\u00f3n\",\"description\":\"Otro sitio m\u00e1s de Provincias ASAJA Castilla y Le\u00f3n\",\"potentialAction\":[{\"@type\":\"SearchAction\",\"target\":{\"@type\":\"EntryPoint\",\"urlTemplate\":\"https:\/\/www.asajacyl.com\/leon\/?s={search_term_string}\"},\"query-input\":{\"@type\":\"PropertyValueSpecification\",\"valueRequired\":true,\"valueName\":\"search_term_string\"}}],\"inLanguage\":\"es\"},{\"@type\":\"Person\",\"@id\":\"https:\/\/www.asajacyl.com\/leon\/#\/schema\/person\/a39ff3609fc182e4c789ab486e865d32\",\"name\":\"Eduardo\",\"image\":{\"@type\":\"ImageObject\",\"inLanguage\":\"es\",\"@id\":\"https:\/\/www.asajacyl.com\/leon\/#\/schema\/person\/image\/\",\"url\":\"https:\/\/secure.gravatar.com\/avatar\/9ebd6aba21d817dcf9595bc9ca505af5?s=96&d=mm&r=g\",\"contentUrl\":\"https:\/\/secure.gravatar.com\/avatar\/9ebd6aba21d817dcf9595bc9ca505af5?s=96&d=mm&r=g\",\"caption\":\"Eduardo\"},\"url\":\"https:\/\/www.asajacyl.com\/leon\/author\/eduardovv\"}]}<\/script>\n<!-- \/ Yoast SEO plugin. -->","yoast_head_json":{"title":"or_251021 - ASAJA Le\u00f3n","description":"ORGANIZACI\u00d3N DE LA MANIFESTACI\u00d3N DEL VIERNES 25 En primer lugar agradecerte el compromiso con el sector al ir ma\u00f1ana a Madrid, convocado por ASAJA,\u00a0 a","robots":{"index":"index","follow":"follow","max-snippet":"max-snippet:-1","max-image-preview":"max-image-preview:large","max-video-preview":"max-video-preview:-1"},"canonical":"https:\/\/www.asajacyl.com\/leon\/buzon\/or_251021","og_locale":"es_ES","og_type":"article","og_title":"or_251021 - ASAJA Le\u00f3n","og_description":"ORGANIZACI\u00d3N DE LA MANIFESTACI\u00d3N DEL VIERNES 25 En primer lugar agradecerte el compromiso con el sector al ir ma\u00f1ana a Madrid, convocado por ASAJA,\u00a0 a","og_url":"https:\/\/www.asajacyl.com\/leon\/buzon\/or_251021","og_site_name":"ASAJA Le\u00f3n","article_published_time":"2021-10-14T06:38:29+00:00","article_modified_time":"2021-10-14T06:38:31+00:00","og_image":[{"width":2500,"height":1667,"url":"https:\/\/www.asajacyl.com\/leon\/wp-content\/uploads\/sites\/6\/2018\/02\/MAIZ_SECA.jpg","type":"image\/jpeg"}],"author":"Eduardo","twitter_card":"summary_large_image","twitter_misc":{"Escrito por":"Eduardo","Tiempo de lectura":"2 minutos"},"schema":{"@context":"https:\/\/schema.org","@graph":[{"@type":"WebPage","@id":"https:\/\/www.asajacyl.com\/leon\/buzon\/or_251021","url":"https:\/\/www.asajacyl.com\/leon\/buzon\/or_251021","name":"or_251021 - ASAJA Le\u00f3n","isPartOf":{"@id":"https:\/\/www.asajacyl.com\/leon\/#website"},"primaryImageOfPage":{"@id":"https:\/\/www.asajacyl.com\/leon\/buzon\/or_251021#primaryimage"},"image":{"@id":"https:\/\/www.asajacyl.com\/leon\/buzon\/or_251021#primaryimage"},"thumbnailUrl":"https:\/\/www.asajacyl.com\/leon\/wp-content\/uploads\/sites\/6\/2018\/02\/MAIZ_SECA.jpg","datePublished":"2021-10-14T06:38:29+00:00","dateModified":"2021-10-14T06:38:31+00:00","author":{"@id":"https:\/\/www.asajacyl.com\/leon\/#\/schema\/person\/a39ff3609fc182e4c789ab486e865d32"},"description":"ORGANIZACI\u00d3N DE LA MANIFESTACI\u00d3N DEL VIERNES 25 En primer lugar agradecerte el compromiso con el sector al ir ma\u00f1ana a Madrid, convocado por ASAJA,\u00a0 a","breadcrumb":{"@id":"https:\/\/www.asajacyl.com\/leon\/buzon\/or_251021#breadcrumb"},"inLanguage":"es","potentialAction":[{"@type":"ReadAction","target":["https:\/\/www.asajacyl.com\/leon\/buzon\/or_251021"]}]},{"@type":"ImageObject","inLanguage":"es","@id":"https:\/\/www.asajacyl.com\/leon\/buzon\/or_251021#primaryimage","url":"https:\/\/www.asajacyl.com\/leon\/wp-content\/uploads\/sites\/6\/2018\/02\/MAIZ_SECA.jpg","contentUrl":"https:\/\/www.asajacyl.com\/leon\/wp-content\/uploads\/sites\/6\/2018\/02\/MAIZ_SECA.jpg","width":2500,"height":1667},{"@type":"BreadcrumbList","@id":"https:\/\/www.asajacyl.com\/leon\/buzon\/or_251021#breadcrumb","itemListElement":[{"@type":"ListItem","position":1,"name":"Portada","item":"https:\/\/www.asajacyl.com\/leon\/"},{"@type":"ListItem","position":2,"name":"or_251021"}]},{"@type":"WebSite","@id":"https:\/\/www.asajacyl.com\/leon\/#website","url":"https:\/\/www.asajacyl.com\/leon\/","name":"ASAJA Le\u00f3n","description":"Otro sitio m\u00e1s de Provincias ASAJA Castilla y Le\u00f3n","potentialAction":[{"@type":"SearchAction","target":{"@type":"EntryPoint","urlTemplate":"https:\/\/www.asajacyl.com\/leon\/?s={search_term_string}"},"query-input":{"@type":"PropertyValueSpecification","valueRequired":true,"valueName":"search_term_string"}}],"inLanguage":"es"},{"@type":"Person","@id":"https:\/\/www.asajacyl.com\/leon\/#\/schema\/person\/a39ff3609fc182e4c789ab486e865d32","name":"Eduardo","image":{"@type":"ImageObject","inLanguage":"es","@id":"https:\/\/www.asajacyl.com\/leon\/#\/schema\/person\/image\/","url":"https:\/\/secure.gravatar.com\/avatar\/9ebd6aba21d817dcf9595bc9ca505af5?s=96&d=mm&r=g","contentUrl":"https:\/\/secure.gravatar.com\/avatar\/9ebd6aba21d817dcf9595bc9ca505af5?s=96&d=mm&r=g","caption":"Eduardo"},"url":"https:\/\/www.asajacyl.com\/leon\/author\/eduardovv"}]}},"_links":{"self":[{"href":"https:\/\/www.asajacyl.com\/leon\/wp-json\/wp\/v2\/posts\/12686"}],"collection":[{"href":"https:\/\/www.asajacyl.com\/leon\/wp-json\/wp\/v2\/posts"}],"about":[{"href":"https:\/\/www.asajacyl.com\/leon\/wp-json\/wp\/v2\/types\/post"}],"author":[{"embeddable":true,"href":"https:\/\/www.asajacyl.com\/leon\/wp-json\/wp\/v2\/users\/8"}],"replies":[{"embeddable":true,"href":"https:\/\/www.asajacyl.com\/leon\/wp-json\/wp\/v2\/comments?post=12686"}],"version-history":[{"count":1,"href":"https:\/\/www.asajacyl.com\/leon\/wp-json\/wp\/v2\/posts\/12686\/revisions"}],"predecessor-version":[{"id":12687,"href":"https:\/\/www.asajacyl.com\/leon\/wp-json\/wp\/v2\/posts\/12686\/revisions\/12687"}],"wp:featuredmedia":[{"embeddable":true,"href":"https:\/\/www.asajacyl.com\/leon\/wp-json\/wp\/v2\/media\/8592"}],"wp:attachment":[{"href":"https:\/\/www.asajacyl.com\/leon\/wp-json\/wp\/v2\/media?parent=12686"}],"wp:term":[{"taxonomy":"category","embeddable":true,"href":"https:\/\/www.asajacyl.com\/leon\/wp-json\/wp\/v2\/categories?post=12686"},{"taxonomy":"post_tag","embeddable":true,"href":"https:\/\/www.asajacyl.com\/leon\/wp-json\/wp\/v2\/tags?post=12686"}],"curies":[{"name":"wp","href":"https:\/\/api.w.org\/{rel}","templated":true}]}}