{"id":12766,"date":"2021-11-10T16:22:34","date_gmt":"2021-11-10T15:22:34","guid":{"rendered":"https:\/\/www.asajacyl.com\/leon\/?p=12766"},"modified":"2021-11-18T11:55:57","modified_gmt":"2021-11-18T10:55:57","slug":"reuniones_2021","status":"publish","type":"post","link":"https:\/\/www.asajacyl.com\/leon\/buzon\/reuniones_2021","title":{"rendered":"Reuniones_2021"},"content":{"rendered":"\n\n\n<h2><strong>ASAJA RETOMA LAS REUNIONES INFORMATIVAS<\/strong><\/h2>\n<h6>Desde el 18 de noviembre y hasta el 3 de diciembre ASAJA va a retomar en una primera ronda las reuniones informativas por distintas comarcas agrarias, dirigidas a los agricultores y ganaderos socios y simpatizantes. En las reuniones se tratar\u00e1n los temas que suelen ser habituales y que en esta ocasi\u00f3n se centrar\u00e1n en la nueva PAC, que introduce cambios muy importantes respecto al modelo actual de las ayudas. Tambi\u00e9n se tratar\u00e1 sobre los seguros agrarios y ganaderos, la fiscalidad de las explotaciones agropecuarias, las ayudas a la modernizaci\u00f3n de las explotaciones, las ayudas a la incorporaci\u00f3n de j\u00f3venes al campo, y otras cuestiones de inter\u00e9s seg\u00fan la zona o comarca de que se trate.<\/h6>\n<table style=\"width: 85.9532%;height: 830px\" width=\"863\">\n<tbody>\n<tr style=\"height: 62px\">\n<td style=\"width: 17.3908%;height: 62px\" width=\"163\">\n<h6><strong>FECHA<\/strong><\/h6>\n<\/td>\n<td style=\"width: 20.8069%;height: 62px\" width=\"230\">\n<h6><strong>LOCALIDAD <\/strong><\/h6>\n<\/td>\n<td style=\"width: 17.0382%;height: 62px\" width=\"137\">\n<h6><strong>HORARIO<\/strong><\/h6>\n<\/td>\n<td style=\"width: 32.736%;height: 62px\" width=\"333\">\n<h6><strong>LOCAL<\/strong><\/h6>\n<\/td>\n<\/tr>\n<tr style=\"height: 62px\">\n<td style=\"width: 17.3908%;height: 62px\" width=\"163\">\n<h6><strong>18\/11\/2021 &#8211; J<\/strong><\/h6>\n<\/td>\n<td style=\"width: 20.8069%;height: 62px\" width=\"230\">\n<h6><strong>SANTA MAR\u00cdA P\u00c1RAMO<\/strong><\/h6>\n<\/td>\n<td style=\"width: 17.0382%;height: 62px\" width=\"137\">\n<h6><strong>16:00a18:00<\/strong><\/h6>\n<\/td>\n<td style=\"width: 32.736%;height: 62px\" width=\"333\">\n<h6><strong>SALA DE CONFERENCIAS CENTRO C\u00cdVICO <\/strong><\/h6>\n<\/td>\n<\/tr>\n<tr style=\"height: 62px\">\n<td style=\"width: 17.3908%;height: 62px\" width=\"163\">\n<h6><strong>19\/11\/2021 &#8211; V<\/strong><\/h6>\n<\/td>\n<td style=\"width: 20.8069%;height: 62px\" width=\"230\">\n<h6><strong>LA BA\u00d1EZA<\/strong><\/h6>\n<\/td>\n<td style=\"width: 17.0382%;height: 62px\" width=\"137\">\n<h6><strong>16:00 a 18:00<\/strong><\/h6>\n<\/td>\n<td style=\"width: 32.736%;height: 62px\" width=\"333\">\n<h6><strong>HOTEL BEDUNIA<\/strong><\/h6>\n<\/td>\n<\/tr>\n<tr style=\"height: 62px\">\n<td style=\"width: 17.3908%;height: 62px\" width=\"163\">\n<h6><strong>22\/11\/2021 &#8211; L<\/strong><\/h6>\n<\/td>\n<td style=\"width: 20.8069%;height: 62px\" width=\"230\">\n<h6><strong>CARRIZO <\/strong><\/h6>\n<\/td>\n<td style=\"width: 17.0382%;height: 62px\" width=\"137\">\n<h6><strong>16:00 a 18:00 <\/strong><\/h6>\n<\/td>\n<td style=\"width: 32.736%;height: 62px\" width=\"333\">\n<h6><strong>CASA DE CULTURA<\/strong><\/h6>\n<\/td>\n<\/tr>\n<tr style=\"height: 62px\">\n<td style=\"width: 17.3908%;height: 62px\" width=\"163\">\n<h6><strong>23\/11\/2021 &#8211; M<\/strong><\/h6>\n<\/td>\n<td style=\"width: 20.8069%;height: 62px\" width=\"230\">\n<h6><strong>SAHAG\u00daN<\/strong><\/h6>\n<\/td>\n<td style=\"width: 17.0382%;height: 62px\" width=\"137\">\n<h6><strong>16:00 a 18:00 <\/strong><\/h6>\n<\/td>\n<td style=\"width: 32.736%;height: 62px\" width=\"333\">\n<h6><strong>CASA DE CULTURA<\/strong><\/h6>\n<\/td>\n<\/tr>\n<tr style=\"height: 62px\">\n<td style=\"width: 17.3908%;height: 62px\" width=\"163\">\n<h6><strong>24\/11\/2021 &#8211; X<\/strong><\/h6>\n<\/td>\n<td style=\"width: 20.8069%;height: 62px\" width=\"230\">\n<h6><strong>PONFERRADA<\/strong><\/h6>\n<\/td>\n<td style=\"width: 17.0382%;height: 62px\" width=\"137\">\n<h6><strong>16:00 a 18:00<\/strong><\/h6>\n<\/td>\n<td style=\"width: 32.736%;height: 62px\" width=\"333\">\n<h6><strong>HOTEL PONFERRADA PLAZA<\/strong><\/h6>\n<\/td>\n<\/tr>\n<tr style=\"height: 62px\">\n<td style=\"width: 17.3908%;height: 62px\" width=\"163\">\n<h6><strong>25\/11\/2021 &#8211; J<\/strong><\/h6>\n<\/td>\n<td style=\"width: 20.8069%;height: 62px\" width=\"230\">\n<h6><strong>VALENCIA DE DON JUAN<\/strong><\/h6>\n<\/td>\n<td style=\"width: 17.0382%;height: 62px\" width=\"137\">\n<h6><strong>16:00 a 18:00<\/strong><\/h6>\n<\/td>\n<td style=\"width: 32.736%;height: 62px\" width=\"333\">\n<h6><strong>CASA DE CULTURA<\/strong><\/h6>\n<\/td>\n<\/tr>\n<tr style=\"height: 62px\">\n<td style=\"width: 17.3908%;height: 62px\" width=\"163\">\n<h6><strong>26\/11\/2021 &#8211; V<\/strong><\/h6>\n<\/td>\n<td style=\"width: 20.8069%;height: 62px\" width=\"230\">\n<h6><strong>VILLABLINO<\/strong><\/h6>\n<\/td>\n<td style=\"width: 17.0382%;height: 62px\" width=\"137\">\n<h6><strong>12:00 a 14:00<\/strong><\/h6>\n<\/td>\n<td style=\"width: 32.736%;height: 62px\" width=\"333\">\n<h6><strong>CASA DE CULTURA<\/strong><\/h6>\n<\/td>\n<\/tr>\n<tr style=\"height: 62px\">\n<td style=\"width: 17.3908%;height: 62px\" width=\"163\">\n<h6><strong>29\/11\/2021 &#8211; L<\/strong><\/h6>\n<\/td>\n<td style=\"width: 20.8069%;height: 62px\" width=\"230\">\n<h6><strong>CISTIERNA <\/strong><\/h6>\n<\/td>\n<td style=\"width: 17.0382%;height: 62px\" width=\"137\">\n<h6><strong>16:00 a 18:00 <\/strong><\/h6>\n<\/td>\n<td style=\"width: 32.736%;height: 62px\" width=\"333\">\n<h6><strong>SAL\u00d3N DE PLENOS AYUNTAMIENTO<\/strong><\/h6>\n<\/td>\n<\/tr>\n<tr style=\"height: 62px\">\n<td style=\"width: 17.3908%;height: 62px\" width=\"163\">\n<h6><strong>30\/11\/2021- M<\/strong><\/h6>\n<\/td>\n<td style=\"width: 20.8069%;height: 62px\" width=\"230\">\n<h6><strong>MANSILLA DE LAS MULAS<\/strong><\/h6>\n<\/td>\n<td style=\"width: 17.0382%;height: 62px\" width=\"137\">\n<h6><strong>16:00 a 18:00<\/strong><\/h6>\n<\/td>\n<td style=\"width: 32.736%;height: 62px\" width=\"333\">\n<h6><strong>CASA DE CULTURA SAN MART\u00cdN<\/strong><\/h6>\n<\/td>\n<\/tr>\n<tr style=\"height: 62px\">\n<td style=\"width: 17.3908%;height: 62px\" width=\"163\">\n<h6><strong>02\/12\/2021 &#8211; J<\/strong><\/h6>\n<\/td>\n<td style=\"width: 20.8069%;height: 62px\" width=\"230\">\n<h6><strong>SAN EMILIANO<\/strong><\/h6>\n<\/td>\n<td style=\"width: 17.0382%;height: 62px\" width=\"137\">\n<h6><strong>16:00 a 18:00<\/strong><\/h6>\n<\/td>\n<td style=\"width: 32.736%;height: 62px\" width=\"333\">\n<h6><strong>SAL\u00d3N DEL PUEBLO<\/strong><\/h6>\n<\/td>\n<\/tr>\n<tr style=\"height: 62px\">\n<td style=\"width: 17.3908%;height: 62px\" width=\"163\">\n<h6><strong>03\/12\/2021 &#8211; V<\/strong><\/h6>\n<\/td>\n<td style=\"width: 20.8069%;height: 62px\" width=\"230\">\n<h6><strong>QUINTANA DE RUEDA<\/strong><\/h6>\n<\/td>\n<td style=\"width: 17.0382%;height: 62px\" width=\"137\">\n<h6><strong>16:00 a 18:00<\/strong><\/h6>\n<\/td>\n<td style=\"width: 32.736%;height: 62px\" width=\"333\">\n<h6><strong>CASA DE CULTURA<\/strong><\/h6>\n<\/td>\n<\/tr>\n<tr style=\"height: 86px\">\n<td style=\"width: 17.3908%;height: 86px\" width=\"163\">\n<h6><strong>07\/12\/2021 &#8211; M<\/strong><\/h6>\n<\/td>\n<td style=\"width: 20.8069%;height: 86px\" width=\"230\">\n<h6><strong>LA MAGDALENA<\/strong><\/h6>\n<\/td>\n<td style=\"width: 17.0382%;height: 86px\" width=\"137\">\n<h6><strong>16:00 a 18:00<\/strong><\/h6>\n<\/td>\n<td style=\"width: 32.736%;height: 86px\" width=\"333\">\n<h6><strong>OFICINA USOS M\u00daLTIPLES EDIFICO 4 VALLES<\/strong><\/h6>\n<\/td>\n<\/tr>\n<\/tbody>\n<\/table>\n<p>\u00a0<\/p>\n\n\n\n<p><\/p>\n","protected":false},"excerpt":{"rendered":"<p>ASAJA RETOMA LAS REUNIONES INFORMATIVAS Desde el 18 de noviembre y hasta el 3 de diciembre ASAJA va a retomar en una primera ronda las reuniones informativas por distintas comarcas agrarias, dirigidas a los agricultores y ganaderos socios y simpatizantes. En las reuniones se tratar\u00e1n los temas que suelen ser habituales y que en esta [&hellip;]<\/p>\n","protected":false},"author":8,"featured_media":7699,"comment_status":"open","ping_status":"open","sticky":false,"template":"","format":"standard","meta":{"footnotes":""},"categories":[78],"tags":[],"yoast_head":"<!-- This site is optimized with the Yoast SEO plugin v24.5 - https:\/\/yoast.com\/wordpress\/plugins\/seo\/ -->\n<title>Reuniones_2021 - ASAJA Le\u00f3n<\/title>\n<meta name=\"description\" content=\"ASAJA RETOMA LAS REUNIONES INFORMATIVAS Desde el 18 de noviembre y hasta el 3 de diciembre ASAJA va a retomar en una primera ronda las reuniones\" \/>\n<meta name=\"robots\" content=\"index, follow, max-snippet:-1, max-image-preview:large, max-video-preview:-1\" \/>\n<link rel=\"canonical\" href=\"https:\/\/www.asajacyl.com\/leon\/buzon\/reuniones_2021\" \/>\n<meta property=\"og:locale\" content=\"es_ES\" \/>\n<meta property=\"og:type\" content=\"article\" \/>\n<meta property=\"og:title\" content=\"Reuniones_2021 - ASAJA Le\u00f3n\" \/>\n<meta property=\"og:description\" content=\"ASAJA RETOMA LAS REUNIONES INFORMATIVAS Desde el 18 de noviembre y hasta el 3 de diciembre ASAJA va a retomar en una primera ronda las reuniones\" \/>\n<meta property=\"og:url\" content=\"https:\/\/www.asajacyl.com\/leon\/buzon\/reuniones_2021\" \/>\n<meta property=\"og:site_name\" content=\"ASAJA Le\u00f3n\" \/>\n<meta property=\"article:published_time\" content=\"2021-11-10T15:22:34+00:00\" \/>\n<meta property=\"article:modified_time\" content=\"2021-11-18T10:55:57+00:00\" \/>\n<meta property=\"og:image\" content=\"https:\/\/www.asajacyl.com\/leon\/wp-content\/uploads\/sites\/6\/2017\/11\/reunionsahagun.jpg\" \/>\n\t<meta property=\"og:image:width\" content=\"1205\" \/>\n\t<meta property=\"og:image:height\" content=\"804\" \/>\n\t<meta property=\"og:image:type\" content=\"image\/jpeg\" \/>\n<meta name=\"author\" content=\"Eduardo\" \/>\n<meta name=\"twitter:card\" content=\"summary_large_image\" \/>\n<meta name=\"twitter:label1\" content=\"Escrito por\" \/>\n\t<meta name=\"twitter:data1\" content=\"Eduardo\" \/>\n\t<meta name=\"twitter:label2\" content=\"Tiempo de lectura\" \/>\n\t<meta name=\"twitter:data2\" content=\"2 minutos\" \/>\n<script type=\"application\/ld+json\" class=\"yoast-schema-graph\">{\"@context\":\"https:\/\/schema.org\",\"@graph\":[{\"@type\":\"WebPage\",\"@id\":\"https:\/\/www.asajacyl.com\/leon\/buzon\/reuniones_2021\",\"url\":\"https:\/\/www.asajacyl.com\/leon\/buzon\/reuniones_2021\",\"name\":\"Reuniones_2021 - ASAJA Le\u00f3n\",\"isPartOf\":{\"@id\":\"https:\/\/www.asajacyl.com\/leon\/#website\"},\"primaryImageOfPage\":{\"@id\":\"https:\/\/www.asajacyl.com\/leon\/buzon\/reuniones_2021#primaryimage\"},\"image\":{\"@id\":\"https:\/\/www.asajacyl.com\/leon\/buzon\/reuniones_2021#primaryimage\"},\"thumbnailUrl\":\"https:\/\/www.asajacyl.com\/leon\/wp-content\/uploads\/sites\/6\/2017\/11\/reunionsahagun.jpg\",\"datePublished\":\"2021-11-10T15:22:34+00:00\",\"dateModified\":\"2021-11-18T10:55:57+00:00\",\"author\":{\"@id\":\"https:\/\/www.asajacyl.com\/leon\/#\/schema\/person\/a39ff3609fc182e4c789ab486e865d32\"},\"description\":\"ASAJA RETOMA LAS REUNIONES INFORMATIVAS Desde el 18 de noviembre y hasta el 3 de diciembre ASAJA va a retomar en una primera ronda las reuniones\",\"breadcrumb\":{\"@id\":\"https:\/\/www.asajacyl.com\/leon\/buzon\/reuniones_2021#breadcrumb\"},\"inLanguage\":\"es\",\"potentialAction\":[{\"@type\":\"ReadAction\",\"target\":[\"https:\/\/www.asajacyl.com\/leon\/buzon\/reuniones_2021\"]}]},{\"@type\":\"ImageObject\",\"inLanguage\":\"es\",\"@id\":\"https:\/\/www.asajacyl.com\/leon\/buzon\/reuniones_2021#primaryimage\",\"url\":\"https:\/\/www.asajacyl.com\/leon\/wp-content\/uploads\/sites\/6\/2017\/11\/reunionsahagun.jpg\",\"contentUrl\":\"https:\/\/www.asajacyl.com\/leon\/wp-content\/uploads\/sites\/6\/2017\/11\/reunionsahagun.jpg\",\"width\":1205,\"height\":804},{\"@type\":\"BreadcrumbList\",\"@id\":\"https:\/\/www.asajacyl.com\/leon\/buzon\/reuniones_2021#breadcrumb\",\"itemListElement\":[{\"@type\":\"ListItem\",\"position\":1,\"name\":\"Portada\",\"item\":\"https:\/\/www.asajacyl.com\/leon\/\"},{\"@type\":\"ListItem\",\"position\":2,\"name\":\"Reuniones_2021\"}]},{\"@type\":\"WebSite\",\"@id\":\"https:\/\/www.asajacyl.com\/leon\/#website\",\"url\":\"https:\/\/www.asajacyl.com\/leon\/\",\"name\":\"ASAJA Le\u00f3n\",\"description\":\"Otro sitio m\u00e1s de Provincias ASAJA Castilla y Le\u00f3n\",\"potentialAction\":[{\"@type\":\"SearchAction\",\"target\":{\"@type\":\"EntryPoint\",\"urlTemplate\":\"https:\/\/www.asajacyl.com\/leon\/?s={search_term_string}\"},\"query-input\":{\"@type\":\"PropertyValueSpecification\",\"valueRequired\":true,\"valueName\":\"search_term_string\"}}],\"inLanguage\":\"es\"},{\"@type\":\"Person\",\"@id\":\"https:\/\/www.asajacyl.com\/leon\/#\/schema\/person\/a39ff3609fc182e4c789ab486e865d32\",\"name\":\"Eduardo\",\"image\":{\"@type\":\"ImageObject\",\"inLanguage\":\"es\",\"@id\":\"https:\/\/www.asajacyl.com\/leon\/#\/schema\/person\/image\/\",\"url\":\"https:\/\/secure.gravatar.com\/avatar\/9ebd6aba21d817dcf9595bc9ca505af5?s=96&d=mm&r=g\",\"contentUrl\":\"https:\/\/secure.gravatar.com\/avatar\/9ebd6aba21d817dcf9595bc9ca505af5?s=96&d=mm&r=g\",\"caption\":\"Eduardo\"},\"url\":\"https:\/\/www.asajacyl.com\/leon\/author\/eduardovv\"}]}<\/script>\n<!-- \/ Yoast SEO plugin. -->","yoast_head_json":{"title":"Reuniones_2021 - ASAJA Le\u00f3n","description":"ASAJA RETOMA LAS REUNIONES INFORMATIVAS Desde el 18 de noviembre y hasta el 3 de diciembre ASAJA va a retomar en una primera ronda las reuniones","robots":{"index":"index","follow":"follow","max-snippet":"max-snippet:-1","max-image-preview":"max-image-preview:large","max-video-preview":"max-video-preview:-1"},"canonical":"https:\/\/www.asajacyl.com\/leon\/buzon\/reuniones_2021","og_locale":"es_ES","og_type":"article","og_title":"Reuniones_2021 - ASAJA Le\u00f3n","og_description":"ASAJA RETOMA LAS REUNIONES INFORMATIVAS Desde el 18 de noviembre y hasta el 3 de diciembre ASAJA va a retomar en una primera ronda las reuniones","og_url":"https:\/\/www.asajacyl.com\/leon\/buzon\/reuniones_2021","og_site_name":"ASAJA Le\u00f3n","article_published_time":"2021-11-10T15:22:34+00:00","article_modified_time":"2021-11-18T10:55:57+00:00","og_image":[{"width":1205,"height":804,"url":"https:\/\/www.asajacyl.com\/leon\/wp-content\/uploads\/sites\/6\/2017\/11\/reunionsahagun.jpg","type":"image\/jpeg"}],"author":"Eduardo","twitter_card":"summary_large_image","twitter_misc":{"Escrito por":"Eduardo","Tiempo de lectura":"2 minutos"},"schema":{"@context":"https:\/\/schema.org","@graph":[{"@type":"WebPage","@id":"https:\/\/www.asajacyl.com\/leon\/buzon\/reuniones_2021","url":"https:\/\/www.asajacyl.com\/leon\/buzon\/reuniones_2021","name":"Reuniones_2021 - ASAJA Le\u00f3n","isPartOf":{"@id":"https:\/\/www.asajacyl.com\/leon\/#website"},"primaryImageOfPage":{"@id":"https:\/\/www.asajacyl.com\/leon\/buzon\/reuniones_2021#primaryimage"},"image":{"@id":"https:\/\/www.asajacyl.com\/leon\/buzon\/reuniones_2021#primaryimage"},"thumbnailUrl":"https:\/\/www.asajacyl.com\/leon\/wp-content\/uploads\/sites\/6\/2017\/11\/reunionsahagun.jpg","datePublished":"2021-11-10T15:22:34+00:00","dateModified":"2021-11-18T10:55:57+00:00","author":{"@id":"https:\/\/www.asajacyl.com\/leon\/#\/schema\/person\/a39ff3609fc182e4c789ab486e865d32"},"description":"ASAJA RETOMA LAS REUNIONES INFORMATIVAS Desde el 18 de noviembre y hasta el 3 de diciembre ASAJA va a retomar en una primera ronda las reuniones","breadcrumb":{"@id":"https:\/\/www.asajacyl.com\/leon\/buzon\/reuniones_2021#breadcrumb"},"inLanguage":"es","potentialAction":[{"@type":"ReadAction","target":["https:\/\/www.asajacyl.com\/leon\/buzon\/reuniones_2021"]}]},{"@type":"ImageObject","inLanguage":"es","@id":"https:\/\/www.asajacyl.com\/leon\/buzon\/reuniones_2021#primaryimage","url":"https:\/\/www.asajacyl.com\/leon\/wp-content\/uploads\/sites\/6\/2017\/11\/reunionsahagun.jpg","contentUrl":"https:\/\/www.asajacyl.com\/leon\/wp-content\/uploads\/sites\/6\/2017\/11\/reunionsahagun.jpg","width":1205,"height":804},{"@type":"BreadcrumbList","@id":"https:\/\/www.asajacyl.com\/leon\/buzon\/reuniones_2021#breadcrumb","itemListElement":[{"@type":"ListItem","position":1,"name":"Portada","item":"https:\/\/www.asajacyl.com\/leon\/"},{"@type":"ListItem","position":2,"name":"Reuniones_2021"}]},{"@type":"WebSite","@id":"https:\/\/www.asajacyl.com\/leon\/#website","url":"https:\/\/www.asajacyl.com\/leon\/","name":"ASAJA Le\u00f3n","description":"Otro sitio m\u00e1s de Provincias ASAJA Castilla y Le\u00f3n","potentialAction":[{"@type":"SearchAction","target":{"@type":"EntryPoint","urlTemplate":"https:\/\/www.asajacyl.com\/leon\/?s={search_term_string}"},"query-input":{"@type":"PropertyValueSpecification","valueRequired":true,"valueName":"search_term_string"}}],"inLanguage":"es"},{"@type":"Person","@id":"https:\/\/www.asajacyl.com\/leon\/#\/schema\/person\/a39ff3609fc182e4c789ab486e865d32","name":"Eduardo","image":{"@type":"ImageObject","inLanguage":"es","@id":"https:\/\/www.asajacyl.com\/leon\/#\/schema\/person\/image\/","url":"https:\/\/secure.gravatar.com\/avatar\/9ebd6aba21d817dcf9595bc9ca505af5?s=96&d=mm&r=g","contentUrl":"https:\/\/secure.gravatar.com\/avatar\/9ebd6aba21d817dcf9595bc9ca505af5?s=96&d=mm&r=g","caption":"Eduardo"},"url":"https:\/\/www.asajacyl.com\/leon\/author\/eduardovv"}]}},"_links":{"self":[{"href":"https:\/\/www.asajacyl.com\/leon\/wp-json\/wp\/v2\/posts\/12766"}],"collection":[{"href":"https:\/\/www.asajacyl.com\/leon\/wp-json\/wp\/v2\/posts"}],"about":[{"href":"https:\/\/www.asajacyl.com\/leon\/wp-json\/wp\/v2\/types\/post"}],"author":[{"embeddable":true,"href":"https:\/\/www.asajacyl.com\/leon\/wp-json\/wp\/v2\/users\/8"}],"replies":[{"embeddable":true,"href":"https:\/\/www.asajacyl.com\/leon\/wp-json\/wp\/v2\/comments?post=12766"}],"version-history":[{"count":14,"href":"https:\/\/www.asajacyl.com\/leon\/wp-json\/wp\/v2\/posts\/12766\/revisions"}],"predecessor-version":[{"id":12798,"href":"https:\/\/www.asajacyl.com\/leon\/wp-json\/wp\/v2\/posts\/12766\/revisions\/12798"}],"wp:featuredmedia":[{"embeddable":true,"href":"https:\/\/www.asajacyl.com\/leon\/wp-json\/wp\/v2\/media\/7699"}],"wp:attachment":[{"href":"https:\/\/www.asajacyl.com\/leon\/wp-json\/wp\/v2\/media?parent=12766"}],"wp:term":[{"taxonomy":"category","embeddable":true,"href":"https:\/\/www.asajacyl.com\/leon\/wp-json\/wp\/v2\/categories?post=12766"},{"taxonomy":"post_tag","embeddable":true,"href":"https:\/\/www.asajacyl.com\/leon\/wp-json\/wp\/v2\/tags?post=12766"}],"curies":[{"name":"wp","href":"https:\/\/api.w.org\/{rel}","templated":true}]}}